{"id":89163,"date":"2025-05-29T09:42:30","date_gmt":"2025-05-29T07:42:30","guid":{"rendered":"https:\/\/www.irta.cat\/?post_type=noticia&#038;p=89163"},"modified":"2025-06-02T13:55:53","modified_gmt":"2025-06-02T11:55:53","slug":"quantifiquem-limpacte-ambiental-del-malbaratament-alimentari-a-les-llars-catalanes","status":"publish","type":"noticia","link":"https:\/\/www.irta.cat\/es\/noticia\/quantifiquem-limpacte-ambiental-del-malbaratament-alimentari-a-les-llars-catalanes\/","title":{"rendered":"Cuantificamos el impacto ambiental del desperdicio alimentario en los hogares catalanes"},"content":{"rendered":"\n<figure class=\"wp-block-image size-large\"><a href=\"https:\/\/www.irta.cat\/wp-content\/uploads\/2025\/05\/Malbaratament-ambiental-2024.jpg\" class=\"fancybox irta-lightbox-bridge\" data-fancybox=\"irta-images\"><img loading=\"lazy\" decoding=\"async\" width=\"1024\" height=\"576\" src=\"https:\/\/www.irta.cat\/wp-content\/uploads\/2025\/05\/Malbaratament-ambiental-2024-1024x576.jpg\" alt=\"\" class=\"wp-image-89345\" srcset=\"https:\/\/www.irta.cat\/wp-content\/uploads\/2025\/05\/Malbaratament-ambiental-2024-1024x576.jpg 1024w, https:\/\/www.irta.cat\/wp-content\/uploads\/2025\/05\/Malbaratament-ambiental-2024-300x169.jpg 300w, https:\/\/www.irta.cat\/wp-content\/uploads\/2025\/05\/Malbaratament-ambiental-2024-768x432.jpg 768w, https:\/\/www.irta.cat\/wp-content\/uploads\/2025\/05\/Malbaratament-ambiental-2024-1536x864.jpg 1536w, https:\/\/www.irta.cat\/wp-content\/uploads\/2025\/05\/Malbaratament-ambiental-2024.jpg 1600w\" sizes=\"auto, (max-width: 1024px) 100vw, 1024px\" \/><\/a><\/figure>\n\n\n\n<h2 class=\"wp-block-heading\"><strong>El estudio, encargado por el Departamento de Agricultura, ramaderia, pesca y alimentaci\u00f3n, revela que el desperdicio dom\u00e9stico anual en Catalu\u00f1a genera emisiones de di\u00f3xido de carbono equivalentes a las de m\u00e1s de 73.000 personas al a\u00f1o<\/strong><\/h2>\n\n\n\n<p>Hemos participado en el estudio \u201c<a href=\"https:\/\/agricultura.gencat.cat\/web\/.content\/04-alimentacio\/malbaratament-alimentari\/enllacos-documents\/Resum-Executiu-MA-Llars-2024_CREDA_IRTA.pdf\">Diagn\u00f3stico del desperdicio alimentario en los hogares de Catalu\u00f1a en el a\u00f1o 2024<\/a>\u201d, elaborado conjuntamente con el <a href=\"https:\/\/www.irta.cat\/es\/centres\/creda\/\">CREDA<\/a>, centro consorciado IRTA-UPC, por encargo del Departamento de Agricultura, ramaderia, pesca y alimentaci\u00f3n de la Generalitat de Catalu\u00f1a. La contribuci\u00f3n del equipo de An\u00e1lisis de Ciclo de Vida del programa de <a href=\"https:\/\/www.irta.cat\/es\/programa-de-recerca\/sostenibilidad-en-biosistemas\/\">Sostenibilidad en Biosistemas<\/a> del IRTA se ha centrado en el an\u00e1lisis del impacto ambiental del desperdicio alimentario generado en el consumo dom\u00e9stico.<\/p>\n\n\n\n<p>Seg\u00fan el estudio, los alimentos desaprovechados en los hogares catalanes durante el 2024 generaron <strong>462.347 toneladas de CO\u2082 equivalentes<\/strong>, una cifra similar a las emisiones anuales de <strong>m\u00e1s de 73.000 personas, una poblaci\u00f3n comparable a ciudades como Manresa o Vilanova i la Geltr\u00fa<\/strong>. Para ponerlo en perspectiva, esto equivale a las emisiones generadas por <strong>21.716 vuelos comerciales entre Barcelona y Bruselas con unos 200 pasajeros cada uno<\/strong>.<\/p>\n\n\n\n<p>Esta estimaci\u00f3n se ha realizado a partir de metodolog\u00edas reconocidas internacionalmente como el <a href=\"https:\/\/mediambient.gencat.cat\/ca\/05_ambits_dactuacio\/empresa_i_produccio_sostenible\/estrategia_ecodisseny\/ecodisseny\/eines\/eines_av\/acv\/index.html\">an\u00e1lisis de ciclo de vida<\/a> (ACV) y la <a href=\"https:\/\/green-forum.ec.europa.eu\/environmental-footprint-methods_en\">Environmental Footprint<\/a> (EF) de la Comisi\u00f3n Europea.<\/p>\n\n\n\n<p>\u201cEstos datos evidencian que el desperdicio alimentario no es solo una cuesti\u00f3n \u00e9tica o econ\u00f3mica, sino tambi\u00e9n ambiental. Producir alimentos que no llegan a consumirse implica malgastar recursos naturales y generar emisiones que podr\u00edamos evitar. Es importante entender que cada alimento desperdiciado en los hogares acumula el impacto ambiental generado en las etapas anteriores: la producci\u00f3n primaria, la industria alimentaria, la distribuci\u00f3n y la comercializaci\u00f3n, hasta llegar al consumidor final\u201d, explica la t\u00e9nica analista Ariadna B\u00e0llega, del programa de <a href=\"https:\/\/www.irta.cat\/es\/programa-de-recerca\/sostenibilidad-en-biosistemas\/\">Sostenibilidad en Biosistemas<\/a> del IRTA.<\/p>\n\n\n\n<p>M\u00e1s all\u00e1 de las emisiones, el desperdicio alimentario implica un <strong>coste ambiental <\/strong>m<strong>uy significativo en t\u00e9rminos de recursos:<\/strong><\/p>\n\n\n\n<ul class=\"wp-block-list\">\n<li>El <strong>agua malgastada<\/strong> para producir los alimentos desaprovechados equivale al llenado de <strong>14.229 piscinas ol\u00edmpicas <\/strong>o podr\u00eda haber abastecido el consumo medio diario de 117 L de agua por habitante a toda la poblaci\u00f3n catalana durante 37 d\u00edas.<br><\/li>\n\n\n\n<li>La <strong>superficie agr\u00edcola utilizada <\/strong>para producir estos alimentos representa un <strong>4,7% de la superficie agraria utilizada en Catalu\u00f1a en el a\u00f1o 2020<\/strong>.<\/li>\n<\/ul>\n\n\n\n<p>La mayor parte del impacto en el cambio clim\u00e1tico (un 70,3%) proviene de alimentos no cocinados que se desechan antes de ser consumidos, como frutas, verduras o productos caducados. Los alimentos cocinados desperdiciados tambi\u00e9n representan una parte significativa, especialmente aquellos que se desechan directamente del plato (19,4%) o que se olvidan en la nevera (10,3%).<\/p>\n\n\n\n<p>Los grupos de alimentos con mayor <strong>huella ambiental son el caf\u00e9 y la carne<\/strong>, que destacan por su contribuci\u00f3n en la mayor\u00eda de las categor\u00edas ambientales analizadas. El <strong>pescado<\/strong>, la <strong>pasta<\/strong>, el <strong>arroz<\/strong>, la <strong>fruta <\/strong>y las <strong>ensaladas <\/strong>tambi\u00e9n presentan un impacto ambiental elevado, aunque en categor\u00edas espec\u00edficas, y a menudo por su presencia en platos cocinados (por ejemplo, un plato de pasta bolo\u00f1esa contiene carne).<\/p>\n\n\n\n<p>Este trabajo ofrece una imagen rigurosa de los efectos ambientales derivados de los h\u00e1bitos de consumo dom\u00e9stico y ser\u00e1 clave para dise\u00f1ar estrategias de reducci\u00f3n del desperdicio alimentario. De hecho, el Departamento impulsar\u00e1 en 2025 una p<strong>rueba piloto de intervenciones en los hogares catalanes con la participaci\u00f3n del IRTA y el CREDA<\/strong>, con el objetivo de poner a prueba medidas que ayuden a mejorar la planificaci\u00f3n, conservaci\u00f3n y aprovechamiento de los alimentos.<\/p>\n","protected":false},"featured_media":89347,"template":"","categoria_noticia":[],"etiqueta_filtrar_noticia":[],"class_list":["post-89163","noticia","type-noticia","status-publish","has-post-thumbnail","hentry"],"acf":[],"yoast_head":"<!-- This site is optimized with the Yoast SEO plugin v26.6 - https:\/\/yoast.com\/wordpress\/plugins\/seo\/ -->\r\n<title>Cuantificamos el impacto ambiental del desperdicio alimentario en los hogares catalanes &#187; IRTA<\/title>\r\n<meta name=\"robots\" content=\"index, follow, max-snippet:-1, max-image-preview:large, max-video-preview:-1\" \/>\r\n<link rel=\"canonical\" href=\"https:\/\/www.irta.cat\/es\/noticia\/quantifiquem-limpacte-ambiental-del-malbaratament-alimentari-a-les-llars-catalanes\/\" \/>\r\n<meta property=\"og:locale\" content=\"es_ES\" \/>\r\n<meta property=\"og:type\" content=\"article\" \/>\r\n<meta property=\"og:title\" content=\"Cuantificamos el impacto ambiental del desperdicio alimentario en los hogares catalanes &#187; IRTA\" \/>\r\n<meta property=\"og:description\" content=\"El estudio, encargado por el Departamento de Agricultura, ramaderia, pesca y alimentaci\u00f3n, revela que el desperdicio dom\u00e9stico anual en Catalu\u00f1a genera emisiones de di\u00f3xido de carbono equivalentes a las de m\u00e1s de 73.000 personas al a\u00f1o Hemos participado en el estudio \u201cDiagn\u00f3stico del desperdicio alimentario en los hogares de Catalu\u00f1a en el a\u00f1o 2024\u201d, elaborado [&hellip;]\" \/>\r\n<meta property=\"og:url\" content=\"https:\/\/www.irta.cat\/es\/noticia\/quantifiquem-limpacte-ambiental-del-malbaratament-alimentari-a-les-llars-catalanes\/\" \/>\r\n<meta property=\"og:site_name\" content=\"IRTA\" \/>\r\n<meta property=\"article:publisher\" content=\"https:\/\/www.facebook.com\/irtacat\" \/>\r\n<meta property=\"article:modified_time\" content=\"2025-06-02T11:55:53+00:00\" \/>\r\n<meta property=\"og:image\" content=\"https:\/\/www.irta.cat\/wp-content\/uploads\/2025\/05\/Malbaratament-ambiental-2024.jpg\" \/>\r\n\t<meta property=\"og:image:width\" content=\"1600\" \/>\r\n\t<meta property=\"og:image:height\" content=\"900\" \/>\r\n\t<meta property=\"og:image:type\" content=\"image\/jpeg\" \/>\r\n<meta name=\"twitter:card\" content=\"summary_large_image\" \/>\r\n<meta name=\"twitter:site\" content=\"@irtacat\" \/>\r\n<meta name=\"twitter:label1\" content=\"Tiempo de lectura\" \/>\n\t<meta name=\"twitter:data1\" content=\"4 minutos\" \/>\r\n<script type=\"application\/ld+json\" class=\"yoast-schema-graph\">{\"@context\":\"https:\/\/schema.org\",\"@graph\":[{\"@type\":\"WebPage\",\"@id\":\"https:\/\/www.irta.cat\/es\/noticia\/quantifiquem-limpacte-ambiental-del-malbaratament-alimentari-a-les-llars-catalanes\/\",\"url\":\"https:\/\/www.irta.cat\/es\/noticia\/quantifiquem-limpacte-ambiental-del-malbaratament-alimentari-a-les-llars-catalanes\/\",\"name\":\"Cuantificamos el impacto ambiental del desperdicio alimentario en los hogares catalanes &#187; IRTA\",\"isPartOf\":{\"@id\":\"https:\/\/www.irta.cat\/es\/#website\"},\"primaryImageOfPage\":{\"@id\":\"https:\/\/www.irta.cat\/es\/noticia\/quantifiquem-limpacte-ambiental-del-malbaratament-alimentari-a-les-llars-catalanes\/#primaryimage\"},\"image\":{\"@id\":\"https:\/\/www.irta.cat\/es\/noticia\/quantifiquem-limpacte-ambiental-del-malbaratament-alimentari-a-les-llars-catalanes\/#primaryimage\"},\"thumbnailUrl\":\"https:\/\/www.irta.cat\/wp-content\/uploads\/2025\/05\/Malbaratament-ambiental-2024.jpg\",\"datePublished\":\"2025-05-29T07:42:30+00:00\",\"dateModified\":\"2025-06-02T11:55:53+00:00\",\"breadcrumb\":{\"@id\":\"https:\/\/www.irta.cat\/es\/noticia\/quantifiquem-limpacte-ambiental-del-malbaratament-alimentari-a-les-llars-catalanes\/#breadcrumb\"},\"inLanguage\":\"es\",\"potentialAction\":[{\"@type\":\"ReadAction\",\"target\":[\"https:\/\/www.irta.cat\/es\/noticia\/quantifiquem-limpacte-ambiental-del-malbaratament-alimentari-a-les-llars-catalanes\/\"]}]},{\"@type\":\"ImageObject\",\"inLanguage\":\"es\",\"@id\":\"https:\/\/www.irta.cat\/es\/noticia\/quantifiquem-limpacte-ambiental-del-malbaratament-alimentari-a-les-llars-catalanes\/#primaryimage\",\"url\":\"https:\/\/www.irta.cat\/wp-content\/uploads\/2025\/05\/Malbaratament-ambiental-2024.jpg\",\"contentUrl\":\"https:\/\/www.irta.cat\/wp-content\/uploads\/2025\/05\/Malbaratament-ambiental-2024.jpg\",\"width\":1600,\"height\":900},{\"@type\":\"BreadcrumbList\",\"@id\":\"https:\/\/www.irta.cat\/es\/noticia\/quantifiquem-limpacte-ambiental-del-malbaratament-alimentari-a-les-llars-catalanes\/#breadcrumb\",\"itemListElement\":[{\"@type\":\"ListItem\",\"position\":1,\"name\":\"Inici\",\"item\":\"https:\/\/www.irta.cat\/es\/\"},{\"@type\":\"ListItem\",\"position\":2,\"name\":\"Cuantificamos el impacto ambiental del desperdicio alimentario en los hogares catalanes\"}]},{\"@type\":\"WebSite\",\"@id\":\"https:\/\/www.irta.cat\/es\/#website\",\"url\":\"https:\/\/www.irta.cat\/es\/\",\"name\":\"IRTA\",\"description\":\"Institut de Recerca i Tecnologia Agroaliment\u00e0ries\",\"publisher\":{\"@id\":\"https:\/\/www.irta.cat\/es\/#organization\"},\"alternateName\":\"%%sitename%% %%sep%% %%title%%\",\"potentialAction\":[{\"@type\":\"SearchAction\",\"target\":{\"@type\":\"EntryPoint\",\"urlTemplate\":\"https:\/\/www.irta.cat\/es\/?s={search_term_string}\"},\"query-input\":{\"@type\":\"PropertyValueSpecification\",\"valueRequired\":true,\"valueName\":\"search_term_string\"}}],\"inLanguage\":\"es\"},{\"@type\":\"Organization\",\"@id\":\"https:\/\/www.irta.cat\/es\/#organization\",\"name\":\"IRTA\",\"url\":\"https:\/\/www.irta.cat\/es\/\",\"logo\":{\"@type\":\"ImageObject\",\"inLanguage\":\"es\",\"@id\":\"https:\/\/www.irta.cat\/es\/#\/schema\/logo\/image\/\",\"url\":\"https:\/\/www.irta.cat\/wp-content\/uploads\/2023\/04\/Logo-IRTA-verm.png\",\"contentUrl\":\"https:\/\/www.irta.cat\/wp-content\/uploads\/2023\/04\/Logo-IRTA-verm.png\",\"width\":1250,\"height\":500,\"caption\":\"IRTA\"},\"image\":{\"@id\":\"https:\/\/www.irta.cat\/es\/#\/schema\/logo\/image\/\"},\"sameAs\":[\"https:\/\/www.facebook.com\/irtacat\",\"https:\/\/x.com\/irtacat\"]}]}<\/script>\r\n<!-- \/ Yoast SEO plugin. -->","yoast_head_json":{"title":"Cuantificamos el impacto ambiental del desperdicio alimentario en los hogares catalanes &#187; IRTA","robots":{"index":"index","follow":"follow","max-snippet":"max-snippet:-1","max-image-preview":"max-image-preview:large","max-video-preview":"max-video-preview:-1"},"canonical":"https:\/\/www.irta.cat\/es\/noticia\/quantifiquem-limpacte-ambiental-del-malbaratament-alimentari-a-les-llars-catalanes\/","og_locale":"es_ES","og_type":"article","og_title":"Cuantificamos el impacto ambiental del desperdicio alimentario en los hogares catalanes &#187; IRTA","og_description":"El estudio, encargado por el Departamento de Agricultura, ramaderia, pesca y alimentaci\u00f3n, revela que el desperdicio dom\u00e9stico anual en Catalu\u00f1a genera emisiones de di\u00f3xido de carbono equivalentes a las de m\u00e1s de 73.000 personas al a\u00f1o Hemos participado en el estudio \u201cDiagn\u00f3stico del desperdicio alimentario en los hogares de Catalu\u00f1a en el a\u00f1o 2024\u201d, elaborado [&hellip;]","og_url":"https:\/\/www.irta.cat\/es\/noticia\/quantifiquem-limpacte-ambiental-del-malbaratament-alimentari-a-les-llars-catalanes\/","og_site_name":"IRTA","article_publisher":"https:\/\/www.facebook.com\/irtacat","article_modified_time":"2025-06-02T11:55:53+00:00","og_image":[{"width":1600,"height":900,"url":"https:\/\/www.irta.cat\/wp-content\/uploads\/2025\/05\/Malbaratament-ambiental-2024.jpg","type":"image\/jpeg"}],"twitter_card":"summary_large_image","twitter_site":"@irtacat","twitter_misc":{"Tiempo de lectura":"4 minutos"},"schema":{"@context":"https:\/\/schema.org","@graph":[{"@type":"WebPage","@id":"https:\/\/www.irta.cat\/es\/noticia\/quantifiquem-limpacte-ambiental-del-malbaratament-alimentari-a-les-llars-catalanes\/","url":"https:\/\/www.irta.cat\/es\/noticia\/quantifiquem-limpacte-ambiental-del-malbaratament-alimentari-a-les-llars-catalanes\/","name":"Cuantificamos el impacto ambiental del desperdicio alimentario en los hogares catalanes &#187; IRTA","isPartOf":{"@id":"https:\/\/www.irta.cat\/es\/#website"},"primaryImageOfPage":{"@id":"https:\/\/www.irta.cat\/es\/noticia\/quantifiquem-limpacte-ambiental-del-malbaratament-alimentari-a-les-llars-catalanes\/#primaryimage"},"image":{"@id":"https:\/\/www.irta.cat\/es\/noticia\/quantifiquem-limpacte-ambiental-del-malbaratament-alimentari-a-les-llars-catalanes\/#primaryimage"},"thumbnailUrl":"https:\/\/www.irta.cat\/wp-content\/uploads\/2025\/05\/Malbaratament-ambiental-2024.jpg","datePublished":"2025-05-29T07:42:30+00:00","dateModified":"2025-06-02T11:55:53+00:00","breadcrumb":{"@id":"https:\/\/www.irta.cat\/es\/noticia\/quantifiquem-limpacte-ambiental-del-malbaratament-alimentari-a-les-llars-catalanes\/#breadcrumb"},"inLanguage":"es","potentialAction":[{"@type":"ReadAction","target":["https:\/\/www.irta.cat\/es\/noticia\/quantifiquem-limpacte-ambiental-del-malbaratament-alimentari-a-les-llars-catalanes\/"]}]},{"@type":"ImageObject","inLanguage":"es","@id":"https:\/\/www.irta.cat\/es\/noticia\/quantifiquem-limpacte-ambiental-del-malbaratament-alimentari-a-les-llars-catalanes\/#primaryimage","url":"https:\/\/www.irta.cat\/wp-content\/uploads\/2025\/05\/Malbaratament-ambiental-2024.jpg","contentUrl":"https:\/\/www.irta.cat\/wp-content\/uploads\/2025\/05\/Malbaratament-ambiental-2024.jpg","width":1600,"height":900},{"@type":"BreadcrumbList","@id":"https:\/\/www.irta.cat\/es\/noticia\/quantifiquem-limpacte-ambiental-del-malbaratament-alimentari-a-les-llars-catalanes\/#breadcrumb","itemListElement":[{"@type":"ListItem","position":1,"name":"Inici","item":"https:\/\/www.irta.cat\/es\/"},{"@type":"ListItem","position":2,"name":"Cuantificamos el impacto ambiental del desperdicio alimentario en los hogares catalanes"}]},{"@type":"WebSite","@id":"https:\/\/www.irta.cat\/es\/#website","url":"https:\/\/www.irta.cat\/es\/","name":"IRTA","description":"Institut de Recerca i Tecnologia Agroaliment\u00e0ries","publisher":{"@id":"https:\/\/www.irta.cat\/es\/#organization"},"alternateName":"%%sitename%% %%sep%% %%title%%","potentialAction":[{"@type":"SearchAction","target":{"@type":"EntryPoint","urlTemplate":"https:\/\/www.irta.cat\/es\/?s={search_term_string}"},"query-input":{"@type":"PropertyValueSpecification","valueRequired":true,"valueName":"search_term_string"}}],"inLanguage":"es"},{"@type":"Organization","@id":"https:\/\/www.irta.cat\/es\/#organization","name":"IRTA","url":"https:\/\/www.irta.cat\/es\/","logo":{"@type":"ImageObject","inLanguage":"es","@id":"https:\/\/www.irta.cat\/es\/#\/schema\/logo\/image\/","url":"https:\/\/www.irta.cat\/wp-content\/uploads\/2023\/04\/Logo-IRTA-verm.png","contentUrl":"https:\/\/www.irta.cat\/wp-content\/uploads\/2023\/04\/Logo-IRTA-verm.png","width":1250,"height":500,"caption":"IRTA"},"image":{"@id":"https:\/\/www.irta.cat\/es\/#\/schema\/logo\/image\/"},"sameAs":["https:\/\/www.facebook.com\/irtacat","https:\/\/x.com\/irtacat"]}]}},"_links":{"self":[{"href":"https:\/\/www.irta.cat\/es\/wp-json\/wp\/v2\/noticia\/89163","targetHints":{"allow":["GET"]}}],"collection":[{"href":"https:\/\/www.irta.cat\/es\/wp-json\/wp\/v2\/noticia"}],"about":[{"href":"https:\/\/www.irta.cat\/es\/wp-json\/wp\/v2\/types\/noticia"}],"version-history":[{"count":7,"href":"https:\/\/www.irta.cat\/es\/wp-json\/wp\/v2\/noticia\/89163\/revisions"}],"predecessor-version":[{"id":89502,"href":"https:\/\/www.irta.cat\/es\/wp-json\/wp\/v2\/noticia\/89163\/revisions\/89502"}],"wp:featuredmedia":[{"embeddable":true,"href":"https:\/\/www.irta.cat\/es\/wp-json\/wp\/v2\/media\/89347"}],"wp:attachment":[{"href":"https:\/\/www.irta.cat\/es\/wp-json\/wp\/v2\/media?parent=89163"}],"wp:term":[{"taxonomy":"categoria_noticia","embeddable":true,"href":"https:\/\/www.irta.cat\/es\/wp-json\/wp\/v2\/categoria_noticia?post=89163"},{"taxonomy":"etiqueta_filtrar_noticia","embeddable":true,"href":"https:\/\/www.irta.cat\/es\/wp-json\/wp\/v2\/etiqueta_filtrar_noticia?post=89163"}],"curies":[{"name":"wp","href":"https:\/\/api.w.org\/{rel}","templated":true}]}}