{"id":86364,"date":"2025-03-21T11:44:56","date_gmt":"2025-03-21T10:44:56","guid":{"rendered":"https:\/\/www.irta.cat\/?post_type=noticia&#038;p=86364"},"modified":"2025-03-21T13:18:24","modified_gmt":"2025-03-21T12:18:24","slug":"lirta-present-a-la-152a-fira-de-sant-josep-de-mollerussa-innovacio-per-a-una-agricultura-mes-eficient-i-sostenible","status":"publish","type":"noticia","link":"https:\/\/www.irta.cat\/es\/noticia\/lirta-present-a-la-152a-fira-de-sant-josep-de-mollerussa-innovacio-per-a-una-agricultura-mes-eficient-i-sostenible\/","title":{"rendered":"L\u2019IRTA present a la 152a Fira de Sant Josep de Mollerussa: innovaci\u00f3 per a una agricultura m\u00e9s eficient i sostenible"},"content":{"rendered":"\n<figure class=\"wp-block-image size-large\"><a href=\"https:\/\/www.irta.cat\/wp-content\/uploads\/2025\/03\/20250319_175904-scaled.jpg\" class=\"fancybox irta-lightbox-bridge\" data-fancybox=\"irta-images\"><img loading=\"lazy\" decoding=\"async\" width=\"1024\" height=\"768\" src=\"https:\/\/www.irta.cat\/wp-content\/uploads\/2025\/03\/20250319_175904-1024x768.jpg\" alt=\"\" class=\"wp-image-86414\" srcset=\"https:\/\/www.irta.cat\/wp-content\/uploads\/2025\/03\/20250319_175904-1024x768.jpg 1024w, https:\/\/www.irta.cat\/wp-content\/uploads\/2025\/03\/20250319_175904-300x225.jpg 300w, https:\/\/www.irta.cat\/wp-content\/uploads\/2025\/03\/20250319_175904-768x576.jpg 768w, https:\/\/www.irta.cat\/wp-content\/uploads\/2025\/03\/20250319_175904-1536x1152.jpg 1536w, https:\/\/www.irta.cat\/wp-content\/uploads\/2025\/03\/20250319_175904-2048x1536.jpg 2048w, https:\/\/www.irta.cat\/wp-content\/uploads\/2025\/03\/20250319_175904-scaled.jpg 1920w\" sizes=\"auto, (max-width: 1024px) 100vw, 1024px\" \/><\/a><\/figure>\n\n\n\n<h2 class=\"wp-block-heading\"><strong>Presentem els nostres projectes per a una millor gesti\u00f3 de l&#8217;aigua i la fertilitzaci\u00f3 en l&#8217;agricultura<\/strong><\/h2>\n\n\n\n<p>Del 19 al 23 de mar\u00e7 de 2025, hem participat activament en la 152a edici\u00f3 de la Fira de Sant Josep de Mollerussa, un dels esdeveniments de refer\u00e8ncia per al sector agroalimentari a Catalunya. Aquesta fira ens ha perm\u00e8s compartir amb agricultors, t\u00e8cnics i professionals del sector les nostres darreres investigacions i solucions per a una gesti\u00f3 m\u00e9s eficient i sostenible dels recursos agraris, especialment en l&#8217;\u00e0mbit de l&#8217;aigua i la fertilitzaci\u00f3.<\/p>\n\n\n\n<p>El dimecres 19 de mar\u00e7 vam presentar diversos projectes innovadors que desenvolupem des de l&#8217;IRTA per donar resposta als desafiaments actuals del sector agrari:<\/p>\n\n\n\n<p><strong>RegAssist: una xarxa de suport per optimitzar el reg a Catalunya<\/strong><\/p>\n\n\n\n<p><a href=\"https:\/\/www.irta.cat\/es\/noticia\/regassist-la-red-de-asistencia-al-riego-para-optimizar-el-uso-del-agua-en-cataluna\/\">RegAssist<\/a> \u00e9s un projecte que integra tecnologia i assessorament per millorar la gesti\u00f3 del reg. Mitjan\u00e7ant sensors, plataformes digitals i suport t\u00e8cnic especialitzat, ajudem els regants a prendre decisions basades en dades precises sobre l&#8217;estat h\u00eddric del s\u00f2l i dels cultius. A m\u00e9s, el projecte inclou estrat\u00e8gies per afrontar situacions de sequera i escassetat d\u2019aigua, promovent una agricultura m\u00e9s sostenible.<\/p>\n\n\n\n<p><strong>FertiSens: sensors per al monitoratge de nutrients al s\u00f2l<\/strong><\/p>\n\n\n\n<p>Amb <a href=\"https:\/\/www.irta.cat\/projecte\/validacio-dun-sistema-multisensor-per-al-monitoratge-de-macronutrients-en-diferents-aplicacions-per-a-hortifruticultura\/\">FertiSens<\/a>, desenvolupem i validem sensors per mesurar en temps real la pres\u00e8ncia de macronutrients al s\u00f2l i en sistemes de depuraci\u00f3 natural. Aquesta tecnologia permet optimitzar l\u2019aplicaci\u00f3 de fertilitzants, reduint l&#8217;impacte ambiental i els costos per als agricultors. A m\u00e9s, treballem per integrar aquests sensors en sistemes digitals de suport a la presa de decisions agron\u00f2miques.<\/p>\n\n\n\n<figure class=\"wp-block-image size-large is-resized\"><a href=\"https:\/\/www.irta.cat\/wp-content\/uploads\/2025\/03\/IMG_7568-scaled.jpg\" class=\"fancybox irta-lightbox-bridge\" data-fancybox=\"irta-images\"><img loading=\"lazy\" decoding=\"async\" width=\"1024\" height=\"768\" src=\"https:\/\/www.irta.cat\/wp-content\/uploads\/2025\/03\/IMG_7568-1024x768.jpg\" alt=\"\" class=\"wp-image-86461\" style=\"width:775px;height:auto\" srcset=\"https:\/\/www.irta.cat\/wp-content\/uploads\/2025\/03\/IMG_7568-1024x768.jpg 1024w, https:\/\/www.irta.cat\/wp-content\/uploads\/2025\/03\/IMG_7568-300x225.jpg 300w, https:\/\/www.irta.cat\/wp-content\/uploads\/2025\/03\/IMG_7568-768x576.jpg 768w, https:\/\/www.irta.cat\/wp-content\/uploads\/2025\/03\/IMG_7568-1536x1152.jpg 1536w, https:\/\/www.irta.cat\/wp-content\/uploads\/2025\/03\/IMG_7568-2048x1536.jpg 2048w, https:\/\/www.irta.cat\/wp-content\/uploads\/2025\/03\/IMG_7568-scaled.jpg 1920w\" sizes=\"auto, (max-width: 1024px) 100vw, 1024px\" \/><\/a><\/figure>\n\n\n\n<p><strong>RegGenerada: gesti\u00f3 de l\u2019aigua regenerada en el reg agr\u00edcola<\/strong><\/p>\n\n\n\n<p>Davant els reptes creixents de la sequera, el projecte <a href=\"https:\/\/www.irta.cat\/projecte\/eines-per-a-millorar-el-maneig-del-reg-amb-aigua-regenerada-per-a-la-sostenibilitat-de-lagricultura-al-baix-llobregat\/\">RegGenerada<\/a> investiga la digitalitzaci\u00f3 i el maneig del reg amb aigua regenerada al Baix Llobregat. Analitzem la qualitat d\u2019aquesta aigua, el seu impacte en cultius hort\u00edcoles i fruiters i desenvolupem estrat\u00e8gies per garantir-ne la seguretat i efici\u00e8ncia. El nostre objectiu \u00e9s fomentar una gesti\u00f3 sostenible dels recursos h\u00eddrics.<\/p>\n\n\n\n<p><strong>IrriPAS: xarxa d\u2019explotacions per a la gesti\u00f3 eficient del reg<\/strong><\/p>\n\n\n\n<p>El projecte <a href=\"https:\/\/www.irta.cat\/projecte\/gestio-del-reg-i-la-fertirrigacio-en-el-context-de-la-produccio-agraria-sostenible-pas\/\">IrriPAS <\/a>agrupa finques agr\u00edcoles que adopten tecnologies i pr\u00e0ctiques sostenibles per optimitzar l\u2019\u00fas de l\u2019aigua i els fertilitzants. Implementem sensors i eines digitals per millorar la productivitat i reduir l\u2019impacte ambiental. Gr\u00e0cies a aquesta xarxa, els agricultors comparteixen experi\u00e8ncies i coneixements, impulsant la innovaci\u00f3 en el sector.<\/p>\n\n\n\n<figure class=\"wp-block-image size-large\"><a href=\"https:\/\/www.irta.cat\/wp-content\/uploads\/2025\/03\/IMG_7560-scaled.jpg\" class=\"fancybox irta-lightbox-bridge\" data-fancybox=\"irta-images\"><img loading=\"lazy\" decoding=\"async\" width=\"1024\" height=\"578\" src=\"https:\/\/www.irta.cat\/wp-content\/uploads\/2025\/03\/IMG_7560-1024x578.jpg\" alt=\"\" class=\"wp-image-86464\" srcset=\"https:\/\/www.irta.cat\/wp-content\/uploads\/2025\/03\/IMG_7560-1024x578.jpg 1024w, https:\/\/www.irta.cat\/wp-content\/uploads\/2025\/03\/IMG_7560-300x169.jpg 300w, https:\/\/www.irta.cat\/wp-content\/uploads\/2025\/03\/IMG_7560-768x433.jpg 768w, https:\/\/www.irta.cat\/wp-content\/uploads\/2025\/03\/IMG_7560-1536x867.jpg 1536w, https:\/\/www.irta.cat\/wp-content\/uploads\/2025\/03\/IMG_7560-2048x1155.jpg 2048w, https:\/\/www.irta.cat\/wp-content\/uploads\/2025\/03\/IMG_7560-scaled.jpg 1920w\" sizes=\"auto, (max-width: 1024px) 100vw, 1024px\" \/><\/a><\/figure>\n\n\n\n<p><strong>GestSequera: estrat\u00e8gies per gestionar el reg en situacions de sequera<\/strong><\/p>\n\n\n\n<p>A <a href=\"https:\/\/www.irta.cat\/projecte\/gestio-hidrica-dels-cultius-en-diferents-escenaris-de-sequera\/\">GestSequera<\/a> desenvolupem eines per adaptar la gesti\u00f3 del reg a contextos de sequera. A partir de tecnologies digitals i coneixement cient\u00edfic, oferim recomanacions pr\u00e0ctiques als agricultors, com la selecci\u00f3 de cultius resistents, la gesti\u00f3 eficient de l\u2019aigua i la implementaci\u00f3 de pr\u00e0ctiques agron\u00f2miques innovadores.<\/p>\n\n\n\n<p>La nostra participaci\u00f3 en la Fira de Sant Josep ens ha perm\u00e8s intercanviar coneixement amb professionals del sector, reafirmant el nostre comprom\u00eds amb una agricultura innovadora, eficient i sostenible. Seguim treballant per oferir solucions adaptades als reptes de la gesti\u00f3 agr\u00edcola en un context de canvi clim\u00e0tic i escassetat de recursos.<\/p>\n","protected":false},"featured_media":86416,"template":"","categoria_noticia":[],"etiqueta_filtrar_noticia":[],"class_list":["post-86364","noticia","type-noticia","status-publish","has-post-thumbnail","hentry"],"acf":[],"yoast_head":"<!-- This site is optimized with the Yoast SEO plugin v26.6 - https:\/\/yoast.com\/wordpress\/plugins\/seo\/ -->\r\n<title>L\u2019IRTA present a la 152a Fira de Sant Josep de Mollerussa: innovaci\u00f3 per a una agricultura m\u00e9s eficient i sostenible &#187; IRTA<\/title>\r\n<meta name=\"robots\" content=\"index, follow, max-snippet:-1, max-image-preview:large, max-video-preview:-1\" \/>\r\n<link rel=\"canonical\" href=\"https:\/\/www.irta.cat\/es\/noticia\/lirta-present-a-la-152a-fira-de-sant-josep-de-mollerussa-innovacio-per-a-una-agricultura-mes-eficient-i-sostenible\/\" \/>\r\n<meta property=\"og:locale\" content=\"es_ES\" \/>\r\n<meta property=\"og:type\" content=\"article\" \/>\r\n<meta property=\"og:title\" content=\"L\u2019IRTA present a la 152a Fira de Sant Josep de Mollerussa: innovaci\u00f3 per a una agricultura m\u00e9s eficient i sostenible &#187; IRTA\" \/>\r\n<meta property=\"og:description\" content=\"Presentem els nostres projectes per a una millor gesti\u00f3 de l&#8217;aigua i la fertilitzaci\u00f3 en l&#8217;agricultura Del 19 al 23 de mar\u00e7 de 2025, hem participat activament en la 152a edici\u00f3 de la Fira de Sant Josep de Mollerussa, un dels esdeveniments de refer\u00e8ncia per al sector agroalimentari a Catalunya. Aquesta fira ens ha perm\u00e8s [&hellip;]\" \/>\r\n<meta property=\"og:url\" content=\"https:\/\/www.irta.cat\/es\/noticia\/lirta-present-a-la-152a-fira-de-sant-josep-de-mollerussa-innovacio-per-a-una-agricultura-mes-eficient-i-sostenible\/\" \/>\r\n<meta property=\"og:site_name\" content=\"IRTA\" \/>\r\n<meta property=\"article:publisher\" content=\"https:\/\/www.facebook.com\/irtacat\" \/>\r\n<meta property=\"article:modified_time\" content=\"2025-03-21T12:18:24+00:00\" \/>\r\n<meta property=\"og:image\" content=\"https:\/\/www.irta.cat\/wp-content\/uploads\/2025\/03\/20250319_175904-scaled.jpg\" \/>\r\n\t<meta property=\"og:image:width\" content=\"1920\" \/>\r\n\t<meta property=\"og:image:height\" content=\"1440\" \/>\r\n\t<meta property=\"og:image:type\" content=\"image\/jpeg\" \/>\r\n<meta name=\"twitter:card\" content=\"summary_large_image\" \/>\r\n<meta name=\"twitter:site\" content=\"@irtacat\" \/>\r\n<meta name=\"twitter:label1\" content=\"Tiempo de lectura\" \/>\n\t<meta name=\"twitter:data1\" content=\"3 minutos\" \/>\r\n<script type=\"application\/ld+json\" class=\"yoast-schema-graph\">{\"@context\":\"https:\/\/schema.org\",\"@graph\":[{\"@type\":\"WebPage\",\"@id\":\"https:\/\/www.irta.cat\/es\/noticia\/lirta-present-a-la-152a-fira-de-sant-josep-de-mollerussa-innovacio-per-a-una-agricultura-mes-eficient-i-sostenible\/\",\"url\":\"https:\/\/www.irta.cat\/es\/noticia\/lirta-present-a-la-152a-fira-de-sant-josep-de-mollerussa-innovacio-per-a-una-agricultura-mes-eficient-i-sostenible\/\",\"name\":\"L\u2019IRTA present a la 152a Fira de Sant Josep de Mollerussa: innovaci\u00f3 per a una agricultura m\u00e9s eficient i sostenible &#187; IRTA\",\"isPartOf\":{\"@id\":\"https:\/\/www.irta.cat\/es\/#website\"},\"primaryImageOfPage\":{\"@id\":\"https:\/\/www.irta.cat\/es\/noticia\/lirta-present-a-la-152a-fira-de-sant-josep-de-mollerussa-innovacio-per-a-una-agricultura-mes-eficient-i-sostenible\/#primaryimage\"},\"image\":{\"@id\":\"https:\/\/www.irta.cat\/es\/noticia\/lirta-present-a-la-152a-fira-de-sant-josep-de-mollerussa-innovacio-per-a-una-agricultura-mes-eficient-i-sostenible\/#primaryimage\"},\"thumbnailUrl\":\"https:\/\/www.irta.cat\/wp-content\/uploads\/2025\/03\/20250319_175904-scaled.jpg\",\"datePublished\":\"2025-03-21T10:44:56+00:00\",\"dateModified\":\"2025-03-21T12:18:24+00:00\",\"breadcrumb\":{\"@id\":\"https:\/\/www.irta.cat\/es\/noticia\/lirta-present-a-la-152a-fira-de-sant-josep-de-mollerussa-innovacio-per-a-una-agricultura-mes-eficient-i-sostenible\/#breadcrumb\"},\"inLanguage\":\"es\",\"potentialAction\":[{\"@type\":\"ReadAction\",\"target\":[\"https:\/\/www.irta.cat\/es\/noticia\/lirta-present-a-la-152a-fira-de-sant-josep-de-mollerussa-innovacio-per-a-una-agricultura-mes-eficient-i-sostenible\/\"]}]},{\"@type\":\"ImageObject\",\"inLanguage\":\"es\",\"@id\":\"https:\/\/www.irta.cat\/es\/noticia\/lirta-present-a-la-152a-fira-de-sant-josep-de-mollerussa-innovacio-per-a-una-agricultura-mes-eficient-i-sostenible\/#primaryimage\",\"url\":\"https:\/\/www.irta.cat\/wp-content\/uploads\/2025\/03\/20250319_175904-scaled.jpg\",\"contentUrl\":\"https:\/\/www.irta.cat\/wp-content\/uploads\/2025\/03\/20250319_175904-scaled.jpg\",\"width\":1920,\"height\":1440},{\"@type\":\"BreadcrumbList\",\"@id\":\"https:\/\/www.irta.cat\/es\/noticia\/lirta-present-a-la-152a-fira-de-sant-josep-de-mollerussa-innovacio-per-a-una-agricultura-mes-eficient-i-sostenible\/#breadcrumb\",\"itemListElement\":[{\"@type\":\"ListItem\",\"position\":1,\"name\":\"Inici\",\"item\":\"https:\/\/www.irta.cat\/es\/\"},{\"@type\":\"ListItem\",\"position\":2,\"name\":\"L\u2019IRTA present a la 152a Fira de Sant Josep de Mollerussa: innovaci\u00f3 per a una agricultura m\u00e9s eficient i sostenible\"}]},{\"@type\":\"WebSite\",\"@id\":\"https:\/\/www.irta.cat\/es\/#website\",\"url\":\"https:\/\/www.irta.cat\/es\/\",\"name\":\"IRTA\",\"description\":\"Institut de Recerca i Tecnologia Agroaliment\u00e0ries\",\"publisher\":{\"@id\":\"https:\/\/www.irta.cat\/es\/#organization\"},\"alternateName\":\"%%sitename%% %%sep%% %%title%%\",\"potentialAction\":[{\"@type\":\"SearchAction\",\"target\":{\"@type\":\"EntryPoint\",\"urlTemplate\":\"https:\/\/www.irta.cat\/es\/?s={search_term_string}\"},\"query-input\":{\"@type\":\"PropertyValueSpecification\",\"valueRequired\":true,\"valueName\":\"search_term_string\"}}],\"inLanguage\":\"es\"},{\"@type\":\"Organization\",\"@id\":\"https:\/\/www.irta.cat\/es\/#organization\",\"name\":\"IRTA\",\"url\":\"https:\/\/www.irta.cat\/es\/\",\"logo\":{\"@type\":\"ImageObject\",\"inLanguage\":\"es\",\"@id\":\"https:\/\/www.irta.cat\/es\/#\/schema\/logo\/image\/\",\"url\":\"https:\/\/www.irta.cat\/wp-content\/uploads\/2023\/04\/Logo-IRTA-verm.png\",\"contentUrl\":\"https:\/\/www.irta.cat\/wp-content\/uploads\/2023\/04\/Logo-IRTA-verm.png\",\"width\":1250,\"height\":500,\"caption\":\"IRTA\"},\"image\":{\"@id\":\"https:\/\/www.irta.cat\/es\/#\/schema\/logo\/image\/\"},\"sameAs\":[\"https:\/\/www.facebook.com\/irtacat\",\"https:\/\/x.com\/irtacat\"]}]}<\/script>\r\n<!-- \/ Yoast SEO plugin. -->","yoast_head_json":{"title":"L\u2019IRTA present a la 152a Fira de Sant Josep de Mollerussa: innovaci\u00f3 per a una agricultura m\u00e9s eficient i sostenible &#187; IRTA","robots":{"index":"index","follow":"follow","max-snippet":"max-snippet:-1","max-image-preview":"max-image-preview:large","max-video-preview":"max-video-preview:-1"},"canonical":"https:\/\/www.irta.cat\/es\/noticia\/lirta-present-a-la-152a-fira-de-sant-josep-de-mollerussa-innovacio-per-a-una-agricultura-mes-eficient-i-sostenible\/","og_locale":"es_ES","og_type":"article","og_title":"L\u2019IRTA present a la 152a Fira de Sant Josep de Mollerussa: innovaci\u00f3 per a una agricultura m\u00e9s eficient i sostenible &#187; IRTA","og_description":"Presentem els nostres projectes per a una millor gesti\u00f3 de l&#8217;aigua i la fertilitzaci\u00f3 en l&#8217;agricultura Del 19 al 23 de mar\u00e7 de 2025, hem participat activament en la 152a edici\u00f3 de la Fira de Sant Josep de Mollerussa, un dels esdeveniments de refer\u00e8ncia per al sector agroalimentari a Catalunya. Aquesta fira ens ha perm\u00e8s [&hellip;]","og_url":"https:\/\/www.irta.cat\/es\/noticia\/lirta-present-a-la-152a-fira-de-sant-josep-de-mollerussa-innovacio-per-a-una-agricultura-mes-eficient-i-sostenible\/","og_site_name":"IRTA","article_publisher":"https:\/\/www.facebook.com\/irtacat","article_modified_time":"2025-03-21T12:18:24+00:00","og_image":[{"width":1920,"height":1440,"url":"https:\/\/www.irta.cat\/wp-content\/uploads\/2025\/03\/20250319_175904-scaled.jpg","type":"image\/jpeg"}],"twitter_card":"summary_large_image","twitter_site":"@irtacat","twitter_misc":{"Tiempo de lectura":"3 minutos"},"schema":{"@context":"https:\/\/schema.org","@graph":[{"@type":"WebPage","@id":"https:\/\/www.irta.cat\/es\/noticia\/lirta-present-a-la-152a-fira-de-sant-josep-de-mollerussa-innovacio-per-a-una-agricultura-mes-eficient-i-sostenible\/","url":"https:\/\/www.irta.cat\/es\/noticia\/lirta-present-a-la-152a-fira-de-sant-josep-de-mollerussa-innovacio-per-a-una-agricultura-mes-eficient-i-sostenible\/","name":"L\u2019IRTA present a la 152a Fira de Sant Josep de Mollerussa: innovaci\u00f3 per a una agricultura m\u00e9s eficient i sostenible &#187; IRTA","isPartOf":{"@id":"https:\/\/www.irta.cat\/es\/#website"},"primaryImageOfPage":{"@id":"https:\/\/www.irta.cat\/es\/noticia\/lirta-present-a-la-152a-fira-de-sant-josep-de-mollerussa-innovacio-per-a-una-agricultura-mes-eficient-i-sostenible\/#primaryimage"},"image":{"@id":"https:\/\/www.irta.cat\/es\/noticia\/lirta-present-a-la-152a-fira-de-sant-josep-de-mollerussa-innovacio-per-a-una-agricultura-mes-eficient-i-sostenible\/#primaryimage"},"thumbnailUrl":"https:\/\/www.irta.cat\/wp-content\/uploads\/2025\/03\/20250319_175904-scaled.jpg","datePublished":"2025-03-21T10:44:56+00:00","dateModified":"2025-03-21T12:18:24+00:00","breadcrumb":{"@id":"https:\/\/www.irta.cat\/es\/noticia\/lirta-present-a-la-152a-fira-de-sant-josep-de-mollerussa-innovacio-per-a-una-agricultura-mes-eficient-i-sostenible\/#breadcrumb"},"inLanguage":"es","potentialAction":[{"@type":"ReadAction","target":["https:\/\/www.irta.cat\/es\/noticia\/lirta-present-a-la-152a-fira-de-sant-josep-de-mollerussa-innovacio-per-a-una-agricultura-mes-eficient-i-sostenible\/"]}]},{"@type":"ImageObject","inLanguage":"es","@id":"https:\/\/www.irta.cat\/es\/noticia\/lirta-present-a-la-152a-fira-de-sant-josep-de-mollerussa-innovacio-per-a-una-agricultura-mes-eficient-i-sostenible\/#primaryimage","url":"https:\/\/www.irta.cat\/wp-content\/uploads\/2025\/03\/20250319_175904-scaled.jpg","contentUrl":"https:\/\/www.irta.cat\/wp-content\/uploads\/2025\/03\/20250319_175904-scaled.jpg","width":1920,"height":1440},{"@type":"BreadcrumbList","@id":"https:\/\/www.irta.cat\/es\/noticia\/lirta-present-a-la-152a-fira-de-sant-josep-de-mollerussa-innovacio-per-a-una-agricultura-mes-eficient-i-sostenible\/#breadcrumb","itemListElement":[{"@type":"ListItem","position":1,"name":"Inici","item":"https:\/\/www.irta.cat\/es\/"},{"@type":"ListItem","position":2,"name":"L\u2019IRTA present a la 152a Fira de Sant Josep de Mollerussa: innovaci\u00f3 per a una agricultura m\u00e9s eficient i sostenible"}]},{"@type":"WebSite","@id":"https:\/\/www.irta.cat\/es\/#website","url":"https:\/\/www.irta.cat\/es\/","name":"IRTA","description":"Institut de Recerca i Tecnologia Agroaliment\u00e0ries","publisher":{"@id":"https:\/\/www.irta.cat\/es\/#organization"},"alternateName":"%%sitename%% %%sep%% %%title%%","potentialAction":[{"@type":"SearchAction","target":{"@type":"EntryPoint","urlTemplate":"https:\/\/www.irta.cat\/es\/?s={search_term_string}"},"query-input":{"@type":"PropertyValueSpecification","valueRequired":true,"valueName":"search_term_string"}}],"inLanguage":"es"},{"@type":"Organization","@id":"https:\/\/www.irta.cat\/es\/#organization","name":"IRTA","url":"https:\/\/www.irta.cat\/es\/","logo":{"@type":"ImageObject","inLanguage":"es","@id":"https:\/\/www.irta.cat\/es\/#\/schema\/logo\/image\/","url":"https:\/\/www.irta.cat\/wp-content\/uploads\/2023\/04\/Logo-IRTA-verm.png","contentUrl":"https:\/\/www.irta.cat\/wp-content\/uploads\/2023\/04\/Logo-IRTA-verm.png","width":1250,"height":500,"caption":"IRTA"},"image":{"@id":"https:\/\/www.irta.cat\/es\/#\/schema\/logo\/image\/"},"sameAs":["https:\/\/www.facebook.com\/irtacat","https:\/\/x.com\/irtacat"]}]}},"_links":{"self":[{"href":"https:\/\/www.irta.cat\/es\/wp-json\/wp\/v2\/noticia\/86364","targetHints":{"allow":["GET"]}}],"collection":[{"href":"https:\/\/www.irta.cat\/es\/wp-json\/wp\/v2\/noticia"}],"about":[{"href":"https:\/\/www.irta.cat\/es\/wp-json\/wp\/v2\/types\/noticia"}],"version-history":[{"count":3,"href":"https:\/\/www.irta.cat\/es\/wp-json\/wp\/v2\/noticia\/86364\/revisions"}],"predecessor-version":[{"id":86469,"href":"https:\/\/www.irta.cat\/es\/wp-json\/wp\/v2\/noticia\/86364\/revisions\/86469"}],"wp:featuredmedia":[{"embeddable":true,"href":"https:\/\/www.irta.cat\/es\/wp-json\/wp\/v2\/media\/86416"}],"wp:attachment":[{"href":"https:\/\/www.irta.cat\/es\/wp-json\/wp\/v2\/media?parent=86364"}],"wp:term":[{"taxonomy":"categoria_noticia","embeddable":true,"href":"https:\/\/www.irta.cat\/es\/wp-json\/wp\/v2\/categoria_noticia?post=86364"},{"taxonomy":"etiqueta_filtrar_noticia","embeddable":true,"href":"https:\/\/www.irta.cat\/es\/wp-json\/wp\/v2\/etiqueta_filtrar_noticia?post=86364"}],"curies":[{"name":"wp","href":"https:\/\/api.w.org\/{rel}","templated":true}]}}