{"id":84920,"date":"2025-03-13T11:00:15","date_gmt":"2025-03-13T10:00:15","guid":{"rendered":"https:\/\/www.irta.cat\/noticia\/participem-en-la-conferencia-final-del-projecte-europeu-comfocus-sobre-ciencia-del-consumidor\/"},"modified":"2025-03-13T11:27:18","modified_gmt":"2025-03-13T10:27:18","slug":"participem-en-la-conferencia-final-del-projecte-europeu-comfocus-sobre-ciencia-del-consumidor","status":"publish","type":"noticia","link":"https:\/\/www.irta.cat\/es\/noticia\/participem-en-la-conferencia-final-del-projecte-europeu-comfocus-sobre-ciencia-del-consumidor\/","title":{"rendered":"Participamos en la conferencia final del proyecto europeo COMFOCUS sobre ciencia del consumidor"},"content":{"rendered":"\n<figure class=\"wp-block-image size-full\"><a href=\"https:\/\/www.irta.cat\/wp-content\/uploads\/2025\/03\/COMFOCUS-eye-tracking.jpg\" class=\"fancybox irta-lightbox-bridge\" data-fancybox=\"irta-images\"><img loading=\"lazy\" decoding=\"async\" width=\"565\" height=\"318\" src=\"https:\/\/www.irta.cat\/wp-content\/uploads\/2025\/03\/COMFOCUS-eye-tracking.jpg\" alt=\"\" class=\"wp-image-84895\" srcset=\"https:\/\/www.irta.cat\/wp-content\/uploads\/2025\/03\/COMFOCUS-eye-tracking.jpg 565w, https:\/\/www.irta.cat\/wp-content\/uploads\/2025\/03\/COMFOCUS-eye-tracking-300x169.jpg 300w\" sizes=\"auto, (max-width: 565px) 100vw, 565px\" \/><\/a><\/figure>\n\n\n\n<h2 class=\"wp-block-heading\">El IRTA ha contribuido al desarrollo de nuevas metodolog\u00edas para entender el comportamiento del consumidor de alimentos<\/h2>\n\n\n\n<p>A finales de febrero, asistimos a la conferencia final del proyecto europeo <em>Community on Food Consumer Science <\/em>(<a href=\"https:\/\/comfocus.eu\/\">COMFOCUS<\/a>), celebrada en Wageningen (Pa\u00edses Bajos). Este proyecto ha tenido como objetivo integrar infraestructuras de investigaci\u00f3n en el \u00e1mbito multidisciplinar de la ciencia del consumidor de alimentos, promoviendo su uso \u00f3ptimo y su desarrollo conjunto.<\/p>\n\n\n\n<p>COMFOCUS est\u00e1 formado por un consorcio de 14 instituciones europeas, entre universidades, institutos de investigaci\u00f3n y empresas del sector, incluyendo el IRTA, bajo la coordinaci\u00f3n de nuestro investigador Luis Guerrero del programa <a href=\"https:\/\/www.irta.cat\/es\/programa-de-recerca\/calidad-y-tecnologia-alimentarias\/\">Calidad y tecnolog\u00eda alimentarias<\/a>. A trav\u00e9s del proyecto, se han ofrecido servicios y recursos de alta calidad para la comunidad acad\u00e9mica y el sector privado, y se ha trabajado para armonizar y profesionalizar la investigaci\u00f3n en ciencia del consumidor en Europa, siguiendo los principios FAIR (<em>Findable, Accessible, Interoperable &amp; Reusable<\/em>) y los criterios de Investigaci\u00f3n e Innovaci\u00f3n Responsable (RRI).<\/p>\n\n\n\n<p>Nuestra investigadora Leontina Lipan, del programa de <a href=\"https:\/\/www.irta.cat\/es\/programa-de-recerca\/fruticultura\/\">Fructicultura<\/a> (<a href=\"https:\/\/www.irta.cat\/es\/centres\/irta-mas-bove\/\">IRTA Mas Bov\u00e9<\/a>), particip\u00f3 en la conferencia como beneficiaria del proyecto, tras haber sido seleccionada en una convocatoria abierta de COMFOCUS. Gracias a ello, pudo realizar una estancia de investigaci\u00f3n en la <em>Psychology Research Infrastructure<\/em> (PRI) de la Universidad de Surrey (Reino Unido), donde trabaj\u00f3 con <strong>tecnolog\u00eda <em>eye tracking<\/em> para estudiar la valorizaci\u00f3n de las avellanas cultivadas en el Priorat.<\/strong> Su investigaci\u00f3n tiene como objetivo <strong>promover el consumo de avellanas de producci\u00f3n local<\/strong>, potenciando su comercializaci\u00f3n y aprovechando el enoturismo de la zona para atraer tanto a consumidores locales como internacionales. Los resultados de este estudio se presentar\u00e1n pr\u00f3ximamente.<\/p>\n\n\n\n<p>Adem\u00e1s, desde el <a href=\"https:\/\/www.irta.cat\/centres\/irta-monells\/\">IRTA Monells<\/a>, acogimos un total de 11 investigadores en formaci\u00f3n que realizaron estancias de entre dos y cuatro semanas para estudiar diferentes aspectos del comportamiento del consumidor. Durante este per\u00edodo, reclutamos a m\u00e1s de 1.000 consumidores que participaron en numerosos estudios relacionados con la neurociencia del comportamiento, realizados en condiciones controladas y en entornos simulados mediante realidad virtual y salas inmersivas.<\/p>\n\n\n\n<p>La conferencia final de COMFOCUS abord\u00f3 temas clave como el<strong> acceso abierto a la investigaci\u00f3n y la interoperabilidad de datos.<\/strong> Se presentaron ponencias de expertos y se organiz\u00f3 un panel de discusi\u00f3n sobre nuevas metodolog\u00edas en ciencia del consumidor. Tambi\u00e9n se llevaron a cabo talleres pr\u00e1cticos sobre tecnolog\u00edas emergentes aplicadas al estudio del comportamiento del consumidor, como la realidad virtual, el <em>eye tracking <\/em>y la encefalograf\u00eda (EEG), herramientas que est\u00e1n revolucionando la investigaci\u00f3n en el consumo de alimentos y permiten un <strong>an\u00e1lisis m\u00e1s preciso de la experiencia y las preferencias de los usuarios.<\/strong><\/p>\n\n\n\n<p>La clausura de COMFOCUS deja como legado una red de investigaci\u00f3n colaborativa y metodolog\u00edas innovadoras que seguir\u00e1n beneficiando tanto a la comunidad cient\u00edfica como a la industria agroalimentaria.<\/p>\n\n\n\n<p>El proyecto COMFOCUS ha recibido financiaci\u00f3n del programa de investigaci\u00f3n e innovaci\u00f3n Horizonte 2020 de la Uni\u00f3n Europea bajo el acuerdo de subvenci\u00f3n n.\u00ba 101005259.<\/p>\n\n\n\n<figure class=\"wp-block-gallery has-nested-images columns-default is-cropped wp-block-gallery-1 is-layout-flex wp-block-gallery-is-layout-flex\">\n<figure class=\"wp-block-image size-large\"><a href=\"https:\/\/www.irta.cat\/wp-content\/uploads\/2025\/03\/COMFOCUS-4.jpg\" class=\"fancybox irta-lightbox-bridge\" data-fancybox=\"irta-images\"><img loading=\"lazy\" decoding=\"async\" width=\"566\" height=\"755\" data-id=\"84898\" src=\"https:\/\/www.irta.cat\/wp-content\/uploads\/2025\/03\/COMFOCUS-4.jpg\" alt=\"\" class=\"wp-image-84898\" srcset=\"https:\/\/www.irta.cat\/wp-content\/uploads\/2025\/03\/COMFOCUS-4.jpg 566w, https:\/\/www.irta.cat\/wp-content\/uploads\/2025\/03\/COMFOCUS-4-225x300.jpg 225w\" sizes=\"auto, (max-width: 566px) 100vw, 566px\" \/><\/a><\/figure>\n\n\n\n<figure class=\"wp-block-image size-large\"><a href=\"https:\/\/www.irta.cat\/wp-content\/uploads\/2025\/03\/COMFOCUS-3.jpg\" class=\"fancybox irta-lightbox-bridge\" data-fancybox=\"irta-images\"><img loading=\"lazy\" decoding=\"async\" width=\"548\" height=\"933\" data-id=\"84902\" src=\"https:\/\/www.irta.cat\/wp-content\/uploads\/2025\/03\/COMFOCUS-3.jpg\" alt=\"\" class=\"wp-image-84902\" srcset=\"https:\/\/www.irta.cat\/wp-content\/uploads\/2025\/03\/COMFOCUS-3.jpg 548w, https:\/\/www.irta.cat\/wp-content\/uploads\/2025\/03\/COMFOCUS-3-176x300.jpg 176w\" sizes=\"auto, (max-width: 548px) 100vw, 548px\" \/><\/a><\/figure>\n\n\n\n<figure class=\"wp-block-image size-large\"><a href=\"https:\/\/www.irta.cat\/wp-content\/uploads\/2025\/03\/COMFOCUS.jpg\" class=\"fancybox irta-lightbox-bridge\" data-fancybox=\"irta-images\"><img loading=\"lazy\" decoding=\"async\" width=\"566\" height=\"752\" data-id=\"84907\" src=\"https:\/\/www.irta.cat\/wp-content\/uploads\/2025\/03\/COMFOCUS.jpg\" alt=\"\" class=\"wp-image-84907\" srcset=\"https:\/\/www.irta.cat\/wp-content\/uploads\/2025\/03\/COMFOCUS.jpg 566w, https:\/\/www.irta.cat\/wp-content\/uploads\/2025\/03\/COMFOCUS-226x300.jpg 226w\" sizes=\"auto, (max-width: 566px) 100vw, 566px\" \/><\/a><\/figure>\n\n\n\n<figure class=\"wp-block-image size-large\"><a href=\"https:\/\/www.irta.cat\/wp-content\/uploads\/2025\/03\/COMFOCUS-2-1.jpg\" class=\"fancybox irta-lightbox-bridge\" data-fancybox=\"irta-images\"><img loading=\"lazy\" decoding=\"async\" width=\"511\" height=\"679\" data-id=\"84910\" src=\"https:\/\/www.irta.cat\/wp-content\/uploads\/2025\/03\/COMFOCUS-2-1.jpg\" alt=\"\" class=\"wp-image-84910\" srcset=\"https:\/\/www.irta.cat\/wp-content\/uploads\/2025\/03\/COMFOCUS-2-1.jpg 511w, https:\/\/www.irta.cat\/wp-content\/uploads\/2025\/03\/COMFOCUS-2-1-226x300.jpg 226w\" sizes=\"auto, (max-width: 511px) 100vw, 511px\" \/><\/a><\/figure>\n<\/figure>\n","protected":false},"featured_media":84897,"template":"","categoria_noticia":[],"etiqueta_filtrar_noticia":[],"class_list":["post-84920","noticia","type-noticia","status-publish","has-post-thumbnail","hentry"],"acf":[],"yoast_head":"<!-- This site is optimized with the Yoast SEO plugin v26.6 - https:\/\/yoast.com\/wordpress\/plugins\/seo\/ -->\r\n<title>Participamos en la conferencia final del proyecto europeo COMFOCUS sobre ciencia del consumidor &#187; IRTA<\/title>\r\n<meta name=\"robots\" content=\"index, follow, max-snippet:-1, max-image-preview:large, max-video-preview:-1\" \/>\r\n<link rel=\"canonical\" href=\"https:\/\/www.irta.cat\/es\/noticia\/participem-en-la-conferencia-final-del-projecte-europeu-comfocus-sobre-ciencia-del-consumidor\/\" \/>\r\n<meta property=\"og:locale\" content=\"es_ES\" \/>\r\n<meta property=\"og:type\" content=\"article\" \/>\r\n<meta property=\"og:title\" content=\"Participamos en la conferencia final del proyecto europeo COMFOCUS sobre ciencia del consumidor &#187; IRTA\" \/>\r\n<meta property=\"og:description\" content=\"El IRTA ha contribuido al desarrollo de nuevas metodolog\u00edas para entender el comportamiento del consumidor de alimentos A finales de febrero, asistimos a la conferencia final del proyecto europeo Community on Food Consumer Science (COMFOCUS), celebrada en Wageningen (Pa\u00edses Bajos). Este proyecto ha tenido como objetivo integrar infraestructuras de investigaci\u00f3n en el \u00e1mbito multidisciplinar de [&hellip;]\" \/>\r\n<meta property=\"og:url\" content=\"https:\/\/www.irta.cat\/es\/noticia\/participem-en-la-conferencia-final-del-projecte-europeu-comfocus-sobre-ciencia-del-consumidor\/\" \/>\r\n<meta property=\"og:site_name\" content=\"IRTA\" \/>\r\n<meta property=\"article:publisher\" content=\"https:\/\/www.facebook.com\/irtacat\" \/>\r\n<meta property=\"article:modified_time\" content=\"2025-03-13T10:27:18+00:00\" \/>\r\n<meta property=\"og:image\" content=\"https:\/\/www.irta.cat\/wp-content\/uploads\/2025\/03\/COMFOCUS-eye-tracking.jpg\" \/>\r\n\t<meta property=\"og:image:width\" content=\"565\" \/>\r\n\t<meta property=\"og:image:height\" content=\"318\" \/>\r\n\t<meta property=\"og:image:type\" content=\"image\/jpeg\" \/>\r\n<meta name=\"twitter:card\" content=\"summary_large_image\" \/>\r\n<meta name=\"twitter:site\" content=\"@irtacat\" \/>\r\n<meta name=\"twitter:label1\" content=\"Tiempo de lectura\" \/>\n\t<meta name=\"twitter:data1\" content=\"4 minutos\" \/>\r\n<script type=\"application\/ld+json\" class=\"yoast-schema-graph\">{\"@context\":\"https:\/\/schema.org\",\"@graph\":[{\"@type\":\"WebPage\",\"@id\":\"https:\/\/www.irta.cat\/es\/noticia\/participem-en-la-conferencia-final-del-projecte-europeu-comfocus-sobre-ciencia-del-consumidor\/\",\"url\":\"https:\/\/www.irta.cat\/es\/noticia\/participem-en-la-conferencia-final-del-projecte-europeu-comfocus-sobre-ciencia-del-consumidor\/\",\"name\":\"Participamos en la conferencia final del proyecto europeo COMFOCUS sobre ciencia del consumidor &#187; IRTA\",\"isPartOf\":{\"@id\":\"https:\/\/www.irta.cat\/es\/#website\"},\"primaryImageOfPage\":{\"@id\":\"https:\/\/www.irta.cat\/es\/noticia\/participem-en-la-conferencia-final-del-projecte-europeu-comfocus-sobre-ciencia-del-consumidor\/#primaryimage\"},\"image\":{\"@id\":\"https:\/\/www.irta.cat\/es\/noticia\/participem-en-la-conferencia-final-del-projecte-europeu-comfocus-sobre-ciencia-del-consumidor\/#primaryimage\"},\"thumbnailUrl\":\"https:\/\/www.irta.cat\/wp-content\/uploads\/2025\/03\/COMFOCUS-eye-tracking.jpg\",\"datePublished\":\"2025-03-13T10:00:15+00:00\",\"dateModified\":\"2025-03-13T10:27:18+00:00\",\"breadcrumb\":{\"@id\":\"https:\/\/www.irta.cat\/es\/noticia\/participem-en-la-conferencia-final-del-projecte-europeu-comfocus-sobre-ciencia-del-consumidor\/#breadcrumb\"},\"inLanguage\":\"es\",\"potentialAction\":[{\"@type\":\"ReadAction\",\"target\":[\"https:\/\/www.irta.cat\/es\/noticia\/participem-en-la-conferencia-final-del-projecte-europeu-comfocus-sobre-ciencia-del-consumidor\/\"]}]},{\"@type\":\"ImageObject\",\"inLanguage\":\"es\",\"@id\":\"https:\/\/www.irta.cat\/es\/noticia\/participem-en-la-conferencia-final-del-projecte-europeu-comfocus-sobre-ciencia-del-consumidor\/#primaryimage\",\"url\":\"https:\/\/www.irta.cat\/wp-content\/uploads\/2025\/03\/COMFOCUS-eye-tracking.jpg\",\"contentUrl\":\"https:\/\/www.irta.cat\/wp-content\/uploads\/2025\/03\/COMFOCUS-eye-tracking.jpg\",\"width\":565,\"height\":318},{\"@type\":\"BreadcrumbList\",\"@id\":\"https:\/\/www.irta.cat\/es\/noticia\/participem-en-la-conferencia-final-del-projecte-europeu-comfocus-sobre-ciencia-del-consumidor\/#breadcrumb\",\"itemListElement\":[{\"@type\":\"ListItem\",\"position\":1,\"name\":\"Inici\",\"item\":\"https:\/\/www.irta.cat\/es\/\"},{\"@type\":\"ListItem\",\"position\":2,\"name\":\"Participamos en la conferencia final del proyecto europeo COMFOCUS sobre ciencia del consumidor\"}]},{\"@type\":\"WebSite\",\"@id\":\"https:\/\/www.irta.cat\/es\/#website\",\"url\":\"https:\/\/www.irta.cat\/es\/\",\"name\":\"IRTA\",\"description\":\"Institut de Recerca i Tecnologia Agroaliment\u00e0ries\",\"publisher\":{\"@id\":\"https:\/\/www.irta.cat\/es\/#organization\"},\"alternateName\":\"%%sitename%% %%sep%% %%title%%\",\"potentialAction\":[{\"@type\":\"SearchAction\",\"target\":{\"@type\":\"EntryPoint\",\"urlTemplate\":\"https:\/\/www.irta.cat\/es\/?s={search_term_string}\"},\"query-input\":{\"@type\":\"PropertyValueSpecification\",\"valueRequired\":true,\"valueName\":\"search_term_string\"}}],\"inLanguage\":\"es\"},{\"@type\":\"Organization\",\"@id\":\"https:\/\/www.irta.cat\/es\/#organization\",\"name\":\"IRTA\",\"url\":\"https:\/\/www.irta.cat\/es\/\",\"logo\":{\"@type\":\"ImageObject\",\"inLanguage\":\"es\",\"@id\":\"https:\/\/www.irta.cat\/es\/#\/schema\/logo\/image\/\",\"url\":\"https:\/\/www.irta.cat\/wp-content\/uploads\/2023\/04\/Logo-IRTA-verm.png\",\"contentUrl\":\"https:\/\/www.irta.cat\/wp-content\/uploads\/2023\/04\/Logo-IRTA-verm.png\",\"width\":1250,\"height\":500,\"caption\":\"IRTA\"},\"image\":{\"@id\":\"https:\/\/www.irta.cat\/es\/#\/schema\/logo\/image\/\"},\"sameAs\":[\"https:\/\/www.facebook.com\/irtacat\",\"https:\/\/x.com\/irtacat\"]}]}<\/script>\r\n<!-- \/ Yoast SEO plugin. -->","yoast_head_json":{"title":"Participamos en la conferencia final del proyecto europeo COMFOCUS sobre ciencia del consumidor &#187; IRTA","robots":{"index":"index","follow":"follow","max-snippet":"max-snippet:-1","max-image-preview":"max-image-preview:large","max-video-preview":"max-video-preview:-1"},"canonical":"https:\/\/www.irta.cat\/es\/noticia\/participem-en-la-conferencia-final-del-projecte-europeu-comfocus-sobre-ciencia-del-consumidor\/","og_locale":"es_ES","og_type":"article","og_title":"Participamos en la conferencia final del proyecto europeo COMFOCUS sobre ciencia del consumidor &#187; IRTA","og_description":"El IRTA ha contribuido al desarrollo de nuevas metodolog\u00edas para entender el comportamiento del consumidor de alimentos A finales de febrero, asistimos a la conferencia final del proyecto europeo Community on Food Consumer Science (COMFOCUS), celebrada en Wageningen (Pa\u00edses Bajos). Este proyecto ha tenido como objetivo integrar infraestructuras de investigaci\u00f3n en el \u00e1mbito multidisciplinar de [&hellip;]","og_url":"https:\/\/www.irta.cat\/es\/noticia\/participem-en-la-conferencia-final-del-projecte-europeu-comfocus-sobre-ciencia-del-consumidor\/","og_site_name":"IRTA","article_publisher":"https:\/\/www.facebook.com\/irtacat","article_modified_time":"2025-03-13T10:27:18+00:00","og_image":[{"width":565,"height":318,"url":"https:\/\/www.irta.cat\/wp-content\/uploads\/2025\/03\/COMFOCUS-eye-tracking.jpg","type":"image\/jpeg"}],"twitter_card":"summary_large_image","twitter_site":"@irtacat","twitter_misc":{"Tiempo de lectura":"4 minutos"},"schema":{"@context":"https:\/\/schema.org","@graph":[{"@type":"WebPage","@id":"https:\/\/www.irta.cat\/es\/noticia\/participem-en-la-conferencia-final-del-projecte-europeu-comfocus-sobre-ciencia-del-consumidor\/","url":"https:\/\/www.irta.cat\/es\/noticia\/participem-en-la-conferencia-final-del-projecte-europeu-comfocus-sobre-ciencia-del-consumidor\/","name":"Participamos en la conferencia final del proyecto europeo COMFOCUS sobre ciencia del consumidor &#187; IRTA","isPartOf":{"@id":"https:\/\/www.irta.cat\/es\/#website"},"primaryImageOfPage":{"@id":"https:\/\/www.irta.cat\/es\/noticia\/participem-en-la-conferencia-final-del-projecte-europeu-comfocus-sobre-ciencia-del-consumidor\/#primaryimage"},"image":{"@id":"https:\/\/www.irta.cat\/es\/noticia\/participem-en-la-conferencia-final-del-projecte-europeu-comfocus-sobre-ciencia-del-consumidor\/#primaryimage"},"thumbnailUrl":"https:\/\/www.irta.cat\/wp-content\/uploads\/2025\/03\/COMFOCUS-eye-tracking.jpg","datePublished":"2025-03-13T10:00:15+00:00","dateModified":"2025-03-13T10:27:18+00:00","breadcrumb":{"@id":"https:\/\/www.irta.cat\/es\/noticia\/participem-en-la-conferencia-final-del-projecte-europeu-comfocus-sobre-ciencia-del-consumidor\/#breadcrumb"},"inLanguage":"es","potentialAction":[{"@type":"ReadAction","target":["https:\/\/www.irta.cat\/es\/noticia\/participem-en-la-conferencia-final-del-projecte-europeu-comfocus-sobre-ciencia-del-consumidor\/"]}]},{"@type":"ImageObject","inLanguage":"es","@id":"https:\/\/www.irta.cat\/es\/noticia\/participem-en-la-conferencia-final-del-projecte-europeu-comfocus-sobre-ciencia-del-consumidor\/#primaryimage","url":"https:\/\/www.irta.cat\/wp-content\/uploads\/2025\/03\/COMFOCUS-eye-tracking.jpg","contentUrl":"https:\/\/www.irta.cat\/wp-content\/uploads\/2025\/03\/COMFOCUS-eye-tracking.jpg","width":565,"height":318},{"@type":"BreadcrumbList","@id":"https:\/\/www.irta.cat\/es\/noticia\/participem-en-la-conferencia-final-del-projecte-europeu-comfocus-sobre-ciencia-del-consumidor\/#breadcrumb","itemListElement":[{"@type":"ListItem","position":1,"name":"Inici","item":"https:\/\/www.irta.cat\/es\/"},{"@type":"ListItem","position":2,"name":"Participamos en la conferencia final del proyecto europeo COMFOCUS sobre ciencia del consumidor"}]},{"@type":"WebSite","@id":"https:\/\/www.irta.cat\/es\/#website","url":"https:\/\/www.irta.cat\/es\/","name":"IRTA","description":"Institut de Recerca i Tecnologia Agroaliment\u00e0ries","publisher":{"@id":"https:\/\/www.irta.cat\/es\/#organization"},"alternateName":"%%sitename%% %%sep%% %%title%%","potentialAction":[{"@type":"SearchAction","target":{"@type":"EntryPoint","urlTemplate":"https:\/\/www.irta.cat\/es\/?s={search_term_string}"},"query-input":{"@type":"PropertyValueSpecification","valueRequired":true,"valueName":"search_term_string"}}],"inLanguage":"es"},{"@type":"Organization","@id":"https:\/\/www.irta.cat\/es\/#organization","name":"IRTA","url":"https:\/\/www.irta.cat\/es\/","logo":{"@type":"ImageObject","inLanguage":"es","@id":"https:\/\/www.irta.cat\/es\/#\/schema\/logo\/image\/","url":"https:\/\/www.irta.cat\/wp-content\/uploads\/2023\/04\/Logo-IRTA-verm.png","contentUrl":"https:\/\/www.irta.cat\/wp-content\/uploads\/2023\/04\/Logo-IRTA-verm.png","width":1250,"height":500,"caption":"IRTA"},"image":{"@id":"https:\/\/www.irta.cat\/es\/#\/schema\/logo\/image\/"},"sameAs":["https:\/\/www.facebook.com\/irtacat","https:\/\/x.com\/irtacat"]}]}},"_links":{"self":[{"href":"https:\/\/www.irta.cat\/es\/wp-json\/wp\/v2\/noticia\/84920","targetHints":{"allow":["GET"]}}],"collection":[{"href":"https:\/\/www.irta.cat\/es\/wp-json\/wp\/v2\/noticia"}],"about":[{"href":"https:\/\/www.irta.cat\/es\/wp-json\/wp\/v2\/types\/noticia"}],"version-history":[{"count":2,"href":"https:\/\/www.irta.cat\/es\/wp-json\/wp\/v2\/noticia\/84920\/revisions"}],"predecessor-version":[{"id":84925,"href":"https:\/\/www.irta.cat\/es\/wp-json\/wp\/v2\/noticia\/84920\/revisions\/84925"}],"wp:featuredmedia":[{"embeddable":true,"href":"https:\/\/www.irta.cat\/es\/wp-json\/wp\/v2\/media\/84897"}],"wp:attachment":[{"href":"https:\/\/www.irta.cat\/es\/wp-json\/wp\/v2\/media?parent=84920"}],"wp:term":[{"taxonomy":"categoria_noticia","embeddable":true,"href":"https:\/\/www.irta.cat\/es\/wp-json\/wp\/v2\/categoria_noticia?post=84920"},{"taxonomy":"etiqueta_filtrar_noticia","embeddable":true,"href":"https:\/\/www.irta.cat\/es\/wp-json\/wp\/v2\/etiqueta_filtrar_noticia?post=84920"}],"curies":[{"name":"wp","href":"https:\/\/api.w.org\/{rel}","templated":true}]}}