{"id":84275,"date":"2024-12-03T08:18:51","date_gmt":"2024-12-03T07:18:51","guid":{"rendered":"https:\/\/www.irta.cat\/noticia\/galicia-lidera-los-premios-porc-dor-con-13-estatuillas-en-su-31o-aniversario-seguida-de-cataluna-y-aragon\/"},"modified":"2025-03-04T18:42:49","modified_gmt":"2025-03-04T17:42:49","slug":"galicia-lidera-los-premios-porc-dor-con-13-estatuillas-en-su-31o-aniversario-seguida-de-cataluna-y-aragon","status":"publish","type":"noticia","link":"https:\/\/www.irta.cat\/es\/noticia\/galicia-lidera-los-premios-porc-dor-con-13-estatuillas-en-su-31o-aniversario-seguida-de-cataluna-y-aragon\/","title":{"rendered":"Galicia lidera los Premios Porc d\u2019Or con 13 estatuillas en su 31\u00ba aniversario, seguida de Catalu\u00f1a y Arag\u00f3n"},"content":{"rendered":"\n<div class=\"wp-block-image\"><figure class=\"aligncenter size-full is-resized\"><a href=\"https:\/\/www.irta.cat\/wp-content\/uploads\/IMG_4226-scaled.jpg\" class=\"fancybox irta-lightbox-bridge\" data-fancybox=\"irta-images\"><img decoding=\"async\" src=\"https:\/\/www.irta.cat\/wp-content\/uploads\/2024\/12\/Premis-Porc-dOr-Capa-Blanca-2024-5-scaled-1-scaled.jpeg\" alt=\"\" class=\"wp-image-60508\" width=\"750\" loading=\"lazy\" \/><\/a><\/figure><\/div>\n\n\n\n<h2 class=\"wp-block-heading\"><strong>El 31 aniversario de los Premios Porc d\u2019Or de Capa Blanca se ha celebrado en Zaragoza el 29 de noviembre de 2024 con unos 1.000 asistentes.<\/strong><\/h2>\n\n\n\n<h2 class=\"wp-block-heading\"><strong>Galicia, con 13 estatuillas (incluidos los 3 premios especiales), se convierte en la comunidad con m\u00e1s galardones; seguida por Catalu\u00f1a, con 12 premios y Arag\u00f3n, con 8.<\/strong><\/h2>\n\n\n\n<p>El Auditorio de Zaragoza ha acogido este 29 de noviembre&nbsp;<strong>la celebraci\u00f3n de la 31\u00aa edici\u00f3n de los Premios Porc d\u2019Or de Capa Blanca<\/strong>, ante la atenta mirada de m\u00e1s de 1.000 profesionales del sector que han asistido a la entrega de estos reconocimientos.<\/p>\n\n\n\n<p>Organizados por el Institut de Recerca i Tecnologia Agroaliment\u00e0ries (IRTA) y con la herramienta BDporc, el Banco de Datos de Referencia del Porcino como base, los galardones son otorgados por un jurado de expertos de la industria, la investigaci\u00f3n ganadera y la administraci\u00f3n.<\/p>\n\n\n\n<p>En esta edici\u00f3n,&nbsp;<strong>la gala ha contado con la presencia y el apoyo, extensivo tambi\u00e9n al sector porcino de capa blanca espa\u00f1ol,<\/strong>&nbsp;de Javier Rinc\u00f3n Gimeno, consejero de Agricultura, Ganader\u00eda y Alimentaci\u00f3n del Gobierno de Arag\u00f3n; \u00d2scar Ordeig, conseller d\u2019Agricultura, Ramaderia, Pesca i Alimentaci\u00f3 de la Generalitat de Catalunya; Fernando Beltr\u00e1n, delegado del Gobierno en Arag\u00f3n; Rosa Cubel, Secretaria d&#8217;Alimentaci\u00f3 del Departament d&#8217;Agricultura, Ramaderia, Pesca i Alimentaci\u00f3; Rosa Altisent, Directora General d\u2019Agricultura i Ramaderia; Manuel Garc\u00eda, presidente de la Interprofesional del Porcino de Capa Blanca (INTERPORC); Rafael Pedrazuela, director de la Unidad de Negocio de Porcino de CEVA Salud Animal; y Josep Usall, director general del IRTA.<\/p>\n\n\n\n<div class=\"wp-block-image\"><figure class=\"aligncenter size-full is-resized\"><a href=\"https:\/\/www.irta.cat\/wp-content\/uploads\/IMG_4247-scaled.jpg\" class=\"fancybox irta-lightbox-bridge\" data-fancybox=\"irta-images\"><img decoding=\"async\" src=\"https:\/\/www.irta.cat\/wp-content\/uploads\/2024\/12\/Premis-Porc-dOr-Capa-Blanca-2024-3-scaled-1-scaled.jpeg\" alt=\"\" class=\"wp-image-60519\" width=\"750\" loading=\"lazy\" \/><\/a><figcaption>Autoridades asistentes a la gala<\/figcaption><\/figure><\/div>\n\n\n\n<p>Josep Usall ha sido el encargado de entregar, de parte del IRTA y de la organizaci\u00f3n, un reconocimiento muy especial a Rosa Cubel quien, durante a\u00f1os, ha contribuido con su compromiso a impulsar el BDporc y los Premios Porc d\u2019Or. Usall ha recordado que \u00abcelebramos 31 a\u00f1os junto a un sector potente e innovador, y es un honor acompa\u00f1aros un a\u00f1o m\u00e1s. Esta gala es vuestra, de los productores y del sector. Hoy,&nbsp;<strong>el IRTA otorga su Premio Especial a una persona que ha dedicado su vida a la transformaci\u00f3n del sector&nbsp;<\/strong>y al impulso de estos premios. Este a\u00f1o, el reconocimiento es para Rosa Cubel, una figura clave cuya labor merec\u00eda este homenaje desde hace tiempo\u201d.<\/p>\n\n\n\n<div class=\"wp-block-image\"><figure class=\"aligncenter size-full is-resized\"><a href=\"https:\/\/www.irta.cat\/wp-content\/uploads\/IMG_4235-scaled.jpg\" class=\"fancybox irta-lightbox-bridge\" data-fancybox=\"irta-images\"><img decoding=\"async\" src=\"https:\/\/www.irta.cat\/wp-content\/uploads\/2024\/12\/Premis-Porc-dOr-Capa-Blanca-2024-4-scaled-1-scaled.jpeg\" alt=\"\" class=\"wp-image-60513\" width=\"750\" loading=\"lazy\" \/><\/a><figcaption>Rosa Cubel, secretaria de Alimentaci\u00f3n del Departament d\u2019Agricultura, Ramaderia, Pesca i Alimentaci\u00f3 de la Generalitat de Catalunya; y Josep Usall, director general del IRTA<\/figcaption><\/figure><\/div>\n\n\n\n<div style=\"height:20px\" aria-hidden=\"true\" class=\"wp-block-spacer\"><\/div>\n\n\n\n<h3 class=\"wp-block-heading\"><strong>Galicia arrasa en los Premios Porc d\u2019Or 2024 con 13 galardones, incluidos los tres especiales<\/strong><\/h3>\n\n\n\n<p>Galicia, con un total de 13 estatuillas (9 para la provincia de Ourense, 3 para A Coru\u00f1a y 1 para Pontevedra): 4 oros, 4 platas, 2 bronces. Adem\u00e1s, los 3 premios especiales han viajado hasta esta comunidad.<\/p>\n\n\n\n<div class=\"wp-block-image\"><figure class=\"aligncenter size-full is-resized\"><a href=\"https:\/\/www.irta.cat\/wp-content\/uploads\/IMG_4242-scaled.jpg\" class=\"fancybox irta-lightbox-bridge\" data-fancybox=\"irta-images\"><img decoding=\"async\" src=\"https:\/\/www.irta.cat\/wp-content\/uploads\/2024\/12\/Premis-Porc-dOr-Capa-Blanca-2024-2-scaled-1-scaled.jpeg\" alt=\"\" class=\"wp-image-60516\" width=\"750\" loading=\"lazy\" \/><\/a><figcaption>Ganadores de los Premios Especiales de los Porc d\u2019Or<\/figcaption><\/figure><\/div>\n\n\n\n<p><strong>El Premio Porc d\u2019Or con Diamante ha sido para Ponte Coir\u00f3s, de Coren<\/strong>, ubicada en Coir\u00f3s (A Coru\u00f1a). El jurado de los Premios Porc d\u2019Or destaca de esta granja su gran eficiencia productiva mantenida a lo largo del tiempo, su elevada supervivencia de los lechones en lactaci\u00f3n, su equilibrio censal, el minucioso manejo de los animales en todas las fases de producci\u00f3n y la gran profesionalidad de su equipo humano. Este \u00e9xito va acompa\u00f1ado de una rigurosa anotaci\u00f3n de los datos y unos claros protocolos de actuaci\u00f3n en las distintas zonas de la granja. Adem\u00e1s, la granja mantiene las cerdas con colas enteras poniendo a su disponibilidad lechos de paja en gestaci\u00f3n y mullidos suelos de serr\u00edn en enfermer\u00edas.<\/p>\n\n\n\n<p><strong>El Premio Especial One Health de Ceva Salud Animal ha ido para Granja Bendoiro, de Nudesa,<\/strong>&nbsp;ubicada en &nbsp;Bendoiro &#8211; Lal\u00edn (Pontevedra), de la cual el jurado resalta el excelente trabajo continuo, activo y conjunto entre el veterinario y el granjero realizado para mejorar la salud de los animales, las adecuadas medidas de bioseguridad, limpieza y desinfecci\u00f3n, su meticuloso plan de vacunaci\u00f3n, as\u00ed como un estricto control de entrada de animales externos.<\/p>\n\n\n\n<p>Con esta mentalidad hol\u00edstica y enfoque integral para garantizar una estupenda salud en la producci\u00f3n porcina, han logrado un buen nivel sanitario y uso prudente de antibi\u00f3ticos en el 2023. Tambi\u00e9n es notable el \u00f3ptimo clima de trabajo, fruto de las buenas condiciones laborales y la formaci\u00f3n y motivaci\u00f3n de los trabajadores. Todo ello repercute positivamente en la salud y bienestar de los animales.<\/p>\n\n\n\n<p>Finalmente,&nbsp;<strong>el Premio Porc d\u2019Or del MAPA a la Sostenibilidad ha reca\u00eddo en la granja Celanova<\/strong>, de Coren, ubicada en Celanova (Ourense). En este caso el jurado remarca que destaca por su excelente bioseguridad, limpieza y estado sanitario de sus animales. En materia ambiental, destaca la gesti\u00f3n integral de los purines mediante una planta de separaci\u00f3n s\u00f3lido l\u00edquido y aplicaci\u00f3n en los terrenos de la finca en la que se encuentra, favoreciendo la econom\u00eda circular y la reducci\u00f3n de emisiones, as\u00ed como el empleo de energ\u00edas renovables.<\/p>\n\n\n\n<p>En relaci\u00f3n con el bienestar animal, destacan los amplios espacios disponibles con un muy buen enriquecimiento, la buena ventilaci\u00f3n e iluminaci\u00f3n natural y el exquisito manejo general de las instalaciones por parte del personal, incluyendo iniciativas de mejora continuada como el uso de parideras libres.<\/p>\n\n\n\n<div style=\"height:20px\" aria-hidden=\"true\" class=\"wp-block-spacer\"><\/div>\n\n\n\n<h3 class=\"wp-block-heading\"><strong>Catalu\u00f1a y Arag\u00f3n cierran un TOP3 que se lleva 33 de las 43 estatuillas entregadas en los Premios Porc d\u2019Or 2024<\/strong><\/h3>\n\n\n\n<p>A la comunidad gallega le han seguido muy de cerca Catalu\u00f1a con un total de 12 estatuillas (7 para la provincia de Barcelona, 2 para Girona, 2 para Lleida y 1 para Tarragona): 4 oros, 4 platas y 4 bronces.<\/p>\n\n\n\n<div class=\"wp-block-image\"><figure class=\"aligncenter size-full is-resized\"><a href=\"https:\/\/www.irta.cat\/wp-content\/uploads\/IMG_4250-scaled.jpg\" class=\"fancybox irta-lightbox-bridge\" data-fancybox=\"irta-images\"><img decoding=\"async\" src=\"https:\/\/www.irta.cat\/wp-content\/uploads\/2024\/12\/Premis-Porc-dOr-Capa-Blanca-2024-1-scaled-1-scaled.jpeg\" alt=\"\" class=\"wp-image-60522\" width=\"750\" loading=\"lazy\" \/><\/a><figcaption>Ganadores de los Premios Porc d\u2019Or<\/figcaption><\/figure><\/div>\n\n\n\n<p>Cerrando el p\u00f3dium, encontramos a Arag\u00f3n, con 8 galardones (5 para Huesca y 3 para la provincia de Zaragoza): 2 oros, 1 plata y 5 bronces. Navarra se ha alzado con 5 galardones: 4 oros y 1 bronce; Castilla y Le\u00f3n se lleva 4 premios (2 para Burgos, 1 para la provincia de Zamora y 1 para Salamanca): 1 oro y 3 platas. La lista la ha cerrado Andaluc\u00eda, con 1 oro para la provincia de Sevilla.<\/p>\n\n\n\n<p>En total, 37 granjas de 6 comunidades aut\u00f3nomas han recibido los 43 premios (40 generales y tres premios especiales) de este a\u00f1o, en una gala cargada de emoci\u00f3n y nervios.<\/p>\n\n\n\n<p>\u00b7 Pod\u00e9is consultar la llista completa de los premiados <a href=\"https:\/\/bdporc.irta.es\/premios-porc-dor-capa-blanca\/\" target=\"_blank\" rel=\"noreferrer noopener\"><strong>aqu\u00ed<\/strong><\/a>.<br>\u00b7 Y aqu\u00ed la <a href=\"https:\/\/bdporc.irta.es\/galeria-premios-porc-dor-capa-blanca\/\" target=\"_blank\" rel=\"noreferrer noopener\"><strong>galeria de im\u00e1genes de la gala<\/strong><\/a>.<\/p>\n\n\n","protected":false},"featured_media":84259,"template":"","categoria_noticia":[],"etiqueta_filtrar_noticia":[],"class_list":["post-84275","noticia","type-noticia","status-publish","has-post-thumbnail","hentry"],"acf":[],"yoast_head":"<!-- This site is optimized with the Yoast SEO plugin v26.6 - https:\/\/yoast.com\/wordpress\/plugins\/seo\/ -->\r\n<title>Galicia lidera los Premios Porc d\u2019Or con 13 estatuillas en su 31\u00ba aniversario, seguida de Catalu\u00f1a y Arag\u00f3n &#187; IRTA<\/title>\r\n<meta name=\"robots\" content=\"index, follow, max-snippet:-1, max-image-preview:large, max-video-preview:-1\" \/>\r\n<link rel=\"canonical\" href=\"https:\/\/www.irta.cat\/es\/noticia\/galicia-lidera-los-premios-porc-dor-con-13-estatuillas-en-su-31o-aniversario-seguida-de-cataluna-y-aragon\/\" \/>\r\n<meta property=\"og:locale\" content=\"es_ES\" \/>\r\n<meta property=\"og:type\" content=\"article\" \/>\r\n<meta property=\"og:title\" content=\"Galicia lidera los Premios Porc d\u2019Or con 13 estatuillas en su 31\u00ba aniversario, seguida de Catalu\u00f1a y Arag\u00f3n &#187; IRTA\" \/>\r\n<meta property=\"og:description\" content=\"El 31 aniversario de los Premios Porc d\u2019Or de Capa Blanca se ha celebrado en Zaragoza el 29 de noviembre de 2024 con unos 1.000 asistentes. Galicia, con 13 estatuillas (incluidos los 3 premios especiales), se convierte en la comunidad con m\u00e1s galardones; seguida por Catalu\u00f1a, con 12 premios y Arag\u00f3n, con 8. El Auditorio [&hellip;]\" \/>\r\n<meta property=\"og:url\" content=\"https:\/\/www.irta.cat\/es\/noticia\/galicia-lidera-los-premios-porc-dor-con-13-estatuillas-en-su-31o-aniversario-seguida-de-cataluna-y-aragon\/\" \/>\r\n<meta property=\"og:site_name\" content=\"IRTA\" \/>\r\n<meta property=\"article:publisher\" content=\"https:\/\/www.facebook.com\/irtacat\" \/>\r\n<meta property=\"article:modified_time\" content=\"2025-03-04T17:42:49+00:00\" \/>\r\n<meta property=\"og:image\" content=\"https:\/\/www.irta.cat\/wp-content\/uploads\/2024\/12\/Premis-Porc-dOr-Capa-Blanca-2024-5-scaled-1-scaled.jpeg\" \/>\r\n\t<meta property=\"og:image:width\" content=\"1920\" \/>\r\n\t<meta property=\"og:image:height\" content=\"1280\" \/>\r\n\t<meta property=\"og:image:type\" content=\"image\/jpeg\" \/>\r\n<meta name=\"twitter:card\" content=\"summary_large_image\" \/>\r\n<meta name=\"twitter:site\" content=\"@irtacat\" \/>\r\n<meta name=\"twitter:label1\" content=\"Tiempo de lectura\" \/>\n\t<meta name=\"twitter:data1\" content=\"5 minutos\" \/>\r\n<script type=\"application\/ld+json\" class=\"yoast-schema-graph\">{\"@context\":\"https:\/\/schema.org\",\"@graph\":[{\"@type\":\"WebPage\",\"@id\":\"https:\/\/www.irta.cat\/es\/noticia\/galicia-lidera-los-premios-porc-dor-con-13-estatuillas-en-su-31o-aniversario-seguida-de-cataluna-y-aragon\/\",\"url\":\"https:\/\/www.irta.cat\/es\/noticia\/galicia-lidera-los-premios-porc-dor-con-13-estatuillas-en-su-31o-aniversario-seguida-de-cataluna-y-aragon\/\",\"name\":\"Galicia lidera los Premios Porc d\u2019Or con 13 estatuillas en su 31\u00ba aniversario, seguida de Catalu\u00f1a y Arag\u00f3n &#187; IRTA\",\"isPartOf\":{\"@id\":\"https:\/\/www.irta.cat\/es\/#website\"},\"primaryImageOfPage\":{\"@id\":\"https:\/\/www.irta.cat\/es\/noticia\/galicia-lidera-los-premios-porc-dor-con-13-estatuillas-en-su-31o-aniversario-seguida-de-cataluna-y-aragon\/#primaryimage\"},\"image\":{\"@id\":\"https:\/\/www.irta.cat\/es\/noticia\/galicia-lidera-los-premios-porc-dor-con-13-estatuillas-en-su-31o-aniversario-seguida-de-cataluna-y-aragon\/#primaryimage\"},\"thumbnailUrl\":\"https:\/\/www.irta.cat\/wp-content\/uploads\/2024\/12\/Premis-Porc-dOr-Capa-Blanca-2024-5-scaled-1-scaled.jpeg\",\"datePublished\":\"2024-12-03T07:18:51+00:00\",\"dateModified\":\"2025-03-04T17:42:49+00:00\",\"breadcrumb\":{\"@id\":\"https:\/\/www.irta.cat\/es\/noticia\/galicia-lidera-los-premios-porc-dor-con-13-estatuillas-en-su-31o-aniversario-seguida-de-cataluna-y-aragon\/#breadcrumb\"},\"inLanguage\":\"es\",\"potentialAction\":[{\"@type\":\"ReadAction\",\"target\":[\"https:\/\/www.irta.cat\/es\/noticia\/galicia-lidera-los-premios-porc-dor-con-13-estatuillas-en-su-31o-aniversario-seguida-de-cataluna-y-aragon\/\"]}]},{\"@type\":\"ImageObject\",\"inLanguage\":\"es\",\"@id\":\"https:\/\/www.irta.cat\/es\/noticia\/galicia-lidera-los-premios-porc-dor-con-13-estatuillas-en-su-31o-aniversario-seguida-de-cataluna-y-aragon\/#primaryimage\",\"url\":\"https:\/\/www.irta.cat\/wp-content\/uploads\/2024\/12\/Premis-Porc-dOr-Capa-Blanca-2024-5-scaled-1-scaled.jpeg\",\"contentUrl\":\"https:\/\/www.irta.cat\/wp-content\/uploads\/2024\/12\/Premis-Porc-dOr-Capa-Blanca-2024-5-scaled-1-scaled.jpeg\",\"width\":1920,\"height\":1280},{\"@type\":\"BreadcrumbList\",\"@id\":\"https:\/\/www.irta.cat\/es\/noticia\/galicia-lidera-los-premios-porc-dor-con-13-estatuillas-en-su-31o-aniversario-seguida-de-cataluna-y-aragon\/#breadcrumb\",\"itemListElement\":[{\"@type\":\"ListItem\",\"position\":1,\"name\":\"Inici\",\"item\":\"https:\/\/www.irta.cat\/es\/\"},{\"@type\":\"ListItem\",\"position\":2,\"name\":\"Galicia lidera los Premios Porc d\u2019Or con 13 estatuillas en su 31\u00ba aniversario, seguida de Catalu\u00f1a y Arag\u00f3n\"}]},{\"@type\":\"WebSite\",\"@id\":\"https:\/\/www.irta.cat\/es\/#website\",\"url\":\"https:\/\/www.irta.cat\/es\/\",\"name\":\"IRTA\",\"description\":\"Institut de Recerca i Tecnologia Agroaliment\u00e0ries\",\"publisher\":{\"@id\":\"https:\/\/www.irta.cat\/es\/#organization\"},\"alternateName\":\"%%sitename%% %%sep%% %%title%%\",\"potentialAction\":[{\"@type\":\"SearchAction\",\"target\":{\"@type\":\"EntryPoint\",\"urlTemplate\":\"https:\/\/www.irta.cat\/es\/?s={search_term_string}\"},\"query-input\":{\"@type\":\"PropertyValueSpecification\",\"valueRequired\":true,\"valueName\":\"search_term_string\"}}],\"inLanguage\":\"es\"},{\"@type\":\"Organization\",\"@id\":\"https:\/\/www.irta.cat\/es\/#organization\",\"name\":\"IRTA\",\"url\":\"https:\/\/www.irta.cat\/es\/\",\"logo\":{\"@type\":\"ImageObject\",\"inLanguage\":\"es\",\"@id\":\"https:\/\/www.irta.cat\/es\/#\/schema\/logo\/image\/\",\"url\":\"https:\/\/www.irta.cat\/wp-content\/uploads\/2023\/04\/Logo-IRTA-verm.png\",\"contentUrl\":\"https:\/\/www.irta.cat\/wp-content\/uploads\/2023\/04\/Logo-IRTA-verm.png\",\"width\":1250,\"height\":500,\"caption\":\"IRTA\"},\"image\":{\"@id\":\"https:\/\/www.irta.cat\/es\/#\/schema\/logo\/image\/\"},\"sameAs\":[\"https:\/\/www.facebook.com\/irtacat\",\"https:\/\/x.com\/irtacat\"]}]}<\/script>\r\n<!-- \/ Yoast SEO plugin. -->","yoast_head_json":{"title":"Galicia lidera los Premios Porc d\u2019Or con 13 estatuillas en su 31\u00ba aniversario, seguida de Catalu\u00f1a y Arag\u00f3n &#187; IRTA","robots":{"index":"index","follow":"follow","max-snippet":"max-snippet:-1","max-image-preview":"max-image-preview:large","max-video-preview":"max-video-preview:-1"},"canonical":"https:\/\/www.irta.cat\/es\/noticia\/galicia-lidera-los-premios-porc-dor-con-13-estatuillas-en-su-31o-aniversario-seguida-de-cataluna-y-aragon\/","og_locale":"es_ES","og_type":"article","og_title":"Galicia lidera los Premios Porc d\u2019Or con 13 estatuillas en su 31\u00ba aniversario, seguida de Catalu\u00f1a y Arag\u00f3n &#187; IRTA","og_description":"El 31 aniversario de los Premios Porc d\u2019Or de Capa Blanca se ha celebrado en Zaragoza el 29 de noviembre de 2024 con unos 1.000 asistentes. Galicia, con 13 estatuillas (incluidos los 3 premios especiales), se convierte en la comunidad con m\u00e1s galardones; seguida por Catalu\u00f1a, con 12 premios y Arag\u00f3n, con 8. El Auditorio [&hellip;]","og_url":"https:\/\/www.irta.cat\/es\/noticia\/galicia-lidera-los-premios-porc-dor-con-13-estatuillas-en-su-31o-aniversario-seguida-de-cataluna-y-aragon\/","og_site_name":"IRTA","article_publisher":"https:\/\/www.facebook.com\/irtacat","article_modified_time":"2025-03-04T17:42:49+00:00","og_image":[{"width":1920,"height":1280,"url":"https:\/\/www.irta.cat\/wp-content\/uploads\/2024\/12\/Premis-Porc-dOr-Capa-Blanca-2024-5-scaled-1-scaled.jpeg","type":"image\/jpeg"}],"twitter_card":"summary_large_image","twitter_site":"@irtacat","twitter_misc":{"Tiempo de lectura":"5 minutos"},"schema":{"@context":"https:\/\/schema.org","@graph":[{"@type":"WebPage","@id":"https:\/\/www.irta.cat\/es\/noticia\/galicia-lidera-los-premios-porc-dor-con-13-estatuillas-en-su-31o-aniversario-seguida-de-cataluna-y-aragon\/","url":"https:\/\/www.irta.cat\/es\/noticia\/galicia-lidera-los-premios-porc-dor-con-13-estatuillas-en-su-31o-aniversario-seguida-de-cataluna-y-aragon\/","name":"Galicia lidera los Premios Porc d\u2019Or con 13 estatuillas en su 31\u00ba aniversario, seguida de Catalu\u00f1a y Arag\u00f3n &#187; IRTA","isPartOf":{"@id":"https:\/\/www.irta.cat\/es\/#website"},"primaryImageOfPage":{"@id":"https:\/\/www.irta.cat\/es\/noticia\/galicia-lidera-los-premios-porc-dor-con-13-estatuillas-en-su-31o-aniversario-seguida-de-cataluna-y-aragon\/#primaryimage"},"image":{"@id":"https:\/\/www.irta.cat\/es\/noticia\/galicia-lidera-los-premios-porc-dor-con-13-estatuillas-en-su-31o-aniversario-seguida-de-cataluna-y-aragon\/#primaryimage"},"thumbnailUrl":"https:\/\/www.irta.cat\/wp-content\/uploads\/2024\/12\/Premis-Porc-dOr-Capa-Blanca-2024-5-scaled-1-scaled.jpeg","datePublished":"2024-12-03T07:18:51+00:00","dateModified":"2025-03-04T17:42:49+00:00","breadcrumb":{"@id":"https:\/\/www.irta.cat\/es\/noticia\/galicia-lidera-los-premios-porc-dor-con-13-estatuillas-en-su-31o-aniversario-seguida-de-cataluna-y-aragon\/#breadcrumb"},"inLanguage":"es","potentialAction":[{"@type":"ReadAction","target":["https:\/\/www.irta.cat\/es\/noticia\/galicia-lidera-los-premios-porc-dor-con-13-estatuillas-en-su-31o-aniversario-seguida-de-cataluna-y-aragon\/"]}]},{"@type":"ImageObject","inLanguage":"es","@id":"https:\/\/www.irta.cat\/es\/noticia\/galicia-lidera-los-premios-porc-dor-con-13-estatuillas-en-su-31o-aniversario-seguida-de-cataluna-y-aragon\/#primaryimage","url":"https:\/\/www.irta.cat\/wp-content\/uploads\/2024\/12\/Premis-Porc-dOr-Capa-Blanca-2024-5-scaled-1-scaled.jpeg","contentUrl":"https:\/\/www.irta.cat\/wp-content\/uploads\/2024\/12\/Premis-Porc-dOr-Capa-Blanca-2024-5-scaled-1-scaled.jpeg","width":1920,"height":1280},{"@type":"BreadcrumbList","@id":"https:\/\/www.irta.cat\/es\/noticia\/galicia-lidera-los-premios-porc-dor-con-13-estatuillas-en-su-31o-aniversario-seguida-de-cataluna-y-aragon\/#breadcrumb","itemListElement":[{"@type":"ListItem","position":1,"name":"Inici","item":"https:\/\/www.irta.cat\/es\/"},{"@type":"ListItem","position":2,"name":"Galicia lidera los Premios Porc d\u2019Or con 13 estatuillas en su 31\u00ba aniversario, seguida de Catalu\u00f1a y Arag\u00f3n"}]},{"@type":"WebSite","@id":"https:\/\/www.irta.cat\/es\/#website","url":"https:\/\/www.irta.cat\/es\/","name":"IRTA","description":"Institut de Recerca i Tecnologia Agroaliment\u00e0ries","publisher":{"@id":"https:\/\/www.irta.cat\/es\/#organization"},"alternateName":"%%sitename%% %%sep%% %%title%%","potentialAction":[{"@type":"SearchAction","target":{"@type":"EntryPoint","urlTemplate":"https:\/\/www.irta.cat\/es\/?s={search_term_string}"},"query-input":{"@type":"PropertyValueSpecification","valueRequired":true,"valueName":"search_term_string"}}],"inLanguage":"es"},{"@type":"Organization","@id":"https:\/\/www.irta.cat\/es\/#organization","name":"IRTA","url":"https:\/\/www.irta.cat\/es\/","logo":{"@type":"ImageObject","inLanguage":"es","@id":"https:\/\/www.irta.cat\/es\/#\/schema\/logo\/image\/","url":"https:\/\/www.irta.cat\/wp-content\/uploads\/2023\/04\/Logo-IRTA-verm.png","contentUrl":"https:\/\/www.irta.cat\/wp-content\/uploads\/2023\/04\/Logo-IRTA-verm.png","width":1250,"height":500,"caption":"IRTA"},"image":{"@id":"https:\/\/www.irta.cat\/es\/#\/schema\/logo\/image\/"},"sameAs":["https:\/\/www.facebook.com\/irtacat","https:\/\/x.com\/irtacat"]}]}},"_links":{"self":[{"href":"https:\/\/www.irta.cat\/es\/wp-json\/wp\/v2\/noticia\/84275","targetHints":{"allow":["GET"]}}],"collection":[{"href":"https:\/\/www.irta.cat\/es\/wp-json\/wp\/v2\/noticia"}],"about":[{"href":"https:\/\/www.irta.cat\/es\/wp-json\/wp\/v2\/types\/noticia"}],"version-history":[{"count":0,"href":"https:\/\/www.irta.cat\/es\/wp-json\/wp\/v2\/noticia\/84275\/revisions"}],"wp:featuredmedia":[{"embeddable":true,"href":"https:\/\/www.irta.cat\/es\/wp-json\/wp\/v2\/media\/84259"}],"wp:attachment":[{"href":"https:\/\/www.irta.cat\/es\/wp-json\/wp\/v2\/media?parent=84275"}],"wp:term":[{"taxonomy":"categoria_noticia","embeddable":true,"href":"https:\/\/www.irta.cat\/es\/wp-json\/wp\/v2\/categoria_noticia?post=84275"},{"taxonomy":"etiqueta_filtrar_noticia","embeddable":true,"href":"https:\/\/www.irta.cat\/es\/wp-json\/wp\/v2\/etiqueta_filtrar_noticia?post=84275"}],"curies":[{"name":"wp","href":"https:\/\/api.w.org\/{rel}","templated":true}]}}