{"id":84202,"date":"2024-12-11T11:05:00","date_gmt":"2024-12-11T10:05:00","guid":{"rendered":"https:\/\/www.irta.cat\/noticia\/sueltan-50-nuevos-esturiones-europeos-en-el-rio-ebro-para-recuperar-su-poblacion\/"},"modified":"2024-12-11T11:05:00","modified_gmt":"2024-12-11T10:05:00","slug":"sueltan-50-nuevos-esturiones-europeos-en-el-rio-ebro-para-recuperar-su-poblacion","status":"publish","type":"noticia","link":"https:\/\/www.irta.cat\/es\/noticia\/sueltan-50-nuevos-esturiones-europeos-en-el-rio-ebro-para-recuperar-su-poblacion\/","title":{"rendered":"Sueltan 50 nuevos esturiones europeos en el r\u00edo Ebro para recuperar su poblaci\u00f3n"},"content":{"rendered":"\n<figure class=\"wp-block-image size-large\"><a href=\"https:\/\/www.irta.cat\/wp-content\/uploads\/2024\/12\/photo_5965194380388189366_y_SGGIeVk.jpg\" class=\"fancybox irta-lightbox-bridge\" data-fancybox=\"irta-images\"><img decoding=\"async\" src=\"https:\/\/www.irta.cat\/wp-content\/uploads\/2024\/12\/photo_5965194380388189366_y_SGGIeVk.jpg\" alt=\"\" class=\"wp-image-60858\" loading=\"lazy\" \/><\/a><\/figure>\n\n\n\n<h2 class=\"wp-block-heading\"><strong>Despr\u00e9s de la seva extinci\u00f3 fa m\u00e9s de 50 anys, i un primer alliberament de 44 exemplars efectuat el desembre de 2023 en el marc del projecte europeu \u201cLIFE MIGRATOEBRE\u201d, aquest mat\u00ed s\u2019ha fet un segon alliberament pilot de 50 nous esturions europeus al riu Ebre<\/strong><\/h2>\n\n\n\n<h2 class=\"wp-block-heading\"><strong>La coordinaci\u00f3 del projecte va a c\u00e0rrec del Centre d\u2019Estudis dels Rius Mediterranis de la Universitat de Vic &#8211; Universitat Central de Catalunya amb el suport del Departament de Territori, Habitatge i Transici\u00f3 Ecol\u00f2gica de la Generalitat de Catalunya, de l\u2019Institut per al Desenvolupament de les Comarques de l\u2019Ebre i de l\u2019IRTA a la R\u00e0pita, a m\u00e9s a m\u00e9s del Ministeri per a la Transici\u00f3 Ecol\u00f2gica i el Repte Demogr\u00e0fic del Govern d\u2019Espanya<\/strong><\/h2>\n\n\n\n<h2 class=\"wp-block-heading\"><strong>Hi col\u00b7labora el Govern franc\u00e8s, la regi\u00f3 de Nova Aquit\u00e0nia, l\u2019associaci\u00f3 MIGADO i l\u2019Institut National de Recherche en Sciences et Technologies pour l&#8217;Environnement et l&#8217;Agriculture, que, per mitj\u00e0 del Pla franc\u00e8s de conservaci\u00f3 de l\u2019esturi\u00f3 europeu, han cedit aquests esturions nascuts en captivitat perqu\u00e8 poguessin ser alliberats a l\u2019Ebre<\/strong><\/h2>\n\n\n\n<p>Aquest mat\u00ed s\u2019ha fet un alliberament pilot de 50 esturions europeus (<em>Acipenser sturio<\/em>) al riu Ebre. \u00c9s un nou pas important per a la recuperaci\u00f3 de l&#8217;esturi\u00f3 europeu a Catalunya, Espanya i la Mediterr\u00e0nia occidental, que dona continu\u00eftat al primer alliberament de 44 exemplars efectuat el desembre de 2023 en el marc del <a href=\"https:\/\/www.migratoebre.eu\">projecte europeu \u201cLIFE MIGRATOEBRE\u201d<\/a>, en qu\u00e8 una tercera part va romandre a l\u2019estuari de l&#8217;Ebre fins a finals de gener i dos ter\u00e7os se\u2019n van anar a la mar immediatament.<\/p>\n\n\n\n<p>Aquest peix es va extingir a l\u2019Ebre a mitjans del segle XX, igual que en altres rius, a conseq\u00fc\u00e8ncia de la sobreexplotaci\u00f3 pesquera, la contaminaci\u00f3 i la construcci\u00f3 de preses i assuts, que van limitar el seu acc\u00e9s a les \u00e0rees de reproducci\u00f3. Els esturions, m\u00e9s enll\u00e0 de ser coneguts per a l\u2019obtenci\u00f3 del caviar, s\u00f3n una de les esp\u00e8cies de vertebrats m\u00e9s antigues que viuen al planeta, que van apar\u00e8ixer a l&#8217;\u00e8poca dels dinosaures. Actualment, els esturions d\u2019arreu del m\u00f3n estan en perill cr\u00edtic d\u2019extinci\u00f3. Concretament, l\u2019esturi\u00f3 europeu nom\u00e9s viu, i encara amb moltes dificultats, a la conca dels rius Garona i Dordonya, i a l\u2019oce\u00e0 Atl\u00e0ntic proper.<\/p>\n\n\n\n<p>Els 50 esturions que s\u2019han alliberat enguany han estat, des del 14 de novembre, a les instal\u00b7lacions de l\u2019<strong><a href=\"https:\/\/www.irta.cat\/ca\/centre\/irta-sant-carles-de-la-rapita\/\" target=\"_blank\" rel=\"noreferrer noopener\">IRTA la R\u00e0pita<\/a><\/strong>, on s&#8217;estaven aclimatant fins al dia d\u2019avui. Durant aquest per\u00edode, se\u2019ls han implantat una marca externa i emissors d\u2019ultrasons, perqu\u00e8 investigadors del CERM puguin fer el seguiment dels seus moviments durant un m\u00ednim de 6 mesos, fet que donar\u00e0 informaci\u00f3 sobre el seu comportament a l&#8217;Ebre.&nbsp;<\/p>\n\n\n\n<p>El projecte est\u00e0 coordinat pel <a href=\"https:\/\/mon.uvic.cat\/cerm\/\">Centre d\u2019Estudis dels Rius Mediterranis de la Universitat de Vic &#8211; Universitat Central de Catalunya (CERM)<\/a> de la Universitat de Vic \u2013 Universitat Central de Catalunya (UVic-UCC) i t\u00e9 la col\u00b7laboraci\u00f3 del <a href=\"https:\/\/territori.gencat.cat\/ca\/inici\">Departament de Territori, Habitatge i Transici\u00f3 Ecol\u00f2gica de la Generalitat de Catalunya<\/a>, de <a href=\"https:\/\/idece.cat\/\">l\u2019Institut per al Desenvolupament de les Comarques de l\u2019Ebre<\/a>, i de l&#8217;<a href=\"https:\/\/www.irta.cat\/ca\/centre\/irta-sant-carles-de-la-rapita\/\" target=\"_blank\" rel=\"noreferrer noopener\"><strong>IRTA<\/strong><\/a>, amb el suport del <a href=\"https:\/\/www.miteco.gob.es\/ca.html\">Ministeri per a la Transici\u00f3 Ecol\u00f2gica i el Repte Demogr\u00e0fic del Govern d\u2019Espanya<\/a>. Tamb\u00e9 hi participa el Govern franc\u00e8s, la regi\u00f3 de Nova Aquit\u00e0nia, l\u2019associaci\u00f3 <a href=\"https:\/\/www.migado.fr\/\">MIGADO (Migrateurs Garonne Dordogne Charente Seudre)<\/a> i l\u2019<a href=\"https:\/\/www.inrae.fr\/\">Institut National de Recherche en Sciences et Technologies pour l&#8217;Environnement et l&#8217;Agriculture<\/a>.<\/p>\n\n\n\n<p>A l\u2019acte d\u2019aquest mat\u00ed hi ha participat, entre altres representants institucionals, Jordi Sargatal, secretari de Transici\u00f3 Ecol\u00f2gica del Departament de Territori, Habitatge i Transici\u00f3 Ecol\u00f2gica.<\/p>\n","protected":false},"featured_media":84197,"template":"","categoria_noticia":[],"etiqueta_filtrar_noticia":[],"class_list":["post-84202","noticia","type-noticia","status-publish","has-post-thumbnail","hentry"],"acf":[],"yoast_head":"<!-- This site is optimized with the Yoast SEO plugin v26.6 - https:\/\/yoast.com\/wordpress\/plugins\/seo\/ -->\r\n<title>Sueltan 50 nuevos esturiones europeos en el r\u00edo Ebro para recuperar su poblaci\u00f3n &#187; IRTA<\/title>\r\n<meta name=\"robots\" content=\"index, follow, max-snippet:-1, max-image-preview:large, max-video-preview:-1\" \/>\r\n<link rel=\"canonical\" href=\"https:\/\/www.irta.cat\/es\/noticia\/sueltan-50-nuevos-esturiones-europeos-en-el-rio-ebro-para-recuperar-su-poblacion\/\" \/>\r\n<meta property=\"og:locale\" content=\"es_ES\" \/>\r\n<meta property=\"og:type\" content=\"article\" \/>\r\n<meta property=\"og:title\" content=\"Sueltan 50 nuevos esturiones europeos en el r\u00edo Ebro para recuperar su poblaci\u00f3n &#187; IRTA\" \/>\r\n<meta property=\"og:description\" content=\"Despr\u00e9s de la seva extinci\u00f3 fa m\u00e9s de 50 anys, i un primer alliberament de 44 exemplars efectuat el desembre de 2023 en el marc del projecte europeu \u201cLIFE MIGRATOEBRE\u201d, aquest mat\u00ed s\u2019ha fet un segon alliberament pilot de 50 nous esturions europeus al riu Ebre La coordinaci\u00f3 del projecte va a c\u00e0rrec del Centre [&hellip;]\" \/>\r\n<meta property=\"og:url\" content=\"https:\/\/www.irta.cat\/es\/noticia\/sueltan-50-nuevos-esturiones-europeos-en-el-rio-ebro-para-recuperar-su-poblacion\/\" \/>\r\n<meta property=\"og:site_name\" content=\"IRTA\" \/>\r\n<meta property=\"article:publisher\" content=\"https:\/\/www.facebook.com\/irtacat\" \/>\r\n<meta property=\"og:image\" content=\"https:\/\/www.irta.cat\/wp-content\/uploads\/2024\/12\/photo_5965194380388189366_y_SGGIeVk.jpg\" \/>\r\n\t<meta property=\"og:image:width\" content=\"1280\" \/>\r\n\t<meta property=\"og:image:height\" content=\"720\" \/>\r\n\t<meta property=\"og:image:type\" content=\"image\/jpeg\" \/>\r\n<meta name=\"twitter:card\" content=\"summary_large_image\" \/>\r\n<meta name=\"twitter:site\" content=\"@irtacat\" \/>\r\n<meta name=\"twitter:label1\" content=\"Tiempo de lectura\" \/>\n\t<meta name=\"twitter:data1\" content=\"3 minutos\" \/>\r\n<script type=\"application\/ld+json\" class=\"yoast-schema-graph\">{\"@context\":\"https:\/\/schema.org\",\"@graph\":[{\"@type\":\"WebPage\",\"@id\":\"https:\/\/www.irta.cat\/es\/noticia\/sueltan-50-nuevos-esturiones-europeos-en-el-rio-ebro-para-recuperar-su-poblacion\/\",\"url\":\"https:\/\/www.irta.cat\/es\/noticia\/sueltan-50-nuevos-esturiones-europeos-en-el-rio-ebro-para-recuperar-su-poblacion\/\",\"name\":\"Sueltan 50 nuevos esturiones europeos en el r\u00edo Ebro para recuperar su poblaci\u00f3n &#187; IRTA\",\"isPartOf\":{\"@id\":\"https:\/\/www.irta.cat\/es\/#website\"},\"primaryImageOfPage\":{\"@id\":\"https:\/\/www.irta.cat\/es\/noticia\/sueltan-50-nuevos-esturiones-europeos-en-el-rio-ebro-para-recuperar-su-poblacion\/#primaryimage\"},\"image\":{\"@id\":\"https:\/\/www.irta.cat\/es\/noticia\/sueltan-50-nuevos-esturiones-europeos-en-el-rio-ebro-para-recuperar-su-poblacion\/#primaryimage\"},\"thumbnailUrl\":\"https:\/\/www.irta.cat\/wp-content\/uploads\/2024\/12\/photo_5965194380388189366_y_SGGIeVk.jpg\",\"datePublished\":\"2024-12-11T10:05:00+00:00\",\"breadcrumb\":{\"@id\":\"https:\/\/www.irta.cat\/es\/noticia\/sueltan-50-nuevos-esturiones-europeos-en-el-rio-ebro-para-recuperar-su-poblacion\/#breadcrumb\"},\"inLanguage\":\"es\",\"potentialAction\":[{\"@type\":\"ReadAction\",\"target\":[\"https:\/\/www.irta.cat\/es\/noticia\/sueltan-50-nuevos-esturiones-europeos-en-el-rio-ebro-para-recuperar-su-poblacion\/\"]}]},{\"@type\":\"ImageObject\",\"inLanguage\":\"es\",\"@id\":\"https:\/\/www.irta.cat\/es\/noticia\/sueltan-50-nuevos-esturiones-europeos-en-el-rio-ebro-para-recuperar-su-poblacion\/#primaryimage\",\"url\":\"https:\/\/www.irta.cat\/wp-content\/uploads\/2024\/12\/photo_5965194380388189366_y_SGGIeVk.jpg\",\"contentUrl\":\"https:\/\/www.irta.cat\/wp-content\/uploads\/2024\/12\/photo_5965194380388189366_y_SGGIeVk.jpg\",\"width\":1280,\"height\":720},{\"@type\":\"BreadcrumbList\",\"@id\":\"https:\/\/www.irta.cat\/es\/noticia\/sueltan-50-nuevos-esturiones-europeos-en-el-rio-ebro-para-recuperar-su-poblacion\/#breadcrumb\",\"itemListElement\":[{\"@type\":\"ListItem\",\"position\":1,\"name\":\"Inici\",\"item\":\"https:\/\/www.irta.cat\/es\/\"},{\"@type\":\"ListItem\",\"position\":2,\"name\":\"Sueltan 50 nuevos esturiones europeos en el r\u00edo Ebro para recuperar su poblaci\u00f3n\"}]},{\"@type\":\"WebSite\",\"@id\":\"https:\/\/www.irta.cat\/es\/#website\",\"url\":\"https:\/\/www.irta.cat\/es\/\",\"name\":\"IRTA\",\"description\":\"Institut de Recerca i Tecnologia Agroaliment\u00e0ries\",\"publisher\":{\"@id\":\"https:\/\/www.irta.cat\/es\/#organization\"},\"alternateName\":\"%%sitename%% %%sep%% %%title%%\",\"potentialAction\":[{\"@type\":\"SearchAction\",\"target\":{\"@type\":\"EntryPoint\",\"urlTemplate\":\"https:\/\/www.irta.cat\/es\/?s={search_term_string}\"},\"query-input\":{\"@type\":\"PropertyValueSpecification\",\"valueRequired\":true,\"valueName\":\"search_term_string\"}}],\"inLanguage\":\"es\"},{\"@type\":\"Organization\",\"@id\":\"https:\/\/www.irta.cat\/es\/#organization\",\"name\":\"IRTA\",\"url\":\"https:\/\/www.irta.cat\/es\/\",\"logo\":{\"@type\":\"ImageObject\",\"inLanguage\":\"es\",\"@id\":\"https:\/\/www.irta.cat\/es\/#\/schema\/logo\/image\/\",\"url\":\"https:\/\/www.irta.cat\/wp-content\/uploads\/2023\/04\/Logo-IRTA-verm.png\",\"contentUrl\":\"https:\/\/www.irta.cat\/wp-content\/uploads\/2023\/04\/Logo-IRTA-verm.png\",\"width\":1250,\"height\":500,\"caption\":\"IRTA\"},\"image\":{\"@id\":\"https:\/\/www.irta.cat\/es\/#\/schema\/logo\/image\/\"},\"sameAs\":[\"https:\/\/www.facebook.com\/irtacat\",\"https:\/\/x.com\/irtacat\"]}]}<\/script>\r\n<!-- \/ Yoast SEO plugin. -->","yoast_head_json":{"title":"Sueltan 50 nuevos esturiones europeos en el r\u00edo Ebro para recuperar su poblaci\u00f3n &#187; IRTA","robots":{"index":"index","follow":"follow","max-snippet":"max-snippet:-1","max-image-preview":"max-image-preview:large","max-video-preview":"max-video-preview:-1"},"canonical":"https:\/\/www.irta.cat\/es\/noticia\/sueltan-50-nuevos-esturiones-europeos-en-el-rio-ebro-para-recuperar-su-poblacion\/","og_locale":"es_ES","og_type":"article","og_title":"Sueltan 50 nuevos esturiones europeos en el r\u00edo Ebro para recuperar su poblaci\u00f3n &#187; IRTA","og_description":"Despr\u00e9s de la seva extinci\u00f3 fa m\u00e9s de 50 anys, i un primer alliberament de 44 exemplars efectuat el desembre de 2023 en el marc del projecte europeu \u201cLIFE MIGRATOEBRE\u201d, aquest mat\u00ed s\u2019ha fet un segon alliberament pilot de 50 nous esturions europeus al riu Ebre La coordinaci\u00f3 del projecte va a c\u00e0rrec del Centre [&hellip;]","og_url":"https:\/\/www.irta.cat\/es\/noticia\/sueltan-50-nuevos-esturiones-europeos-en-el-rio-ebro-para-recuperar-su-poblacion\/","og_site_name":"IRTA","article_publisher":"https:\/\/www.facebook.com\/irtacat","og_image":[{"width":1280,"height":720,"url":"https:\/\/www.irta.cat\/wp-content\/uploads\/2024\/12\/photo_5965194380388189366_y_SGGIeVk.jpg","type":"image\/jpeg"}],"twitter_card":"summary_large_image","twitter_site":"@irtacat","twitter_misc":{"Tiempo de lectura":"3 minutos"},"schema":{"@context":"https:\/\/schema.org","@graph":[{"@type":"WebPage","@id":"https:\/\/www.irta.cat\/es\/noticia\/sueltan-50-nuevos-esturiones-europeos-en-el-rio-ebro-para-recuperar-su-poblacion\/","url":"https:\/\/www.irta.cat\/es\/noticia\/sueltan-50-nuevos-esturiones-europeos-en-el-rio-ebro-para-recuperar-su-poblacion\/","name":"Sueltan 50 nuevos esturiones europeos en el r\u00edo Ebro para recuperar su poblaci\u00f3n &#187; IRTA","isPartOf":{"@id":"https:\/\/www.irta.cat\/es\/#website"},"primaryImageOfPage":{"@id":"https:\/\/www.irta.cat\/es\/noticia\/sueltan-50-nuevos-esturiones-europeos-en-el-rio-ebro-para-recuperar-su-poblacion\/#primaryimage"},"image":{"@id":"https:\/\/www.irta.cat\/es\/noticia\/sueltan-50-nuevos-esturiones-europeos-en-el-rio-ebro-para-recuperar-su-poblacion\/#primaryimage"},"thumbnailUrl":"https:\/\/www.irta.cat\/wp-content\/uploads\/2024\/12\/photo_5965194380388189366_y_SGGIeVk.jpg","datePublished":"2024-12-11T10:05:00+00:00","breadcrumb":{"@id":"https:\/\/www.irta.cat\/es\/noticia\/sueltan-50-nuevos-esturiones-europeos-en-el-rio-ebro-para-recuperar-su-poblacion\/#breadcrumb"},"inLanguage":"es","potentialAction":[{"@type":"ReadAction","target":["https:\/\/www.irta.cat\/es\/noticia\/sueltan-50-nuevos-esturiones-europeos-en-el-rio-ebro-para-recuperar-su-poblacion\/"]}]},{"@type":"ImageObject","inLanguage":"es","@id":"https:\/\/www.irta.cat\/es\/noticia\/sueltan-50-nuevos-esturiones-europeos-en-el-rio-ebro-para-recuperar-su-poblacion\/#primaryimage","url":"https:\/\/www.irta.cat\/wp-content\/uploads\/2024\/12\/photo_5965194380388189366_y_SGGIeVk.jpg","contentUrl":"https:\/\/www.irta.cat\/wp-content\/uploads\/2024\/12\/photo_5965194380388189366_y_SGGIeVk.jpg","width":1280,"height":720},{"@type":"BreadcrumbList","@id":"https:\/\/www.irta.cat\/es\/noticia\/sueltan-50-nuevos-esturiones-europeos-en-el-rio-ebro-para-recuperar-su-poblacion\/#breadcrumb","itemListElement":[{"@type":"ListItem","position":1,"name":"Inici","item":"https:\/\/www.irta.cat\/es\/"},{"@type":"ListItem","position":2,"name":"Sueltan 50 nuevos esturiones europeos en el r\u00edo Ebro para recuperar su poblaci\u00f3n"}]},{"@type":"WebSite","@id":"https:\/\/www.irta.cat\/es\/#website","url":"https:\/\/www.irta.cat\/es\/","name":"IRTA","description":"Institut de Recerca i Tecnologia Agroaliment\u00e0ries","publisher":{"@id":"https:\/\/www.irta.cat\/es\/#organization"},"alternateName":"%%sitename%% %%sep%% %%title%%","potentialAction":[{"@type":"SearchAction","target":{"@type":"EntryPoint","urlTemplate":"https:\/\/www.irta.cat\/es\/?s={search_term_string}"},"query-input":{"@type":"PropertyValueSpecification","valueRequired":true,"valueName":"search_term_string"}}],"inLanguage":"es"},{"@type":"Organization","@id":"https:\/\/www.irta.cat\/es\/#organization","name":"IRTA","url":"https:\/\/www.irta.cat\/es\/","logo":{"@type":"ImageObject","inLanguage":"es","@id":"https:\/\/www.irta.cat\/es\/#\/schema\/logo\/image\/","url":"https:\/\/www.irta.cat\/wp-content\/uploads\/2023\/04\/Logo-IRTA-verm.png","contentUrl":"https:\/\/www.irta.cat\/wp-content\/uploads\/2023\/04\/Logo-IRTA-verm.png","width":1250,"height":500,"caption":"IRTA"},"image":{"@id":"https:\/\/www.irta.cat\/es\/#\/schema\/logo\/image\/"},"sameAs":["https:\/\/www.facebook.com\/irtacat","https:\/\/x.com\/irtacat"]}]}},"_links":{"self":[{"href":"https:\/\/www.irta.cat\/es\/wp-json\/wp\/v2\/noticia\/84202","targetHints":{"allow":["GET"]}}],"collection":[{"href":"https:\/\/www.irta.cat\/es\/wp-json\/wp\/v2\/noticia"}],"about":[{"href":"https:\/\/www.irta.cat\/es\/wp-json\/wp\/v2\/types\/noticia"}],"version-history":[{"count":0,"href":"https:\/\/www.irta.cat\/es\/wp-json\/wp\/v2\/noticia\/84202\/revisions"}],"wp:featuredmedia":[{"embeddable":true,"href":"https:\/\/www.irta.cat\/es\/wp-json\/wp\/v2\/media\/84197"}],"wp:attachment":[{"href":"https:\/\/www.irta.cat\/es\/wp-json\/wp\/v2\/media?parent=84202"}],"wp:term":[{"taxonomy":"categoria_noticia","embeddable":true,"href":"https:\/\/www.irta.cat\/es\/wp-json\/wp\/v2\/categoria_noticia?post=84202"},{"taxonomy":"etiqueta_filtrar_noticia","embeddable":true,"href":"https:\/\/www.irta.cat\/es\/wp-json\/wp\/v2\/etiqueta_filtrar_noticia?post=84202"}],"curies":[{"name":"wp","href":"https:\/\/api.w.org\/{rel}","templated":true}]}}