{"id":63150,"date":"2024-10-03T14:25:37","date_gmt":"2024-10-03T12:25:37","guid":{"rendered":"https:\/\/www.irta.cat?post_type=noticia&p=63150"},"modified":"2024-10-03T14:25:37","modified_gmt":"2024-10-03T12:25:37","slug":"el-irta-reune-en-tarragona-en-el-sector-cunicola-como-organizador-del-13o-world-rabbit-congress","status":"publish","type":"noticia","link":"https:\/\/www.irta.cat\/es\/noticia\/el-irta-reune-en-tarragona-en-el-sector-cunicola-como-organizador-del-13o-world-rabbit-congress\/","title":{"rendered":"El IRTA re\u00fane en Tarragona en el sector cun\u00edcola como organizador del 13\u00ba World Rabbit Congress"},"content":{"rendered":"\n<div class=\"wp-block-image\"><figure class=\"aligncenter size-full is-resized\"><a href=\"https:\/\/www.irta.cat\/wp-content\/uploads\/CRAG_aeria_2-scaled.jpg\" class=\"fancybox irta-lightbox-bridge\" data-fancybox=\"irta-images\"><img decoding=\"async\" src=\"https:\/\/www.irta.cat\/wp-content\/uploads\/WRC-2024-3-scaled-1-scaled.jpg\" alt=\"\" class=\"wp-image-59055\" width=\"750\" loading=\"lazy\" \/><\/a><\/figure><\/div>\n\n\n\n<h2 class=\"wp-block-heading\"><strong>M\u00e1s de 300 profesionales de todo el mundo han intercambiado conocimientos y han debatido sobre los retos presentes y futuros de la producci\u00f3n de conejo<\/strong><\/h2>\n\n\n\n<h2 class=\"wp-block-heading\"><strong>El sector cun\u00edcola, a pesar de ser de gran tradici\u00f3n en Europa y de producir una carne con grandes valores nutricionales, lleva a\u00f1os sufriendo la disminuci\u00f3n del consumo debido a varios factores<\/strong><\/h2>\n\n\n\n<p>Esta semana se ha celebrado el <strong>World Rabbit Congress 2024 (WRC) en Tarragona<\/strong>, una cita de referencia internacional para el sector de la cunicultura, que durante estos d\u00edas intercambiar\u00e1 conocimientos y debatir\u00e1 sobre los retos presentes y futuros del sector de la producci\u00f3n de conejo.<\/p>\n\n\n\n<p>Escoger la ciudad portuaria de <strong>Tarragona<\/strong>, con su historia y cercan\u00eda a los centros de producci\u00f3n cun\u00edcola en Catalu\u00f1a, ha sido una decisi\u00f3n l\u00f3gica para este evento, dentro de su Palacio Ferial de Congresos. Y <strong>el IRTA ha sido el encargado este a\u00f1o, junto con <a href=\"https:\/\/asescu.com\/\" target=\"_blank\" rel=\"noreferrer noopener\">ASESCU <\/a>(La Asociaci\u00f3n Espa\u00f1ola de Cunicultura) y bajo el encargo de la World Rabbit Science Association (<a href=\"http:\/\/world-rabbit-science.com\/\" target=\"_blank\" rel=\"noreferrer noopener\">WRSA<\/a>)<\/strong>, de organizar este congreso tan importante.<\/p>\n\n\n\n<div class=\"wp-block-image\"><figure class=\"aligncenter size-full is-resized\"><a href=\"https:\/\/www.irta.cat\/wp-content\/uploads\/WRC-2024-23-scaled-1-scaled.jpg\" class=\"fancybox irta-lightbox-bridge\" data-fancybox=\"irta-images\"><img decoding=\"async\" src=\"https:\/\/www.irta.cat\/wp-content\/uploads\/WRC-2024-23-scaled-1-scaled.jpg\" alt=\"\" class=\"wp-image-59065\" width=\"750\" loading=\"lazy\" \/><\/a><\/figure><\/div>\n\n\n\n<p>Con <strong>m\u00e1s de 20 a\u00f1os de experiencia<\/strong> en la mejora de la producci\u00f3n cun\u00edcola desde la investigaci\u00f3n cient\u00edfica y la transferencia de conocimiento, <strong>el IRTA y su equipo de cunicultura<\/strong>, dentro del programa <a href=\"https:\/\/www.irta.cat\/es\/grup\/genetica-y-mejora-animal\/\" target=\"_blank\" rel=\"noreferrer noopener\">Gen\u00e9tica y mejora animal<\/a>, son reconocidos aliados de \u00e9ste sector tan relevante y con tanta tradici\u00f3n en nuestro pa\u00eds. <strong><a href=\"https:\/\/www.irta.cat\/es\/personal\/pascual-amoros-mariam\/\" target=\"_blank\" rel=\"noreferrer noopener\">Mariam Pascual<\/a><\/strong>, especialista en cunicultura del IRTA y encargada de la organizaci\u00f3n de este WRC, explica el v\u00ednculo del Instituto con el sector cun\u00edcola: <em>\u00abEstamos muy orgullosos de poder organizar este congreso tan importante. En el IRTA, desde antes de los 80 estamos trabajando en cunicultura, siempre junto a este sector, no tan grande como el de otros tipos de carne. Nuestra investigaci\u00f3n ha ido ligada a la mejora de temas como la sostenibilidad y la eficiencia. , la mejora gen\u00e9tica de l\u00edneas para producci\u00f3n y otras necesidades del sector, como la gesti\u00f3n t\u00e9cnica y econ\u00f3mica de granjas, la reducci\u00f3n del uso de antibi\u00f3ticos o el estudio de la microbiota intestinal\u00bb<\/em>.<\/p>\n\n\n\n<div class=\"wp-block-image\"><figure class=\"aligncenter size-full is-resized\"><a href=\"https:\/\/www.irta.cat\/wp-content\/uploads\/Premis-Patronat-UdG.png\" class=\"fancybox irta-lightbox-bridge\" data-fancybox=\"irta-images\"><img decoding=\"async\" src=\"https:\/\/www.irta.cat\/wp-content\/uploads\/WRC-2024-10-scaled-1-scaled.jpg\" alt=\"\" class=\"wp-image-59102\" width=\"750\" loading=\"lazy\" \/><\/a><\/figure><\/div>\n\n\n\n<p>La inauguraci\u00f3n corri\u00f3 a cargo de la propia Mariam y de <strong>Elisenda Guillaumes<\/strong> (directora general de Agricultura y Ganader\u00eda), <strong>Montserrat Adan<\/strong> (Primera teniente de alcalde y consejera de Turismo, Promoci\u00f3n Econ\u00f3mica y Comercio del Ayuntamiento de Tarragona), <strong>Juan Jos\u00e9 Pascual Amor\u00f3s<\/strong> (presidente de ASESCU) y <strong>Jordi Garcia-Mas<\/strong>, director cient\u00edfico del IRTA.<\/p>\n\n\n\n<div style=\"height:20px\" aria-hidden=\"true\" class=\"wp-block-spacer\"><\/div>\n\n\n\n<h3 class=\"wp-block-heading\"><strong>Conejo, carne de calidad con muchos retos para afrontar<\/strong><\/h3>\n\n\n\n<p>La cr\u00eda y explotaci\u00f3n de la carne de conejo tiene <strong>una tradici\u00f3n muy larga en la pen\u00ednsula ib\u00e9rica y en otros pa\u00edses en el sur de Europa<\/strong>, que se puede seguir hasta hace m\u00e1s de 2.000 a\u00f1os con los antiguos romanos. La carne de conejo adem\u00e1s es baja en colesterol y sodio, y rica en prote\u00ednas y fibra, <strong>ideal para dietas bajas en grasas<\/strong>. Tiene un <strong>alto contenido en prote\u00ednas de alto valor biol\u00f3gico<\/strong>, superior al de la media de otras carnes, siendo una <strong>buena fuente de vitaminas<\/strong> del grupo B, especialmente B12 y niacina.<\/p>\n\n\n\n<div class=\"wp-block-image\"><figure class=\"aligncenter size-full is-resized\"><a href=\"https:\/\/www.irta.cat\/wp-content\/uploads\/Baixa-resolucio-20-scaled.jpeg\" class=\"fancybox irta-lightbox-bridge\" data-fancybox=\"irta-images\"><img decoding=\"async\" src=\"https:\/\/www.irta.cat\/wp-content\/uploads\/Baixa-resolucio-20-scaled.jpeg\" alt=\"\" class=\"wp-image-59093\" width=\"750\" loading=\"lazy\" \/><\/a><\/figure><\/div>\n\n\n\n<p>Sin embargo, en los \u00faltimos a\u00f1os el sector afronta diversas problem\u00e1ticas graves. Los <strong>costes de producci\u00f3n<\/strong> han aumentado, y la producci\u00f3n cae acompa\u00f1ada del <strong>cierre de granjas<\/strong> que no pueden asumir los costes, y cuyas segundas generaciones no quieren heredar el negocio de sus padres. En el caso del conejo, adem\u00e1s, se suma una <strong>ca\u00edda del consumo<\/strong> frente a unos consumidores que no acaban de encontrar la presentaci\u00f3n adecuada, que no conocen suficientemente las propiedades de esta carne, o que identifican m\u00e1s al conejo como una mascota .<\/p>\n\n\n\n<div class=\"wp-block-image\"><figure class=\"aligncenter size-full is-resized\"><a href=\"https:\/\/www.irta.cat\/wp-content\/uploads\/Tema_Benestar-animal.jpg\" class=\"fancybox irta-lightbox-bridge\" data-fancybox=\"irta-images\"><img decoding=\"async\" src=\"https:\/\/www.irta.cat\/wp-content\/uploads\/WRC-2024-37-scaled-1-scaled.jpg\" alt=\"\" class=\"wp-image-59074\" width=\"750\" loading=\"lazy\" \/><\/a><\/figure><\/div>\n\n\n\n<p>Uno de los problemas m\u00e1s actuales es la <strong>decisi\u00f3n de la Comisi\u00f3n Europea de eliminar progresivamente el uso de jaulas<\/strong>, con el objetivo de prohibir su uso completamente en 2027. Estas medidas, nacidas de la iniciativa ciudadana, conllevan, sin embargo, retos importantes, como la viabilidad econ\u00f3mica de las explotaciones, o incluso la consecuci\u00f3n real de un mejor bienestar animal. Un ejemplo de la complejidad real de una soluci\u00f3n f\u00e1cil la demuestra los <a href=\"https:\/\/www.irta.cat\/es\/el-irta-concluye-que-el-prototipo-de-parque-grupal-realizado-a-partir-de-jaulas-de-conejos-empeora-la-productividad-y-aumenta-la-mortalidad\/\" target=\"_blank\" rel=\"noreferrer noopener\">resultados del proyecto PARCCUN<\/a>.<\/p>\n\n\n\n<div class=\"wp-block-image\"><figure class=\"aligncenter size-full is-resized\"><a href=\"https:\/\/www.irta.cat\/wp-content\/uploads\/WRC-2024-11-scaled-1-scaled.jpg\" class=\"fancybox irta-lightbox-bridge\" data-fancybox=\"irta-images\"><img decoding=\"async\" src=\"https:\/\/www.irta.cat\/wp-content\/uploads\/WRC-2024-11-scaled-1-scaled.jpg\" alt=\"\" class=\"wp-image-59096\" width=\"750\" loading=\"lazy\" \/><\/a><\/figure><\/div>\n\n\n\n<p>En este sentido, Pascual asegura que <em>\u00aben el IRTA seguimos actualmente probando diferentes t\u00e9cnicas para <strong>encontrar una soluci\u00f3n a la necesidad de una vivienda alternativa para los conejos de explotaci\u00f3n<\/strong>. El sector del conejo necesita de la ayuda de la administraci\u00f3n y de la investigaci\u00f3n, y en este sentido desde el IRTA pueden contar con nuestro soporte\u201d<\/em>.<\/p>\n\n\n\n<p>\u00c9ste y otros retos se han tratado durante estos d\u00edas en el WRC, <strong>con la presencia de muchos profesionales y cient\u00edficos de China, principal consumidor mundial de conejo<\/strong>. Los asistentes tambi\u00e9n han podido disfrutar de ponencias en diversas \u00e1reas: <strong>nutrici\u00f3n, patolog\u00eda, gen\u00e9tica, reproducci\u00f3n, bienestar, econom\u00eda, biolog\u00eda, calidad de producto y otras<\/strong>. Adem\u00e1s de una exposici\u00f3n de p\u00f3sters cient\u00edficos y cuatro mesas redondas centradas en temas clave como el bienestar animal, el impacto medioambiental y la reducci\u00f3n del uso de antibi\u00f3ticos. Por parte del IRTA, han ofrecido varias sesiones los investigadores Mariam Pascual, <a href=\"https:\/\/www.irta.cat\/es\/personal\/miriam-piles-rovira\/\" target=\"_blank\" rel=\"noreferrer noopener\">Miriam Piles<\/a>, <a href=\"https:\/\/www.irta.cat\/es\/personal\/raquel-quintanilla-aguado\/\" target=\"_blank\" rel=\"noreferrer noopener\">Raquel Quintanilla<\/a> y <a href=\"https:\/\/www.linkedin.com\/in\/juan-pablo-sanchez-b4a28363\/\" target=\"_blank\" rel=\"noreferrer noopener\">Juan Pablo Sanchez<\/a>.<\/p>\n\n\n\n<p>Pod\u00e9is consultar m\u00e1s detalles de este congreso en su web: <a href=\"https:\/\/www.wrc2024.com\/\" target=\"_blank\" rel=\"noreferrer noopener\">www.wrc2024.com<\/a>.<\/p>\n","protected":false},"featured_media":63119,"template":"","categoria_noticia":[],"etiqueta_filtrar_noticia":[9034,10000],"class_list":["post-63150","noticia","type-noticia","status-publish","has-post-thumbnail","hentry","etiqueta_filtrar_noticia-cunicultura","etiqueta_filtrar_noticia-genetica-animal"],"acf":[],"yoast_head":"<!-- This site is optimized with the Yoast SEO plugin v26.6 - https:\/\/yoast.com\/wordpress\/plugins\/seo\/ -->\r\n<title>El IRTA re\u00fane en Tarragona en el sector cun\u00edcola como organizador del 13\u00ba World Rabbit Congress &#187; IRTA<\/title>\r\n<meta name=\"robots\" content=\"index, follow, max-snippet:-1, max-image-preview:large, max-video-preview:-1\" \/>\r\n<link rel=\"canonical\" href=\"https:\/\/www.irta.cat\/es\/noticia\/el-irta-reune-en-tarragona-en-el-sector-cunicola-como-organizador-del-13o-world-rabbit-congress\/\" \/>\r\n<meta property=\"og:locale\" content=\"es_ES\" \/>\r\n<meta property=\"og:type\" content=\"article\" \/>\r\n<meta property=\"og:title\" content=\"El IRTA re\u00fane en Tarragona en el sector cun\u00edcola como organizador del 13\u00ba World Rabbit Congress &#187; IRTA\" \/>\r\n<meta property=\"og:description\" content=\"M\u00e1s de 300 profesionales de todo el mundo han intercambiado conocimientos y han debatido sobre los retos presentes y futuros de la producci\u00f3n de conejo El sector cun\u00edcola, a pesar de ser de gran tradici\u00f3n en Europa y de producir una carne con grandes valores nutricionales, lleva a\u00f1os sufriendo la disminuci\u00f3n del consumo debido a [&hellip;]\" \/>\r\n<meta property=\"og:url\" content=\"https:\/\/www.irta.cat\/es\/noticia\/el-irta-reune-en-tarragona-en-el-sector-cunicola-como-organizador-del-13o-world-rabbit-congress\/\" \/>\r\n<meta property=\"og:site_name\" content=\"IRTA\" \/>\r\n<meta property=\"article:publisher\" content=\"https:\/\/www.facebook.com\/irtacat\" \/>\r\n<meta property=\"og:image\" content=\"https:\/\/www.irta.cat\/wp-content\/uploads\/CRAG_aeria_2-scaled.jpg\" \/>\r\n\t<meta property=\"og:image:width\" content=\"1920\" \/>\r\n\t<meta property=\"og:image:height\" content=\"1440\" \/>\r\n\t<meta property=\"og:image:type\" content=\"image\/jpeg\" \/>\r\n<meta name=\"twitter:card\" content=\"summary_large_image\" \/>\r\n<meta name=\"twitter:site\" content=\"@irtacat\" \/>\r\n<meta name=\"twitter:label1\" content=\"Tiempo de lectura\" \/>\n\t<meta name=\"twitter:data1\" content=\"5 minutos\" \/>\r\n<script type=\"application\/ld+json\" class=\"yoast-schema-graph\">{\"@context\":\"https:\/\/schema.org\",\"@graph\":[{\"@type\":\"WebPage\",\"@id\":\"https:\/\/www.irta.cat\/es\/noticia\/el-irta-reune-en-tarragona-en-el-sector-cunicola-como-organizador-del-13o-world-rabbit-congress\/\",\"url\":\"https:\/\/www.irta.cat\/es\/noticia\/el-irta-reune-en-tarragona-en-el-sector-cunicola-como-organizador-del-13o-world-rabbit-congress\/\",\"name\":\"El IRTA re\u00fane en Tarragona en el sector cun\u00edcola como organizador del 13\u00ba World Rabbit Congress &#187; IRTA\",\"isPartOf\":{\"@id\":\"https:\/\/www.irta.cat\/es\/#website\"},\"primaryImageOfPage\":{\"@id\":\"https:\/\/www.irta.cat\/es\/noticia\/el-irta-reune-en-tarragona-en-el-sector-cunicola-como-organizador-del-13o-world-rabbit-congress\/#primaryimage\"},\"image\":{\"@id\":\"https:\/\/www.irta.cat\/es\/noticia\/el-irta-reune-en-tarragona-en-el-sector-cunicola-como-organizador-del-13o-world-rabbit-congress\/#primaryimage\"},\"thumbnailUrl\":\"https:\/\/www.irta.cat\/wp-content\/uploads\/WRC-2024-3-scaled-1-scaled.jpg\",\"datePublished\":\"2024-10-03T12:25:37+00:00\",\"breadcrumb\":{\"@id\":\"https:\/\/www.irta.cat\/es\/noticia\/el-irta-reune-en-tarragona-en-el-sector-cunicola-como-organizador-del-13o-world-rabbit-congress\/#breadcrumb\"},\"inLanguage\":\"es\",\"potentialAction\":[{\"@type\":\"ReadAction\",\"target\":[\"https:\/\/www.irta.cat\/es\/noticia\/el-irta-reune-en-tarragona-en-el-sector-cunicola-como-organizador-del-13o-world-rabbit-congress\/\"]}]},{\"@type\":\"ImageObject\",\"inLanguage\":\"es\",\"@id\":\"https:\/\/www.irta.cat\/es\/noticia\/el-irta-reune-en-tarragona-en-el-sector-cunicola-como-organizador-del-13o-world-rabbit-congress\/#primaryimage\",\"url\":\"https:\/\/www.irta.cat\/wp-content\/uploads\/WRC-2024-3-scaled-1-scaled.jpg\",\"contentUrl\":\"https:\/\/www.irta.cat\/wp-content\/uploads\/WRC-2024-3-scaled-1-scaled.jpg\",\"width\":1920,\"height\":1280},{\"@type\":\"BreadcrumbList\",\"@id\":\"https:\/\/www.irta.cat\/es\/noticia\/el-irta-reune-en-tarragona-en-el-sector-cunicola-como-organizador-del-13o-world-rabbit-congress\/#breadcrumb\",\"itemListElement\":[{\"@type\":\"ListItem\",\"position\":1,\"name\":\"Inici\",\"item\":\"https:\/\/www.irta.cat\/es\/\"},{\"@type\":\"ListItem\",\"position\":2,\"name\":\"El IRTA re\u00fane en Tarragona en el sector cun\u00edcola como organizador del 13\u00ba World Rabbit Congress\"}]},{\"@type\":\"WebSite\",\"@id\":\"https:\/\/www.irta.cat\/es\/#website\",\"url\":\"https:\/\/www.irta.cat\/es\/\",\"name\":\"IRTA\",\"description\":\"Institut de Recerca i Tecnologia Agroaliment\u00e0ries\",\"publisher\":{\"@id\":\"https:\/\/www.irta.cat\/es\/#organization\"},\"alternateName\":\"%%sitename%% %%sep%% %%title%%\",\"potentialAction\":[{\"@type\":\"SearchAction\",\"target\":{\"@type\":\"EntryPoint\",\"urlTemplate\":\"https:\/\/www.irta.cat\/es\/?s={search_term_string}\"},\"query-input\":{\"@type\":\"PropertyValueSpecification\",\"valueRequired\":true,\"valueName\":\"search_term_string\"}}],\"inLanguage\":\"es\"},{\"@type\":\"Organization\",\"@id\":\"https:\/\/www.irta.cat\/es\/#organization\",\"name\":\"IRTA\",\"url\":\"https:\/\/www.irta.cat\/es\/\",\"logo\":{\"@type\":\"ImageObject\",\"inLanguage\":\"es\",\"@id\":\"https:\/\/www.irta.cat\/es\/#\/schema\/logo\/image\/\",\"url\":\"https:\/\/www.irta.cat\/wp-content\/uploads\/2023\/04\/Logo-IRTA-verm.png\",\"contentUrl\":\"https:\/\/www.irta.cat\/wp-content\/uploads\/2023\/04\/Logo-IRTA-verm.png\",\"width\":1250,\"height\":500,\"caption\":\"IRTA\"},\"image\":{\"@id\":\"https:\/\/www.irta.cat\/es\/#\/schema\/logo\/image\/\"},\"sameAs\":[\"https:\/\/www.facebook.com\/irtacat\",\"https:\/\/x.com\/irtacat\"]}]}<\/script>\r\n<!-- \/ Yoast SEO plugin. -->","yoast_head_json":{"title":"El IRTA re\u00fane en Tarragona en el sector cun\u00edcola como organizador del 13\u00ba World Rabbit Congress &#187; IRTA","robots":{"index":"index","follow":"follow","max-snippet":"max-snippet:-1","max-image-preview":"max-image-preview:large","max-video-preview":"max-video-preview:-1"},"canonical":"https:\/\/www.irta.cat\/es\/noticia\/el-irta-reune-en-tarragona-en-el-sector-cunicola-como-organizador-del-13o-world-rabbit-congress\/","og_locale":"es_ES","og_type":"article","og_title":"El IRTA re\u00fane en Tarragona en el sector cun\u00edcola como organizador del 13\u00ba World Rabbit Congress &#187; IRTA","og_description":"M\u00e1s de 300 profesionales de todo el mundo han intercambiado conocimientos y han debatido sobre los retos presentes y futuros de la producci\u00f3n de conejo El sector cun\u00edcola, a pesar de ser de gran tradici\u00f3n en Europa y de producir una carne con grandes valores nutricionales, lleva a\u00f1os sufriendo la disminuci\u00f3n del consumo debido a [&hellip;]","og_url":"https:\/\/www.irta.cat\/es\/noticia\/el-irta-reune-en-tarragona-en-el-sector-cunicola-como-organizador-del-13o-world-rabbit-congress\/","og_site_name":"IRTA","article_publisher":"https:\/\/www.facebook.com\/irtacat","og_image":[{"width":1920,"height":1440,"url":"https:\/\/www.irta.cat\/wp-content\/uploads\/CRAG_aeria_2-scaled.jpg","type":"image\/jpeg"}],"twitter_card":"summary_large_image","twitter_site":"@irtacat","twitter_misc":{"Tiempo de lectura":"5 minutos"},"schema":{"@context":"https:\/\/schema.org","@graph":[{"@type":"WebPage","@id":"https:\/\/www.irta.cat\/es\/noticia\/el-irta-reune-en-tarragona-en-el-sector-cunicola-como-organizador-del-13o-world-rabbit-congress\/","url":"https:\/\/www.irta.cat\/es\/noticia\/el-irta-reune-en-tarragona-en-el-sector-cunicola-como-organizador-del-13o-world-rabbit-congress\/","name":"El IRTA re\u00fane en Tarragona en el sector cun\u00edcola como organizador del 13\u00ba World Rabbit Congress &#187; IRTA","isPartOf":{"@id":"https:\/\/www.irta.cat\/es\/#website"},"primaryImageOfPage":{"@id":"https:\/\/www.irta.cat\/es\/noticia\/el-irta-reune-en-tarragona-en-el-sector-cunicola-como-organizador-del-13o-world-rabbit-congress\/#primaryimage"},"image":{"@id":"https:\/\/www.irta.cat\/es\/noticia\/el-irta-reune-en-tarragona-en-el-sector-cunicola-como-organizador-del-13o-world-rabbit-congress\/#primaryimage"},"thumbnailUrl":"https:\/\/www.irta.cat\/wp-content\/uploads\/WRC-2024-3-scaled-1-scaled.jpg","datePublished":"2024-10-03T12:25:37+00:00","breadcrumb":{"@id":"https:\/\/www.irta.cat\/es\/noticia\/el-irta-reune-en-tarragona-en-el-sector-cunicola-como-organizador-del-13o-world-rabbit-congress\/#breadcrumb"},"inLanguage":"es","potentialAction":[{"@type":"ReadAction","target":["https:\/\/www.irta.cat\/es\/noticia\/el-irta-reune-en-tarragona-en-el-sector-cunicola-como-organizador-del-13o-world-rabbit-congress\/"]}]},{"@type":"ImageObject","inLanguage":"es","@id":"https:\/\/www.irta.cat\/es\/noticia\/el-irta-reune-en-tarragona-en-el-sector-cunicola-como-organizador-del-13o-world-rabbit-congress\/#primaryimage","url":"https:\/\/www.irta.cat\/wp-content\/uploads\/WRC-2024-3-scaled-1-scaled.jpg","contentUrl":"https:\/\/www.irta.cat\/wp-content\/uploads\/WRC-2024-3-scaled-1-scaled.jpg","width":1920,"height":1280},{"@type":"BreadcrumbList","@id":"https:\/\/www.irta.cat\/es\/noticia\/el-irta-reune-en-tarragona-en-el-sector-cunicola-como-organizador-del-13o-world-rabbit-congress\/#breadcrumb","itemListElement":[{"@type":"ListItem","position":1,"name":"Inici","item":"https:\/\/www.irta.cat\/es\/"},{"@type":"ListItem","position":2,"name":"El IRTA re\u00fane en Tarragona en el sector cun\u00edcola como organizador del 13\u00ba World Rabbit Congress"}]},{"@type":"WebSite","@id":"https:\/\/www.irta.cat\/es\/#website","url":"https:\/\/www.irta.cat\/es\/","name":"IRTA","description":"Institut de Recerca i Tecnologia Agroaliment\u00e0ries","publisher":{"@id":"https:\/\/www.irta.cat\/es\/#organization"},"alternateName":"%%sitename%% %%sep%% %%title%%","potentialAction":[{"@type":"SearchAction","target":{"@type":"EntryPoint","urlTemplate":"https:\/\/www.irta.cat\/es\/?s={search_term_string}"},"query-input":{"@type":"PropertyValueSpecification","valueRequired":true,"valueName":"search_term_string"}}],"inLanguage":"es"},{"@type":"Organization","@id":"https:\/\/www.irta.cat\/es\/#organization","name":"IRTA","url":"https:\/\/www.irta.cat\/es\/","logo":{"@type":"ImageObject","inLanguage":"es","@id":"https:\/\/www.irta.cat\/es\/#\/schema\/logo\/image\/","url":"https:\/\/www.irta.cat\/wp-content\/uploads\/2023\/04\/Logo-IRTA-verm.png","contentUrl":"https:\/\/www.irta.cat\/wp-content\/uploads\/2023\/04\/Logo-IRTA-verm.png","width":1250,"height":500,"caption":"IRTA"},"image":{"@id":"https:\/\/www.irta.cat\/es\/#\/schema\/logo\/image\/"},"sameAs":["https:\/\/www.facebook.com\/irtacat","https:\/\/x.com\/irtacat"]}]}},"_links":{"self":[{"href":"https:\/\/www.irta.cat\/es\/wp-json\/wp\/v2\/noticia\/63150","targetHints":{"allow":["GET"]}}],"collection":[{"href":"https:\/\/www.irta.cat\/es\/wp-json\/wp\/v2\/noticia"}],"about":[{"href":"https:\/\/www.irta.cat\/es\/wp-json\/wp\/v2\/types\/noticia"}],"version-history":[{"count":0,"href":"https:\/\/www.irta.cat\/es\/wp-json\/wp\/v2\/noticia\/63150\/revisions"}],"wp:featuredmedia":[{"embeddable":true,"href":"https:\/\/www.irta.cat\/es\/wp-json\/wp\/v2\/media\/63119"}],"wp:attachment":[{"href":"https:\/\/www.irta.cat\/es\/wp-json\/wp\/v2\/media?parent=63150"}],"wp:term":[{"taxonomy":"categoria_noticia","embeddable":true,"href":"https:\/\/www.irta.cat\/es\/wp-json\/wp\/v2\/categoria_noticia?post=63150"},{"taxonomy":"etiqueta_filtrar_noticia","embeddable":true,"href":"https:\/\/www.irta.cat\/es\/wp-json\/wp\/v2\/etiqueta_filtrar_noticia?post=63150"}],"curies":[{"name":"wp","href":"https:\/\/api.w.org\/{rel}","templated":true}]}}