{"id":63089,"date":"2024-09-26T13:31:09","date_gmt":"2024-09-26T11:31:09","guid":{"rendered":"https:\/\/www.irta.cat?post_type=noticia&p=63089"},"modified":"2024-09-26T13:31:09","modified_gmt":"2024-09-26T11:31:09","slug":"tarragona-sera-el-punto-de-encuentro-internacional-del-sector-cunicola-de-la-mano-del-irta-y-asescu","status":"publish","type":"noticia","link":"https:\/\/www.irta.cat\/es\/noticia\/tarragona-sera-el-punto-de-encuentro-internacional-del-sector-cunicola-de-la-mano-del-irta-y-asescu\/","title":{"rendered":"Tarragona ser\u00e1 el punto de encuentro internacional del sector cun\u00edcola de la mano del IRTA y ASESCU"},"content":{"rendered":"\n<div class=\"wp-block-image\"><figure class=\"aligncenter size-large\"><a href=\"https:\/\/www.irta.cat\/wp-content\/uploads\/Visita-Paeria_02-scaled.jpg\" class=\"fancybox irta-lightbox-bridge\" data-fancybox=\"irta-images\"><img decoding=\"async\" src=\"https:\/\/www.irta.cat\/wp-content\/uploads\/Tarragona-scaled.jpg\" alt=\"\" class=\"wp-image-58924\" loading=\"lazy\" \/><\/a><\/figure><\/div>\n\n\n\n<h2 class=\"wp-block-heading\"><strong>M\u00e1s de 300 expertos de 31 pa\u00edses se reunir\u00e1n en el World Rabbit Congress 2024 para compartir los \u00faltimos avances en cunicultura y los retos actuales y futuros<\/strong><\/h2>\n\n\n\n<p><strong>Del 2 al 4 de octubre<\/strong>&nbsp;de 2024,&nbsp;<strong>Tarragona&nbsp;<\/strong>se convertir\u00e1 en el epicentro mundial de la cunicultura con la celebraci\u00f3n del&nbsp;<strong>13\u00ba World Rabbit Congress (WRC 2024)<\/strong>. Este evento internacional, organizado este a\u00f1o por la Asociaci\u00f3n Espa\u00f1ola de Cunicultura (<a href=\"https:\/\/asescu.com\/\" target=\"_blank\" rel=\"noreferrer noopener\">ASESCU<\/a>) y el Instituto de Investigaci\u00f3n y Tecnolog\u00eda Agroalimentarias (<a href=\"https:\/\/www.irta.cat\/\" target=\"_blank\" rel=\"noreferrer noopener\">IRTA<\/a>), reunir\u00e1 a m\u00e1s de 300 expertos y profesionales del sector procedentes de 31 pa\u00edses de Asia, Europa, Am\u00e9rica y \u00c1frica.<\/p>\n\n\n\n<p>El Congreso, que tiene lugar cada cuatro a\u00f1os bajo el patronaje de la World Rabbit Science Association (<a href=\"http:\/\/world-rabbit-science.com\/\" target=\"_blank\" rel=\"noreferrer noopener\">WRSA<\/a>), es una oportunidad \u00fanica para conocer los \u00faltimos avances en cunicultura y abordar los principales retos del sector. El&nbsp;<strong>IRTA<\/strong>, con una larga trayectoria en investigaci\u00f3n y un estrecho contacto con el sector cun\u00edcola,&nbsp;<strong>ha sido elegido este a\u00f1o como coorganizador por su destacada contribuci\u00f3n a la mejora de la producci\u00f3n de conejos<\/strong>.<\/p>\n\n\n\n<div class=\"wp-block-image\"><figure class=\"aligncenter size-large\"><a href=\"https:\/\/www.irta.cat\/wp-content\/uploads\/Visita-Paeria_03-scaled.jpg\" class=\"fancybox irta-lightbox-bridge\" data-fancybox=\"irta-images\"><img decoding=\"async\" src=\"https:\/\/www.irta.cat\/wp-content\/uploads\/220426_021R4309-scaled.jpg\" alt=\"\" class=\"wp-image-58927\" loading=\"lazy\" \/><\/a><\/figure><\/div>\n\n\n\n<p>Uno de los temas m\u00e1s relevantes que se van a tratar en esta edici\u00f3n es la prohibici\u00f3n de jaulas en cunicultura que quiere imponer la Uni\u00f3n Europea. Este tema ser\u00e1 abordado en una mesa redonda moderada por el presidente de la World Rabbit Science Association,&nbsp;<strong>Juan Jos\u00e9 Pascual<\/strong>. La mesa contar\u00e1 con la participaci\u00f3n de destacados profesionales en bienestar animal en conejos:&nbsp;<strong>Angela Trocino<\/strong>&nbsp;(Universidad de Padova, Italia),&nbsp;<strong>Ar\u00e1nzazu Villagr\u00e1<\/strong>&nbsp;(Instituto Valenciano de Investigaciones Agrarias),&nbsp;<strong>Valerie Fillon<\/strong>&nbsp;(INRAE, Francia) y&nbsp;<strong>Beatriz Mess\u00eda<\/strong>&nbsp;(responsable de la Interprofesional Intercun y de la European Rabbit Association).<\/p>\n\n\n\n<p>Durante los tres d\u00edas del Congreso, los asistentes podr\u00e1n disfrutar de&nbsp;<strong>ponencias en distintas \u00e1reas: nutrici\u00f3n, patolog\u00eda, gen\u00e9tica, reproducci\u00f3n, bienestar, econom\u00eda, biolog\u00eda, calidad de producto y otras<\/strong>. Cada \u00e1rea contar\u00e1 con una ponencia principal, sesiones de comunicaciones libres y presentaciones de p\u00f3sters. Adem\u00e1s, se llevar\u00e1n a cabo cuatro mesas redondas centradas en temas clave como el&nbsp;<strong>bienestar animal, el impacto medioambiental y la reducci\u00f3n del uso de antibi\u00f3ticos<\/strong>.<\/p>\n\n\n\n<div class=\"wp-block-image\"><figure class=\"aligncenter size-large\"><a href=\"https:\/\/www.irta.cat\/wp-content\/uploads\/220426_021R4388-7-scaled.jpg\" class=\"fancybox irta-lightbox-bridge\" data-fancybox=\"irta-images\"><img decoding=\"async\" src=\"https:\/\/www.irta.cat\/wp-content\/uploads\/220426_021R4388-7-scaled.jpg\" alt=\"\" class=\"wp-image-58930\" loading=\"lazy\" \/><\/a><\/figure><\/div>\n\n\n\n<p>Catalu\u00f1a ha sido tradicionalmente la comunidad con mayor producci\u00f3n de carne de conejo del Estado espa\u00f1ol, y&nbsp;<strong>Tarragona<\/strong>, concretamente, se encuentra cerca de los principales centros de producci\u00f3n cun\u00edcola. Por eso, Tarragona, con su rica historia y cultura, supone un marco incomparable para la celebraci\u00f3n del WRC 2024.<\/p>\n\n\n\n<p>El 13\u00ba Congreso Mundial del Conejo no s\u00f3lo ser\u00e1 una plataforma para la difusi\u00f3n del conocimiento cient\u00edfico, sino tambi\u00e9n un punto de encuentro para la colaboraci\u00f3n y el intercambio de experiencias entre profesionales del sector. A\u00fan est\u00e1is a tiempo para apuntaros:&nbsp;<strong>para m\u00e1s informaci\u00f3n e inscripciones, visite&nbsp;<\/strong><a href=\"https:\/\/www.wrc2024.com\/\" target=\"_blank\" rel=\"noreferrer noopener\"><strong>www.wrc2024.com<\/strong><\/a>.<\/p>\n","protected":false},"featured_media":72181,"template":"","categoria_noticia":[],"etiqueta_filtrar_noticia":[],"class_list":["post-63089","noticia","type-noticia","status-publish","has-post-thumbnail","hentry"],"acf":[],"yoast_head":"<!-- This site is optimized with the Yoast SEO plugin v26.6 - https:\/\/yoast.com\/wordpress\/plugins\/seo\/ -->\r\n<title>Tarragona ser\u00e1 el punto de encuentro internacional del sector cun\u00edcola de la mano del IRTA y ASESCU &#187; IRTA<\/title>\r\n<meta name=\"robots\" content=\"index, follow, max-snippet:-1, max-image-preview:large, max-video-preview:-1\" \/>\r\n<link rel=\"canonical\" href=\"https:\/\/www.irta.cat\/es\/noticia\/tarragona-sera-el-punto-de-encuentro-internacional-del-sector-cunicola-de-la-mano-del-irta-y-asescu\/\" \/>\r\n<meta property=\"og:locale\" content=\"es_ES\" \/>\r\n<meta property=\"og:type\" content=\"article\" \/>\r\n<meta property=\"og:title\" content=\"Tarragona ser\u00e1 el punto de encuentro internacional del sector cun\u00edcola de la mano del IRTA y ASESCU &#187; IRTA\" \/>\r\n<meta property=\"og:description\" content=\"M\u00e1s de 300 expertos de 31 pa\u00edses se reunir\u00e1n en el World Rabbit Congress 2024 para compartir los \u00faltimos avances en cunicultura y los retos actuales y futuros Del 2 al 4 de octubre&nbsp;de 2024,&nbsp;Tarragona&nbsp;se convertir\u00e1 en el epicentro mundial de la cunicultura con la celebraci\u00f3n del&nbsp;13\u00ba World Rabbit Congress (WRC 2024). Este evento internacional, [&hellip;]\" \/>\r\n<meta property=\"og:url\" content=\"https:\/\/www.irta.cat\/es\/noticia\/tarragona-sera-el-punto-de-encuentro-internacional-del-sector-cunicola-de-la-mano-del-irta-y-asescu\/\" \/>\r\n<meta property=\"og:site_name\" content=\"IRTA\" \/>\r\n<meta property=\"article:publisher\" content=\"https:\/\/www.facebook.com\/irtacat\" \/>\r\n<meta property=\"og:image\" content=\"https:\/\/www.irta.cat\/wp-content\/uploads\/Visita-Paeria_02-scaled.jpg\" \/>\r\n\t<meta property=\"og:image:width\" content=\"1920\" \/>\r\n\t<meta property=\"og:image:height\" content=\"1280\" \/>\r\n\t<meta property=\"og:image:type\" content=\"image\/jpeg\" \/>\r\n<meta name=\"twitter:card\" content=\"summary_large_image\" \/>\r\n<meta name=\"twitter:site\" content=\"@irtacat\" \/>\r\n<meta name=\"twitter:label1\" content=\"Tiempo de lectura\" \/>\n\t<meta name=\"twitter:data1\" content=\"2 minutos\" \/>\r\n<script type=\"application\/ld+json\" class=\"yoast-schema-graph\">{\"@context\":\"https:\/\/schema.org\",\"@graph\":[{\"@type\":\"WebPage\",\"@id\":\"https:\/\/www.irta.cat\/es\/noticia\/tarragona-sera-el-punto-de-encuentro-internacional-del-sector-cunicola-de-la-mano-del-irta-y-asescu\/\",\"url\":\"https:\/\/www.irta.cat\/es\/noticia\/tarragona-sera-el-punto-de-encuentro-internacional-del-sector-cunicola-de-la-mano-del-irta-y-asescu\/\",\"name\":\"Tarragona ser\u00e1 el punto de encuentro internacional del sector cun\u00edcola de la mano del IRTA y ASESCU &#187; IRTA\",\"isPartOf\":{\"@id\":\"https:\/\/www.irta.cat\/es\/#website\"},\"primaryImageOfPage\":{\"@id\":\"https:\/\/www.irta.cat\/es\/noticia\/tarragona-sera-el-punto-de-encuentro-internacional-del-sector-cunicola-de-la-mano-del-irta-y-asescu\/#primaryimage\"},\"image\":{\"@id\":\"https:\/\/www.irta.cat\/es\/noticia\/tarragona-sera-el-punto-de-encuentro-internacional-del-sector-cunicola-de-la-mano-del-irta-y-asescu\/#primaryimage\"},\"thumbnailUrl\":\"https:\/\/www.irta.cat\/wp-content\/uploads\/2024\/09\/Tarragona-scaled-1.jpg\",\"datePublished\":\"2024-09-26T11:31:09+00:00\",\"breadcrumb\":{\"@id\":\"https:\/\/www.irta.cat\/es\/noticia\/tarragona-sera-el-punto-de-encuentro-internacional-del-sector-cunicola-de-la-mano-del-irta-y-asescu\/#breadcrumb\"},\"inLanguage\":\"es\",\"potentialAction\":[{\"@type\":\"ReadAction\",\"target\":[\"https:\/\/www.irta.cat\/es\/noticia\/tarragona-sera-el-punto-de-encuentro-internacional-del-sector-cunicola-de-la-mano-del-irta-y-asescu\/\"]}]},{\"@type\":\"ImageObject\",\"inLanguage\":\"es\",\"@id\":\"https:\/\/www.irta.cat\/es\/noticia\/tarragona-sera-el-punto-de-encuentro-internacional-del-sector-cunicola-de-la-mano-del-irta-y-asescu\/#primaryimage\",\"url\":\"https:\/\/www.irta.cat\/wp-content\/uploads\/2024\/09\/Tarragona-scaled-1.jpg\",\"contentUrl\":\"https:\/\/www.irta.cat\/wp-content\/uploads\/2024\/09\/Tarragona-scaled-1.jpg\",\"width\":1920,\"height\":1279},{\"@type\":\"BreadcrumbList\",\"@id\":\"https:\/\/www.irta.cat\/es\/noticia\/tarragona-sera-el-punto-de-encuentro-internacional-del-sector-cunicola-de-la-mano-del-irta-y-asescu\/#breadcrumb\",\"itemListElement\":[{\"@type\":\"ListItem\",\"position\":1,\"name\":\"Inici\",\"item\":\"https:\/\/www.irta.cat\/es\/\"},{\"@type\":\"ListItem\",\"position\":2,\"name\":\"Tarragona ser\u00e1 el punto de encuentro internacional del sector cun\u00edcola de la mano del IRTA y ASESCU\"}]},{\"@type\":\"WebSite\",\"@id\":\"https:\/\/www.irta.cat\/es\/#website\",\"url\":\"https:\/\/www.irta.cat\/es\/\",\"name\":\"IRTA\",\"description\":\"Institut de Recerca i Tecnologia Agroaliment\u00e0ries\",\"publisher\":{\"@id\":\"https:\/\/www.irta.cat\/es\/#organization\"},\"alternateName\":\"%%sitename%% %%sep%% %%title%%\",\"potentialAction\":[{\"@type\":\"SearchAction\",\"target\":{\"@type\":\"EntryPoint\",\"urlTemplate\":\"https:\/\/www.irta.cat\/es\/?s={search_term_string}\"},\"query-input\":{\"@type\":\"PropertyValueSpecification\",\"valueRequired\":true,\"valueName\":\"search_term_string\"}}],\"inLanguage\":\"es\"},{\"@type\":\"Organization\",\"@id\":\"https:\/\/www.irta.cat\/es\/#organization\",\"name\":\"IRTA\",\"url\":\"https:\/\/www.irta.cat\/es\/\",\"logo\":{\"@type\":\"ImageObject\",\"inLanguage\":\"es\",\"@id\":\"https:\/\/www.irta.cat\/es\/#\/schema\/logo\/image\/\",\"url\":\"https:\/\/www.irta.cat\/wp-content\/uploads\/2023\/04\/Logo-IRTA-verm.png\",\"contentUrl\":\"https:\/\/www.irta.cat\/wp-content\/uploads\/2023\/04\/Logo-IRTA-verm.png\",\"width\":1250,\"height\":500,\"caption\":\"IRTA\"},\"image\":{\"@id\":\"https:\/\/www.irta.cat\/es\/#\/schema\/logo\/image\/\"},\"sameAs\":[\"https:\/\/www.facebook.com\/irtacat\",\"https:\/\/x.com\/irtacat\"]}]}<\/script>\r\n<!-- \/ Yoast SEO plugin. -->","yoast_head_json":{"title":"Tarragona ser\u00e1 el punto de encuentro internacional del sector cun\u00edcola de la mano del IRTA y ASESCU &#187; IRTA","robots":{"index":"index","follow":"follow","max-snippet":"max-snippet:-1","max-image-preview":"max-image-preview:large","max-video-preview":"max-video-preview:-1"},"canonical":"https:\/\/www.irta.cat\/es\/noticia\/tarragona-sera-el-punto-de-encuentro-internacional-del-sector-cunicola-de-la-mano-del-irta-y-asescu\/","og_locale":"es_ES","og_type":"article","og_title":"Tarragona ser\u00e1 el punto de encuentro internacional del sector cun\u00edcola de la mano del IRTA y ASESCU &#187; IRTA","og_description":"M\u00e1s de 300 expertos de 31 pa\u00edses se reunir\u00e1n en el World Rabbit Congress 2024 para compartir los \u00faltimos avances en cunicultura y los retos actuales y futuros Del 2 al 4 de octubre&nbsp;de 2024,&nbsp;Tarragona&nbsp;se convertir\u00e1 en el epicentro mundial de la cunicultura con la celebraci\u00f3n del&nbsp;13\u00ba World Rabbit Congress (WRC 2024). Este evento internacional, [&hellip;]","og_url":"https:\/\/www.irta.cat\/es\/noticia\/tarragona-sera-el-punto-de-encuentro-internacional-del-sector-cunicola-de-la-mano-del-irta-y-asescu\/","og_site_name":"IRTA","article_publisher":"https:\/\/www.facebook.com\/irtacat","og_image":[{"width":1920,"height":1280,"url":"https:\/\/www.irta.cat\/wp-content\/uploads\/Visita-Paeria_02-scaled.jpg","type":"image\/jpeg"}],"twitter_card":"summary_large_image","twitter_site":"@irtacat","twitter_misc":{"Tiempo de lectura":"2 minutos"},"schema":{"@context":"https:\/\/schema.org","@graph":[{"@type":"WebPage","@id":"https:\/\/www.irta.cat\/es\/noticia\/tarragona-sera-el-punto-de-encuentro-internacional-del-sector-cunicola-de-la-mano-del-irta-y-asescu\/","url":"https:\/\/www.irta.cat\/es\/noticia\/tarragona-sera-el-punto-de-encuentro-internacional-del-sector-cunicola-de-la-mano-del-irta-y-asescu\/","name":"Tarragona ser\u00e1 el punto de encuentro internacional del sector cun\u00edcola de la mano del IRTA y ASESCU &#187; IRTA","isPartOf":{"@id":"https:\/\/www.irta.cat\/es\/#website"},"primaryImageOfPage":{"@id":"https:\/\/www.irta.cat\/es\/noticia\/tarragona-sera-el-punto-de-encuentro-internacional-del-sector-cunicola-de-la-mano-del-irta-y-asescu\/#primaryimage"},"image":{"@id":"https:\/\/www.irta.cat\/es\/noticia\/tarragona-sera-el-punto-de-encuentro-internacional-del-sector-cunicola-de-la-mano-del-irta-y-asescu\/#primaryimage"},"thumbnailUrl":"https:\/\/www.irta.cat\/wp-content\/uploads\/2024\/09\/Tarragona-scaled-1.jpg","datePublished":"2024-09-26T11:31:09+00:00","breadcrumb":{"@id":"https:\/\/www.irta.cat\/es\/noticia\/tarragona-sera-el-punto-de-encuentro-internacional-del-sector-cunicola-de-la-mano-del-irta-y-asescu\/#breadcrumb"},"inLanguage":"es","potentialAction":[{"@type":"ReadAction","target":["https:\/\/www.irta.cat\/es\/noticia\/tarragona-sera-el-punto-de-encuentro-internacional-del-sector-cunicola-de-la-mano-del-irta-y-asescu\/"]}]},{"@type":"ImageObject","inLanguage":"es","@id":"https:\/\/www.irta.cat\/es\/noticia\/tarragona-sera-el-punto-de-encuentro-internacional-del-sector-cunicola-de-la-mano-del-irta-y-asescu\/#primaryimage","url":"https:\/\/www.irta.cat\/wp-content\/uploads\/2024\/09\/Tarragona-scaled-1.jpg","contentUrl":"https:\/\/www.irta.cat\/wp-content\/uploads\/2024\/09\/Tarragona-scaled-1.jpg","width":1920,"height":1279},{"@type":"BreadcrumbList","@id":"https:\/\/www.irta.cat\/es\/noticia\/tarragona-sera-el-punto-de-encuentro-internacional-del-sector-cunicola-de-la-mano-del-irta-y-asescu\/#breadcrumb","itemListElement":[{"@type":"ListItem","position":1,"name":"Inici","item":"https:\/\/www.irta.cat\/es\/"},{"@type":"ListItem","position":2,"name":"Tarragona ser\u00e1 el punto de encuentro internacional del sector cun\u00edcola de la mano del IRTA y ASESCU"}]},{"@type":"WebSite","@id":"https:\/\/www.irta.cat\/es\/#website","url":"https:\/\/www.irta.cat\/es\/","name":"IRTA","description":"Institut de Recerca i Tecnologia Agroaliment\u00e0ries","publisher":{"@id":"https:\/\/www.irta.cat\/es\/#organization"},"alternateName":"%%sitename%% %%sep%% %%title%%","potentialAction":[{"@type":"SearchAction","target":{"@type":"EntryPoint","urlTemplate":"https:\/\/www.irta.cat\/es\/?s={search_term_string}"},"query-input":{"@type":"PropertyValueSpecification","valueRequired":true,"valueName":"search_term_string"}}],"inLanguage":"es"},{"@type":"Organization","@id":"https:\/\/www.irta.cat\/es\/#organization","name":"IRTA","url":"https:\/\/www.irta.cat\/es\/","logo":{"@type":"ImageObject","inLanguage":"es","@id":"https:\/\/www.irta.cat\/es\/#\/schema\/logo\/image\/","url":"https:\/\/www.irta.cat\/wp-content\/uploads\/2023\/04\/Logo-IRTA-verm.png","contentUrl":"https:\/\/www.irta.cat\/wp-content\/uploads\/2023\/04\/Logo-IRTA-verm.png","width":1250,"height":500,"caption":"IRTA"},"image":{"@id":"https:\/\/www.irta.cat\/es\/#\/schema\/logo\/image\/"},"sameAs":["https:\/\/www.facebook.com\/irtacat","https:\/\/x.com\/irtacat"]}]}},"_links":{"self":[{"href":"https:\/\/www.irta.cat\/es\/wp-json\/wp\/v2\/noticia\/63089","targetHints":{"allow":["GET"]}}],"collection":[{"href":"https:\/\/www.irta.cat\/es\/wp-json\/wp\/v2\/noticia"}],"about":[{"href":"https:\/\/www.irta.cat\/es\/wp-json\/wp\/v2\/types\/noticia"}],"version-history":[{"count":0,"href":"https:\/\/www.irta.cat\/es\/wp-json\/wp\/v2\/noticia\/63089\/revisions"}],"wp:featuredmedia":[{"embeddable":true,"href":"https:\/\/www.irta.cat\/es\/wp-json\/wp\/v2\/media\/72181"}],"wp:attachment":[{"href":"https:\/\/www.irta.cat\/es\/wp-json\/wp\/v2\/media?parent=63089"}],"wp:term":[{"taxonomy":"categoria_noticia","embeddable":true,"href":"https:\/\/www.irta.cat\/es\/wp-json\/wp\/v2\/categoria_noticia?post=63089"},{"taxonomy":"etiqueta_filtrar_noticia","embeddable":true,"href":"https:\/\/www.irta.cat\/es\/wp-json\/wp\/v2\/etiqueta_filtrar_noticia?post=63089"}],"curies":[{"name":"wp","href":"https:\/\/api.w.org\/{rel}","templated":true}]}}