{"id":62915,"date":"2024-06-13T07:52:00","date_gmt":"2024-06-13T05:52:00","guid":{"rendered":"https:\/\/www.irta.cat?post_type=noticia&p=62915"},"modified":"2024-06-13T07:52:00","modified_gmt":"2024-06-13T05:52:00","slug":"gemiplant-un-proyecto-de-exito-para-acercar-la-genomica-al-sector-primario","status":"publish","type":"noticia","link":"https:\/\/www.irta.cat\/es\/noticia\/gemiplant-un-proyecto-de-exito-para-acercar-la-genomica-al-sector-primario\/","title":{"rendered":"GEMIPLANT: un proyecto de \u00e9xito para acercar la gen\u00f3mica al sector primario"},"content":{"rendered":"\n<div class=\"wp-block-group\"><div class=\"wp-block-group__inner-container is-layout-flow wp-block-group-is-layout-flow\">\n<figure class=\"wp-block-image size-large\"><a href=\"https:\/\/www.irta.cat\/wp-content\/uploads\/42634727910_6d4336ffaa_b.jpg\" class=\"fancybox irta-lightbox-bridge\" data-fancybox=\"irta-images\"><img decoding=\"async\" src=\"https:\/\/www.irta.cat\/wp-content\/uploads\/visita1-scaled.jpeg\" alt=\"\" class=\"wp-image-58289\" loading=\"lazy\" \/><\/a><\/figure>\n<\/div><\/div>\n\n\n\n<h2 class=\"wp-block-heading\"><strong>El proyecto GEMIPLANT ha realizado diversas actividades interactivas, incluyendo 4 mesas de di\u00e1logo y 2 jornadas formativas, para transferir conocimientos sobre gen\u00f3mica al sector agr\u00edcola catal\u00e1n.<\/strong><\/h2>\n\n\n\n<h2 class=\"wp-block-heading\"><strong>Durante la jornada t\u00e9cnica del 6 de junio en el CRAG, varios agricultores y otros profesionales del sector primario pudieron comprobar de primera mano la investigaci\u00f3n l\u00edder llevada a cabo en gen\u00f3mica vegetal.<\/strong><\/h2>\n\n\n\n<h2 class=\"wp-block-heading\"><strong>La cuarta y \u00faltima fase del proyecto ha sido la publicaci\u00f3n de dos v\u00eddeos divulgativos que explican el uso de la gen\u00f3mica en la agricultura, disponibles en los canales del IRTA y del CRAG para su difusi\u00f3n y educaci\u00f3n.<\/strong><\/h2>\n\n\n\n<p>El proyecto demostrativo <strong><a href=\"https:\/\/www.irta.cat\/es\/projecte\/gemiplant\/\" target=\"_blank\" rel=\"noreferrer noopener\">GEMIPLANT<\/a><\/strong>, una iniciativa pionera para la transferencia de conocimientos sobre la gen\u00f3mica al sector agr\u00edcola catal\u00e1n, ha finalizado su cuarta y \u00faltima fase, la publicaci\u00f3n de dos v\u00eddeos ilustrados y divulgativos (titulados: <a href=\"https:\/\/www.youtube.com\/watch?v=n3INwTa4XCE\" target=\"_blank\" rel=\"noreferrer noopener\">Conoce lo que comes I: La gen\u00f3mica por la mejora de variedades vegetales<\/a> y <a href=\"https:\/\/www.youtube.com\/watch?v=Q9SHxyPeeCk\" target=\"_blank\" rel=\"noreferrer noopener\">Conoce lo que comes II: La gen\u00f3mica por la identificaci\u00f3n de las variedades vegetales<\/a>) que resumen el uso y la utilidad de la gen\u00f3mica en las variedades vegetales de inter\u00e9s agr\u00edcola. Estos materiales audiovisuales servir\u00e1n como herramienta educativa y de difusi\u00f3n para continuar la labor de transferencia tecnol\u00f3gica iniciada por el proyecto, y se han publicado en los canales correspondientes del IRTA y del CRAG para que todo el mundo tenga acceso.<\/p>\n\n\n\n<figure class=\"wp-block-image size-large\"><a href=\"https:\/\/www.irta.cat\/wp-content\/uploads\/auditori1-scaled.jpeg\" class=\"fancybox irta-lightbox-bridge\" data-fancybox=\"irta-images\"><img decoding=\"async\" src=\"https:\/\/www.irta.cat\/wp-content\/uploads\/auditori1-scaled.jpeg\" alt=\"\" class=\"wp-image-58292\" loading=\"lazy\" \/><\/a><\/figure>\n\n\n\n<p>Antes del verano, el proyecto culmin\u00f3 con \u00e9xito la jornada t\u00e9cnica PATT en el Centro de Investigaci\u00f3n en Agrigen\u00f3mica (CRAG). El 6 de junio esta jornada marc\u00f3 la finalizaci\u00f3n de las fases interactivas del proyecto, que incluyeron 4 mesas de di\u00e1logo en Gerona, L\u00e9rida, Tarragona y Barcelona y dos jornadas formativas PATT en L\u00e9rida y Tarragona. Este proyecto lo ha llevado a cabo un equipo de investigaci\u00f3n del Instituto de Investigaci\u00f3n y Tecnolog\u00eda Agroalimentarias (IRTA) en el CRAG, financiado por el Departamento de Acci\u00f3n Clim\u00e1tica y Agenda Rural (DACC). Durante la jornada, los asistentes tuvieron la oportunidad de participar en sesiones te\u00f3ricas y pr\u00e1cticas, en las que se destac\u00f3 el desarrollo de nuevas variedades vegetales adaptadas a los retos agroalimentarios mediante la gen\u00f3mica, as\u00ed como la identificaci\u00f3n y protecci\u00f3n de variedades vegetales. La jornada incluy\u00f3 una demostraci\u00f3n pr\u00e1ctica de t\u00e9cnicas gen\u00f3micas y una visita a los laboratorios, invernaderos y servicios cient\u00edfico-t\u00e9cnicos del CRAG. La investigadora IRTA en el CRAG Marta Pujol, responsable del proyecto, resalt\u00f3 la importancia de la aplicaci\u00f3n de la gen\u00f3mica en la agricultura, subrayando como \u201cesta tecnolog\u00eda puede acelerar la selecci\u00f3n de nuevas variedades vegetales, reforzar los derechos del obtentor y , en definitiva, ofrecer herramientas que permitan potenciar la innovaci\u00f3n dentro del sector para afrontar los retos actuales y de futuro\u201d.<\/p>\n\n\n\n<figure class=\"wp-block-image size-large\"><a href=\"https:\/\/www.irta.cat\/wp-content\/uploads\/auditori2-scaled.jpg\" class=\"fancybox irta-lightbox-bridge\" data-fancybox=\"irta-images\"><img decoding=\"async\" src=\"https:\/\/www.irta.cat\/wp-content\/uploads\/auditori2-scaled.jpg\" alt=\"\" class=\"wp-image-58295\" loading=\"lazy\" \/><\/a><\/figure>\n\n\n\n<p>As\u00ed pues, GEMIPLANT ha establecido un puente entre la investigaci\u00f3n cient\u00edfica de excelencia y la pr\u00e1ctica agr\u00edcola, abriendo nuevas v\u00edas de colaboraci\u00f3n y conocimiento que, sin duda, podr\u00e1n traducirse en proyectos de transferencia cient\u00edfico-t\u00e9cnica, y que seguro contribuir\u00e1n a un futuro m\u00e1s sostenible y productivo para el sector primario catal\u00e1n.<\/p>\n\n\n\n<figure class=\"wp-block-image size-large is-resized\"><a href=\"https:\/\/www.irta.cat\/wp-content\/uploads\/Logo-FEADER.png\" class=\"fancybox irta-lightbox-bridge\" data-fancybox=\"irta-images\"><img decoding=\"async\" src=\"https:\/\/www.irta.cat\/wp-content\/uploads\/Logo-FEADER.png\" alt=\"\" class=\"wp-image-51623\" height=\"105\" loading=\"lazy\" \/><\/a><\/figure>\n\n\n\n<figure class=\"wp-block-image size-large\"><a href=\"https:\/\/www.irta.cat\/wp-content\/uploads\/2023\/01\/DARPA.jpg\" class=\"fancybox irta-lightbox-bridge\" data-fancybox=\"irta-images\"><img decoding=\"async\" src=\"https:\/\/www.irta.cat\/wp-content\/uploads\/2023\/01\/DARPA.jpg\" alt=\"\" class=\"wp-image-22470\" loading=\"lazy\" \/><\/a><\/figure>\n","protected":false},"featured_media":72145,"template":"","categoria_noticia":[],"etiqueta_filtrar_noticia":[9456,9928,10665],"class_list":["post-62915","noticia","type-noticia","status-publish","has-post-thumbnail","hentry","etiqueta_filtrar_noticia-genomica-vegetal","etiqueta_filtrar_noticia-jornades-de-transferencia","etiqueta_filtrar_noticia-projectes-demostratius"],"acf":[],"yoast_head":"<!-- This site is optimized with the Yoast SEO plugin v26.6 - https:\/\/yoast.com\/wordpress\/plugins\/seo\/ -->\r\n<title>GEMIPLANT: un proyecto de \u00e9xito para acercar la gen\u00f3mica al sector primario &#187; IRTA<\/title>\r\n<meta name=\"robots\" content=\"index, follow, max-snippet:-1, max-image-preview:large, max-video-preview:-1\" \/>\r\n<link rel=\"canonical\" href=\"https:\/\/www.irta.cat\/es\/noticia\/gemiplant-un-proyecto-de-exito-para-acercar-la-genomica-al-sector-primario\/\" \/>\r\n<meta property=\"og:locale\" content=\"es_ES\" \/>\r\n<meta property=\"og:type\" content=\"article\" \/>\r\n<meta property=\"og:title\" content=\"GEMIPLANT: un proyecto de \u00e9xito para acercar la gen\u00f3mica al sector primario &#187; IRTA\" \/>\r\n<meta property=\"og:description\" content=\"El proyecto GEMIPLANT ha realizado diversas actividades interactivas, incluyendo 4 mesas de di\u00e1logo y 2 jornadas formativas, para transferir conocimientos sobre gen\u00f3mica al sector agr\u00edcola catal\u00e1n. Durante la jornada t\u00e9cnica del 6 de junio en el CRAG, varios agricultores y otros profesionales del sector primario pudieron comprobar de primera mano la investigaci\u00f3n l\u00edder llevada a [&hellip;]\" \/>\r\n<meta property=\"og:url\" content=\"https:\/\/www.irta.cat\/es\/noticia\/gemiplant-un-proyecto-de-exito-para-acercar-la-genomica-al-sector-primario\/\" \/>\r\n<meta property=\"og:site_name\" content=\"IRTA\" \/>\r\n<meta property=\"article:publisher\" content=\"https:\/\/www.facebook.com\/irtacat\" \/>\r\n<meta property=\"og:image\" content=\"https:\/\/www.irta.cat\/wp-content\/uploads\/42634727910_6d4336ffaa_b.jpg\" \/>\r\n\t<meta property=\"og:image:width\" content=\"1024\" \/>\r\n\t<meta property=\"og:image:height\" content=\"681\" \/>\r\n\t<meta property=\"og:image:type\" content=\"image\/jpeg\" \/>\r\n<meta name=\"twitter:card\" content=\"summary_large_image\" \/>\r\n<meta name=\"twitter:site\" content=\"@irtacat\" \/>\r\n<meta name=\"twitter:label1\" content=\"Tiempo de lectura\" \/>\n\t<meta name=\"twitter:data1\" content=\"3 minutos\" \/>\r\n<script type=\"application\/ld+json\" class=\"yoast-schema-graph\">{\"@context\":\"https:\/\/schema.org\",\"@graph\":[{\"@type\":\"WebPage\",\"@id\":\"https:\/\/www.irta.cat\/es\/noticia\/gemiplant-un-proyecto-de-exito-para-acercar-la-genomica-al-sector-primario\/\",\"url\":\"https:\/\/www.irta.cat\/es\/noticia\/gemiplant-un-proyecto-de-exito-para-acercar-la-genomica-al-sector-primario\/\",\"name\":\"GEMIPLANT: un proyecto de \u00e9xito para acercar la gen\u00f3mica al sector primario &#187; IRTA\",\"isPartOf\":{\"@id\":\"https:\/\/www.irta.cat\/es\/#website\"},\"primaryImageOfPage\":{\"@id\":\"https:\/\/www.irta.cat\/es\/noticia\/gemiplant-un-proyecto-de-exito-para-acercar-la-genomica-al-sector-primario\/#primaryimage\"},\"image\":{\"@id\":\"https:\/\/www.irta.cat\/es\/noticia\/gemiplant-un-proyecto-de-exito-para-acercar-la-genomica-al-sector-primario\/#primaryimage\"},\"thumbnailUrl\":\"https:\/\/www.irta.cat\/wp-content\/uploads\/2024\/06\/visita1-scaled-2.jpeg\",\"datePublished\":\"2024-06-13T05:52:00+00:00\",\"breadcrumb\":{\"@id\":\"https:\/\/www.irta.cat\/es\/noticia\/gemiplant-un-proyecto-de-exito-para-acercar-la-genomica-al-sector-primario\/#breadcrumb\"},\"inLanguage\":\"es\",\"potentialAction\":[{\"@type\":\"ReadAction\",\"target\":[\"https:\/\/www.irta.cat\/es\/noticia\/gemiplant-un-proyecto-de-exito-para-acercar-la-genomica-al-sector-primario\/\"]}]},{\"@type\":\"ImageObject\",\"inLanguage\":\"es\",\"@id\":\"https:\/\/www.irta.cat\/es\/noticia\/gemiplant-un-proyecto-de-exito-para-acercar-la-genomica-al-sector-primario\/#primaryimage\",\"url\":\"https:\/\/www.irta.cat\/wp-content\/uploads\/2024\/06\/visita1-scaled-2.jpeg\",\"contentUrl\":\"https:\/\/www.irta.cat\/wp-content\/uploads\/2024\/06\/visita1-scaled-2.jpeg\",\"width\":1920,\"height\":1440},{\"@type\":\"BreadcrumbList\",\"@id\":\"https:\/\/www.irta.cat\/es\/noticia\/gemiplant-un-proyecto-de-exito-para-acercar-la-genomica-al-sector-primario\/#breadcrumb\",\"itemListElement\":[{\"@type\":\"ListItem\",\"position\":1,\"name\":\"Inici\",\"item\":\"https:\/\/www.irta.cat\/es\/\"},{\"@type\":\"ListItem\",\"position\":2,\"name\":\"GEMIPLANT: un proyecto de \u00e9xito para acercar la gen\u00f3mica al sector primario\"}]},{\"@type\":\"WebSite\",\"@id\":\"https:\/\/www.irta.cat\/es\/#website\",\"url\":\"https:\/\/www.irta.cat\/es\/\",\"name\":\"IRTA\",\"description\":\"Institut de Recerca i Tecnologia Agroaliment\u00e0ries\",\"publisher\":{\"@id\":\"https:\/\/www.irta.cat\/es\/#organization\"},\"alternateName\":\"%%sitename%% %%sep%% %%title%%\",\"potentialAction\":[{\"@type\":\"SearchAction\",\"target\":{\"@type\":\"EntryPoint\",\"urlTemplate\":\"https:\/\/www.irta.cat\/es\/?s={search_term_string}\"},\"query-input\":{\"@type\":\"PropertyValueSpecification\",\"valueRequired\":true,\"valueName\":\"search_term_string\"}}],\"inLanguage\":\"es\"},{\"@type\":\"Organization\",\"@id\":\"https:\/\/www.irta.cat\/es\/#organization\",\"name\":\"IRTA\",\"url\":\"https:\/\/www.irta.cat\/es\/\",\"logo\":{\"@type\":\"ImageObject\",\"inLanguage\":\"es\",\"@id\":\"https:\/\/www.irta.cat\/es\/#\/schema\/logo\/image\/\",\"url\":\"https:\/\/www.irta.cat\/wp-content\/uploads\/2023\/04\/Logo-IRTA-verm.png\",\"contentUrl\":\"https:\/\/www.irta.cat\/wp-content\/uploads\/2023\/04\/Logo-IRTA-verm.png\",\"width\":1250,\"height\":500,\"caption\":\"IRTA\"},\"image\":{\"@id\":\"https:\/\/www.irta.cat\/es\/#\/schema\/logo\/image\/\"},\"sameAs\":[\"https:\/\/www.facebook.com\/irtacat\",\"https:\/\/x.com\/irtacat\"]}]}<\/script>\r\n<!-- \/ Yoast SEO plugin. -->","yoast_head_json":{"title":"GEMIPLANT: un proyecto de \u00e9xito para acercar la gen\u00f3mica al sector primario &#187; IRTA","robots":{"index":"index","follow":"follow","max-snippet":"max-snippet:-1","max-image-preview":"max-image-preview:large","max-video-preview":"max-video-preview:-1"},"canonical":"https:\/\/www.irta.cat\/es\/noticia\/gemiplant-un-proyecto-de-exito-para-acercar-la-genomica-al-sector-primario\/","og_locale":"es_ES","og_type":"article","og_title":"GEMIPLANT: un proyecto de \u00e9xito para acercar la gen\u00f3mica al sector primario &#187; IRTA","og_description":"El proyecto GEMIPLANT ha realizado diversas actividades interactivas, incluyendo 4 mesas de di\u00e1logo y 2 jornadas formativas, para transferir conocimientos sobre gen\u00f3mica al sector agr\u00edcola catal\u00e1n. Durante la jornada t\u00e9cnica del 6 de junio en el CRAG, varios agricultores y otros profesionales del sector primario pudieron comprobar de primera mano la investigaci\u00f3n l\u00edder llevada a [&hellip;]","og_url":"https:\/\/www.irta.cat\/es\/noticia\/gemiplant-un-proyecto-de-exito-para-acercar-la-genomica-al-sector-primario\/","og_site_name":"IRTA","article_publisher":"https:\/\/www.facebook.com\/irtacat","og_image":[{"width":1024,"height":681,"url":"https:\/\/www.irta.cat\/wp-content\/uploads\/42634727910_6d4336ffaa_b.jpg","type":"image\/jpeg"}],"twitter_card":"summary_large_image","twitter_site":"@irtacat","twitter_misc":{"Tiempo de lectura":"3 minutos"},"schema":{"@context":"https:\/\/schema.org","@graph":[{"@type":"WebPage","@id":"https:\/\/www.irta.cat\/es\/noticia\/gemiplant-un-proyecto-de-exito-para-acercar-la-genomica-al-sector-primario\/","url":"https:\/\/www.irta.cat\/es\/noticia\/gemiplant-un-proyecto-de-exito-para-acercar-la-genomica-al-sector-primario\/","name":"GEMIPLANT: un proyecto de \u00e9xito para acercar la gen\u00f3mica al sector primario &#187; IRTA","isPartOf":{"@id":"https:\/\/www.irta.cat\/es\/#website"},"primaryImageOfPage":{"@id":"https:\/\/www.irta.cat\/es\/noticia\/gemiplant-un-proyecto-de-exito-para-acercar-la-genomica-al-sector-primario\/#primaryimage"},"image":{"@id":"https:\/\/www.irta.cat\/es\/noticia\/gemiplant-un-proyecto-de-exito-para-acercar-la-genomica-al-sector-primario\/#primaryimage"},"thumbnailUrl":"https:\/\/www.irta.cat\/wp-content\/uploads\/2024\/06\/visita1-scaled-2.jpeg","datePublished":"2024-06-13T05:52:00+00:00","breadcrumb":{"@id":"https:\/\/www.irta.cat\/es\/noticia\/gemiplant-un-proyecto-de-exito-para-acercar-la-genomica-al-sector-primario\/#breadcrumb"},"inLanguage":"es","potentialAction":[{"@type":"ReadAction","target":["https:\/\/www.irta.cat\/es\/noticia\/gemiplant-un-proyecto-de-exito-para-acercar-la-genomica-al-sector-primario\/"]}]},{"@type":"ImageObject","inLanguage":"es","@id":"https:\/\/www.irta.cat\/es\/noticia\/gemiplant-un-proyecto-de-exito-para-acercar-la-genomica-al-sector-primario\/#primaryimage","url":"https:\/\/www.irta.cat\/wp-content\/uploads\/2024\/06\/visita1-scaled-2.jpeg","contentUrl":"https:\/\/www.irta.cat\/wp-content\/uploads\/2024\/06\/visita1-scaled-2.jpeg","width":1920,"height":1440},{"@type":"BreadcrumbList","@id":"https:\/\/www.irta.cat\/es\/noticia\/gemiplant-un-proyecto-de-exito-para-acercar-la-genomica-al-sector-primario\/#breadcrumb","itemListElement":[{"@type":"ListItem","position":1,"name":"Inici","item":"https:\/\/www.irta.cat\/es\/"},{"@type":"ListItem","position":2,"name":"GEMIPLANT: un proyecto de \u00e9xito para acercar la gen\u00f3mica al sector primario"}]},{"@type":"WebSite","@id":"https:\/\/www.irta.cat\/es\/#website","url":"https:\/\/www.irta.cat\/es\/","name":"IRTA","description":"Institut de Recerca i Tecnologia Agroaliment\u00e0ries","publisher":{"@id":"https:\/\/www.irta.cat\/es\/#organization"},"alternateName":"%%sitename%% %%sep%% %%title%%","potentialAction":[{"@type":"SearchAction","target":{"@type":"EntryPoint","urlTemplate":"https:\/\/www.irta.cat\/es\/?s={search_term_string}"},"query-input":{"@type":"PropertyValueSpecification","valueRequired":true,"valueName":"search_term_string"}}],"inLanguage":"es"},{"@type":"Organization","@id":"https:\/\/www.irta.cat\/es\/#organization","name":"IRTA","url":"https:\/\/www.irta.cat\/es\/","logo":{"@type":"ImageObject","inLanguage":"es","@id":"https:\/\/www.irta.cat\/es\/#\/schema\/logo\/image\/","url":"https:\/\/www.irta.cat\/wp-content\/uploads\/2023\/04\/Logo-IRTA-verm.png","contentUrl":"https:\/\/www.irta.cat\/wp-content\/uploads\/2023\/04\/Logo-IRTA-verm.png","width":1250,"height":500,"caption":"IRTA"},"image":{"@id":"https:\/\/www.irta.cat\/es\/#\/schema\/logo\/image\/"},"sameAs":["https:\/\/www.facebook.com\/irtacat","https:\/\/x.com\/irtacat"]}]}},"_links":{"self":[{"href":"https:\/\/www.irta.cat\/es\/wp-json\/wp\/v2\/noticia\/62915","targetHints":{"allow":["GET"]}}],"collection":[{"href":"https:\/\/www.irta.cat\/es\/wp-json\/wp\/v2\/noticia"}],"about":[{"href":"https:\/\/www.irta.cat\/es\/wp-json\/wp\/v2\/types\/noticia"}],"version-history":[{"count":0,"href":"https:\/\/www.irta.cat\/es\/wp-json\/wp\/v2\/noticia\/62915\/revisions"}],"wp:featuredmedia":[{"embeddable":true,"href":"https:\/\/www.irta.cat\/es\/wp-json\/wp\/v2\/media\/72145"}],"wp:attachment":[{"href":"https:\/\/www.irta.cat\/es\/wp-json\/wp\/v2\/media?parent=62915"}],"wp:term":[{"taxonomy":"categoria_noticia","embeddable":true,"href":"https:\/\/www.irta.cat\/es\/wp-json\/wp\/v2\/categoria_noticia?post=62915"},{"taxonomy":"etiqueta_filtrar_noticia","embeddable":true,"href":"https:\/\/www.irta.cat\/es\/wp-json\/wp\/v2\/etiqueta_filtrar_noticia?post=62915"}],"curies":[{"name":"wp","href":"https:\/\/api.w.org\/{rel}","templated":true}]}}