{"id":62718,"date":"2024-06-14T07:25:11","date_gmt":"2024-06-14T05:25:11","guid":{"rendered":"https:\/\/www.irta.cat?post_type=noticia&p=62718"},"modified":"2024-06-14T07:25:11","modified_gmt":"2024-06-14T05:25:11","slug":"el-irta-inicia-el-estudio-de-la-huella-de-carbono-de-toda-la-organizacion","status":"publish","type":"noticia","link":"https:\/\/www.irta.cat\/es\/noticia\/el-irta-inicia-el-estudio-de-la-huella-de-carbono-de-toda-la-organizacion\/","title":{"rendered":"El IRTA inicia el estudio de la Huella de Carbono de toda la organizaci\u00f3n"},"content":{"rendered":"\n\n\n<figure class=\"wp-block-image size-large\"><a href=\"https:\/\/www.irta.cat\/wp-content\/uploads\/7.png\" class=\"fancybox irta-lightbox-bridge\" data-fancybox=\"irta-images\"><img decoding=\"async\" src=\"https:\/\/www.irta.cat\/wp-content\/uploads\/7.png\" alt=\"\" class=\"wp-image-57227\" loading=\"lazy\" \/><\/a><\/figure>\n\n\n\n<h2 class=\"wp-block-heading\">El objetivo es conocer el impacto directo e indirecto sobre el cambio clim\u00e1tico que se deriva de la actividad de la entidad e identificar acciones de mejora<\/h2>\n\n\n\n<h2 class=\"wp-block-heading\">Los datos que se recogen para hacer el estudio son entradas y salidas econ\u00f3micas, combusti\u00f3n de veh\u00edculos, aplicaci\u00f3n de fitosanitarios y emisiones de la fermentaci\u00f3n ent\u00e9rica, entre otros<\/h2>\n\n\n\n<h2 class=\"wp-block-heading\">Se establecer\u00e1 un procedimiento propio de recolecci\u00f3n de datos que servir\u00e1 para ser m\u00e1s eficientes en futuros estudios<\/h2>\n\n\n\n<p>Teniendo en cuenta la creciente preocupaci\u00f3n por el medio ambiente y la implementaci\u00f3n de normativas m\u00e1s restrictivas en este \u00e1mbito, la IRTA (Instituto de Investigaci\u00f3n y Tecnolog\u00eda Agroalimentarias) ha iniciado este a\u00f1o el estudio de la Huella de Carbono que produce toda la organizaci\u00f3n.<\/p>\n\n\n\n<p>La Huella de Carbono de una organizaci\u00f3n es la cantidad limpia de gases con efecto invernadero (GEH) que emite la organizaci\u00f3n objeto de estudio durante un periodo determinado. Estas emisiones permiten cuantificar el impacto que las actividades de la organizaci\u00f3n tienen sobre el cambio clim\u00e1tico a trav\u00e9s de una unidad de medida est\u00e1ndar que son los kg de CO2 equivalentes emitidos a la atm\u00f3sfera.<\/p>\n\n\n\n<p>De este modo, se quiere conocer el impacto directo e indirecto sobre el cambio clim\u00e1tico que se deriva de la actividad de la IRTA, as\u00ed como detectar los puntos m\u00e1s contribuyentes al impacto clim\u00e1tico de la organizaci\u00f3n para aportar informaci\u00f3n estrat\u00e9gica por la definici\u00f3n de objetivos de mejora, identificar alternativas y valorar soluciones.<\/p>\n\n\n\n<p>El proyecto lo lleva a cabo el equipo de An\u00e1lisis de Ciclo de Vida (ACV) del programa de Sostenibilidad en Biosistemas de la IRTA con la previsi\u00f3n de finalizarlo a principios del 2025. Espec\u00edficamente, la persona encargada de desarrollarlo es la t\u00e9cnica del programa Nuria Mart\u00ednez.<\/p>\n\n\n\n<p>El estudio de la Huella de Carbono se realiza de acuerdo con la herramienta de cuantificaci\u00f3n de ACV. Este es un m\u00e9todo de evaluaci\u00f3n cuantitativa de los impactos ambientales normalizados (I.S.O., 2006), incidiendo en todos los aspectos ambientales que puedan, en \u00faltimo t\u00e9rmino, afectar la salud de los seres humanos, la calidad de los ecosistemas y\/o el agotamiento de recursos naturales. As\u00ed mismo, est\u00e1 en l\u00ednea con la ISO 14064-1 (2018) y el Protocolo de Gases d\u2018Efecto Invernadero (2004).<\/p>\n\n\n\n<figure class=\"wp-block-image size-large\"><a href=\"https:\/\/www.irta.cat\/wp-content\/uploads\/2018\/04\/3-scaled.jpg\" class=\"fancybox irta-lightbox-bridge\" data-fancybox=\"irta-images\"><img decoding=\"async\" src=\"https:\/\/www.irta.cat\/wp-content\/uploads\/2018\/04\/3-scaled.jpg\" alt=\"\" class=\"wp-image-57235\" loading=\"lazy\" \/><\/a><\/figure>\n\n\n\n<h3 class=\"wp-block-heading\"><strong>Torre Marimon sirvi\u00f3 como prueba piloto hace dos a\u00f1os<\/strong><\/h3>\n\n\n\n<p>El a\u00f1o 2022 se hizo una prueba piloto calculando la Huella de Carbono del centro Torre Marimon de Caldes de Montbui con los datos del 2019 (antes de la COVID) como referencia. De este modo, se valor\u00f3 la forma m\u00e1s eficiente para replicar este estudio a todo la IRTA y facilitar su ejecuci\u00f3n en un futuro.<\/p>\n\n\n\n<p>Los datos que se utilizan para la realizaci\u00f3n del estudio son las emisiones de la fermentaci\u00f3n ent\u00e9rica de las granjas de vacuno o la aplicaci\u00f3n de fitosanitarios en el campo, entre otros. Adem\u00e1s, se contabilizan las entradas y salidas econ\u00f3micas como, por ejemplo, las compras, las inversiones y las ventas, as\u00ed como la combusti\u00f3n de los veh\u00edculos que se utilizan para desplazarse hasta el centro de trabajo.<\/p>\n\n\n\n<p>A partir de los datos recogidos con este estudio, se crear\u00e1 una base de referencia para analizar la evoluci\u00f3n del impacto de la organizaci\u00f3n al cambio clim\u00e1tico a lo largo de los a\u00f1os. As\u00ed, se podr\u00e1 comparar los resultados de futuros estudios con los de este a\u00f1o y saber si la Huella de Carbono de la IRTA ha subido o ha bajado.<\/p>\n\n\n\n<p>Tambi\u00e9n, se establecer\u00e1 un procedimiento propio por la recolecci\u00f3n de datos, de acuerdo con el Protocolo de Gases d\u2018Efecto Invernadero, que servir\u00e1 a la entidad ser m\u00e1s eficientes en futuros estudios.<\/p>\n\n\n\n<p>Con estas acciones, adem\u00e1s, se quiere concienciar al personal IRTA de la importancia de sus acciones en relaci\u00f3n con los impactos ambientales que se generan en su puesto de trabajo y como se podr\u00edan disminuir incorporando buenas pr\u00e1cticas. As\u00ed mismo, de los resultados de las huellas se derivar\u00e1n planes de mitigaci\u00f3n que la misma instituci\u00f3n tambi\u00e9n podr\u00e1 ir implementando.<\/p>\n","protected":false},"featured_media":72103,"template":"","categoria_noticia":[],"etiqueta_filtrar_noticia":[8166],"class_list":["post-62718","noticia","type-noticia","status-publish","has-post-thumbnail","hentry","etiqueta_filtrar_noticia-sostenibilitat"],"acf":[],"yoast_head":"<!-- This site is optimized with the Yoast SEO plugin v26.6 - https:\/\/yoast.com\/wordpress\/plugins\/seo\/ -->\r\n<title>El IRTA inicia el estudio de la Huella de Carbono de toda la organizaci\u00f3n &#187; IRTA<\/title>\r\n<meta name=\"robots\" content=\"index, follow, max-snippet:-1, max-image-preview:large, max-video-preview:-1\" \/>\r\n<link rel=\"canonical\" href=\"https:\/\/www.irta.cat\/es\/noticia\/el-irta-inicia-el-estudio-de-la-huella-de-carbono-de-toda-la-organizacion\/\" \/>\r\n<meta property=\"og:locale\" content=\"es_ES\" \/>\r\n<meta property=\"og:type\" content=\"article\" \/>\r\n<meta property=\"og:title\" content=\"El IRTA inicia el estudio de la Huella de Carbono de toda la organizaci\u00f3n &#187; IRTA\" \/>\r\n<meta property=\"og:description\" content=\"El objetivo es conocer el impacto directo e indirecto sobre el cambio clim\u00e1tico que se deriva de la actividad de la entidad e identificar acciones de mejora Los datos que se recogen para hacer el estudio son entradas y salidas econ\u00f3micas, combusti\u00f3n de veh\u00edculos, aplicaci\u00f3n de fitosanitarios y emisiones de la fermentaci\u00f3n ent\u00e9rica, entre otros [&hellip;]\" \/>\r\n<meta property=\"og:url\" content=\"https:\/\/www.irta.cat\/es\/noticia\/el-irta-inicia-el-estudio-de-la-huella-de-carbono-de-toda-la-organizacion\/\" \/>\r\n<meta property=\"og:site_name\" content=\"IRTA\" \/>\r\n<meta property=\"article:publisher\" content=\"https:\/\/www.facebook.com\/irtacat\" \/>\r\n<meta property=\"og:image\" content=\"https:\/\/www.irta.cat\/wp-content\/uploads\/2025\/02\/Logo-IRTA-verm.png\" \/>\r\n\t<meta property=\"og:image:width\" content=\"1250\" \/>\r\n\t<meta property=\"og:image:height\" content=\"500\" \/>\r\n\t<meta property=\"og:image:type\" content=\"image\/png\" \/>\r\n<meta name=\"twitter:card\" content=\"summary_large_image\" \/>\r\n<meta name=\"twitter:site\" content=\"@irtacat\" \/>\r\n<meta name=\"twitter:label1\" content=\"Tiempo de lectura\" \/>\n\t<meta name=\"twitter:data1\" content=\"4 minutos\" \/>\r\n<script type=\"application\/ld+json\" class=\"yoast-schema-graph\">{\"@context\":\"https:\/\/schema.org\",\"@graph\":[{\"@type\":\"WebPage\",\"@id\":\"https:\/\/www.irta.cat\/es\/noticia\/el-irta-inicia-el-estudio-de-la-huella-de-carbono-de-toda-la-organizacion\/\",\"url\":\"https:\/\/www.irta.cat\/es\/noticia\/el-irta-inicia-el-estudio-de-la-huella-de-carbono-de-toda-la-organizacion\/\",\"name\":\"El IRTA inicia el estudio de la Huella de Carbono de toda la organizaci\u00f3n &#187; IRTA\",\"isPartOf\":{\"@id\":\"https:\/\/www.irta.cat\/es\/#website\"},\"primaryImageOfPage\":{\"@id\":\"https:\/\/www.irta.cat\/es\/noticia\/el-irta-inicia-el-estudio-de-la-huella-de-carbono-de-toda-la-organizacion\/#primaryimage\"},\"image\":{\"@id\":\"https:\/\/www.irta.cat\/es\/noticia\/el-irta-inicia-el-estudio-de-la-huella-de-carbono-de-toda-la-organizacion\/#primaryimage\"},\"thumbnailUrl\":\"https:\/\/www.irta.cat\/wp-content\/uploads\/2024\/06\/7.png\",\"datePublished\":\"2024-06-14T05:25:11+00:00\",\"breadcrumb\":{\"@id\":\"https:\/\/www.irta.cat\/es\/noticia\/el-irta-inicia-el-estudio-de-la-huella-de-carbono-de-toda-la-organizacion\/#breadcrumb\"},\"inLanguage\":\"es\",\"potentialAction\":[{\"@type\":\"ReadAction\",\"target\":[\"https:\/\/www.irta.cat\/es\/noticia\/el-irta-inicia-el-estudio-de-la-huella-de-carbono-de-toda-la-organizacion\/\"]}]},{\"@type\":\"ImageObject\",\"inLanguage\":\"es\",\"@id\":\"https:\/\/www.irta.cat\/es\/noticia\/el-irta-inicia-el-estudio-de-la-huella-de-carbono-de-toda-la-organizacion\/#primaryimage\",\"url\":\"https:\/\/www.irta.cat\/wp-content\/uploads\/2024\/06\/7.png\",\"contentUrl\":\"https:\/\/www.irta.cat\/wp-content\/uploads\/2024\/06\/7.png\",\"width\":1000,\"height\":500},{\"@type\":\"BreadcrumbList\",\"@id\":\"https:\/\/www.irta.cat\/es\/noticia\/el-irta-inicia-el-estudio-de-la-huella-de-carbono-de-toda-la-organizacion\/#breadcrumb\",\"itemListElement\":[{\"@type\":\"ListItem\",\"position\":1,\"name\":\"Inici\",\"item\":\"https:\/\/www.irta.cat\/es\/\"},{\"@type\":\"ListItem\",\"position\":2,\"name\":\"El IRTA inicia el estudio de la Huella de Carbono de toda la organizaci\u00f3n\"}]},{\"@type\":\"WebSite\",\"@id\":\"https:\/\/www.irta.cat\/es\/#website\",\"url\":\"https:\/\/www.irta.cat\/es\/\",\"name\":\"IRTA\",\"description\":\"Institut de Recerca i Tecnologia Agroaliment\u00e0ries\",\"publisher\":{\"@id\":\"https:\/\/www.irta.cat\/es\/#organization\"},\"alternateName\":\"%%sitename%% %%sep%% %%title%%\",\"potentialAction\":[{\"@type\":\"SearchAction\",\"target\":{\"@type\":\"EntryPoint\",\"urlTemplate\":\"https:\/\/www.irta.cat\/es\/?s={search_term_string}\"},\"query-input\":{\"@type\":\"PropertyValueSpecification\",\"valueRequired\":true,\"valueName\":\"search_term_string\"}}],\"inLanguage\":\"es\"},{\"@type\":\"Organization\",\"@id\":\"https:\/\/www.irta.cat\/es\/#organization\",\"name\":\"IRTA\",\"url\":\"https:\/\/www.irta.cat\/es\/\",\"logo\":{\"@type\":\"ImageObject\",\"inLanguage\":\"es\",\"@id\":\"https:\/\/www.irta.cat\/es\/#\/schema\/logo\/image\/\",\"url\":\"https:\/\/www.irta.cat\/wp-content\/uploads\/2023\/04\/Logo-IRTA-verm.png\",\"contentUrl\":\"https:\/\/www.irta.cat\/wp-content\/uploads\/2023\/04\/Logo-IRTA-verm.png\",\"width\":1250,\"height\":500,\"caption\":\"IRTA\"},\"image\":{\"@id\":\"https:\/\/www.irta.cat\/es\/#\/schema\/logo\/image\/\"},\"sameAs\":[\"https:\/\/www.facebook.com\/irtacat\",\"https:\/\/x.com\/irtacat\"]}]}<\/script>\r\n<!-- \/ Yoast SEO plugin. -->","yoast_head_json":{"title":"El IRTA inicia el estudio de la Huella de Carbono de toda la organizaci\u00f3n &#187; IRTA","robots":{"index":"index","follow":"follow","max-snippet":"max-snippet:-1","max-image-preview":"max-image-preview:large","max-video-preview":"max-video-preview:-1"},"canonical":"https:\/\/www.irta.cat\/es\/noticia\/el-irta-inicia-el-estudio-de-la-huella-de-carbono-de-toda-la-organizacion\/","og_locale":"es_ES","og_type":"article","og_title":"El IRTA inicia el estudio de la Huella de Carbono de toda la organizaci\u00f3n &#187; IRTA","og_description":"El objetivo es conocer el impacto directo e indirecto sobre el cambio clim\u00e1tico que se deriva de la actividad de la entidad e identificar acciones de mejora Los datos que se recogen para hacer el estudio son entradas y salidas econ\u00f3micas, combusti\u00f3n de veh\u00edculos, aplicaci\u00f3n de fitosanitarios y emisiones de la fermentaci\u00f3n ent\u00e9rica, entre otros [&hellip;]","og_url":"https:\/\/www.irta.cat\/es\/noticia\/el-irta-inicia-el-estudio-de-la-huella-de-carbono-de-toda-la-organizacion\/","og_site_name":"IRTA","article_publisher":"https:\/\/www.facebook.com\/irtacat","og_image":[{"width":1250,"height":500,"url":"https:\/\/www.irta.cat\/wp-content\/uploads\/2025\/02\/Logo-IRTA-verm.png","type":"image\/png"}],"twitter_card":"summary_large_image","twitter_site":"@irtacat","twitter_misc":{"Tiempo de lectura":"4 minutos"},"schema":{"@context":"https:\/\/schema.org","@graph":[{"@type":"WebPage","@id":"https:\/\/www.irta.cat\/es\/noticia\/el-irta-inicia-el-estudio-de-la-huella-de-carbono-de-toda-la-organizacion\/","url":"https:\/\/www.irta.cat\/es\/noticia\/el-irta-inicia-el-estudio-de-la-huella-de-carbono-de-toda-la-organizacion\/","name":"El IRTA inicia el estudio de la Huella de Carbono de toda la organizaci\u00f3n &#187; IRTA","isPartOf":{"@id":"https:\/\/www.irta.cat\/es\/#website"},"primaryImageOfPage":{"@id":"https:\/\/www.irta.cat\/es\/noticia\/el-irta-inicia-el-estudio-de-la-huella-de-carbono-de-toda-la-organizacion\/#primaryimage"},"image":{"@id":"https:\/\/www.irta.cat\/es\/noticia\/el-irta-inicia-el-estudio-de-la-huella-de-carbono-de-toda-la-organizacion\/#primaryimage"},"thumbnailUrl":"https:\/\/www.irta.cat\/wp-content\/uploads\/2024\/06\/7.png","datePublished":"2024-06-14T05:25:11+00:00","breadcrumb":{"@id":"https:\/\/www.irta.cat\/es\/noticia\/el-irta-inicia-el-estudio-de-la-huella-de-carbono-de-toda-la-organizacion\/#breadcrumb"},"inLanguage":"es","potentialAction":[{"@type":"ReadAction","target":["https:\/\/www.irta.cat\/es\/noticia\/el-irta-inicia-el-estudio-de-la-huella-de-carbono-de-toda-la-organizacion\/"]}]},{"@type":"ImageObject","inLanguage":"es","@id":"https:\/\/www.irta.cat\/es\/noticia\/el-irta-inicia-el-estudio-de-la-huella-de-carbono-de-toda-la-organizacion\/#primaryimage","url":"https:\/\/www.irta.cat\/wp-content\/uploads\/2024\/06\/7.png","contentUrl":"https:\/\/www.irta.cat\/wp-content\/uploads\/2024\/06\/7.png","width":1000,"height":500},{"@type":"BreadcrumbList","@id":"https:\/\/www.irta.cat\/es\/noticia\/el-irta-inicia-el-estudio-de-la-huella-de-carbono-de-toda-la-organizacion\/#breadcrumb","itemListElement":[{"@type":"ListItem","position":1,"name":"Inici","item":"https:\/\/www.irta.cat\/es\/"},{"@type":"ListItem","position":2,"name":"El IRTA inicia el estudio de la Huella de Carbono de toda la organizaci\u00f3n"}]},{"@type":"WebSite","@id":"https:\/\/www.irta.cat\/es\/#website","url":"https:\/\/www.irta.cat\/es\/","name":"IRTA","description":"Institut de Recerca i Tecnologia Agroaliment\u00e0ries","publisher":{"@id":"https:\/\/www.irta.cat\/es\/#organization"},"alternateName":"%%sitename%% %%sep%% %%title%%","potentialAction":[{"@type":"SearchAction","target":{"@type":"EntryPoint","urlTemplate":"https:\/\/www.irta.cat\/es\/?s={search_term_string}"},"query-input":{"@type":"PropertyValueSpecification","valueRequired":true,"valueName":"search_term_string"}}],"inLanguage":"es"},{"@type":"Organization","@id":"https:\/\/www.irta.cat\/es\/#organization","name":"IRTA","url":"https:\/\/www.irta.cat\/es\/","logo":{"@type":"ImageObject","inLanguage":"es","@id":"https:\/\/www.irta.cat\/es\/#\/schema\/logo\/image\/","url":"https:\/\/www.irta.cat\/wp-content\/uploads\/2023\/04\/Logo-IRTA-verm.png","contentUrl":"https:\/\/www.irta.cat\/wp-content\/uploads\/2023\/04\/Logo-IRTA-verm.png","width":1250,"height":500,"caption":"IRTA"},"image":{"@id":"https:\/\/www.irta.cat\/es\/#\/schema\/logo\/image\/"},"sameAs":["https:\/\/www.facebook.com\/irtacat","https:\/\/x.com\/irtacat"]}]}},"_links":{"self":[{"href":"https:\/\/www.irta.cat\/es\/wp-json\/wp\/v2\/noticia\/62718","targetHints":{"allow":["GET"]}}],"collection":[{"href":"https:\/\/www.irta.cat\/es\/wp-json\/wp\/v2\/noticia"}],"about":[{"href":"https:\/\/www.irta.cat\/es\/wp-json\/wp\/v2\/types\/noticia"}],"version-history":[{"count":0,"href":"https:\/\/www.irta.cat\/es\/wp-json\/wp\/v2\/noticia\/62718\/revisions"}],"wp:featuredmedia":[{"embeddable":true,"href":"https:\/\/www.irta.cat\/es\/wp-json\/wp\/v2\/media\/72103"}],"wp:attachment":[{"href":"https:\/\/www.irta.cat\/es\/wp-json\/wp\/v2\/media?parent=62718"}],"wp:term":[{"taxonomy":"categoria_noticia","embeddable":true,"href":"https:\/\/www.irta.cat\/es\/wp-json\/wp\/v2\/categoria_noticia?post=62718"},{"taxonomy":"etiqueta_filtrar_noticia","embeddable":true,"href":"https:\/\/www.irta.cat\/es\/wp-json\/wp\/v2\/etiqueta_filtrar_noticia?post=62718"}],"curies":[{"name":"wp","href":"https:\/\/api.w.org\/{rel}","templated":true}]}}