{"id":62685,"date":"2024-06-14T09:25:33","date_gmt":"2024-06-14T07:25:33","guid":{"rendered":"https:\/\/www.irta.cat?post_type=noticia&p=62685"},"modified":"2024-06-14T09:25:33","modified_gmt":"2024-06-14T07:25:33","slug":"un-estudio-del-irta-contribuye-a-hacer-frente-al-sindrome-respiratorio-bovino-en-las-granjas-de-engorde","status":"publish","type":"noticia","link":"https:\/\/www.irta.cat\/es\/noticia\/un-estudio-del-irta-contribuye-a-hacer-frente-al-sindrome-respiratorio-bovino-en-las-granjas-de-engorde\/","title":{"rendered":"Un estudio del IRTA contribuye a hacer frente al s\u00edndrome respiratorio bovino en las granjas de engorde"},"content":{"rendered":"\n<div class=\"wp-block-image\"><figure class=\"aligncenter size-full is-resized\"><a href=\"https:\/\/www.irta.cat\/wp-content\/uploads\/Montgai-1-of-1-scaled-1-scaled.jpeg\" class=\"fancybox irta-lightbox-bridge\" data-fancybox=\"irta-images\"><img decoding=\"async\" src=\"https:\/\/www.irta.cat\/wp-content\/uploads\/Montgai-1-of-1-scaled-1-scaled.jpeg\" alt=\"\" class=\"wp-image-57247\" width=\"750\" loading=\"lazy\" \/><\/a><\/figure><\/div>\n\n\n\n<h2 class=\"wp-block-heading\"><strong>Es una de las principales causas de mortalidad entre los terneros lactantes<\/strong><\/h2>\n\n\n\n<h2 class=\"wp-block-heading\"><strong>El proyecto demostrativo IMMUNOCALF confirma que la eficiencia de las vacunas contra esta enfermedad es menor cuando los terneros conservan las defensas que les ha aportado el calostro de la madre<\/strong><\/h2>\n\n\n\n<h2 class=\"wp-block-heading\"><strong>Con esta informaci\u00f3n, se podr\u00e1n establecer pautas de vacunaci\u00f3n en funci\u00f3n de la inmunidad maternal de los terneros al llegar a la granja de engorde<\/strong><\/h2>\n\n\n\n<p>En Catalu\u00f1a, m\u00e1s de un 80% de los terneros que llegan a las granjas de engorde proceden de granjas lecheras. Sus or\u00edgenes son diversos, as\u00ed como sus edades y la forma en que han sido nutridos. As\u00ed, pueden llegar con m\u00e1s o menos semanas de vida y habiendo ingerido m\u00e1s o menos calostro. El calostro es la primera leche de la madre, que aporta a los reci\u00e9n nacidos las defensas de su progenitora en forma de inmunoglobulinas G. Pero, con el paso de las semanas, esta inmunidad maternal se pierde y entonces las vacunas son una de las piezas claves para combatir, entre otros, el s\u00edndrome respiratorio bovino, una de las principales causas de enfermedad o muerte entre los terneros lactantes, junto con las patolog\u00edas digestivas. En este contexto, <strong>sin saber cu\u00e1nto calostro han consumido y cu\u00e1l es el estado inmunol\u00f3gico de los terneros que les llegan, los veterinarios y ganaderos de las granjas de engorde carecen de herramientas para optimizar la pauta de vacunaci\u00f3n para los animales. <a href=\"https:\/\/www.irta.cat\/es\/coneixer-la-immunitat-maternal-dels-vedells-pot-ajudar-a-reduir-la-sindrome-respiratoria-bovina\/\" target=\"_blank\" rel=\"noreferrer noopener\">IMMUNOCALF<\/a>, un proyecto demostrativo del Instituto de Investigaci\u00f3n y Tecnolog\u00eda Agroalimentarias (IRTA), est\u00e1 contribuyendo a mejorar esta situaci\u00f3n.<\/strong><\/p>\n\n\n\n<p>A partir de un estudio con 200 terneros de lecher\u00edas y 270 terneros llegados a las granjas de engorde, las investigadoras que han llevado a cabo este proyecto quer\u00edan confirmar un hecho que ya se hab\u00eda comprobado en los terneros de pocos d\u00edas de vida: <strong>la inmunidad que les aporta el calostro de la madre interfiere en la eficiencia de las vacunas. \u00abQuer\u00edamos ver si esto tambi\u00e9n ocurre cuando llegan a las granjas, y nuestros resultados indican que s\u00ed\u00bb<\/strong>, resume S\u00f2nia Mart\u00ed, responsable de INMUNOCALF e investigadora del programa de <a href=\"https:\/\/www.irta.cat\/es\/grup\/produccion-de-rumiantes\/\" target=\"_blank\" rel=\"noreferrer noopener\">Producci\u00f3n de Rumiantes<\/a> del IRTA.<\/p>\n\n\n\n<p><strong>La clave, una enzima que hace de biomarcador<\/strong><\/p>\n\n\n\n<p>Para estudiarlo, el equipo del IRTA, junto con el Departamento de Bioqu\u00edmica y Biolog\u00eda Molecular de la Facultad de Veterinaria de la UAB, se fij\u00f3 en una enzima. <em>\u201cEn un estudio previo, hab\u00edamos identificado que la gama-glutamil transferasa (GGT) era un buen biomarcador de la cantidad de calostro ingerida por el becerro despu\u00e9s de nacer, cuando la med\u00edamos a la llegada de los terneros a las granjas de engorde. As\u00ed pues, pensamos que tambi\u00e9n podr\u00eda indicarnos la interferencia de la inmunidad maternal en la eficiencia de las vacunas\u201d<\/em>.<\/p>\n\n\n\n<p>En el marco del proyecto IMMUNOCALF, se extrajeron muestras de sangre de los terneros para cuantificar su concentraci\u00f3n de GGT y despu\u00e9s se analiz\u00f3 la eficiencia de las vacunas que se les hab\u00edan administrado. <strong><em>\u00abCuando los niveles de inmunidad maternal eran bajos, 14 d\u00edas despu\u00e9s de haberlos vacunado ten\u00edan concentraciones m\u00e1s elevadas de las inmunoglobulinas M que generan las vacunas\u00bb<\/em><\/strong>, detalla Mart\u00ed. <em>\u00abPor tanto, estos resultados son un primer paso para poder utilizar la concentraci\u00f3n de GGT en sangre como indicador de la interferencia de la inmunidad maternal en la vacunaci\u00f3n de terneros no destetados\u00bb<\/em>, a\u00f1ade.<\/p>\n\n\n\n<p><strong>Pr\u00f3ximo paso: elaborar pautas de vacunaci\u00f3n<\/strong><\/p>\n\n\n\n<p>Las vacunas que se administran en los terneros que llegan a las granjas de engorde son de dos tipos. Por un lado se encuentran las parenterales, administradas por inyecci\u00f3n, con un tiempo de efectividad m\u00e1s largo y habitualmente en dos dosis separadas en el tiempo. Y por otro est\u00e1n las intranasales, con un tiempo de efectividad m\u00e1s corto pero sin interferencia de la inmunidad maternal.<\/p>\n\n\n\n<p>A partir del an\u00e1lisis de la GGT en sangre, ahora se podr\u00e1 afinar m\u00e1s qu\u00e9 vacuna es indicada de administrar y cu\u00e1ndo, para evitar que el s\u00edndrome respiratorio bovino afecte de manera grave a los terneros. <em>\u201cA grandes rasgos, si llega un ternero que tiene una inmunidad maternal alta, puede interesar tratarlo con una vacuna intranasal y posteriormente continuar con una parenteral. Si no tiene inmunidad maternal, podr\u00edas poner directamente una parenteral\u201d<\/em>, ilustra la responsable de IMMUNOCALF.<\/p>\n\n\n\n<p>Las investigadoras han dise\u00f1ado unas fichas que indican los niveles de referencia en sangre de GGT que hacen m\u00e1s aconsejable una pauta de vacunaci\u00f3n u otra. <em>\u00abConsideramos que esto podr\u00e1 contribuir a reducir la mortalidad y la morbilidad de los terneros por s\u00edndrome respiratorio bovino ya reducir, tambi\u00e9n, el uso de antibi\u00f3ticos\u00bb<\/em>, concluye Mart\u00ed.<\/p>\n\n\n\n<p>Para m\u00e1s informaci\u00f3n sobre el proyecto, consulte el enlace de <a href=\"https:\/\/ruralcat.gencat.cat\/web\/guest\/xarxa-i.cat\/activitats-de-demostracio\/cercador-activitats-de-demostracio?p_auth=IchcOAOL&amp;p_p_id=ActivitatsDemostracio_WAR_ActivitatsDemostracio100SNAPSHOT&amp;p_p_lifecycle=1&amp;p_p_state=normal&amp;p_p_mode=view&amp;p_p_col_id=column-1&amp;p_p_col_pos=1&amp;p_p_col_count=2&amp;_ActivitatsDemostracio_WAR_ActivitatsDemostracio100SNAPSHOT_action=detallProjecte&amp;idActivitat=390\" target=\"_blank\" rel=\"noreferrer noopener\">RuralCat<\/a>.<\/p>\n\n\n\n<div style=\"height:20px\" aria-hidden=\"true\" class=\"wp-block-spacer\"><\/div>\n\n\n\n<p><em>Actividad financiada a trav\u00e9s de la Operaci\u00f3n 01.02.01 de Transferencia Tecnol\u00f3gica del Programa de desarrollo rural de Catalu\u00f1a 2014-2022.<\/em><\/p>\n\n\n\n<figure class=\"wp-block-image size-large is-resized\"><a href=\"https:\/\/www.irta.cat\/wp-content\/uploads\/2023\/04\/220426_021R4239-scaled-2.jpg\" class=\"fancybox irta-lightbox-bridge\" data-fancybox=\"irta-images\"><img loading=\"lazy\" decoding=\"async\" src=\"https:\/\/www.irta.cat\/wp-content\/uploads\/2023\/01\/accioclimatica_h3_20220607090157.jpg\" alt=\"\" class=\"wp-image-46413\" width=\"471\" height=\"82\"\/><\/a><\/figure>\n\n\n\n<figure class=\"wp-block-image size-large is-resized\"><a href=\"https:\/\/www.irta.cat\/wp-content\/uploads\/Logo-FEADER.png\" class=\"fancybox irta-lightbox-bridge\" data-fancybox=\"irta-images\"><img loading=\"lazy\" decoding=\"async\" src=\"https:\/\/www.irta.cat\/wp-content\/uploads\/Logo-FEADER.png\" alt=\"\" class=\"wp-image-51623\" width=\"469\" height=\"128\"\/><\/a><\/figure>\n","protected":false},"featured_media":72187,"template":"","categoria_noticia":[],"etiqueta_filtrar_noticia":[],"class_list":["post-62685","noticia","type-noticia","status-publish","has-post-thumbnail","hentry"],"acf":[],"yoast_head":"<!-- This site is optimized with the Yoast SEO plugin v26.6 - https:\/\/yoast.com\/wordpress\/plugins\/seo\/ -->\r\n<title>Un estudio del IRTA contribuye a hacer frente al s\u00edndrome respiratorio bovino en las granjas de engorde &#187; IRTA<\/title>\r\n<meta name=\"robots\" content=\"index, follow, max-snippet:-1, max-image-preview:large, max-video-preview:-1\" \/>\r\n<link rel=\"canonical\" href=\"https:\/\/www.irta.cat\/es\/noticia\/un-estudio-del-irta-contribuye-a-hacer-frente-al-sindrome-respiratorio-bovino-en-las-granjas-de-engorde\/\" \/>\r\n<meta property=\"og:locale\" content=\"es_ES\" \/>\r\n<meta property=\"og:type\" content=\"article\" \/>\r\n<meta property=\"og:title\" content=\"Un estudio del IRTA contribuye a hacer frente al s\u00edndrome respiratorio bovino en las granjas de engorde &#187; IRTA\" \/>\r\n<meta property=\"og:description\" content=\"Es una de las principales causas de mortalidad entre los terneros lactantes El proyecto demostrativo IMMUNOCALF confirma que la eficiencia de las vacunas contra esta enfermedad es menor cuando los terneros conservan las defensas que les ha aportado el calostro de la madre Con esta informaci\u00f3n, se podr\u00e1n establecer pautas de vacunaci\u00f3n en funci\u00f3n de [&hellip;]\" \/>\r\n<meta property=\"og:url\" content=\"https:\/\/www.irta.cat\/es\/noticia\/un-estudio-del-irta-contribuye-a-hacer-frente-al-sindrome-respiratorio-bovino-en-las-granjas-de-engorde\/\" \/>\r\n<meta property=\"og:site_name\" content=\"IRTA\" \/>\r\n<meta property=\"article:publisher\" content=\"https:\/\/www.facebook.com\/irtacat\" \/>\r\n<meta property=\"og:image\" content=\"https:\/\/www.irta.cat\/wp-content\/uploads\/2025\/02\/Logo-IRTA-verm.png\" \/>\r\n\t<meta property=\"og:image:width\" content=\"1250\" \/>\r\n\t<meta property=\"og:image:height\" content=\"500\" \/>\r\n\t<meta property=\"og:image:type\" content=\"image\/png\" \/>\r\n<meta name=\"twitter:card\" content=\"summary_large_image\" \/>\r\n<meta name=\"twitter:site\" content=\"@irtacat\" \/>\r\n<meta name=\"twitter:label1\" content=\"Tiempo de lectura\" \/>\n\t<meta name=\"twitter:data1\" content=\"4 minutos\" \/>\r\n<script type=\"application\/ld+json\" class=\"yoast-schema-graph\">{\"@context\":\"https:\/\/schema.org\",\"@graph\":[{\"@type\":\"WebPage\",\"@id\":\"https:\/\/www.irta.cat\/es\/noticia\/un-estudio-del-irta-contribuye-a-hacer-frente-al-sindrome-respiratorio-bovino-en-las-granjas-de-engorde\/\",\"url\":\"https:\/\/www.irta.cat\/es\/noticia\/un-estudio-del-irta-contribuye-a-hacer-frente-al-sindrome-respiratorio-bovino-en-las-granjas-de-engorde\/\",\"name\":\"Un estudio del IRTA contribuye a hacer frente al s\u00edndrome respiratorio bovino en las granjas de engorde &#187; IRTA\",\"isPartOf\":{\"@id\":\"https:\/\/www.irta.cat\/es\/#website\"},\"primaryImageOfPage\":{\"@id\":\"https:\/\/www.irta.cat\/es\/noticia\/un-estudio-del-irta-contribuye-a-hacer-frente-al-sindrome-respiratorio-bovino-en-las-granjas-de-engorde\/#primaryimage\"},\"image\":{\"@id\":\"https:\/\/www.irta.cat\/es\/noticia\/un-estudio-del-irta-contribuye-a-hacer-frente-al-sindrome-respiratorio-bovino-en-las-granjas-de-engorde\/#primaryimage\"},\"thumbnailUrl\":\"https:\/\/www.irta.cat\/wp-content\/uploads\/2024\/06\/Montgai-1-of-1-scaled-1-scaled-2.jpeg\",\"datePublished\":\"2024-06-14T07:25:33+00:00\",\"breadcrumb\":{\"@id\":\"https:\/\/www.irta.cat\/es\/noticia\/un-estudio-del-irta-contribuye-a-hacer-frente-al-sindrome-respiratorio-bovino-en-las-granjas-de-engorde\/#breadcrumb\"},\"inLanguage\":\"es\",\"potentialAction\":[{\"@type\":\"ReadAction\",\"target\":[\"https:\/\/www.irta.cat\/es\/noticia\/un-estudio-del-irta-contribuye-a-hacer-frente-al-sindrome-respiratorio-bovino-en-las-granjas-de-engorde\/\"]}]},{\"@type\":\"ImageObject\",\"inLanguage\":\"es\",\"@id\":\"https:\/\/www.irta.cat\/es\/noticia\/un-estudio-del-irta-contribuye-a-hacer-frente-al-sindrome-respiratorio-bovino-en-las-granjas-de-engorde\/#primaryimage\",\"url\":\"https:\/\/www.irta.cat\/wp-content\/uploads\/2024\/06\/Montgai-1-of-1-scaled-1-scaled-2.jpeg\",\"contentUrl\":\"https:\/\/www.irta.cat\/wp-content\/uploads\/2024\/06\/Montgai-1-of-1-scaled-1-scaled-2.jpeg\",\"width\":1920,\"height\":1440},{\"@type\":\"BreadcrumbList\",\"@id\":\"https:\/\/www.irta.cat\/es\/noticia\/un-estudio-del-irta-contribuye-a-hacer-frente-al-sindrome-respiratorio-bovino-en-las-granjas-de-engorde\/#breadcrumb\",\"itemListElement\":[{\"@type\":\"ListItem\",\"position\":1,\"name\":\"Inici\",\"item\":\"https:\/\/www.irta.cat\/es\/\"},{\"@type\":\"ListItem\",\"position\":2,\"name\":\"Un estudio del IRTA contribuye a hacer frente al s\u00edndrome respiratorio bovino en las granjas de engorde\"}]},{\"@type\":\"WebSite\",\"@id\":\"https:\/\/www.irta.cat\/es\/#website\",\"url\":\"https:\/\/www.irta.cat\/es\/\",\"name\":\"IRTA\",\"description\":\"Institut de Recerca i Tecnologia Agroaliment\u00e0ries\",\"publisher\":{\"@id\":\"https:\/\/www.irta.cat\/es\/#organization\"},\"alternateName\":\"%%sitename%% %%sep%% %%title%%\",\"potentialAction\":[{\"@type\":\"SearchAction\",\"target\":{\"@type\":\"EntryPoint\",\"urlTemplate\":\"https:\/\/www.irta.cat\/es\/?s={search_term_string}\"},\"query-input\":{\"@type\":\"PropertyValueSpecification\",\"valueRequired\":true,\"valueName\":\"search_term_string\"}}],\"inLanguage\":\"es\"},{\"@type\":\"Organization\",\"@id\":\"https:\/\/www.irta.cat\/es\/#organization\",\"name\":\"IRTA\",\"url\":\"https:\/\/www.irta.cat\/es\/\",\"logo\":{\"@type\":\"ImageObject\",\"inLanguage\":\"es\",\"@id\":\"https:\/\/www.irta.cat\/es\/#\/schema\/logo\/image\/\",\"url\":\"https:\/\/www.irta.cat\/wp-content\/uploads\/2023\/04\/Logo-IRTA-verm.png\",\"contentUrl\":\"https:\/\/www.irta.cat\/wp-content\/uploads\/2023\/04\/Logo-IRTA-verm.png\",\"width\":1250,\"height\":500,\"caption\":\"IRTA\"},\"image\":{\"@id\":\"https:\/\/www.irta.cat\/es\/#\/schema\/logo\/image\/\"},\"sameAs\":[\"https:\/\/www.facebook.com\/irtacat\",\"https:\/\/x.com\/irtacat\"]}]}<\/script>\r\n<!-- \/ Yoast SEO plugin. -->","yoast_head_json":{"title":"Un estudio del IRTA contribuye a hacer frente al s\u00edndrome respiratorio bovino en las granjas de engorde &#187; IRTA","robots":{"index":"index","follow":"follow","max-snippet":"max-snippet:-1","max-image-preview":"max-image-preview:large","max-video-preview":"max-video-preview:-1"},"canonical":"https:\/\/www.irta.cat\/es\/noticia\/un-estudio-del-irta-contribuye-a-hacer-frente-al-sindrome-respiratorio-bovino-en-las-granjas-de-engorde\/","og_locale":"es_ES","og_type":"article","og_title":"Un estudio del IRTA contribuye a hacer frente al s\u00edndrome respiratorio bovino en las granjas de engorde &#187; IRTA","og_description":"Es una de las principales causas de mortalidad entre los terneros lactantes El proyecto demostrativo IMMUNOCALF confirma que la eficiencia de las vacunas contra esta enfermedad es menor cuando los terneros conservan las defensas que les ha aportado el calostro de la madre Con esta informaci\u00f3n, se podr\u00e1n establecer pautas de vacunaci\u00f3n en funci\u00f3n de [&hellip;]","og_url":"https:\/\/www.irta.cat\/es\/noticia\/un-estudio-del-irta-contribuye-a-hacer-frente-al-sindrome-respiratorio-bovino-en-las-granjas-de-engorde\/","og_site_name":"IRTA","article_publisher":"https:\/\/www.facebook.com\/irtacat","og_image":[{"width":1250,"height":500,"url":"https:\/\/www.irta.cat\/wp-content\/uploads\/2025\/02\/Logo-IRTA-verm.png","type":"image\/png"}],"twitter_card":"summary_large_image","twitter_site":"@irtacat","twitter_misc":{"Tiempo de lectura":"4 minutos"},"schema":{"@context":"https:\/\/schema.org","@graph":[{"@type":"WebPage","@id":"https:\/\/www.irta.cat\/es\/noticia\/un-estudio-del-irta-contribuye-a-hacer-frente-al-sindrome-respiratorio-bovino-en-las-granjas-de-engorde\/","url":"https:\/\/www.irta.cat\/es\/noticia\/un-estudio-del-irta-contribuye-a-hacer-frente-al-sindrome-respiratorio-bovino-en-las-granjas-de-engorde\/","name":"Un estudio del IRTA contribuye a hacer frente al s\u00edndrome respiratorio bovino en las granjas de engorde &#187; IRTA","isPartOf":{"@id":"https:\/\/www.irta.cat\/es\/#website"},"primaryImageOfPage":{"@id":"https:\/\/www.irta.cat\/es\/noticia\/un-estudio-del-irta-contribuye-a-hacer-frente-al-sindrome-respiratorio-bovino-en-las-granjas-de-engorde\/#primaryimage"},"image":{"@id":"https:\/\/www.irta.cat\/es\/noticia\/un-estudio-del-irta-contribuye-a-hacer-frente-al-sindrome-respiratorio-bovino-en-las-granjas-de-engorde\/#primaryimage"},"thumbnailUrl":"https:\/\/www.irta.cat\/wp-content\/uploads\/2024\/06\/Montgai-1-of-1-scaled-1-scaled-2.jpeg","datePublished":"2024-06-14T07:25:33+00:00","breadcrumb":{"@id":"https:\/\/www.irta.cat\/es\/noticia\/un-estudio-del-irta-contribuye-a-hacer-frente-al-sindrome-respiratorio-bovino-en-las-granjas-de-engorde\/#breadcrumb"},"inLanguage":"es","potentialAction":[{"@type":"ReadAction","target":["https:\/\/www.irta.cat\/es\/noticia\/un-estudio-del-irta-contribuye-a-hacer-frente-al-sindrome-respiratorio-bovino-en-las-granjas-de-engorde\/"]}]},{"@type":"ImageObject","inLanguage":"es","@id":"https:\/\/www.irta.cat\/es\/noticia\/un-estudio-del-irta-contribuye-a-hacer-frente-al-sindrome-respiratorio-bovino-en-las-granjas-de-engorde\/#primaryimage","url":"https:\/\/www.irta.cat\/wp-content\/uploads\/2024\/06\/Montgai-1-of-1-scaled-1-scaled-2.jpeg","contentUrl":"https:\/\/www.irta.cat\/wp-content\/uploads\/2024\/06\/Montgai-1-of-1-scaled-1-scaled-2.jpeg","width":1920,"height":1440},{"@type":"BreadcrumbList","@id":"https:\/\/www.irta.cat\/es\/noticia\/un-estudio-del-irta-contribuye-a-hacer-frente-al-sindrome-respiratorio-bovino-en-las-granjas-de-engorde\/#breadcrumb","itemListElement":[{"@type":"ListItem","position":1,"name":"Inici","item":"https:\/\/www.irta.cat\/es\/"},{"@type":"ListItem","position":2,"name":"Un estudio del IRTA contribuye a hacer frente al s\u00edndrome respiratorio bovino en las granjas de engorde"}]},{"@type":"WebSite","@id":"https:\/\/www.irta.cat\/es\/#website","url":"https:\/\/www.irta.cat\/es\/","name":"IRTA","description":"Institut de Recerca i Tecnologia Agroaliment\u00e0ries","publisher":{"@id":"https:\/\/www.irta.cat\/es\/#organization"},"alternateName":"%%sitename%% %%sep%% %%title%%","potentialAction":[{"@type":"SearchAction","target":{"@type":"EntryPoint","urlTemplate":"https:\/\/www.irta.cat\/es\/?s={search_term_string}"},"query-input":{"@type":"PropertyValueSpecification","valueRequired":true,"valueName":"search_term_string"}}],"inLanguage":"es"},{"@type":"Organization","@id":"https:\/\/www.irta.cat\/es\/#organization","name":"IRTA","url":"https:\/\/www.irta.cat\/es\/","logo":{"@type":"ImageObject","inLanguage":"es","@id":"https:\/\/www.irta.cat\/es\/#\/schema\/logo\/image\/","url":"https:\/\/www.irta.cat\/wp-content\/uploads\/2023\/04\/Logo-IRTA-verm.png","contentUrl":"https:\/\/www.irta.cat\/wp-content\/uploads\/2023\/04\/Logo-IRTA-verm.png","width":1250,"height":500,"caption":"IRTA"},"image":{"@id":"https:\/\/www.irta.cat\/es\/#\/schema\/logo\/image\/"},"sameAs":["https:\/\/www.facebook.com\/irtacat","https:\/\/x.com\/irtacat"]}]}},"_links":{"self":[{"href":"https:\/\/www.irta.cat\/es\/wp-json\/wp\/v2\/noticia\/62685","targetHints":{"allow":["GET"]}}],"collection":[{"href":"https:\/\/www.irta.cat\/es\/wp-json\/wp\/v2\/noticia"}],"about":[{"href":"https:\/\/www.irta.cat\/es\/wp-json\/wp\/v2\/types\/noticia"}],"version-history":[{"count":0,"href":"https:\/\/www.irta.cat\/es\/wp-json\/wp\/v2\/noticia\/62685\/revisions"}],"wp:featuredmedia":[{"embeddable":true,"href":"https:\/\/www.irta.cat\/es\/wp-json\/wp\/v2\/media\/72187"}],"wp:attachment":[{"href":"https:\/\/www.irta.cat\/es\/wp-json\/wp\/v2\/media?parent=62685"}],"wp:term":[{"taxonomy":"categoria_noticia","embeddable":true,"href":"https:\/\/www.irta.cat\/es\/wp-json\/wp\/v2\/categoria_noticia?post=62685"},{"taxonomy":"etiqueta_filtrar_noticia","embeddable":true,"href":"https:\/\/www.irta.cat\/es\/wp-json\/wp\/v2\/etiqueta_filtrar_noticia?post=62685"}],"curies":[{"name":"wp","href":"https:\/\/api.w.org\/{rel}","templated":true}]}}