{"id":61521,"date":"2024-04-26T09:21:35","date_gmt":"2024-04-26T07:21:35","guid":{"rendered":"https:\/\/www.irta.cat\/noticia\/el-irta-promueve-la-investigacion-en-el-sector-vitivinicola-para-hacer-frente-a-los-retos-del-cambio-climatico-haciendo-un-uso-mas-eficiente-del-agua\/"},"modified":"2024-11-06T10:35:52","modified_gmt":"2024-11-06T09:35:52","slug":"el-irta-promueve-la-investigacion-en-el-sector-vitivinicola-para-hacer-frente-a-los-retos-del-cambio-climatico-haciendo-un-uso-mas-eficiente-del-agua","status":"publish","type":"noticia","link":"https:\/\/www.irta.cat\/es\/noticia\/el-irta-promueve-la-investigacion-en-el-sector-vitivinicola-para-hacer-frente-a-los-retos-del-cambio-climatico-haciendo-un-uso-mas-eficiente-del-agua\/","title":{"rendered":"El IRTA promueve la investigaci\u00f3n en el sector vitivin\u00edcola para hacer frente a los retos del cambio clim\u00e1tico haciendo un uso m\u00e1s eficiente del agua"},"content":{"rendered":"\n<p><img loading=\"lazy\" decoding=\"async\" class=\"alignnone  wp-image-56149\" src=\"https:\/\/www.irta.cat\/wp-content\/uploads\/jornada-irta-Penedes-scaled.jpeg\" alt=\"\" width=\"575\" height=\"431\" \/><\/p>\n\n\n\n<h2>El IRTA trabaja activamente en el desarrollo de tecnolog\u00edas y pr\u00e1cticas agron\u00f3micas para hacer un uso m\u00e1s eficiente del agua y afrontar la sequ\u00eda que afecta a los vi\u00f1edos del Pened\u00e9s.<\/h2>\n<h2>Los investigadores expertos del IRTA compartieron con los asistentes de la jornada su conocimiento adquirido para hacer frente tanto a las condiciones clim\u00e1ticas actuales como a las futuras que puedan afectar a la viticultura.<\/h2>\n\n\n\n<p>Ayer, jueves 25 de abril, tuvo lugar en Sant Sadurn\u00ed d&#8217;Anoia una jornada t\u00e9cnica organizada por la Escuela Agraria de Nuevas Tecnolog\u00edas y Horticultura de Cabrils, donde investigadores del Instituto de Investigaci\u00f3n y Tecnolog\u00eda Agroalimentarias (IRTA) explicaron c\u00f3mo promover pr\u00e1cticas y estrategias innovadoras para <strong>hacer frente a los retos de la sequ\u00eda que afectan al sector vitivin\u00edcola del Pened\u00e9s.<\/strong><\/p>\n<p>La jornada, incluida en el programa del <strong>Plan Anual de Transferencia Tecnol\u00f3gica 2024<\/strong> del Departamento de Acci\u00f3n Clim\u00e1tica, Alimentaci\u00f3n y Agenda Rural de la Generalitat de Catalunya bajo el lema \u00abCombatimos la sequ\u00eda: estrategias innovadoras para una viticultura sostenible\u00bb, permiti\u00f3 a los expertos compartir sus investigaciones para afrontar la situaci\u00f3n.<\/p>\n<p>En un contexto de cambio clim\u00e1tico y restricciones cada vez m\u00e1s evidentes, los viticultores se enfrentan a desaf\u00edos que requieren soluciones a corto y largo plazo. En este sentido, la jornada sirvi\u00f3 para<strong> compartir conocimientos, presentar nuevas tecnolog\u00edas y debatir sobre las mejores pr\u00e1cticas<\/strong> para garantizar la resiliencia de los cultivos frente a la falta de agua.<\/p>\n<p>La sequ\u00eda actual no tiene precedentes y pone de manifiesto la fragilidad del sector vitivin\u00edcola frente a las fluctuaciones clim\u00e1ticas. La carencia de precipitaciones y el aumento de las temperaturas han creado un panorama preocupante para los viticultores, que <strong>se han visto obligados a adaptarse a estas condiciones extremas<\/strong> debido al d\u00e9ficit h\u00eddrico cr\u00f3nico que amenaza los cultivos.<\/p>\n<p><img loading=\"lazy\" decoding=\"async\" class=\"alignnone  wp-image-56155\" src=\"https:\/\/www.irta.cat\/wp-content\/uploads\/IMG_1675-667x500-1-400x300-1.jpg\" alt=\"\" width=\"576\" height=\"432\" \/><\/p>\n<p>\u00a0<\/p>\n<h4><strong>El IRTA impulsa estrategias<\/strong> <strong>innovadoras<\/strong><\/h4>\n<p>Durante la jornada, se exploraron las estrategias agron\u00f3micas y tecnol\u00f3gicas para optimizar el uso del agua en la viticultura. As\u00ed pues, diferentes investigadores expertos del IRTA y del sector compartieron sus conocimientos para hacer frente a la situaci\u00f3n que est\u00e1n afrontando los vi\u00f1edos este 2024. Adem\u00e1s, expusieron los resultados de investigaciones y t\u00e9cnicas implementadas en otras regiones afectadas por la sequ\u00eda, como California, Chile, Sud\u00e1frica o Australia, para<strong> ofrecer una visi\u00f3n completa de la situaci\u00f3n actual.<\/strong><\/p>\n<p><strong>Victor Blanco<\/strong>, investigador del IRTA del programa Uso Eficiente del Agua en Agricultura, habl\u00f3 sobre las <strong>estrategias para mitigar los efectos de la sequ\u00eda en los vi\u00f1edos de secano<\/strong>. Durante su intervenci\u00f3n, destac\u00f3 la importancia del manejo adecuado del vi\u00f1edo y del suelo, as\u00ed como la necesidad de implementar soluciones para garantizar la resiliencia de los cultivos. \u00abPara mitigar la sequ\u00eda en vi\u00f1edos de secano debemos reducir las necesidades h\u00eddricas del vi\u00f1edo. Esto se puede llevar a cabo realizando la poda en verde, que evita el crecimiento vegetativo excesivo, individualizando cuando sea posible, realizando la poda temprana y evitando un deshojado excesivo\u201d.<\/p>\n<p>El trabajo de investigaci\u00f3n del IRTA tambi\u00e9n ha llevado a la identificaci\u00f3n de pr\u00e1cticas agron\u00f3micas innovadoras para la gesti\u00f3n de la sequ\u00eda. <strong>Jordi Oliver<\/strong>, t\u00e9cnico del IRTA del programa Uso Eficiente del Agua en Agricultura, present\u00f3 diversas <strong>alternativas para mitigar la falta de agua de lluvia<\/strong>: \u201cDebemos valorar el uso de fuentes de agua alternativas, como pueden ser los pozos, desalinizadoras o aguas regeneradas, teniendo en cuenta que todas las soluciones tienen sus ventajas y desventajas, como la calidad del agua, los costes o el acceso a estas fuentes\u00bb.<\/p>\n<p>Durante la jornada, los participantes tambi\u00e9n pudieron profundizar en cuestiones clave relacionadas con la <strong>monitorizaci\u00f3n y gesti\u00f3n del agua en viticultura.<\/strong> <strong>David Tous<\/strong>, director-gerente de SAF Sampling Water, explic\u00f3 las ventajas y desventajas de distintas tipolog\u00edas de sensores de suelo en el contexto de la viticultura de secano. Seguidamente, <strong>Joaquim Bellvert<\/strong>, investigador del IRTA del programa Uso Eficiente del Agua en Agricultura, abord\u00f3 el tema de los<strong> sensores de planta y remotos,<\/strong> destacando su papel crucial en la monitorizaci\u00f3n del estado h\u00eddrico de los cultivos.<\/p>\n<p><img loading=\"lazy\" decoding=\"async\" class=\"alignnone  wp-image-56152\" src=\"https:\/\/www.irta.cat\/wp-content\/uploads\/180613-IRTA-Rec-Lleida24710-768x576-1-400x300-1.jpg\" alt=\"\" width=\"639\" height=\"479\" \/><\/p>\n<p>La \u00faltima presentaci\u00f3n corri\u00f3 a cargo de <strong>Jaume Casades\u00fas,<\/strong> investigador del IRTA, quien present\u00f3 los <strong>\u00faltimos avances en el uso de gemelos digitales<\/strong> para modelizar los componentes del balance de agua del vi\u00f1edo y automatizar el sistema de riego, ofreciendo una visi\u00f3n integral de las tecnolog\u00edas disponibles para la gesti\u00f3n eficiente del agua en la viticultura.<\/p>\n<p>La jornada finaliz\u00f3 con una mesa redonda integrada por representantes de diferentes bodegas. <strong>David Tous<\/strong>, de SAF Sampling Water; <strong>Josep Maria Vernet,<\/strong> t\u00e9cnico de vi\u00f1edo en el Celler Cooperatiu de La Granada (CEVIPE); <strong>Roger Rovira<\/strong>, t\u00e9cnico de viticultura en Recaredo; y <strong>Lluis Coll<\/strong>, responsable t\u00e9cnico de viticultura en Vallformosa, aportaron sus puntos de vista sobre los desaf\u00edos y oportunidades del sector. La mesa redonda estuvo moderada por <strong>Gerard Pujol,<\/strong> Project Manager de INNOVI, quien foment\u00f3 el intercambio de ideas para afrontar los retos en tiempo de sequ\u00eda.<\/p>\n<p>Esta jornada t\u00e9cnica puso de manifiesto la importancia de la cooperaci\u00f3n entre los distintos actores del sector, as\u00ed como la <strong>continuidad del trabajo de investigaci\u00f3n<\/strong> y desarrollo para garantizar la sostenibilidad del sector vitivin\u00edcola del Pened\u00e8s frente a los desaf\u00edos del cambio clim\u00e1tico.<\/p>\n","protected":false},"featured_media":61511,"template":"","categoria_noticia":[],"etiqueta_filtrar_noticia":[8858,8392],"class_list":["post-61521","noticia","type-noticia","status-publish","has-post-thumbnail","hentry","etiqueta_filtrar_noticia-sequera","etiqueta_filtrar_noticia-vinya"],"acf":[],"yoast_head":"<!-- This site is optimized with the Yoast SEO plugin v26.6 - https:\/\/yoast.com\/wordpress\/plugins\/seo\/ -->\r\n<title>El IRTA promueve la investigaci\u00f3n en el sector vitivin\u00edcola para hacer frente a los retos del cambio clim\u00e1tico haciendo un uso m\u00e1s eficiente del agua &#187; IRTA<\/title>\r\n<meta name=\"robots\" content=\"index, follow, max-snippet:-1, max-image-preview:large, max-video-preview:-1\" \/>\r\n<link rel=\"canonical\" href=\"https:\/\/www.irta.cat\/es\/noticia\/el-irta-promueve-la-investigacion-en-el-sector-vitivinicola-para-hacer-frente-a-los-retos-del-cambio-climatico-haciendo-un-uso-mas-eficiente-del-agua\/\" \/>\r\n<meta property=\"og:locale\" content=\"es_ES\" \/>\r\n<meta property=\"og:type\" content=\"article\" \/>\r\n<meta property=\"og:title\" content=\"El IRTA promueve la investigaci\u00f3n en el sector vitivin\u00edcola para hacer frente a los retos del cambio clim\u00e1tico haciendo un uso m\u00e1s eficiente del agua &#187; IRTA\" \/>\r\n<meta property=\"og:url\" content=\"https:\/\/www.irta.cat\/es\/noticia\/el-irta-promueve-la-investigacion-en-el-sector-vitivinicola-para-hacer-frente-a-los-retos-del-cambio-climatico-haciendo-un-uso-mas-eficiente-del-agua\/\" \/>\r\n<meta property=\"og:site_name\" content=\"IRTA\" \/>\r\n<meta property=\"article:publisher\" content=\"https:\/\/www.facebook.com\/irtacat\" \/>\r\n<meta property=\"article:modified_time\" content=\"2024-11-06T09:35:52+00:00\" \/>\r\n<meta property=\"og:image\" content=\"https:\/\/www.irta.cat\/wp-content\/uploads\/jornada-irta-Penedes-scaled.jpeg\" \/>\r\n\t<meta property=\"og:image:width\" content=\"1920\" \/>\r\n\t<meta property=\"og:image:height\" content=\"1440\" \/>\r\n\t<meta property=\"og:image:type\" content=\"image\/jpeg\" \/>\r\n<meta name=\"twitter:card\" content=\"summary_large_image\" \/>\r\n<meta name=\"twitter:site\" content=\"@irtacat\" \/>\r\n<meta name=\"twitter:label1\" content=\"Tiempo de lectura\" \/>\n\t<meta name=\"twitter:data1\" content=\"5 minutos\" \/>\r\n<script type=\"application\/ld+json\" class=\"yoast-schema-graph\">{\"@context\":\"https:\/\/schema.org\",\"@graph\":[{\"@type\":\"WebPage\",\"@id\":\"https:\/\/www.irta.cat\/es\/noticia\/el-irta-promueve-la-investigacion-en-el-sector-vitivinicola-para-hacer-frente-a-los-retos-del-cambio-climatico-haciendo-un-uso-mas-eficiente-del-agua\/\",\"url\":\"https:\/\/www.irta.cat\/es\/noticia\/el-irta-promueve-la-investigacion-en-el-sector-vitivinicola-para-hacer-frente-a-los-retos-del-cambio-climatico-haciendo-un-uso-mas-eficiente-del-agua\/\",\"name\":\"El IRTA promueve la investigaci\u00f3n en el sector vitivin\u00edcola para hacer frente a los retos del cambio clim\u00e1tico haciendo un uso m\u00e1s eficiente del agua &#187; IRTA\",\"isPartOf\":{\"@id\":\"https:\/\/www.irta.cat\/es\/#website\"},\"primaryImageOfPage\":{\"@id\":\"https:\/\/www.irta.cat\/es\/noticia\/el-irta-promueve-la-investigacion-en-el-sector-vitivinicola-para-hacer-frente-a-los-retos-del-cambio-climatico-haciendo-un-uso-mas-eficiente-del-agua\/#primaryimage\"},\"image\":{\"@id\":\"https:\/\/www.irta.cat\/es\/noticia\/el-irta-promueve-la-investigacion-en-el-sector-vitivinicola-para-hacer-frente-a-los-retos-del-cambio-climatico-haciendo-un-uso-mas-eficiente-del-agua\/#primaryimage\"},\"thumbnailUrl\":\"https:\/\/www.irta.cat\/wp-content\/uploads\/jornada-irta-Penedes-scaled.jpeg\",\"datePublished\":\"2024-04-26T07:21:35+00:00\",\"dateModified\":\"2024-11-06T09:35:52+00:00\",\"breadcrumb\":{\"@id\":\"https:\/\/www.irta.cat\/es\/noticia\/el-irta-promueve-la-investigacion-en-el-sector-vitivinicola-para-hacer-frente-a-los-retos-del-cambio-climatico-haciendo-un-uso-mas-eficiente-del-agua\/#breadcrumb\"},\"inLanguage\":\"es\",\"potentialAction\":[{\"@type\":\"ReadAction\",\"target\":[\"https:\/\/www.irta.cat\/es\/noticia\/el-irta-promueve-la-investigacion-en-el-sector-vitivinicola-para-hacer-frente-a-los-retos-del-cambio-climatico-haciendo-un-uso-mas-eficiente-del-agua\/\"]}]},{\"@type\":\"ImageObject\",\"inLanguage\":\"es\",\"@id\":\"https:\/\/www.irta.cat\/es\/noticia\/el-irta-promueve-la-investigacion-en-el-sector-vitivinicola-para-hacer-frente-a-los-retos-del-cambio-climatico-haciendo-un-uso-mas-eficiente-del-agua\/#primaryimage\",\"url\":\"https:\/\/www.irta.cat\/wp-content\/uploads\/jornada-irta-Penedes-scaled.jpeg\",\"contentUrl\":\"https:\/\/www.irta.cat\/wp-content\/uploads\/jornada-irta-Penedes-scaled.jpeg\",\"width\":1920,\"height\":1440},{\"@type\":\"BreadcrumbList\",\"@id\":\"https:\/\/www.irta.cat\/es\/noticia\/el-irta-promueve-la-investigacion-en-el-sector-vitivinicola-para-hacer-frente-a-los-retos-del-cambio-climatico-haciendo-un-uso-mas-eficiente-del-agua\/#breadcrumb\",\"itemListElement\":[{\"@type\":\"ListItem\",\"position\":1,\"name\":\"Inici\",\"item\":\"https:\/\/www.irta.cat\/es\/\"},{\"@type\":\"ListItem\",\"position\":2,\"name\":\"El IRTA promueve la investigaci\u00f3n en el sector vitivin\u00edcola para hacer frente a los retos del cambio clim\u00e1tico haciendo un uso m\u00e1s eficiente del agua\"}]},{\"@type\":\"WebSite\",\"@id\":\"https:\/\/www.irta.cat\/es\/#website\",\"url\":\"https:\/\/www.irta.cat\/es\/\",\"name\":\"IRTA\",\"description\":\"Institut de Recerca i Tecnologia Agroaliment\u00e0ries\",\"publisher\":{\"@id\":\"https:\/\/www.irta.cat\/es\/#organization\"},\"alternateName\":\"%%sitename%% %%sep%% %%title%%\",\"potentialAction\":[{\"@type\":\"SearchAction\",\"target\":{\"@type\":\"EntryPoint\",\"urlTemplate\":\"https:\/\/www.irta.cat\/es\/?s={search_term_string}\"},\"query-input\":{\"@type\":\"PropertyValueSpecification\",\"valueRequired\":true,\"valueName\":\"search_term_string\"}}],\"inLanguage\":\"es\"},{\"@type\":\"Organization\",\"@id\":\"https:\/\/www.irta.cat\/es\/#organization\",\"name\":\"IRTA\",\"url\":\"https:\/\/www.irta.cat\/es\/\",\"logo\":{\"@type\":\"ImageObject\",\"inLanguage\":\"es\",\"@id\":\"https:\/\/www.irta.cat\/es\/#\/schema\/logo\/image\/\",\"url\":\"https:\/\/www.irta.cat\/wp-content\/uploads\/2023\/04\/Logo-IRTA-verm.png\",\"contentUrl\":\"https:\/\/www.irta.cat\/wp-content\/uploads\/2023\/04\/Logo-IRTA-verm.png\",\"width\":1250,\"height\":500,\"caption\":\"IRTA\"},\"image\":{\"@id\":\"https:\/\/www.irta.cat\/es\/#\/schema\/logo\/image\/\"},\"sameAs\":[\"https:\/\/www.facebook.com\/irtacat\",\"https:\/\/x.com\/irtacat\"]}]}<\/script>\r\n<!-- \/ Yoast SEO plugin. -->","yoast_head_json":{"title":"El IRTA promueve la investigaci\u00f3n en el sector vitivin\u00edcola para hacer frente a los retos del cambio clim\u00e1tico haciendo un uso m\u00e1s eficiente del agua &#187; IRTA","robots":{"index":"index","follow":"follow","max-snippet":"max-snippet:-1","max-image-preview":"max-image-preview:large","max-video-preview":"max-video-preview:-1"},"canonical":"https:\/\/www.irta.cat\/es\/noticia\/el-irta-promueve-la-investigacion-en-el-sector-vitivinicola-para-hacer-frente-a-los-retos-del-cambio-climatico-haciendo-un-uso-mas-eficiente-del-agua\/","og_locale":"es_ES","og_type":"article","og_title":"El IRTA promueve la investigaci\u00f3n en el sector vitivin\u00edcola para hacer frente a los retos del cambio clim\u00e1tico haciendo un uso m\u00e1s eficiente del agua &#187; IRTA","og_url":"https:\/\/www.irta.cat\/es\/noticia\/el-irta-promueve-la-investigacion-en-el-sector-vitivinicola-para-hacer-frente-a-los-retos-del-cambio-climatico-haciendo-un-uso-mas-eficiente-del-agua\/","og_site_name":"IRTA","article_publisher":"https:\/\/www.facebook.com\/irtacat","article_modified_time":"2024-11-06T09:35:52+00:00","og_image":[{"width":1920,"height":1440,"url":"https:\/\/www.irta.cat\/wp-content\/uploads\/jornada-irta-Penedes-scaled.jpeg","type":"image\/jpeg"}],"twitter_card":"summary_large_image","twitter_site":"@irtacat","twitter_misc":{"Tiempo de lectura":"5 minutos"},"schema":{"@context":"https:\/\/schema.org","@graph":[{"@type":"WebPage","@id":"https:\/\/www.irta.cat\/es\/noticia\/el-irta-promueve-la-investigacion-en-el-sector-vitivinicola-para-hacer-frente-a-los-retos-del-cambio-climatico-haciendo-un-uso-mas-eficiente-del-agua\/","url":"https:\/\/www.irta.cat\/es\/noticia\/el-irta-promueve-la-investigacion-en-el-sector-vitivinicola-para-hacer-frente-a-los-retos-del-cambio-climatico-haciendo-un-uso-mas-eficiente-del-agua\/","name":"El IRTA promueve la investigaci\u00f3n en el sector vitivin\u00edcola para hacer frente a los retos del cambio clim\u00e1tico haciendo un uso m\u00e1s eficiente del agua &#187; IRTA","isPartOf":{"@id":"https:\/\/www.irta.cat\/es\/#website"},"primaryImageOfPage":{"@id":"https:\/\/www.irta.cat\/es\/noticia\/el-irta-promueve-la-investigacion-en-el-sector-vitivinicola-para-hacer-frente-a-los-retos-del-cambio-climatico-haciendo-un-uso-mas-eficiente-del-agua\/#primaryimage"},"image":{"@id":"https:\/\/www.irta.cat\/es\/noticia\/el-irta-promueve-la-investigacion-en-el-sector-vitivinicola-para-hacer-frente-a-los-retos-del-cambio-climatico-haciendo-un-uso-mas-eficiente-del-agua\/#primaryimage"},"thumbnailUrl":"https:\/\/www.irta.cat\/wp-content\/uploads\/jornada-irta-Penedes-scaled.jpeg","datePublished":"2024-04-26T07:21:35+00:00","dateModified":"2024-11-06T09:35:52+00:00","breadcrumb":{"@id":"https:\/\/www.irta.cat\/es\/noticia\/el-irta-promueve-la-investigacion-en-el-sector-vitivinicola-para-hacer-frente-a-los-retos-del-cambio-climatico-haciendo-un-uso-mas-eficiente-del-agua\/#breadcrumb"},"inLanguage":"es","potentialAction":[{"@type":"ReadAction","target":["https:\/\/www.irta.cat\/es\/noticia\/el-irta-promueve-la-investigacion-en-el-sector-vitivinicola-para-hacer-frente-a-los-retos-del-cambio-climatico-haciendo-un-uso-mas-eficiente-del-agua\/"]}]},{"@type":"ImageObject","inLanguage":"es","@id":"https:\/\/www.irta.cat\/es\/noticia\/el-irta-promueve-la-investigacion-en-el-sector-vitivinicola-para-hacer-frente-a-los-retos-del-cambio-climatico-haciendo-un-uso-mas-eficiente-del-agua\/#primaryimage","url":"https:\/\/www.irta.cat\/wp-content\/uploads\/jornada-irta-Penedes-scaled.jpeg","contentUrl":"https:\/\/www.irta.cat\/wp-content\/uploads\/jornada-irta-Penedes-scaled.jpeg","width":1920,"height":1440},{"@type":"BreadcrumbList","@id":"https:\/\/www.irta.cat\/es\/noticia\/el-irta-promueve-la-investigacion-en-el-sector-vitivinicola-para-hacer-frente-a-los-retos-del-cambio-climatico-haciendo-un-uso-mas-eficiente-del-agua\/#breadcrumb","itemListElement":[{"@type":"ListItem","position":1,"name":"Inici","item":"https:\/\/www.irta.cat\/es\/"},{"@type":"ListItem","position":2,"name":"El IRTA promueve la investigaci\u00f3n en el sector vitivin\u00edcola para hacer frente a los retos del cambio clim\u00e1tico haciendo un uso m\u00e1s eficiente del agua"}]},{"@type":"WebSite","@id":"https:\/\/www.irta.cat\/es\/#website","url":"https:\/\/www.irta.cat\/es\/","name":"IRTA","description":"Institut de Recerca i Tecnologia Agroaliment\u00e0ries","publisher":{"@id":"https:\/\/www.irta.cat\/es\/#organization"},"alternateName":"%%sitename%% %%sep%% %%title%%","potentialAction":[{"@type":"SearchAction","target":{"@type":"EntryPoint","urlTemplate":"https:\/\/www.irta.cat\/es\/?s={search_term_string}"},"query-input":{"@type":"PropertyValueSpecification","valueRequired":true,"valueName":"search_term_string"}}],"inLanguage":"es"},{"@type":"Organization","@id":"https:\/\/www.irta.cat\/es\/#organization","name":"IRTA","url":"https:\/\/www.irta.cat\/es\/","logo":{"@type":"ImageObject","inLanguage":"es","@id":"https:\/\/www.irta.cat\/es\/#\/schema\/logo\/image\/","url":"https:\/\/www.irta.cat\/wp-content\/uploads\/2023\/04\/Logo-IRTA-verm.png","contentUrl":"https:\/\/www.irta.cat\/wp-content\/uploads\/2023\/04\/Logo-IRTA-verm.png","width":1250,"height":500,"caption":"IRTA"},"image":{"@id":"https:\/\/www.irta.cat\/es\/#\/schema\/logo\/image\/"},"sameAs":["https:\/\/www.facebook.com\/irtacat","https:\/\/x.com\/irtacat"]}]}},"_links":{"self":[{"href":"https:\/\/www.irta.cat\/es\/wp-json\/wp\/v2\/noticia\/61521","targetHints":{"allow":["GET"]}}],"collection":[{"href":"https:\/\/www.irta.cat\/es\/wp-json\/wp\/v2\/noticia"}],"about":[{"href":"https:\/\/www.irta.cat\/es\/wp-json\/wp\/v2\/types\/noticia"}],"version-history":[{"count":0,"href":"https:\/\/www.irta.cat\/es\/wp-json\/wp\/v2\/noticia\/61521\/revisions"}],"wp:featuredmedia":[{"embeddable":true,"href":"https:\/\/www.irta.cat\/es\/wp-json\/wp\/v2\/media\/61511"}],"wp:attachment":[{"href":"https:\/\/www.irta.cat\/es\/wp-json\/wp\/v2\/media?parent=61521"}],"wp:term":[{"taxonomy":"categoria_noticia","embeddable":true,"href":"https:\/\/www.irta.cat\/es\/wp-json\/wp\/v2\/categoria_noticia?post=61521"},{"taxonomy":"etiqueta_filtrar_noticia","embeddable":true,"href":"https:\/\/www.irta.cat\/es\/wp-json\/wp\/v2\/etiqueta_filtrar_noticia?post=61521"}],"curies":[{"name":"wp","href":"https:\/\/api.w.org\/{rel}","templated":true}]}}