{"id":61510,"date":"2024-04-16T11:42:36","date_gmt":"2024-04-16T09:42:36","guid":{"rendered":"https:\/\/www.irta.cat\/noticia\/presentamos-el-proyecto-ovihuec-dat-de-recuperacion-del-paisaje-tradicional-de-montana\/"},"modified":"2024-11-06T10:35:45","modified_gmt":"2024-11-06T09:35:45","slug":"presentamos-el-proyecto-ovihuec-dat-de-recuperacion-del-paisaje-tradicional-de-montana","status":"publish","type":"noticia","link":"https:\/\/www.irta.cat\/es\/noticia\/presentamos-el-proyecto-ovihuec-dat-de-recuperacion-del-paisaje-tradicional-de-montana\/","title":{"rendered":"Presentamos el proyecto Ovihuec.dat de recuperaci\u00f3n del paisaje tradicional de monta\u00f1a"},"content":{"rendered":"\n<div class=\"wp-block-image\"><figure class=\"aligncenter size-full is-resized\"><a href=\"https:\/\/www.irta.cat\/wp-content\/uploads\/4e9b5c02-81fe-75d0-ae21-45d5b84dbd98-scaled.jpeg\" class=\"fancybox irta-lightbox-bridge\" data-fancybox=\"irta-images\"><img decoding=\"async\" src=\"https:\/\/www.irta.cat\/wp-content\/uploads\/4e9b5c02-81fe-75d0-ae21-45d5b84dbd98-scaled.jpeg\" alt=\"\" class=\"wp-image-55906\" width=\"750\" loading=\"lazy\" \/><\/a><\/figure><\/div>\n\n\n\n<h2 class=\"wp-block-heading\"><strong>Esta ma\u00f1ana, la s\u00edndica de Aran, el secretario general para el Reto Demogr\u00e1fico, la directora de la Fundaci\u00f3n Biodiversidad, el director del IRTA y el alcalde de Vilam\u00f2s, junto al equipo t\u00e9cnico del proyecto, han presentado Ovihuec.dat en la sede del Conselh Generau d&#8217;Aran.<\/strong><\/h2>\n\n\n\n<h2 class=\"wp-block-heading\"><strong>A trav\u00e9s de este proyecto piloto, que est\u00e1 dotado de un presupuesto de casi 2 M\u20ac por parte del Estado, se crear\u00e1 un reba\u00f1o ovino y caprino de titularidad p\u00fablica en Vilam\u00f2s para recuperar antiguos pastos perdidos, recuperar la gesti\u00f3n de la masa forestal y disminuir el riesgo de propagaci\u00f3n de incendios, al tiempo que se apuesta por la diversificaci\u00f3n econ\u00f3mica, explorando v\u00edas de comercializaci\u00f3n y valoraci\u00f3n del producto c\u00e1rnico y l\u00e1ctico de este reba\u00f1o, y apuesta por el uso de las nuevas tecnolog\u00edas y la innovaci\u00f3n en el sector ganadero.<\/strong><\/h2>\n\n\n\n<p>La sede del Conselh Generau d&#8217;Aran ha acogido esta ma\u00f1ana la presentaci\u00f3n del proyecto Ovihuec.dat, en la que han tomado parte la s\u00edndica de Aran, Maria Verg\u00e9s, el secretario general para el Reto Demogr\u00e1fico, Paco Boya, la directora de la Fundaci\u00f3n Biodiversidad, Elena Pita, director general del Instituto de Investigaci\u00f3n y Tecnolog\u00eda Agroalimentarios (IRTA), Josep Usall, alcalde de Vilam\u00f2s, Oriol Sala, as\u00ed como el coordinador del proyecto, Toni Dalmau, y el resto del equipo t\u00e9cnico, y donde ha estado presente tambi\u00e9n subdelegado del gobierno en Lleida, Jos\u00e9 Cresp\u00edn.<\/p>\n\n\n\n<p>El objetivo de este proyecto piloto y transformador, dotado de un presupuesto de casi dos millones de euros y que se extender\u00e1 durante un per\u00edodo de ejecuci\u00f3n de veintid\u00f3s meses, es crear un reba\u00f1o ovino y caprino de titularidad p\u00fablica en Vilam\u00f2s como dinamizador econ\u00f3mico y de mantenimiento del territorio, que pueda convertirse en un modelo de referencia y pueda replicarse en otros pueblos de Val d&#8217;Aran, pero tambi\u00e9n en el resto del Estado.<\/p>\n\n\n\n<p>A trav\u00e9s de Ovihuec.dat se podr\u00e1n recuperar antiguos pastos perdidos por la disminuci\u00f3n de la actividad ganadera, rescatando as\u00ed la gesti\u00f3n de la masa forestal y asegurando el cuidado de las monta\u00f1as, al tiempo que se apuesta por la diversificaci\u00f3n econ\u00f3mica, explorando v\u00edas de comercializaci\u00f3n y valoraci\u00f3n del producto c\u00e1rnico y l\u00e1ctico de este reba\u00f1o y creando puestos de trabajo relacionados con la ganader\u00eda en el territorio.<\/p>\n\n\n\n<div class=\"wp-block-image\"><figure class=\"aligncenter size-full is-resized\"><a href=\"https:\/\/www.irta.cat\/wp-content\/uploads\/96ccef03-1626-7950-3bc3-c9af1e15976b-scaled.jpeg\" class=\"fancybox irta-lightbox-bridge\" data-fancybox=\"irta-images\"><img decoding=\"async\" src=\"https:\/\/www.irta.cat\/wp-content\/uploads\/96ccef03-1626-7950-3bc3-c9af1e15976b-scaled.jpeg\" alt=\"\" class=\"wp-image-55909\" width=\"750\" loading=\"lazy\" \/><\/a><\/figure><\/div>\n\n\n\n<p>Asimismo, la implementaci\u00f3n de las nuevas tecnolog\u00edas tendr\u00e1 un papel importante, utiliz\u00e1ndolas para poder controlar la localizaci\u00f3n y bienestar de los animales, modernizando el sector y facilitando el trabajo de los ganaderos y ganaderas; pero tambi\u00e9n se apostar\u00e1 por la recuperaci\u00f3n de conocimientos ancestrales y se promover\u00e1 el intercambio de experiencias entre ganaderos, creando un \u00e1rea de formaci\u00f3n pr\u00e1ctica para pastores en Val d&#8217;Aran.<\/p>\n\n\n\n<p>En este sentido, el alcalde de Vilam\u00f2s, Oriol Sala, manifestaba que: \u00abeste proyecto es una gran oportunidad para nuestro municipio, porque a trav\u00e9s de este reba\u00f1o comunal p\u00fablico podremos recuperar el paisaje tradicional, limpiar fincas que han sido ocupadas por la vegetaci\u00f3n y as\u00ed crear un firewall que ayude a evitar la propagaci\u00f3n de incendios\u00bb.<\/p>\n\n\n\n<p>La s\u00edndica de Aran, Maria Verg\u00e9s, expresaba tambi\u00e9n que: \u00abel proyecto Ovihuec.dat es una gran oportunidad para el conjunto del territorio porque, por un lado, nos ayuda a diversificar nuestra econom\u00eda, avanzando hacia un modelo territorial sostenible e innovador y, por otro, se suma al proyecto BuscAran, que tambi\u00e9n desarrollamos con la Fundaci\u00f3n Biodiversidad, como muestra de la apuesta del gobierno de Aran por recuperar la gesti\u00f3n forestal de nuestras monta\u00f1as y poder conseguir unos bosques m\u00e1s resilientes en el cambio clim\u00e1tico y los incendios forestales\u00bb.<\/p>\n\n\n\n<p>Durante estos a\u00f1os, el Ministerio para la Transici\u00f3n Ecol\u00f3gica y el Reto Demogr\u00e1fico (MITECO) ha gestionado los Planes de Recuperaci\u00f3n y Transformaci\u00f3n (PRTR) dispuestos por la Uni\u00f3n Europea. Una parte de estos recursos han ido destinados al medio rural y, en este caso, se trata de una l\u00ednea muy concreta vinculada a la bioeconom\u00eda en la que hab\u00eda 120 millones de euros y en la que ha habido un proceso de concurrencia competitiva, a trav\u00e9s del cual se han elegido alrededor de 50 proyectos que permiten ligar el conocimiento cient\u00edfico con todos aquellos procesos que tienen un impacto en el medio natural, recuperando, en este caso, una actividad como es la ganadera y buscando un impacto positivo en el territorio. Con este proyecto en concreto existe un proceso de resiliencia ante los incendios forestales. y de recuperaci\u00f3n de los entornos naturales, al tiempo que se apuesta por impulsar la actividad ganadera que se ha ido perdiendo con el paso de los a\u00f1os en el territorio\u00bb, afirmaba el secretario general para el Reto Demogr\u00e1fico, Paco Boya.<\/p>\n\n\n\n<p>\u00abEste proyecto de bio econom\u00eda forestal busca reequilibrar un espacio en el que conviven diferentes realidades: la agr\u00edcola, ganadera, econ\u00f3mica, social y tur\u00edstica, con el doble objetivo de trabajar en la prevenci\u00f3n de incendios y fomentar la mejora de la biodiversidad\u00bb, ha explicado el director general del IRTA, Josep Usall.<\/p>\n\n\n\n<p>\u00abQueremos recuperar el paisaje de Val d&#8217;Aran para activar e impulsar el desarrollo social y econ\u00f3mico de la ganader\u00eda y valorizar esta actividad\u00bb ha explicado el investigador del IRTA y coordinador del proyecto, Toni Dalmau.<\/p>\n\n\n\n<p>Ovihuec.dat cuenta con el apoyo de la Fundaci\u00f3n Biodiversidad del Ministerio para la Transici\u00f3n Ecol\u00f3gica y el Reto Demogr\u00e1fico (MITECO) dentro del Plan de Recuperaci\u00f3n, Transformaci\u00f3n y Resiliencia (PRTR), financiado por la Uni\u00f3n Europea \u2013 NextGenerationEU.<\/p>\n\n\n\n<div class=\"wp-block-image\"><figure class=\"aligncenter size-large\"><a href=\"https:\/\/www.irta.cat\/wp-content\/uploads\/b3ddfb75-354d-b21a-738e-eabd362a9ed2.jpg\" class=\"fancybox irta-lightbox-bridge\" data-fancybox=\"irta-images\"><img decoding=\"async\" src=\"https:\/\/www.irta.cat\/wp-content\/uploads\/b3ddfb75-354d-b21a-738e-eabd362a9ed2.jpg\" alt=\"\" class=\"wp-image-55903\" loading=\"lazy\" \/><\/a><\/figure><\/div>\n","protected":false},"featured_media":61480,"template":"","categoria_noticia":[],"etiqueta_filtrar_noticia":[],"class_list":["post-61510","noticia","type-noticia","status-publish","has-post-thumbnail","hentry"],"acf":[],"yoast_head":"<!-- This site is optimized with the Yoast SEO plugin v26.6 - https:\/\/yoast.com\/wordpress\/plugins\/seo\/ -->\r\n<title>Presentamos el proyecto Ovihuec.dat de recuperaci\u00f3n del paisaje tradicional de monta\u00f1a &#187; IRTA<\/title>\r\n<meta name=\"robots\" content=\"index, follow, max-snippet:-1, max-image-preview:large, max-video-preview:-1\" \/>\r\n<link rel=\"canonical\" href=\"https:\/\/www.irta.cat\/es\/noticia\/presentamos-el-proyecto-ovihuec-dat-de-recuperacion-del-paisaje-tradicional-de-montana\/\" \/>\r\n<meta property=\"og:locale\" content=\"es_ES\" \/>\r\n<meta property=\"og:type\" content=\"article\" \/>\r\n<meta property=\"og:title\" content=\"Presentamos el proyecto Ovihuec.dat de recuperaci\u00f3n del paisaje tradicional de monta\u00f1a &#187; IRTA\" \/>\r\n<meta property=\"og:description\" content=\"Esta ma\u00f1ana, la s\u00edndica de Aran, el secretario general para el Reto Demogr\u00e1fico, la directora de la Fundaci\u00f3n Biodiversidad, el director del IRTA y el alcalde de Vilam\u00f2s, junto al equipo t\u00e9cnico del proyecto, han presentado Ovihuec.dat en la sede del Conselh Generau d&#8217;Aran. A trav\u00e9s de este proyecto piloto, que est\u00e1 dotado de un [&hellip;]\" \/>\r\n<meta property=\"og:url\" content=\"https:\/\/www.irta.cat\/es\/noticia\/presentamos-el-proyecto-ovihuec-dat-de-recuperacion-del-paisaje-tradicional-de-montana\/\" \/>\r\n<meta property=\"og:site_name\" content=\"IRTA\" \/>\r\n<meta property=\"article:publisher\" content=\"https:\/\/www.facebook.com\/irtacat\" \/>\r\n<meta property=\"article:modified_time\" content=\"2024-11-06T09:35:45+00:00\" \/>\r\n<meta property=\"og:image\" content=\"https:\/\/www.irta.cat\/wp-content\/uploads\/96ccef03-1626-7950-3bc3-c9af1e15976b-scaled.jpeg\" \/>\r\n\t<meta property=\"og:image:width\" content=\"1920\" \/>\r\n\t<meta property=\"og:image:height\" content=\"1440\" \/>\r\n\t<meta property=\"og:image:type\" content=\"image\/jpeg\" \/>\r\n<meta name=\"twitter:card\" content=\"summary_large_image\" \/>\r\n<meta name=\"twitter:site\" content=\"@irtacat\" \/>\r\n<meta name=\"twitter:label1\" content=\"Tiempo de lectura\" \/>\n\t<meta name=\"twitter:data1\" content=\"5 minutos\" \/>\r\n<script type=\"application\/ld+json\" class=\"yoast-schema-graph\">{\"@context\":\"https:\/\/schema.org\",\"@graph\":[{\"@type\":\"WebPage\",\"@id\":\"https:\/\/www.irta.cat\/es\/noticia\/presentamos-el-proyecto-ovihuec-dat-de-recuperacion-del-paisaje-tradicional-de-montana\/\",\"url\":\"https:\/\/www.irta.cat\/es\/noticia\/presentamos-el-proyecto-ovihuec-dat-de-recuperacion-del-paisaje-tradicional-de-montana\/\",\"name\":\"Presentamos el proyecto Ovihuec.dat de recuperaci\u00f3n del paisaje tradicional de monta\u00f1a &#187; IRTA\",\"isPartOf\":{\"@id\":\"https:\/\/www.irta.cat\/es\/#website\"},\"primaryImageOfPage\":{\"@id\":\"https:\/\/www.irta.cat\/es\/noticia\/presentamos-el-proyecto-ovihuec-dat-de-recuperacion-del-paisaje-tradicional-de-montana\/#primaryimage\"},\"image\":{\"@id\":\"https:\/\/www.irta.cat\/es\/noticia\/presentamos-el-proyecto-ovihuec-dat-de-recuperacion-del-paisaje-tradicional-de-montana\/#primaryimage\"},\"thumbnailUrl\":\"https:\/\/www.irta.cat\/wp-content\/uploads\/96ccef03-1626-7950-3bc3-c9af1e15976b-scaled.jpeg\",\"datePublished\":\"2024-04-16T09:42:36+00:00\",\"dateModified\":\"2024-11-06T09:35:45+00:00\",\"breadcrumb\":{\"@id\":\"https:\/\/www.irta.cat\/es\/noticia\/presentamos-el-proyecto-ovihuec-dat-de-recuperacion-del-paisaje-tradicional-de-montana\/#breadcrumb\"},\"inLanguage\":\"es\",\"potentialAction\":[{\"@type\":\"ReadAction\",\"target\":[\"https:\/\/www.irta.cat\/es\/noticia\/presentamos-el-proyecto-ovihuec-dat-de-recuperacion-del-paisaje-tradicional-de-montana\/\"]}]},{\"@type\":\"ImageObject\",\"inLanguage\":\"es\",\"@id\":\"https:\/\/www.irta.cat\/es\/noticia\/presentamos-el-proyecto-ovihuec-dat-de-recuperacion-del-paisaje-tradicional-de-montana\/#primaryimage\",\"url\":\"https:\/\/www.irta.cat\/wp-content\/uploads\/96ccef03-1626-7950-3bc3-c9af1e15976b-scaled.jpeg\",\"contentUrl\":\"https:\/\/www.irta.cat\/wp-content\/uploads\/96ccef03-1626-7950-3bc3-c9af1e15976b-scaled.jpeg\",\"width\":1920,\"height\":1440},{\"@type\":\"BreadcrumbList\",\"@id\":\"https:\/\/www.irta.cat\/es\/noticia\/presentamos-el-proyecto-ovihuec-dat-de-recuperacion-del-paisaje-tradicional-de-montana\/#breadcrumb\",\"itemListElement\":[{\"@type\":\"ListItem\",\"position\":1,\"name\":\"Inici\",\"item\":\"https:\/\/www.irta.cat\/es\/\"},{\"@type\":\"ListItem\",\"position\":2,\"name\":\"Presentamos el proyecto Ovihuec.dat de recuperaci\u00f3n del paisaje tradicional de monta\u00f1a\"}]},{\"@type\":\"WebSite\",\"@id\":\"https:\/\/www.irta.cat\/es\/#website\",\"url\":\"https:\/\/www.irta.cat\/es\/\",\"name\":\"IRTA\",\"description\":\"Institut de Recerca i Tecnologia Agroaliment\u00e0ries\",\"publisher\":{\"@id\":\"https:\/\/www.irta.cat\/es\/#organization\"},\"alternateName\":\"%%sitename%% %%sep%% %%title%%\",\"potentialAction\":[{\"@type\":\"SearchAction\",\"target\":{\"@type\":\"EntryPoint\",\"urlTemplate\":\"https:\/\/www.irta.cat\/es\/?s={search_term_string}\"},\"query-input\":{\"@type\":\"PropertyValueSpecification\",\"valueRequired\":true,\"valueName\":\"search_term_string\"}}],\"inLanguage\":\"es\"},{\"@type\":\"Organization\",\"@id\":\"https:\/\/www.irta.cat\/es\/#organization\",\"name\":\"IRTA\",\"url\":\"https:\/\/www.irta.cat\/es\/\",\"logo\":{\"@type\":\"ImageObject\",\"inLanguage\":\"es\",\"@id\":\"https:\/\/www.irta.cat\/es\/#\/schema\/logo\/image\/\",\"url\":\"https:\/\/www.irta.cat\/wp-content\/uploads\/2023\/04\/Logo-IRTA-verm.png\",\"contentUrl\":\"https:\/\/www.irta.cat\/wp-content\/uploads\/2023\/04\/Logo-IRTA-verm.png\",\"width\":1250,\"height\":500,\"caption\":\"IRTA\"},\"image\":{\"@id\":\"https:\/\/www.irta.cat\/es\/#\/schema\/logo\/image\/\"},\"sameAs\":[\"https:\/\/www.facebook.com\/irtacat\",\"https:\/\/x.com\/irtacat\"]}]}<\/script>\r\n<!-- \/ Yoast SEO plugin. -->","yoast_head_json":{"title":"Presentamos el proyecto Ovihuec.dat de recuperaci\u00f3n del paisaje tradicional de monta\u00f1a &#187; IRTA","robots":{"index":"index","follow":"follow","max-snippet":"max-snippet:-1","max-image-preview":"max-image-preview:large","max-video-preview":"max-video-preview:-1"},"canonical":"https:\/\/www.irta.cat\/es\/noticia\/presentamos-el-proyecto-ovihuec-dat-de-recuperacion-del-paisaje-tradicional-de-montana\/","og_locale":"es_ES","og_type":"article","og_title":"Presentamos el proyecto Ovihuec.dat de recuperaci\u00f3n del paisaje tradicional de monta\u00f1a &#187; IRTA","og_description":"Esta ma\u00f1ana, la s\u00edndica de Aran, el secretario general para el Reto Demogr\u00e1fico, la directora de la Fundaci\u00f3n Biodiversidad, el director del IRTA y el alcalde de Vilam\u00f2s, junto al equipo t\u00e9cnico del proyecto, han presentado Ovihuec.dat en la sede del Conselh Generau d&#8217;Aran. A trav\u00e9s de este proyecto piloto, que est\u00e1 dotado de un [&hellip;]","og_url":"https:\/\/www.irta.cat\/es\/noticia\/presentamos-el-proyecto-ovihuec-dat-de-recuperacion-del-paisaje-tradicional-de-montana\/","og_site_name":"IRTA","article_publisher":"https:\/\/www.facebook.com\/irtacat","article_modified_time":"2024-11-06T09:35:45+00:00","og_image":[{"width":1920,"height":1440,"url":"https:\/\/www.irta.cat\/wp-content\/uploads\/96ccef03-1626-7950-3bc3-c9af1e15976b-scaled.jpeg","type":"image\/jpeg"}],"twitter_card":"summary_large_image","twitter_site":"@irtacat","twitter_misc":{"Tiempo de lectura":"5 minutos"},"schema":{"@context":"https:\/\/schema.org","@graph":[{"@type":"WebPage","@id":"https:\/\/www.irta.cat\/es\/noticia\/presentamos-el-proyecto-ovihuec-dat-de-recuperacion-del-paisaje-tradicional-de-montana\/","url":"https:\/\/www.irta.cat\/es\/noticia\/presentamos-el-proyecto-ovihuec-dat-de-recuperacion-del-paisaje-tradicional-de-montana\/","name":"Presentamos el proyecto Ovihuec.dat de recuperaci\u00f3n del paisaje tradicional de monta\u00f1a &#187; IRTA","isPartOf":{"@id":"https:\/\/www.irta.cat\/es\/#website"},"primaryImageOfPage":{"@id":"https:\/\/www.irta.cat\/es\/noticia\/presentamos-el-proyecto-ovihuec-dat-de-recuperacion-del-paisaje-tradicional-de-montana\/#primaryimage"},"image":{"@id":"https:\/\/www.irta.cat\/es\/noticia\/presentamos-el-proyecto-ovihuec-dat-de-recuperacion-del-paisaje-tradicional-de-montana\/#primaryimage"},"thumbnailUrl":"https:\/\/www.irta.cat\/wp-content\/uploads\/96ccef03-1626-7950-3bc3-c9af1e15976b-scaled.jpeg","datePublished":"2024-04-16T09:42:36+00:00","dateModified":"2024-11-06T09:35:45+00:00","breadcrumb":{"@id":"https:\/\/www.irta.cat\/es\/noticia\/presentamos-el-proyecto-ovihuec-dat-de-recuperacion-del-paisaje-tradicional-de-montana\/#breadcrumb"},"inLanguage":"es","potentialAction":[{"@type":"ReadAction","target":["https:\/\/www.irta.cat\/es\/noticia\/presentamos-el-proyecto-ovihuec-dat-de-recuperacion-del-paisaje-tradicional-de-montana\/"]}]},{"@type":"ImageObject","inLanguage":"es","@id":"https:\/\/www.irta.cat\/es\/noticia\/presentamos-el-proyecto-ovihuec-dat-de-recuperacion-del-paisaje-tradicional-de-montana\/#primaryimage","url":"https:\/\/www.irta.cat\/wp-content\/uploads\/96ccef03-1626-7950-3bc3-c9af1e15976b-scaled.jpeg","contentUrl":"https:\/\/www.irta.cat\/wp-content\/uploads\/96ccef03-1626-7950-3bc3-c9af1e15976b-scaled.jpeg","width":1920,"height":1440},{"@type":"BreadcrumbList","@id":"https:\/\/www.irta.cat\/es\/noticia\/presentamos-el-proyecto-ovihuec-dat-de-recuperacion-del-paisaje-tradicional-de-montana\/#breadcrumb","itemListElement":[{"@type":"ListItem","position":1,"name":"Inici","item":"https:\/\/www.irta.cat\/es\/"},{"@type":"ListItem","position":2,"name":"Presentamos el proyecto Ovihuec.dat de recuperaci\u00f3n del paisaje tradicional de monta\u00f1a"}]},{"@type":"WebSite","@id":"https:\/\/www.irta.cat\/es\/#website","url":"https:\/\/www.irta.cat\/es\/","name":"IRTA","description":"Institut de Recerca i Tecnologia Agroaliment\u00e0ries","publisher":{"@id":"https:\/\/www.irta.cat\/es\/#organization"},"alternateName":"%%sitename%% %%sep%% %%title%%","potentialAction":[{"@type":"SearchAction","target":{"@type":"EntryPoint","urlTemplate":"https:\/\/www.irta.cat\/es\/?s={search_term_string}"},"query-input":{"@type":"PropertyValueSpecification","valueRequired":true,"valueName":"search_term_string"}}],"inLanguage":"es"},{"@type":"Organization","@id":"https:\/\/www.irta.cat\/es\/#organization","name":"IRTA","url":"https:\/\/www.irta.cat\/es\/","logo":{"@type":"ImageObject","inLanguage":"es","@id":"https:\/\/www.irta.cat\/es\/#\/schema\/logo\/image\/","url":"https:\/\/www.irta.cat\/wp-content\/uploads\/2023\/04\/Logo-IRTA-verm.png","contentUrl":"https:\/\/www.irta.cat\/wp-content\/uploads\/2023\/04\/Logo-IRTA-verm.png","width":1250,"height":500,"caption":"IRTA"},"image":{"@id":"https:\/\/www.irta.cat\/es\/#\/schema\/logo\/image\/"},"sameAs":["https:\/\/www.facebook.com\/irtacat","https:\/\/x.com\/irtacat"]}]}},"_links":{"self":[{"href":"https:\/\/www.irta.cat\/es\/wp-json\/wp\/v2\/noticia\/61510","targetHints":{"allow":["GET"]}}],"collection":[{"href":"https:\/\/www.irta.cat\/es\/wp-json\/wp\/v2\/noticia"}],"about":[{"href":"https:\/\/www.irta.cat\/es\/wp-json\/wp\/v2\/types\/noticia"}],"version-history":[{"count":0,"href":"https:\/\/www.irta.cat\/es\/wp-json\/wp\/v2\/noticia\/61510\/revisions"}],"wp:featuredmedia":[{"embeddable":true,"href":"https:\/\/www.irta.cat\/es\/wp-json\/wp\/v2\/media\/61480"}],"wp:attachment":[{"href":"https:\/\/www.irta.cat\/es\/wp-json\/wp\/v2\/media?parent=61510"}],"wp:term":[{"taxonomy":"categoria_noticia","embeddable":true,"href":"https:\/\/www.irta.cat\/es\/wp-json\/wp\/v2\/categoria_noticia?post=61510"},{"taxonomy":"etiqueta_filtrar_noticia","embeddable":true,"href":"https:\/\/www.irta.cat\/es\/wp-json\/wp\/v2\/etiqueta_filtrar_noticia?post=61510"}],"curies":[{"name":"wp","href":"https:\/\/api.w.org\/{rel}","templated":true}]}}