{"id":61500,"date":"2024-04-17T14:09:22","date_gmt":"2024-04-17T12:09:22","guid":{"rendered":"https:\/\/www.irta.cat\/noticia\/el-irta-pone-en-marcha-el-primer-proyecto-piloto-de-energia-agrovoltaica-en-frutales-de-cataluna\/"},"modified":"2024-11-06T10:35:42","modified_gmt":"2024-11-06T09:35:42","slug":"el-irta-pone-en-marcha-el-primer-proyecto-piloto-de-energia-agrovoltaica-en-frutales-de-cataluna","status":"publish","type":"noticia","link":"https:\/\/www.irta.cat\/es\/noticia\/el-irta-pone-en-marcha-el-primer-proyecto-piloto-de-energia-agrovoltaica-en-frutales-de-cataluna\/","title":{"rendered":"El IRTA pone en marcha el primer proyecto piloto de energ\u00eda agrovoltaica en frutales de Catalu\u00f1a"},"content":{"rendered":"\n<div class=\"wp-block-image\"><figure class=\"aligncenter size-large\"><a href=\"https:\/\/www.irta.cat\/wp-content\/uploads\/Projecte-Agrovoltaica-Mollerussa-17042024-5-scaled.jpg\" class=\"fancybox irta-lightbox-bridge\" data-fancybox=\"irta-images\"><img decoding=\"async\" src=\"https:\/\/www.irta.cat\/wp-content\/uploads\/Projecte-Agrovoltaica-Mollerussa-17042024-5-scaled.jpg\" alt=\"\" class=\"wp-image-55927\" loading=\"lazy\" \/><\/a><\/figure><\/div>\n\n\n\n<h2 class=\"wp-block-heading\"><strong>El Departamento de Acci\u00f3n Clim\u00e1tica, Alimentaci\u00f3n y Agenda Rural, a trav\u00e9s del IRTA, pone en marcha el primer piloto de energ\u00eda fotovoltaica en frutales de Catalu\u00f1a, con el objetivo de mejorar la competitividad del sector agr\u00edcola y la adaptaci\u00f3n al cambio clim\u00e1tico.<\/strong><\/h2>\n\n\n\n<h2 class=\"wp-block-heading\"><strong>El proyecto, que tiene un coste de 813.389\u20ac, est\u00e1 financiado con el Fondo Clim\u00e1tico y tendr\u00e1 una duraci\u00f3n de 5 a\u00f1os.<\/strong><\/h2>\n\n\n\n<p>El Gobierno trabaja con el objetivo de implementar medidas encaminadas a realizar una transici\u00f3n energ\u00e9tica hacia un modelo 100% renovable. Y en el contexto de Catalu\u00f1a, la competencia por un espacio limitado supone un reto debido a las necesidades de producci\u00f3n de energ\u00eda solar con placas fotovoltaicas y el cultivo agr\u00edcola, uno de los principales motores econ\u00f3micos del pa\u00eds.<\/p>\n\n\n\n<p>Por eso, el Departamento de Acci\u00f3n Clim\u00e1tica, Alimentaci\u00f3n y Agenda Rural pone ahora a disposici\u00f3n del sector agrario una instrucci\u00f3n t\u00e9cnica que establece los criterios para hacer compatible la generaci\u00f3n de energ\u00eda \u201cagrovoltaica\u201d en terrenos agr\u00edcolas; esto es, la convivencia en un mismo terreno de placas solares y cultivos. Y el IRTA, en paralelo, ha puesto en marcha un proyecto de 5 a\u00f1os para estudiar c\u00f3mo funciona esta convivencia, y cu\u00e1l es la mejor forma de asegurar una buena producci\u00f3n tanto energ\u00e9tica como alimentaria, e incluso, si se pueden crear sinergias positivas.<\/p>\n\n\n\n<div class=\"wp-block-image\"><figure class=\"aligncenter size-large\"><a href=\"https:\/\/www.irta.cat\/wp-content\/uploads\/Projecte-Agrovoltaica-Mollerussa-17042024-4-scaled.jpg\" class=\"fancybox irta-lightbox-bridge\" data-fancybox=\"irta-images\"><img decoding=\"async\" src=\"https:\/\/www.irta.cat\/wp-content\/uploads\/Projecte-Agrovoltaica-Mollerussa-17042024-4-scaled.jpg\" alt=\"\" class=\"wp-image-55930\" loading=\"lazy\" \/><\/a><\/figure><\/div>\n\n\n\n<p>Se trata del primer proyecto piloto de energ\u00eda agrovoltaica en frutales de Catalu\u00f1a, y es uno de los estudios pioneros a nivel del Estado y tambi\u00e9n en Europa (donde ya se han realizado algunas experiencias en Francia y Alemania). Una plantaci\u00f3n de manzanas Gala y Golden en Mollerussa (Lleida) ser\u00e1 el objeto de estudio, y ya se pueden ver c\u00f3mo se elevan las placas por encima de los \u00e1rboles, a una altura m\u00e1xima de 5,5 metros. El proyecto piloto empez\u00f3 el pasado a\u00f1o, y ya est\u00e1 recogiendo datos en dos plantaciones de 2.880 m2 en Mollerussa. En total, y entre las dos instalaciones, se han instalado 322 paneles fotovoltaicos con una producci\u00f3n energ\u00e9tica m\u00e1xima de 165 kW. La disposici\u00f3n de la instalaci\u00f3n permite a los cultivos recibir la cantidad de luz solar necesaria para su crecimiento, mientras que las placas solares capturan la energ\u00eda solar para producir electricidad.<\/p>\n\n\n\n<p>\u201cLa hip\u00f3tesis es que esa combinaci\u00f3n puede funcionar bien aqu\u00ed. Tenemos unas condiciones de radiaci\u00f3n solar muy altas a principios de primavera y verano, as\u00ed que la reducci\u00f3n de la temperatura por la sombra que hacen las placas solares puede dar unas condiciones m\u00e1s favorables para la producci\u00f3n de fruta. En nuestra latitud y con nuestras condiciones, este sistema deber\u00eda ser m\u00e1s favorable que en climas m\u00e1s fr\u00edos como los del norte de Europa\u201d ha explicado esta ma\u00f1ana Luis Asin, jefe del programa Fruticultura del IRTA.<\/p>\n\n\n\n<div class=\"wp-block-image\"><figure class=\"aligncenter size-large\"><a href=\"https:\/\/www.irta.cat\/wp-content\/uploads\/2023\/01\/Foto-Ambassadors-amb-President-Generalitat-986x500.jpg\" class=\"fancybox irta-lightbox-bridge\" data-fancybox=\"irta-images\"><img decoding=\"async\" src=\"https:\/\/www.irta.cat\/wp-content\/uploads\/Projecte-Agrovoltaica-Mollerussa-17042024-7-scaled.jpg\" alt=\"\" class=\"wp-image-55939\" loading=\"lazy\" \/><\/a><\/figure><\/div>\n\n\n\n<p>El proyecto ha tenido un coste de 813.389 euros y est\u00e1 financiado con el Fondo Clim\u00e1tico que gestiona la Direcci\u00f3n General de Cambio Clim\u00e1tico y Calidad Ambiental. Este fondo verde se nutre del 50% de los ingresos obtenidos con el impuesto sobre las emisiones de CO2 de los veh\u00edculos de tracci\u00f3n mec\u00e1nica y el 20% de la recaudaci\u00f3n del impuesto sobre las instalaciones que inciden sobre el medio ambiente.<\/p>\n\n\n\n<div style=\"height:20px\" aria-hidden=\"true\" class=\"wp-block-spacer\"><\/div>\n\n\n\n<p><strong>Una nueva alternativa para la competitividad del sector y la adaptaci\u00f3n al cambio clim\u00e1tico<\/strong><\/p>\n\n\n\n<p>El agrovolta\u00edsmo es un sistema de explotaci\u00f3n mixto que combina el agrario y el el\u00e9ctrico en una misma extensi\u00f3n. El aprovechamiento compartido de la radiaci\u00f3n puede permitir que existan dos actividades econ\u00f3micas en la misma superficie, y de esta forma se podr\u00eda mejorar la competitividad del sector agr\u00edcola. La instrucci\u00f3n que ha desarrollado la Direcci\u00f3n General de Agricultura y Ganader\u00eda fija unos criterios generales y unos criterios espec\u00edficos relacionados con el uso del suelo, el rendimiento de los cultivos y las diferentes tipolog\u00edas de sistemas de soporte que deben tener estas instalaciones.<\/p>\n\n\n\n<div class=\"wp-block-image\"><figure class=\"aligncenter size-large\"><a href=\"https:\/\/www.irta.cat\/wp-content\/uploads\/Projecte-Agrovoltaica-Mollerussa-17042024-2-scaled.jpg\" class=\"fancybox irta-lightbox-bridge\" data-fancybox=\"irta-images\"><img decoding=\"async\" src=\"https:\/\/www.irta.cat\/wp-content\/uploads\/Projecte-Agrovoltaica-Mollerussa-17042024-2-scaled.jpg\" alt=\"\" class=\"wp-image-55933\" loading=\"lazy\" \/><\/a><\/figure><\/div>\n\n\n\n<p>De esta forma, la normativa establece que es obligatorio mantener la actividad agr\u00edcola durante toda la duraci\u00f3n del proyecto agrovoltaico. En concreto, debe garantizarse que el rendimiento del cultivo agr\u00edcola en la superficie total del proyecto despu\u00e9s de la construcci\u00f3n de la instalaci\u00f3n agrovoltaica sea como m\u00ednimo el 60% del rendimiento de referencia. Por otra parte, no se podr\u00e1n llevar a cabo instalaciones que puedan alterar la estructura natural del suelo ni utilizar soleras de hormig\u00f3n para evitar la compactaci\u00f3n y degradaci\u00f3n del suelo agr\u00edcola, excepto en los centros de transformaci\u00f3n y vallas.<\/p>\n","protected":false},"featured_media":61487,"template":"","categoria_noticia":[],"etiqueta_filtrar_noticia":[],"class_list":["post-61500","noticia","type-noticia","status-publish","has-post-thumbnail","hentry"],"acf":[],"yoast_head":"<!-- This site is optimized with the Yoast SEO plugin v26.6 - https:\/\/yoast.com\/wordpress\/plugins\/seo\/ -->\r\n<title>El IRTA pone en marcha el primer proyecto piloto de energ\u00eda agrovoltaica en frutales de Catalu\u00f1a &#187; IRTA<\/title>\r\n<meta name=\"robots\" content=\"index, follow, max-snippet:-1, max-image-preview:large, max-video-preview:-1\" \/>\r\n<link rel=\"canonical\" href=\"https:\/\/www.irta.cat\/es\/noticia\/el-irta-pone-en-marcha-el-primer-proyecto-piloto-de-energia-agrovoltaica-en-frutales-de-cataluna\/\" \/>\r\n<meta property=\"og:locale\" content=\"es_ES\" \/>\r\n<meta property=\"og:type\" content=\"article\" \/>\r\n<meta property=\"og:title\" content=\"El IRTA pone en marcha el primer proyecto piloto de energ\u00eda agrovoltaica en frutales de Catalu\u00f1a &#187; IRTA\" \/>\r\n<meta property=\"og:description\" content=\"El Departamento de Acci\u00f3n Clim\u00e1tica, Alimentaci\u00f3n y Agenda Rural, a trav\u00e9s del IRTA, pone en marcha el primer piloto de energ\u00eda fotovoltaica en frutales de Catalu\u00f1a, con el objetivo de mejorar la competitividad del sector agr\u00edcola y la adaptaci\u00f3n al cambio clim\u00e1tico. El proyecto, que tiene un coste de 813.389\u20ac, est\u00e1 financiado con el Fondo [&hellip;]\" \/>\r\n<meta property=\"og:url\" content=\"https:\/\/www.irta.cat\/es\/noticia\/el-irta-pone-en-marcha-el-primer-proyecto-piloto-de-energia-agrovoltaica-en-frutales-de-cataluna\/\" \/>\r\n<meta property=\"og:site_name\" content=\"IRTA\" \/>\r\n<meta property=\"article:publisher\" content=\"https:\/\/www.facebook.com\/irtacat\" \/>\r\n<meta property=\"article:modified_time\" content=\"2024-11-06T09:35:42+00:00\" \/>\r\n<meta property=\"og:image\" content=\"https:\/\/www.irta.cat\/wp-content\/uploads\/Projecte-Agrovoltaica-Mollerussa-17042024-5-scaled.jpg\" \/>\r\n\t<meta property=\"og:image:width\" content=\"1920\" \/>\r\n\t<meta property=\"og:image:height\" content=\"1277\" \/>\r\n\t<meta property=\"og:image:type\" content=\"image\/jpeg\" \/>\r\n<meta name=\"twitter:card\" content=\"summary_large_image\" \/>\r\n<meta name=\"twitter:site\" content=\"@irtacat\" \/>\r\n<meta name=\"twitter:label1\" content=\"Tiempo de lectura\" \/>\n\t<meta name=\"twitter:data1\" content=\"4 minutos\" \/>\r\n<script type=\"application\/ld+json\" class=\"yoast-schema-graph\">{\"@context\":\"https:\/\/schema.org\",\"@graph\":[{\"@type\":\"WebPage\",\"@id\":\"https:\/\/www.irta.cat\/es\/noticia\/el-irta-pone-en-marcha-el-primer-proyecto-piloto-de-energia-agrovoltaica-en-frutales-de-cataluna\/\",\"url\":\"https:\/\/www.irta.cat\/es\/noticia\/el-irta-pone-en-marcha-el-primer-proyecto-piloto-de-energia-agrovoltaica-en-frutales-de-cataluna\/\",\"name\":\"El IRTA pone en marcha el primer proyecto piloto de energ\u00eda agrovoltaica en frutales de Catalu\u00f1a &#187; IRTA\",\"isPartOf\":{\"@id\":\"https:\/\/www.irta.cat\/es\/#website\"},\"primaryImageOfPage\":{\"@id\":\"https:\/\/www.irta.cat\/es\/noticia\/el-irta-pone-en-marcha-el-primer-proyecto-piloto-de-energia-agrovoltaica-en-frutales-de-cataluna\/#primaryimage\"},\"image\":{\"@id\":\"https:\/\/www.irta.cat\/es\/noticia\/el-irta-pone-en-marcha-el-primer-proyecto-piloto-de-energia-agrovoltaica-en-frutales-de-cataluna\/#primaryimage\"},\"thumbnailUrl\":\"https:\/\/www.irta.cat\/wp-content\/uploads\/Projecte-Agrovoltaica-Mollerussa-17042024-5-scaled.jpg\",\"datePublished\":\"2024-04-17T12:09:22+00:00\",\"dateModified\":\"2024-11-06T09:35:42+00:00\",\"breadcrumb\":{\"@id\":\"https:\/\/www.irta.cat\/es\/noticia\/el-irta-pone-en-marcha-el-primer-proyecto-piloto-de-energia-agrovoltaica-en-frutales-de-cataluna\/#breadcrumb\"},\"inLanguage\":\"es\",\"potentialAction\":[{\"@type\":\"ReadAction\",\"target\":[\"https:\/\/www.irta.cat\/es\/noticia\/el-irta-pone-en-marcha-el-primer-proyecto-piloto-de-energia-agrovoltaica-en-frutales-de-cataluna\/\"]}]},{\"@type\":\"ImageObject\",\"inLanguage\":\"es\",\"@id\":\"https:\/\/www.irta.cat\/es\/noticia\/el-irta-pone-en-marcha-el-primer-proyecto-piloto-de-energia-agrovoltaica-en-frutales-de-cataluna\/#primaryimage\",\"url\":\"https:\/\/www.irta.cat\/wp-content\/uploads\/Projecte-Agrovoltaica-Mollerussa-17042024-5-scaled.jpg\",\"contentUrl\":\"https:\/\/www.irta.cat\/wp-content\/uploads\/Projecte-Agrovoltaica-Mollerussa-17042024-5-scaled.jpg\",\"width\":1920,\"height\":1277},{\"@type\":\"BreadcrumbList\",\"@id\":\"https:\/\/www.irta.cat\/es\/noticia\/el-irta-pone-en-marcha-el-primer-proyecto-piloto-de-energia-agrovoltaica-en-frutales-de-cataluna\/#breadcrumb\",\"itemListElement\":[{\"@type\":\"ListItem\",\"position\":1,\"name\":\"Inici\",\"item\":\"https:\/\/www.irta.cat\/es\/\"},{\"@type\":\"ListItem\",\"position\":2,\"name\":\"El IRTA pone en marcha el primer proyecto piloto de energ\u00eda agrovoltaica en frutales de Catalu\u00f1a\"}]},{\"@type\":\"WebSite\",\"@id\":\"https:\/\/www.irta.cat\/es\/#website\",\"url\":\"https:\/\/www.irta.cat\/es\/\",\"name\":\"IRTA\",\"description\":\"Institut de Recerca i Tecnologia Agroaliment\u00e0ries\",\"publisher\":{\"@id\":\"https:\/\/www.irta.cat\/es\/#organization\"},\"alternateName\":\"%%sitename%% %%sep%% %%title%%\",\"potentialAction\":[{\"@type\":\"SearchAction\",\"target\":{\"@type\":\"EntryPoint\",\"urlTemplate\":\"https:\/\/www.irta.cat\/es\/?s={search_term_string}\"},\"query-input\":{\"@type\":\"PropertyValueSpecification\",\"valueRequired\":true,\"valueName\":\"search_term_string\"}}],\"inLanguage\":\"es\"},{\"@type\":\"Organization\",\"@id\":\"https:\/\/www.irta.cat\/es\/#organization\",\"name\":\"IRTA\",\"url\":\"https:\/\/www.irta.cat\/es\/\",\"logo\":{\"@type\":\"ImageObject\",\"inLanguage\":\"es\",\"@id\":\"https:\/\/www.irta.cat\/es\/#\/schema\/logo\/image\/\",\"url\":\"https:\/\/www.irta.cat\/wp-content\/uploads\/2023\/04\/Logo-IRTA-verm.png\",\"contentUrl\":\"https:\/\/www.irta.cat\/wp-content\/uploads\/2023\/04\/Logo-IRTA-verm.png\",\"width\":1250,\"height\":500,\"caption\":\"IRTA\"},\"image\":{\"@id\":\"https:\/\/www.irta.cat\/es\/#\/schema\/logo\/image\/\"},\"sameAs\":[\"https:\/\/www.facebook.com\/irtacat\",\"https:\/\/x.com\/irtacat\"]}]}<\/script>\r\n<!-- \/ Yoast SEO plugin. -->","yoast_head_json":{"title":"El IRTA pone en marcha el primer proyecto piloto de energ\u00eda agrovoltaica en frutales de Catalu\u00f1a &#187; IRTA","robots":{"index":"index","follow":"follow","max-snippet":"max-snippet:-1","max-image-preview":"max-image-preview:large","max-video-preview":"max-video-preview:-1"},"canonical":"https:\/\/www.irta.cat\/es\/noticia\/el-irta-pone-en-marcha-el-primer-proyecto-piloto-de-energia-agrovoltaica-en-frutales-de-cataluna\/","og_locale":"es_ES","og_type":"article","og_title":"El IRTA pone en marcha el primer proyecto piloto de energ\u00eda agrovoltaica en frutales de Catalu\u00f1a &#187; IRTA","og_description":"El Departamento de Acci\u00f3n Clim\u00e1tica, Alimentaci\u00f3n y Agenda Rural, a trav\u00e9s del IRTA, pone en marcha el primer piloto de energ\u00eda fotovoltaica en frutales de Catalu\u00f1a, con el objetivo de mejorar la competitividad del sector agr\u00edcola y la adaptaci\u00f3n al cambio clim\u00e1tico. El proyecto, que tiene un coste de 813.389\u20ac, est\u00e1 financiado con el Fondo [&hellip;]","og_url":"https:\/\/www.irta.cat\/es\/noticia\/el-irta-pone-en-marcha-el-primer-proyecto-piloto-de-energia-agrovoltaica-en-frutales-de-cataluna\/","og_site_name":"IRTA","article_publisher":"https:\/\/www.facebook.com\/irtacat","article_modified_time":"2024-11-06T09:35:42+00:00","og_image":[{"width":1920,"height":1277,"url":"https:\/\/www.irta.cat\/wp-content\/uploads\/Projecte-Agrovoltaica-Mollerussa-17042024-5-scaled.jpg","type":"image\/jpeg"}],"twitter_card":"summary_large_image","twitter_site":"@irtacat","twitter_misc":{"Tiempo de lectura":"4 minutos"},"schema":{"@context":"https:\/\/schema.org","@graph":[{"@type":"WebPage","@id":"https:\/\/www.irta.cat\/es\/noticia\/el-irta-pone-en-marcha-el-primer-proyecto-piloto-de-energia-agrovoltaica-en-frutales-de-cataluna\/","url":"https:\/\/www.irta.cat\/es\/noticia\/el-irta-pone-en-marcha-el-primer-proyecto-piloto-de-energia-agrovoltaica-en-frutales-de-cataluna\/","name":"El IRTA pone en marcha el primer proyecto piloto de energ\u00eda agrovoltaica en frutales de Catalu\u00f1a &#187; IRTA","isPartOf":{"@id":"https:\/\/www.irta.cat\/es\/#website"},"primaryImageOfPage":{"@id":"https:\/\/www.irta.cat\/es\/noticia\/el-irta-pone-en-marcha-el-primer-proyecto-piloto-de-energia-agrovoltaica-en-frutales-de-cataluna\/#primaryimage"},"image":{"@id":"https:\/\/www.irta.cat\/es\/noticia\/el-irta-pone-en-marcha-el-primer-proyecto-piloto-de-energia-agrovoltaica-en-frutales-de-cataluna\/#primaryimage"},"thumbnailUrl":"https:\/\/www.irta.cat\/wp-content\/uploads\/Projecte-Agrovoltaica-Mollerussa-17042024-5-scaled.jpg","datePublished":"2024-04-17T12:09:22+00:00","dateModified":"2024-11-06T09:35:42+00:00","breadcrumb":{"@id":"https:\/\/www.irta.cat\/es\/noticia\/el-irta-pone-en-marcha-el-primer-proyecto-piloto-de-energia-agrovoltaica-en-frutales-de-cataluna\/#breadcrumb"},"inLanguage":"es","potentialAction":[{"@type":"ReadAction","target":["https:\/\/www.irta.cat\/es\/noticia\/el-irta-pone-en-marcha-el-primer-proyecto-piloto-de-energia-agrovoltaica-en-frutales-de-cataluna\/"]}]},{"@type":"ImageObject","inLanguage":"es","@id":"https:\/\/www.irta.cat\/es\/noticia\/el-irta-pone-en-marcha-el-primer-proyecto-piloto-de-energia-agrovoltaica-en-frutales-de-cataluna\/#primaryimage","url":"https:\/\/www.irta.cat\/wp-content\/uploads\/Projecte-Agrovoltaica-Mollerussa-17042024-5-scaled.jpg","contentUrl":"https:\/\/www.irta.cat\/wp-content\/uploads\/Projecte-Agrovoltaica-Mollerussa-17042024-5-scaled.jpg","width":1920,"height":1277},{"@type":"BreadcrumbList","@id":"https:\/\/www.irta.cat\/es\/noticia\/el-irta-pone-en-marcha-el-primer-proyecto-piloto-de-energia-agrovoltaica-en-frutales-de-cataluna\/#breadcrumb","itemListElement":[{"@type":"ListItem","position":1,"name":"Inici","item":"https:\/\/www.irta.cat\/es\/"},{"@type":"ListItem","position":2,"name":"El IRTA pone en marcha el primer proyecto piloto de energ\u00eda agrovoltaica en frutales de Catalu\u00f1a"}]},{"@type":"WebSite","@id":"https:\/\/www.irta.cat\/es\/#website","url":"https:\/\/www.irta.cat\/es\/","name":"IRTA","description":"Institut de Recerca i Tecnologia Agroaliment\u00e0ries","publisher":{"@id":"https:\/\/www.irta.cat\/es\/#organization"},"alternateName":"%%sitename%% %%sep%% %%title%%","potentialAction":[{"@type":"SearchAction","target":{"@type":"EntryPoint","urlTemplate":"https:\/\/www.irta.cat\/es\/?s={search_term_string}"},"query-input":{"@type":"PropertyValueSpecification","valueRequired":true,"valueName":"search_term_string"}}],"inLanguage":"es"},{"@type":"Organization","@id":"https:\/\/www.irta.cat\/es\/#organization","name":"IRTA","url":"https:\/\/www.irta.cat\/es\/","logo":{"@type":"ImageObject","inLanguage":"es","@id":"https:\/\/www.irta.cat\/es\/#\/schema\/logo\/image\/","url":"https:\/\/www.irta.cat\/wp-content\/uploads\/2023\/04\/Logo-IRTA-verm.png","contentUrl":"https:\/\/www.irta.cat\/wp-content\/uploads\/2023\/04\/Logo-IRTA-verm.png","width":1250,"height":500,"caption":"IRTA"},"image":{"@id":"https:\/\/www.irta.cat\/es\/#\/schema\/logo\/image\/"},"sameAs":["https:\/\/www.facebook.com\/irtacat","https:\/\/x.com\/irtacat"]}]}},"_links":{"self":[{"href":"https:\/\/www.irta.cat\/es\/wp-json\/wp\/v2\/noticia\/61500","targetHints":{"allow":["GET"]}}],"collection":[{"href":"https:\/\/www.irta.cat\/es\/wp-json\/wp\/v2\/noticia"}],"about":[{"href":"https:\/\/www.irta.cat\/es\/wp-json\/wp\/v2\/types\/noticia"}],"version-history":[{"count":0,"href":"https:\/\/www.irta.cat\/es\/wp-json\/wp\/v2\/noticia\/61500\/revisions"}],"wp:featuredmedia":[{"embeddable":true,"href":"https:\/\/www.irta.cat\/es\/wp-json\/wp\/v2\/media\/61487"}],"wp:attachment":[{"href":"https:\/\/www.irta.cat\/es\/wp-json\/wp\/v2\/media?parent=61500"}],"wp:term":[{"taxonomy":"categoria_noticia","embeddable":true,"href":"https:\/\/www.irta.cat\/es\/wp-json\/wp\/v2\/categoria_noticia?post=61500"},{"taxonomy":"etiqueta_filtrar_noticia","embeddable":true,"href":"https:\/\/www.irta.cat\/es\/wp-json\/wp\/v2\/etiqueta_filtrar_noticia?post=61500"}],"curies":[{"name":"wp","href":"https:\/\/api.w.org\/{rel}","templated":true}]}}