{"id":61345,"date":"2024-02-16T08:14:00","date_gmt":"2024-02-16T07:14:00","guid":{"rendered":"https:\/\/www.irta.cat\/noticia\/el-irta-presenta-en-lleida-sus-propuestas-contra-la-sequia-y-para-el-uso-eficiente-del-agua-en-agricultura\/"},"modified":"2024-11-06T10:34:05","modified_gmt":"2024-11-06T09:34:05","slug":"el-irta-presenta-en-lleida-sus-propuestas-contra-la-sequia-y-para-el-uso-eficiente-del-agua-en-agricultura","status":"publish","type":"noticia","link":"https:\/\/www.irta.cat\/es\/noticia\/el-irta-presenta-en-lleida-sus-propuestas-contra-la-sequia-y-para-el-uso-eficiente-del-agua-en-agricultura\/","title":{"rendered":"El IRTA presenta en Lleida sus propuestas contra la sequ\u00eda y para el uso eficiente del agua en agricultura"},"content":{"rendered":"\n<div class=\"wp-block-image\"><figure class=\"aligncenter size-full is-resized\"><a href=\"https:\/\/www.irta.cat\/wp-content\/uploads\/2023\/01\/IMG_0234-750x500.jpg\" class=\"fancybox irta-lightbox-bridge\" data-fancybox=\"irta-images\"><img decoding=\"async\" src=\"https:\/\/www.irta.cat\/wp-content\/uploads\/que_es_irridesk_caixa2-768x576-1.jpg\" alt=\"\" class=\"wp-image-55272\" width=\"750\" loading=\"lazy\" \/><\/a><\/figure><\/div>\n\n\n\n<h2 class=\"wp-block-heading\"><strong>El director general del IRTA se ha reunido este viernes en Lleida con las principales instituciones del territorio para presentar las actividades de investigaci\u00f3n del Instituto, especialmente en el uso eficiente del agua de riego y en la gesti\u00f3n de la sequ\u00eda.<\/strong><\/h2>\n\n\n\n<h2 class=\"wp-block-heading\"><strong>El marco es la 5\u00aa Mesa Institucional del IRTA en las Tierras de Lleida y Pirineo, en la que el Instituto recoge las propuestas e inquietudes de diversas administraciones territoriales, como la Diputaci\u00f3n de Lleida y los ayuntamientos.<\/strong><\/h2>\n\n\n\n<p>El Instituto de Investigaci\u00f3n y Tecnolog\u00eda Agroalimentarias ha reunido hoy en el centro IRTA Agr\u00f3nomos, en el campus de la ETSEAFIV, a diversos agentes territoriales de Lleida y Pirineos. Han asistido dirigentes de la Diputaci\u00f3n de Lleida, la Generalitat y varios alcaldes de la demarcaci\u00f3n. El objetivo de este encuentro, la <strong>5\u00aa Mesa Institucional del IRTA en las Tierras de Lleida y Pirineos<\/strong>, ha sido trabajar conjuntamente en las necesidades y retos del territorio en materia de investigaci\u00f3n y agroalimentaci\u00f3n. Unos retos que este a\u00f1o, vienen sin duda marcados por la <strong>sequ\u00eda<\/strong>.<\/p>\n\n\n\n<p><strong>Josep Usall<\/strong>, director general del IRTA, ha presentado el importante papel que tiene el Instituto en el futuro de la alimentaci\u00f3n, la agricultura y la ganader\u00eda del territorio, expuesto en el <strong>nuevo Plan Estrat\u00e9gico del IRTA<\/strong>. Este plan de futuro presenta 8 metas a alcanzar hasta 2027, que van desde la reducci\u00f3n de emisiones de carbono en la agricultura hasta la transformaci\u00f3n digital del sector agroalimentario, pasando por el impulso al sector de la prote\u00edna alternativa o la valorizaci\u00f3n de los subproductos y residuos alimenticios. Usall resum\u00eda as\u00ed el contexto general de estos retos: \u201cA nivel global, el \u00e1mbito agroalimentario y la alimentaci\u00f3n es uno de los que tiene mayor impacto para garantizar la sostenibilidad del planeta y la salud y bienestar de la poblaci\u00f3n. Asimismo, es tambi\u00e9n uno de los m\u00e1s afectados desde la perspectiva de la escasez de recursos y de la competici\u00f3n por las materias primas, el suelo, el agua y la energ\u00eda.\u201d<\/p>\n\n\n\n<figure class=\"wp-block-image size-full is-resized\"><a href=\"https:\/\/www.irta.cat\/wp-content\/uploads\/2023\/01\/escolab-02-570x321.jpg\" class=\"fancybox irta-lightbox-bridge\" data-fancybox=\"irta-images\"><img decoding=\"async\" src=\"https:\/\/www.irta.cat\/wp-content\/uploads\/DSC_0236-scaled-1-scaled.jpg\" alt=\"\" class=\"wp-image-55275\" width=\"750\" loading=\"lazy\" \/><\/a><\/figure>\n\n\n\n<p>Pero por su relevancia y urgencia, ha sido el tema de la <strong>gesti\u00f3n del agua<\/strong> el principal que se ha querido tratar hoy. De la mano de <strong>Joan Girona<\/strong>, delegado del IRTA en Lleida y Pirineos y referente en investigaci\u00f3n sobre uso eficiente del agua en agricultura, se han presentado las principales acciones que el IRTA ha hecho, hace y har\u00e1 para valorizar al m\u00e1ximo un recurso escaso y valioso como es el agua.<\/p>\n\n\n\n<div style=\"height:20px\" aria-hidden=\"true\" class=\"wp-block-spacer\"><\/div>\n\n\n\n<h2 class=\"wp-block-heading\"><strong>Asistencia y conocimiento para el uso de un recurso escaso<\/strong><\/h2>\n\n\n\n<p>El IRTA lleva <strong>m\u00e1s de 30 a\u00f1os<\/strong> trabajando en la mejora de la gesti\u00f3n del agua de riego y en la eficiencia de la producci\u00f3n agr\u00edcola. El conocimiento coordinado y acumulado de sus cient\u00edficos y t\u00e9cnicos permite idear estrategias de riego espec\u00edficas para alcanzar el ahorro de agua sin repercutir negativamente en los cultivos, o incluso consiguiendo lo contrario. As\u00ed lo afirma <strong>Jaume Casades\u00fas<\/strong>, jefe del programa <a href=\"https:\/\/www.irta.cat\/es\/grup\/uso-eficiente-del-agua-en-agricultura\/\" target=\"_blank\" rel=\"noreferrer noopener\">Uso eficiente del agua en agricultura<\/a> en el IRTA: \u201cUna buena gesti\u00f3n del riego puede representar una reducci\u00f3n de costes, un aumento de la producci\u00f3n y de la calidad, y a la vez una mejora en la sostenibilidad\u201d.<\/p>\n\n\n\n<figure class=\"wp-block-image size-full is-resized\"><a href=\"https:\/\/www.irta.cat\/wp-content\/uploads\/2023\/01\/escolab-02-570x321.jpg\" class=\"fancybox irta-lightbox-bridge\" data-fancybox=\"irta-images\"><img decoding=\"async\" src=\"https:\/\/www.irta.cat\/wp-content\/uploads\/CF024791-scaled-1-scaled.jpg\" alt=\"\" class=\"wp-image-55284\" width=\"750\" loading=\"lazy\" \/><\/a><\/figure>\n\n\n\n<p>Con este argumento el IRTA ha presentado hoy algunas iniciativas que emanan del conocimiento adquirido, y de proyectos y trabajos previos con las comunidad de regantes. Y es que aunque nos encontramos en fase de emergencia por sequ\u00eda desde principios de febrero, y de que se trata de una situaci\u00f3n excepcional seg\u00fan el registro hist\u00f3rico, el IRTA, la Generalitat y el sector llevan trabajando desde hace tiempo con una previsi\u00f3n de futuro complicada.<\/p>\n\n\n\n<p>El dr. Casades\u00fas, fisi\u00f3logo vegetal e ingeniero inform\u00e1tico de profesi\u00f3n, ha explicado: \u00abgracias a los especialistas del IRTA y a nuestra presencia por todo el territorio de Catalu\u00f1a, podemos dar <strong>apoyo personalizado a los profesionales de cada regi\u00f3n<\/strong>\u00ab. En Lleida se apoyar\u00eda el riego de frutales y cultivos extensivos; en Girona, frutales, cultivos extensivos y aguas regeneradas; en el Ebro, arroz y c\u00edtricos; en el Pened\u00e9s y en el Camp de Tarragona, vi\u00f1edo, olivo y avellano; y en el Baix Llobregat, hort\u00edcolas.<\/p>\n\n\n\n<div class=\"wp-block-image\"><figure class=\"aligncenter size-full is-resized\"><a href=\"https:\/\/www.irta.cat\/wp-content\/uploads\/2023\/01\/escolab-02-570x321.jpg\" class=\"fancybox irta-lightbox-bridge\" data-fancybox=\"irta-images\"><img decoding=\"async\" src=\"https:\/\/www.irta.cat\/wp-content\/uploads\/CF024883-scaled-1-scaled.jpg\" alt=\"\" class=\"wp-image-55281\" width=\"750\" loading=\"lazy\" \/><\/a><\/figure><\/div>\n\n\n\n<p>Los servicios consisten, por un lado, en la <strong>transferencia de conocimiento sobre los requerimientos h\u00eddricos de los cultivos<\/strong>. Es decir, que los productores y las comunidades de regantes puedan disponer de todo el conocimiento t\u00e9cnico y cient\u00edfico sobre qu\u00e9 cantidad de agua necesita cada cultivo, y c\u00f3mo debe aplicarse en cada fase de su crecimiento. El agua, como recurso escaso y valioso, se utiliza as\u00ed de una forma precisa y con el mayor ahorro posible.<\/p>\n\n\n\n<p>Esto no se logra sin un an\u00e1lisis previo de los datos, lo que permite <strong>una planificaci\u00f3n m\u00e1s correcta y precisa<\/strong>, y el establecimiento de planes de contingencia para episodios de escasez de agua como el actual. Las nuevas tecnolog\u00edas aplicadas a la agricultura (como la teledetecci\u00f3n, la inform\u00e1tica, la inteligencia artificial o el <em>big data<\/em>), junto con la estad\u00edstica y la inform\u00e1tica se revelan claves para la agricultura del futuro, acelerada por las necesidades del presente.<\/p>\n\n\n\n<div class=\"wp-block-image\"><figure class=\"aligncenter size-full is-resized\"><a href=\"https:\/\/www.irta.cat\/wp-content\/uploads\/2023\/01\/escolab-02-570x321.jpg\" class=\"fancybox irta-lightbox-bridge\" data-fancybox=\"irta-images\"><img decoding=\"async\" src=\"https:\/\/www.irta.cat\/wp-content\/uploads\/Irrilands.png\" alt=\"\" class=\"wp-image-55278\" width=\"750\" loading=\"lazy\" \/><\/a><\/figure><\/div>\n\n\n\n<p>A trav\u00e9s de esta iniciativa, los agricultores recibir\u00e1n una serie de <strong>recomendaciones regulares de riego<\/strong>, y adem\u00e1s se har\u00e1 seguimiento de las infraestructuras h\u00eddricas para asegurar su buen funcionamiento, y que el agua no se derroche. La informaci\u00f3n sobre estas recomendaciones, el estado actual del suelo y las previsiones de futuro la podr\u00e1n tener a trav\u00e9s de plataformas digitales.<\/p>\n","protected":false},"featured_media":61340,"template":"","categoria_noticia":[],"etiqueta_filtrar_noticia":[7877],"class_list":["post-61345","noticia","type-noticia","status-publish","has-post-thumbnail","hentry","etiqueta_filtrar_noticia-ponent-terres-de-lleida"],"acf":[],"yoast_head":"<!-- This site is optimized with the Yoast SEO plugin v26.6 - https:\/\/yoast.com\/wordpress\/plugins\/seo\/ -->\r\n<title>El IRTA presenta en Lleida sus propuestas contra la sequ\u00eda y para el uso eficiente del agua en agricultura &#187; IRTA<\/title>\r\n<meta name=\"robots\" content=\"index, follow, max-snippet:-1, max-image-preview:large, max-video-preview:-1\" \/>\r\n<link rel=\"canonical\" href=\"https:\/\/www.irta.cat\/es\/noticia\/el-irta-presenta-en-lleida-sus-propuestas-contra-la-sequia-y-para-el-uso-eficiente-del-agua-en-agricultura\/\" \/>\r\n<meta property=\"og:locale\" content=\"es_ES\" \/>\r\n<meta property=\"og:type\" content=\"article\" \/>\r\n<meta property=\"og:title\" content=\"El IRTA presenta en Lleida sus propuestas contra la sequ\u00eda y para el uso eficiente del agua en agricultura &#187; IRTA\" \/>\r\n<meta property=\"og:description\" content=\"El director general del IRTA se ha reunido este viernes en Lleida con las principales instituciones del territorio para presentar las actividades de investigaci\u00f3n del Instituto, especialmente en el uso eficiente del agua de riego y en la gesti\u00f3n de la sequ\u00eda. El marco es la 5\u00aa Mesa Institucional del IRTA en las Tierras de [&hellip;]\" \/>\r\n<meta property=\"og:url\" content=\"https:\/\/www.irta.cat\/es\/noticia\/el-irta-presenta-en-lleida-sus-propuestas-contra-la-sequia-y-para-el-uso-eficiente-del-agua-en-agricultura\/\" \/>\r\n<meta property=\"og:site_name\" content=\"IRTA\" \/>\r\n<meta property=\"article:publisher\" content=\"https:\/\/www.facebook.com\/irtacat\" \/>\r\n<meta property=\"article:modified_time\" content=\"2024-11-06T09:34:05+00:00\" \/>\r\n<meta property=\"og:image\" content=\"https:\/\/www.irta.cat\/wp-content\/uploads\/Irrilands.png\" \/>\r\n\t<meta property=\"og:image:width\" content=\"1256\" \/>\r\n\t<meta property=\"og:image:height\" content=\"657\" \/>\r\n\t<meta property=\"og:image:type\" content=\"image\/png\" \/>\r\n<meta name=\"twitter:card\" content=\"summary_large_image\" \/>\r\n<meta name=\"twitter:site\" content=\"@irtacat\" \/>\r\n<meta name=\"twitter:label1\" content=\"Tiempo de lectura\" \/>\n\t<meta name=\"twitter:data1\" content=\"5 minutos\" \/>\r\n<script type=\"application\/ld+json\" class=\"yoast-schema-graph\">{\"@context\":\"https:\/\/schema.org\",\"@graph\":[{\"@type\":\"WebPage\",\"@id\":\"https:\/\/www.irta.cat\/es\/noticia\/el-irta-presenta-en-lleida-sus-propuestas-contra-la-sequia-y-para-el-uso-eficiente-del-agua-en-agricultura\/\",\"url\":\"https:\/\/www.irta.cat\/es\/noticia\/el-irta-presenta-en-lleida-sus-propuestas-contra-la-sequia-y-para-el-uso-eficiente-del-agua-en-agricultura\/\",\"name\":\"El IRTA presenta en Lleida sus propuestas contra la sequ\u00eda y para el uso eficiente del agua en agricultura &#187; IRTA\",\"isPartOf\":{\"@id\":\"https:\/\/www.irta.cat\/es\/#website\"},\"primaryImageOfPage\":{\"@id\":\"https:\/\/www.irta.cat\/es\/noticia\/el-irta-presenta-en-lleida-sus-propuestas-contra-la-sequia-y-para-el-uso-eficiente-del-agua-en-agricultura\/#primaryimage\"},\"image\":{\"@id\":\"https:\/\/www.irta.cat\/es\/noticia\/el-irta-presenta-en-lleida-sus-propuestas-contra-la-sequia-y-para-el-uso-eficiente-del-agua-en-agricultura\/#primaryimage\"},\"thumbnailUrl\":\"https:\/\/www.irta.cat\/wp-content\/uploads\/Irrilands.png\",\"datePublished\":\"2024-02-16T07:14:00+00:00\",\"dateModified\":\"2024-11-06T09:34:05+00:00\",\"breadcrumb\":{\"@id\":\"https:\/\/www.irta.cat\/es\/noticia\/el-irta-presenta-en-lleida-sus-propuestas-contra-la-sequia-y-para-el-uso-eficiente-del-agua-en-agricultura\/#breadcrumb\"},\"inLanguage\":\"es\",\"potentialAction\":[{\"@type\":\"ReadAction\",\"target\":[\"https:\/\/www.irta.cat\/es\/noticia\/el-irta-presenta-en-lleida-sus-propuestas-contra-la-sequia-y-para-el-uso-eficiente-del-agua-en-agricultura\/\"]}]},{\"@type\":\"ImageObject\",\"inLanguage\":\"es\",\"@id\":\"https:\/\/www.irta.cat\/es\/noticia\/el-irta-presenta-en-lleida-sus-propuestas-contra-la-sequia-y-para-el-uso-eficiente-del-agua-en-agricultura\/#primaryimage\",\"url\":\"https:\/\/www.irta.cat\/wp-content\/uploads\/Irrilands.png\",\"contentUrl\":\"https:\/\/www.irta.cat\/wp-content\/uploads\/Irrilands.png\",\"width\":1256,\"height\":657},{\"@type\":\"BreadcrumbList\",\"@id\":\"https:\/\/www.irta.cat\/es\/noticia\/el-irta-presenta-en-lleida-sus-propuestas-contra-la-sequia-y-para-el-uso-eficiente-del-agua-en-agricultura\/#breadcrumb\",\"itemListElement\":[{\"@type\":\"ListItem\",\"position\":1,\"name\":\"Inici\",\"item\":\"https:\/\/www.irta.cat\/es\/\"},{\"@type\":\"ListItem\",\"position\":2,\"name\":\"El IRTA presenta en Lleida sus propuestas contra la sequ\u00eda y para el uso eficiente del agua en agricultura\"}]},{\"@type\":\"WebSite\",\"@id\":\"https:\/\/www.irta.cat\/es\/#website\",\"url\":\"https:\/\/www.irta.cat\/es\/\",\"name\":\"IRTA\",\"description\":\"Institut de Recerca i Tecnologia Agroaliment\u00e0ries\",\"publisher\":{\"@id\":\"https:\/\/www.irta.cat\/es\/#organization\"},\"alternateName\":\"%%sitename%% %%sep%% %%title%%\",\"potentialAction\":[{\"@type\":\"SearchAction\",\"target\":{\"@type\":\"EntryPoint\",\"urlTemplate\":\"https:\/\/www.irta.cat\/es\/?s={search_term_string}\"},\"query-input\":{\"@type\":\"PropertyValueSpecification\",\"valueRequired\":true,\"valueName\":\"search_term_string\"}}],\"inLanguage\":\"es\"},{\"@type\":\"Organization\",\"@id\":\"https:\/\/www.irta.cat\/es\/#organization\",\"name\":\"IRTA\",\"url\":\"https:\/\/www.irta.cat\/es\/\",\"logo\":{\"@type\":\"ImageObject\",\"inLanguage\":\"es\",\"@id\":\"https:\/\/www.irta.cat\/es\/#\/schema\/logo\/image\/\",\"url\":\"https:\/\/www.irta.cat\/wp-content\/uploads\/2023\/04\/Logo-IRTA-verm.png\",\"contentUrl\":\"https:\/\/www.irta.cat\/wp-content\/uploads\/2023\/04\/Logo-IRTA-verm.png\",\"width\":1250,\"height\":500,\"caption\":\"IRTA\"},\"image\":{\"@id\":\"https:\/\/www.irta.cat\/es\/#\/schema\/logo\/image\/\"},\"sameAs\":[\"https:\/\/www.facebook.com\/irtacat\",\"https:\/\/x.com\/irtacat\"]}]}<\/script>\r\n<!-- \/ Yoast SEO plugin. -->","yoast_head_json":{"title":"El IRTA presenta en Lleida sus propuestas contra la sequ\u00eda y para el uso eficiente del agua en agricultura &#187; IRTA","robots":{"index":"index","follow":"follow","max-snippet":"max-snippet:-1","max-image-preview":"max-image-preview:large","max-video-preview":"max-video-preview:-1"},"canonical":"https:\/\/www.irta.cat\/es\/noticia\/el-irta-presenta-en-lleida-sus-propuestas-contra-la-sequia-y-para-el-uso-eficiente-del-agua-en-agricultura\/","og_locale":"es_ES","og_type":"article","og_title":"El IRTA presenta en Lleida sus propuestas contra la sequ\u00eda y para el uso eficiente del agua en agricultura &#187; IRTA","og_description":"El director general del IRTA se ha reunido este viernes en Lleida con las principales instituciones del territorio para presentar las actividades de investigaci\u00f3n del Instituto, especialmente en el uso eficiente del agua de riego y en la gesti\u00f3n de la sequ\u00eda. El marco es la 5\u00aa Mesa Institucional del IRTA en las Tierras de [&hellip;]","og_url":"https:\/\/www.irta.cat\/es\/noticia\/el-irta-presenta-en-lleida-sus-propuestas-contra-la-sequia-y-para-el-uso-eficiente-del-agua-en-agricultura\/","og_site_name":"IRTA","article_publisher":"https:\/\/www.facebook.com\/irtacat","article_modified_time":"2024-11-06T09:34:05+00:00","og_image":[{"width":1256,"height":657,"url":"https:\/\/www.irta.cat\/wp-content\/uploads\/Irrilands.png","type":"image\/png"}],"twitter_card":"summary_large_image","twitter_site":"@irtacat","twitter_misc":{"Tiempo de lectura":"5 minutos"},"schema":{"@context":"https:\/\/schema.org","@graph":[{"@type":"WebPage","@id":"https:\/\/www.irta.cat\/es\/noticia\/el-irta-presenta-en-lleida-sus-propuestas-contra-la-sequia-y-para-el-uso-eficiente-del-agua-en-agricultura\/","url":"https:\/\/www.irta.cat\/es\/noticia\/el-irta-presenta-en-lleida-sus-propuestas-contra-la-sequia-y-para-el-uso-eficiente-del-agua-en-agricultura\/","name":"El IRTA presenta en Lleida sus propuestas contra la sequ\u00eda y para el uso eficiente del agua en agricultura &#187; IRTA","isPartOf":{"@id":"https:\/\/www.irta.cat\/es\/#website"},"primaryImageOfPage":{"@id":"https:\/\/www.irta.cat\/es\/noticia\/el-irta-presenta-en-lleida-sus-propuestas-contra-la-sequia-y-para-el-uso-eficiente-del-agua-en-agricultura\/#primaryimage"},"image":{"@id":"https:\/\/www.irta.cat\/es\/noticia\/el-irta-presenta-en-lleida-sus-propuestas-contra-la-sequia-y-para-el-uso-eficiente-del-agua-en-agricultura\/#primaryimage"},"thumbnailUrl":"https:\/\/www.irta.cat\/wp-content\/uploads\/Irrilands.png","datePublished":"2024-02-16T07:14:00+00:00","dateModified":"2024-11-06T09:34:05+00:00","breadcrumb":{"@id":"https:\/\/www.irta.cat\/es\/noticia\/el-irta-presenta-en-lleida-sus-propuestas-contra-la-sequia-y-para-el-uso-eficiente-del-agua-en-agricultura\/#breadcrumb"},"inLanguage":"es","potentialAction":[{"@type":"ReadAction","target":["https:\/\/www.irta.cat\/es\/noticia\/el-irta-presenta-en-lleida-sus-propuestas-contra-la-sequia-y-para-el-uso-eficiente-del-agua-en-agricultura\/"]}]},{"@type":"ImageObject","inLanguage":"es","@id":"https:\/\/www.irta.cat\/es\/noticia\/el-irta-presenta-en-lleida-sus-propuestas-contra-la-sequia-y-para-el-uso-eficiente-del-agua-en-agricultura\/#primaryimage","url":"https:\/\/www.irta.cat\/wp-content\/uploads\/Irrilands.png","contentUrl":"https:\/\/www.irta.cat\/wp-content\/uploads\/Irrilands.png","width":1256,"height":657},{"@type":"BreadcrumbList","@id":"https:\/\/www.irta.cat\/es\/noticia\/el-irta-presenta-en-lleida-sus-propuestas-contra-la-sequia-y-para-el-uso-eficiente-del-agua-en-agricultura\/#breadcrumb","itemListElement":[{"@type":"ListItem","position":1,"name":"Inici","item":"https:\/\/www.irta.cat\/es\/"},{"@type":"ListItem","position":2,"name":"El IRTA presenta en Lleida sus propuestas contra la sequ\u00eda y para el uso eficiente del agua en agricultura"}]},{"@type":"WebSite","@id":"https:\/\/www.irta.cat\/es\/#website","url":"https:\/\/www.irta.cat\/es\/","name":"IRTA","description":"Institut de Recerca i Tecnologia Agroaliment\u00e0ries","publisher":{"@id":"https:\/\/www.irta.cat\/es\/#organization"},"alternateName":"%%sitename%% %%sep%% %%title%%","potentialAction":[{"@type":"SearchAction","target":{"@type":"EntryPoint","urlTemplate":"https:\/\/www.irta.cat\/es\/?s={search_term_string}"},"query-input":{"@type":"PropertyValueSpecification","valueRequired":true,"valueName":"search_term_string"}}],"inLanguage":"es"},{"@type":"Organization","@id":"https:\/\/www.irta.cat\/es\/#organization","name":"IRTA","url":"https:\/\/www.irta.cat\/es\/","logo":{"@type":"ImageObject","inLanguage":"es","@id":"https:\/\/www.irta.cat\/es\/#\/schema\/logo\/image\/","url":"https:\/\/www.irta.cat\/wp-content\/uploads\/2023\/04\/Logo-IRTA-verm.png","contentUrl":"https:\/\/www.irta.cat\/wp-content\/uploads\/2023\/04\/Logo-IRTA-verm.png","width":1250,"height":500,"caption":"IRTA"},"image":{"@id":"https:\/\/www.irta.cat\/es\/#\/schema\/logo\/image\/"},"sameAs":["https:\/\/www.facebook.com\/irtacat","https:\/\/x.com\/irtacat"]}]}},"_links":{"self":[{"href":"https:\/\/www.irta.cat\/es\/wp-json\/wp\/v2\/noticia\/61345","targetHints":{"allow":["GET"]}}],"collection":[{"href":"https:\/\/www.irta.cat\/es\/wp-json\/wp\/v2\/noticia"}],"about":[{"href":"https:\/\/www.irta.cat\/es\/wp-json\/wp\/v2\/types\/noticia"}],"version-history":[{"count":1,"href":"https:\/\/www.irta.cat\/es\/wp-json\/wp\/v2\/noticia\/61345\/revisions"}],"predecessor-version":[{"id":136117,"href":"https:\/\/www.irta.cat\/es\/wp-json\/wp\/v2\/noticia\/61345\/revisions\/136117"}],"wp:featuredmedia":[{"embeddable":true,"href":"https:\/\/www.irta.cat\/es\/wp-json\/wp\/v2\/media\/61340"}],"wp:attachment":[{"href":"https:\/\/www.irta.cat\/es\/wp-json\/wp\/v2\/media?parent=61345"}],"wp:term":[{"taxonomy":"categoria_noticia","embeddable":true,"href":"https:\/\/www.irta.cat\/es\/wp-json\/wp\/v2\/categoria_noticia?post=61345"},{"taxonomy":"etiqueta_filtrar_noticia","embeddable":true,"href":"https:\/\/www.irta.cat\/es\/wp-json\/wp\/v2\/etiqueta_filtrar_noticia?post=61345"}],"curies":[{"name":"wp","href":"https:\/\/api.w.org\/{rel}","templated":true}]}}