{"id":60810,"date":"2023-06-30T22:00:00","date_gmt":"2023-06-30T20:00:00","guid":{"rendered":"https:\/\/www.irta.cat\/noticia\/segovia-recibe-de-nuevo-el-maximo-galardon-de-los-premios-porc-dor-iberico\/"},"modified":"2024-11-06T10:30:07","modified_gmt":"2024-11-06T09:30:07","slug":"segovia-recibe-de-nuevo-el-maximo-galardon-de-los-premios-porc-dor-iberico","status":"publish","type":"noticia","link":"https:\/\/www.irta.cat\/es\/noticia\/segovia-recibe-de-nuevo-el-maximo-galardon-de-los-premios-porc-dor-iberico\/","title":{"rendered":"Segovia recibe de nuevo el m\u00e1ximo galard\u00f3n de los premios Porc d\u2019Or Ib\u00e9rico"},"content":{"rendered":"\n<div class=\"wp-block-image\"><figure class=\"aligncenter size-large is-resized\"><a href=\"https:\/\/www.irta.cat\/wp-content\/uploads\/5FB3189C-EF0D-4AF4-BAEE-897E50E5449B-scaled.jpeg\" class=\"fancybox irta-lightbox-bridge\" data-fancybox=\"irta-images\"><img decoding=\"async\" src=\"https:\/\/www.irta.cat\/wp-content\/uploads\/5FB3189C-EF0D-4AF4-BAEE-897E50E5449B-scaled.jpeg\" alt=\"\" class=\"wp-image-53098\" width=\"650\" loading=\"lazy\" \/><\/a><\/figure><\/div>\n\n\n\n<h2 class=\"wp-block-heading\"><strong>La granja Hermanos Sanz Berzal S.L. se ha llevado el premio especial con Diamante. El premio especial a la Sostenibilidad ha reca\u00eddo en una granja de Valladolid, y el de la M\u00e1xima Productividad en una explotaci\u00f3n salmantina.<\/strong><\/h2>\n\n\n\n<h2 class=\"wp-block-heading\"><strong>Las granjas de Castilla y Le\u00f3n han sumado 20 estatuillas, y 7 las de Extremadura.<\/strong><\/h2>\n\n\n\n<h2 class=\"wp-block-heading\"><strong>El IRTA organiza estos premios con la colaboraci\u00f3n de CEVA Salud Animal y ASICI, y cuenta con el apoyo destacado de Farm Faes, IFR, Rotecna, OPP Group y Banasegur.<\/strong><\/h2>\n\n\n\n<p>Un a\u00f1o m\u00e1s, el sector porcino ib\u00e9rico espa\u00f1ol se viste gala para reconocer y premiar a los mejores profesionales en los premios <strong>Porc d\u2019Or Ib\u00e9rico 2023<\/strong>.<\/p>\n\n\n\n<p>Cerca de 400 miembros del sector, entre ganaderos, veterinarios y t\u00e9cnicos, as\u00ed como representantes de la administraci\u00f3n y de las principales asociaciones sectoriales, se han reunido la noche del <strong>30 de junio de 2023<\/strong> en el <strong>Hotel Granada Palace<\/strong>, en C\u00e1jar (Granada), para conocer las mejores granjas de porcino ib\u00e9rico de Espa\u00f1a. Un total de 19 explotaciones de tres comunidades aut\u00f3nomas han sido las premiadas.<\/p>\n\n\n\n<p>En esta celebraci\u00f3n, el <strong>IRTA<\/strong>, junto a <strong>CEVA Salud Animal<\/strong> y la <strong>Interprofesional del cerdo ib\u00e9rico (ASICI)<\/strong>, ha hecho entrega de los 31 premios Porc d\u2019Or Ib\u00e9rico 2023 a la excelencia en producci\u00f3n porcina ib\u00e9rica. Pasamos a conocerlos:<\/p>\n\n\n\n<h3 class=\"wp-block-heading\"><strong>Andaluc\u00eda y Castilla y Le\u00f3n se llevan los premios especiales<\/strong><\/h3>\n\n\n\n<p>La principal protagonista de la noche ha sido la granja <strong>Hermanos Sanz Berzal S.L.<\/strong>, que se ha alzado con el m\u00e1ximo galard\u00f3n de entre todas las categor\u00edas: el <strong>Porc d\u2019Or Ib\u00e9rico Especial con Diamante<\/strong>. Esta explotaci\u00f3n, situada en Languilla (Segovia), pertenece a la empresa Agrocesa \u2013 Grupo Vall Companys.<\/p>\n\n\n\n<p>El <strong>Premio Especial a la M\u00e1xima Productividad<\/strong>, con 20,5 lechones destetados por cerda ib\u00e9rica productiva y a\u00f1o, ha reca\u00eddo tambi\u00e9n en una granja de Castilla y Le\u00f3n: <strong>Granja Arauzo<\/strong>, en Aldeaseca de la Frontera, Salamanca, de la empresa Ib\u00e9ricos de Arauzo 2004 S.L.<\/p>\n\n\n\n<p>En sanidad, bienestar animal y medio ambiente se ha reconocido a la granja <strong>La Mejorada<\/strong>, de la empresa Agrocesa &#8211; Grupo Vall Companys, con el <strong>Premio Especial a la Sostenibilidad<\/strong> que otorga el Ministerio de Agricultura, Pesca y Alimentaci\u00f3n.<\/p>\n\n\n\n<p>Y el \u00faltimo de los premios especiales, el de la<strong> Producci\u00f3n al Aire Libre<\/strong>, en su tercera edici\u00f3n, ha ido a parar de nuevo a C\u00f3rdoba, en esta ocasi\u00f3n a la finca <strong>Bonalejo<\/strong>, de la empresa Covap, ubicada en Villanueva de C\u00f3rdoba.<\/p>\n\n\n\n<h3 class=\"wp-block-heading\"><strong>Castilla y Le\u00f3n y Extremadura se reparten los premios restantes<\/strong><\/h3>\n\n\n\n<p>Adem\u00e1s de los cuatro premios especiales, se otorgan un total de 27 estatuillas de oro, plata y bronce, atendiendo a los criterios t\u00e9cnicos de Longevidad, Nacidos Vivos y Tasa de Partos, para cada una de las tres categor\u00edas que clasifican a las granjas en funci\u00f3n de su censo.<\/p>\n\n\n\n<p>As\u00ed, <strong>doce granjas de Castilla y Le\u00f3n han obtenido 20 estatuillas<\/strong> (ocho oros, seis platas y seis bronces): Doce (cinco oros, cuatro platas y tres bronces) han sido para siete granjas de Valladolid; cinco (dos oros, una plata y dos bronces) para cuatro granjas segovianas; y tres (un oro, una plata y un bronce) para dos granjas de Salamanca. En el caso de <strong>Extremadura<\/strong>, cinco granjas pacenses y una cacere\u00f1a se han llevado <strong>siete premios<\/strong> (un oro, tres platas y tres bronces).<\/p>\n\n\n\n<h3 class=\"wp-block-heading\"><strong>La gran celebraci\u00f3n del porcino ib\u00e9rico<\/strong><\/h3>\n\n\n\n<p>Los premios Porc d\u2019Or reconocen el esfuerzo, dedicaci\u00f3n y pasi\u00f3n del sector porcino espa\u00f1ol, y adem\u00e1s sirven como un punto de encuentro para sus profesionales. A la cena de gala de esta noche han asistido representantes de la administraci\u00f3n y de las principales asociaciones sectoriales.<\/p>\n\n\n\n<p>La 7a edici\u00f3n de los Premios Porc d\u2019Or Ib\u00e9rico ha contado con la presencia de la directora general de Producciones y Mercados Agrarios del Ministerio de Agricultura, Pesca y Alimentaci\u00f3n, <strong>Esperanza Orellana<\/strong>; la concejal de Comercio, Consumo y Salud del Ayuntamiento de Granada, <strong>Elisa Campoy<\/strong>; el presidente de la Asociaci\u00f3n Interprofesional del Cerdo Ib\u00e9rico, <strong>Ra\u00fal Garc\u00eda<\/strong>; el director de la Unidad de Porcino de CEVA Salud Animal, <strong>Rafael Pedrazuela<\/strong> y el director general del IRTA, <strong>Josep Usall<\/strong>.&nbsp;<\/p>\n\n\n\n<h3 class=\"wp-block-heading\"><strong>Organizados por el IRTA con el apoyo de CEVA Salud Animal y ASICI<\/strong><\/h3>\n\n\n\n<p>Los Premios Porc d\u2019Or reconocen la labor del sector gracias a los datos recogidos por la plataforma <a href=\"https:\/\/bdporc.irta.es\/\"><strong>BDporc<\/strong><\/a><strong> <\/strong>, desarrollada y gestionada por el IRTA. Desde los a\u00f1os 90, la base de datos del BDporc proporciona a todas las empresas adheridas resultados e informaci\u00f3n de referencia para la toma de decisiones, y proporciona a las administraciones y asociaciones sectoriales informaci\u00f3n sobre datos t\u00e9cnico-productivos del sector porcino.<\/p>\n\n\n\n<p>La 7\u00aa edici\u00f3n de los Premios Porc d\u2019Or Ib\u00e9rico no hubiesen sido posibles sin el buen hacer de los ganaderos de porcino ib\u00e9rico, y sin la estrecha colaboraci\u00f3n de la <strong>Asociaci\u00f3n Interprofesional del Cerdo Ib\u00e9rico (<\/strong><a href=\"https:\/\/iberico.com\/\"><strong>ASICI<\/strong><\/a><strong>)<\/strong> y de <a href=\"https:\/\/www.ceva.es\/\"><strong>CEVA<\/strong><\/a><strong> Salud Animal<\/strong>, socios del IRTA en la organizaci\u00f3n de estos premios. Este a\u00f1o, adem\u00e1s, el certamen ha contado con el apoyo destacado de <a href=\"https:\/\/www.farmfaes.com\/es\"><strong>Farm Faes<\/strong><\/a>, <a href=\"https:\/\/www.rotecna.com\/\"><strong>Rotecna<\/strong><\/a>, <a href=\"https:\/\/www.ifr.es\/es\/dynamics-365-ai-aplicaciones-empresariales-inteligentes-con-insights-cloud-para-empresas\"><strong>IFR Group<\/strong><\/a>, <a href=\"https:\/\/www.banasegur.com\/\"><strong>Banasegur<\/strong><\/a> y <a href=\"https:\/\/oppgroup.com\/ca\/\"><strong>OPP Group<\/strong><\/a>, junto a otras empresas del sector que han participado como patrocinadoras y colaboradoras.<\/p>\n\n\n\n<figure class=\"wp-block-gallery columns-3 is-cropped wp-block-gallery-1 is-layout-flex wp-block-gallery-is-layout-flex\"><ul class=\"blocks-gallery-grid\"><li class=\"blocks-gallery-item\"><figure><img decoding=\"async\" src=\"https:\/\/www.irta.cat\/wp-content\/uploads\/DSF3680-1-scaled.jpg\" alt=\"\" data-id=\"53128\" data-full-url=\"https:\/\/www.irta.cat\/wp-content\/uploads\/2023\/07\/DSF3680-1-scaled.jpg\" data-link=\"https:\/\/www.irta.cat\/es\/segovia-recibe-de-nuevo-el-maximo-galardon-de-los-premios-porc-dor-iberico\/dsf3680-1\/\" class=\"wp-image-53128\" loading=\"lazy\" \/><\/figure><\/li><li class=\"blocks-gallery-item\"><figure><img decoding=\"async\" src=\"https:\/\/www.irta.cat\/wp-content\/uploads\/DSF3691-1-scaled.jpg\" alt=\"\" data-id=\"53131\" data-full-url=\"https:\/\/www.irta.cat\/wp-content\/uploads\/2023\/07\/DSF3691-1-scaled.jpg\" data-link=\"https:\/\/www.irta.cat\/es\/segovia-recibe-de-nuevo-el-maximo-galardon-de-los-premios-porc-dor-iberico\/dsf3691-1\/\" class=\"wp-image-53131\" loading=\"lazy\" \/><\/figure><\/li><li class=\"blocks-gallery-item\"><figure><img decoding=\"async\" src=\"https:\/\/www.irta.cat\/wp-content\/uploads\/DSF3711-1-scaled.jpg\" alt=\"\" data-id=\"53134\" data-full-url=\"https:\/\/www.irta.cat\/wp-content\/uploads\/2023\/07\/DSF3711-1-scaled.jpg\" data-link=\"https:\/\/www.irta.cat\/es\/segovia-recibe-de-nuevo-el-maximo-galardon-de-los-premios-porc-dor-iberico\/dsf3711-1\/\" class=\"wp-image-53134\" loading=\"lazy\" \/><\/figure><\/li><li class=\"blocks-gallery-item\"><figure><img decoding=\"async\" src=\"https:\/\/www.irta.cat\/wp-content\/uploads\/DSF3732-1-scaled.jpg\" alt=\"\" data-id=\"53137\" data-full-url=\"https:\/\/www.irta.cat\/wp-content\/uploads\/2023\/07\/DSF3732-1-scaled.jpg\" data-link=\"https:\/\/www.irta.cat\/es\/segovia-recibe-de-nuevo-el-maximo-galardon-de-los-premios-porc-dor-iberico\/dsf3732-1\/\" class=\"wp-image-53137\" loading=\"lazy\" \/><\/figure><\/li><li class=\"blocks-gallery-item\"><figure><img decoding=\"async\" src=\"https:\/\/www.irta.cat\/wp-content\/uploads\/DSF3743-1-scaled.jpg\" alt=\"\" data-id=\"53141\" data-full-url=\"https:\/\/www.irta.cat\/wp-content\/uploads\/2023\/07\/DSF3743-1-scaled.jpg\" data-link=\"https:\/\/www.irta.cat\/es\/segovia-recibe-de-nuevo-el-maximo-galardon-de-los-premios-porc-dor-iberico\/dsf3743-1\/\" class=\"wp-image-53141\" loading=\"lazy\" \/><\/figure><\/li><\/ul><\/figure>\n","protected":false},"featured_media":60792,"template":"","categoria_noticia":[],"etiqueta_filtrar_noticia":[],"class_list":["post-60810","noticia","type-noticia","status-publish","has-post-thumbnail","hentry"],"acf":[],"yoast_head":"<!-- This site is optimized with the Yoast SEO plugin v26.6 - https:\/\/yoast.com\/wordpress\/plugins\/seo\/ -->\r\n<title>Segovia recibe de nuevo el m\u00e1ximo galard\u00f3n de los premios Porc d\u2019Or Ib\u00e9rico &#187; IRTA<\/title>\r\n<meta name=\"robots\" content=\"index, follow, max-snippet:-1, max-image-preview:large, max-video-preview:-1\" \/>\r\n<link rel=\"canonical\" href=\"https:\/\/www.irta.cat\/es\/noticia\/segovia-recibe-de-nuevo-el-maximo-galardon-de-los-premios-porc-dor-iberico\/\" \/>\r\n<meta property=\"og:locale\" content=\"es_ES\" \/>\r\n<meta property=\"og:type\" content=\"article\" \/>\r\n<meta property=\"og:title\" content=\"Segovia recibe de nuevo el m\u00e1ximo galard\u00f3n de los premios Porc d\u2019Or Ib\u00e9rico &#187; IRTA\" \/>\r\n<meta property=\"og:description\" content=\"La granja Hermanos Sanz Berzal S.L. se ha llevado el premio especial con Diamante. El premio especial a la Sostenibilidad ha reca\u00eddo en una granja de Valladolid, y el de la M\u00e1xima Productividad en una explotaci\u00f3n salmantina. Las granjas de Castilla y Le\u00f3n han sumado 20 estatuillas, y 7 las de Extremadura. El IRTA organiza [&hellip;]\" \/>\r\n<meta property=\"og:url\" content=\"https:\/\/www.irta.cat\/es\/noticia\/segovia-recibe-de-nuevo-el-maximo-galardon-de-los-premios-porc-dor-iberico\/\" \/>\r\n<meta property=\"og:site_name\" content=\"IRTA\" \/>\r\n<meta property=\"article:publisher\" content=\"https:\/\/www.facebook.com\/irtacat\" \/>\r\n<meta property=\"article:modified_time\" content=\"2024-11-06T09:30:07+00:00\" \/>\r\n<meta property=\"og:image\" content=\"https:\/\/www.irta.cat\/wp-content\/uploads\/5FB3189C-EF0D-4AF4-BAEE-897E50E5449B-scaled.jpeg\" \/>\r\n\t<meta property=\"og:image:width\" content=\"1920\" \/>\r\n\t<meta property=\"og:image:height\" content=\"1280\" \/>\r\n\t<meta property=\"og:image:type\" content=\"image\/jpeg\" \/>\r\n<meta name=\"twitter:card\" content=\"summary_large_image\" \/>\r\n<meta name=\"twitter:site\" content=\"@irtacat\" \/>\r\n<meta name=\"twitter:label1\" content=\"Tiempo de lectura\" \/>\n\t<meta name=\"twitter:data1\" content=\"4 minutos\" \/>\r\n<script type=\"application\/ld+json\" class=\"yoast-schema-graph\">{\"@context\":\"https:\/\/schema.org\",\"@graph\":[{\"@type\":\"WebPage\",\"@id\":\"https:\/\/www.irta.cat\/es\/noticia\/segovia-recibe-de-nuevo-el-maximo-galardon-de-los-premios-porc-dor-iberico\/\",\"url\":\"https:\/\/www.irta.cat\/es\/noticia\/segovia-recibe-de-nuevo-el-maximo-galardon-de-los-premios-porc-dor-iberico\/\",\"name\":\"Segovia recibe de nuevo el m\u00e1ximo galard\u00f3n de los premios Porc d\u2019Or Ib\u00e9rico &#187; IRTA\",\"isPartOf\":{\"@id\":\"https:\/\/www.irta.cat\/es\/#website\"},\"primaryImageOfPage\":{\"@id\":\"https:\/\/www.irta.cat\/es\/noticia\/segovia-recibe-de-nuevo-el-maximo-galardon-de-los-premios-porc-dor-iberico\/#primaryimage\"},\"image\":{\"@id\":\"https:\/\/www.irta.cat\/es\/noticia\/segovia-recibe-de-nuevo-el-maximo-galardon-de-los-premios-porc-dor-iberico\/#primaryimage\"},\"thumbnailUrl\":\"https:\/\/www.irta.cat\/wp-content\/uploads\/5FB3189C-EF0D-4AF4-BAEE-897E50E5449B-scaled.jpeg\",\"datePublished\":\"2023-06-30T20:00:00+00:00\",\"dateModified\":\"2024-11-06T09:30:07+00:00\",\"breadcrumb\":{\"@id\":\"https:\/\/www.irta.cat\/es\/noticia\/segovia-recibe-de-nuevo-el-maximo-galardon-de-los-premios-porc-dor-iberico\/#breadcrumb\"},\"inLanguage\":\"es\",\"potentialAction\":[{\"@type\":\"ReadAction\",\"target\":[\"https:\/\/www.irta.cat\/es\/noticia\/segovia-recibe-de-nuevo-el-maximo-galardon-de-los-premios-porc-dor-iberico\/\"]}]},{\"@type\":\"ImageObject\",\"inLanguage\":\"es\",\"@id\":\"https:\/\/www.irta.cat\/es\/noticia\/segovia-recibe-de-nuevo-el-maximo-galardon-de-los-premios-porc-dor-iberico\/#primaryimage\",\"url\":\"https:\/\/www.irta.cat\/wp-content\/uploads\/5FB3189C-EF0D-4AF4-BAEE-897E50E5449B-scaled.jpeg\",\"contentUrl\":\"https:\/\/www.irta.cat\/wp-content\/uploads\/5FB3189C-EF0D-4AF4-BAEE-897E50E5449B-scaled.jpeg\",\"width\":1920,\"height\":1280},{\"@type\":\"BreadcrumbList\",\"@id\":\"https:\/\/www.irta.cat\/es\/noticia\/segovia-recibe-de-nuevo-el-maximo-galardon-de-los-premios-porc-dor-iberico\/#breadcrumb\",\"itemListElement\":[{\"@type\":\"ListItem\",\"position\":1,\"name\":\"Inici\",\"item\":\"https:\/\/www.irta.cat\/es\/\"},{\"@type\":\"ListItem\",\"position\":2,\"name\":\"Segovia recibe de nuevo el m\u00e1ximo galard\u00f3n de los premios Porc d\u2019Or Ib\u00e9rico\"}]},{\"@type\":\"WebSite\",\"@id\":\"https:\/\/www.irta.cat\/es\/#website\",\"url\":\"https:\/\/www.irta.cat\/es\/\",\"name\":\"IRTA\",\"description\":\"Institut de Recerca i Tecnologia Agroaliment\u00e0ries\",\"publisher\":{\"@id\":\"https:\/\/www.irta.cat\/es\/#organization\"},\"alternateName\":\"%%sitename%% %%sep%% %%title%%\",\"potentialAction\":[{\"@type\":\"SearchAction\",\"target\":{\"@type\":\"EntryPoint\",\"urlTemplate\":\"https:\/\/www.irta.cat\/es\/?s={search_term_string}\"},\"query-input\":{\"@type\":\"PropertyValueSpecification\",\"valueRequired\":true,\"valueName\":\"search_term_string\"}}],\"inLanguage\":\"es\"},{\"@type\":\"Organization\",\"@id\":\"https:\/\/www.irta.cat\/es\/#organization\",\"name\":\"IRTA\",\"url\":\"https:\/\/www.irta.cat\/es\/\",\"logo\":{\"@type\":\"ImageObject\",\"inLanguage\":\"es\",\"@id\":\"https:\/\/www.irta.cat\/es\/#\/schema\/logo\/image\/\",\"url\":\"https:\/\/www.irta.cat\/wp-content\/uploads\/2023\/04\/Logo-IRTA-verm.png\",\"contentUrl\":\"https:\/\/www.irta.cat\/wp-content\/uploads\/2023\/04\/Logo-IRTA-verm.png\",\"width\":1250,\"height\":500,\"caption\":\"IRTA\"},\"image\":{\"@id\":\"https:\/\/www.irta.cat\/es\/#\/schema\/logo\/image\/\"},\"sameAs\":[\"https:\/\/www.facebook.com\/irtacat\",\"https:\/\/x.com\/irtacat\"]}]}<\/script>\r\n<!-- \/ Yoast SEO plugin. -->","yoast_head_json":{"title":"Segovia recibe de nuevo el m\u00e1ximo galard\u00f3n de los premios Porc d\u2019Or Ib\u00e9rico &#187; IRTA","robots":{"index":"index","follow":"follow","max-snippet":"max-snippet:-1","max-image-preview":"max-image-preview:large","max-video-preview":"max-video-preview:-1"},"canonical":"https:\/\/www.irta.cat\/es\/noticia\/segovia-recibe-de-nuevo-el-maximo-galardon-de-los-premios-porc-dor-iberico\/","og_locale":"es_ES","og_type":"article","og_title":"Segovia recibe de nuevo el m\u00e1ximo galard\u00f3n de los premios Porc d\u2019Or Ib\u00e9rico &#187; IRTA","og_description":"La granja Hermanos Sanz Berzal S.L. se ha llevado el premio especial con Diamante. El premio especial a la Sostenibilidad ha reca\u00eddo en una granja de Valladolid, y el de la M\u00e1xima Productividad en una explotaci\u00f3n salmantina. Las granjas de Castilla y Le\u00f3n han sumado 20 estatuillas, y 7 las de Extremadura. El IRTA organiza [&hellip;]","og_url":"https:\/\/www.irta.cat\/es\/noticia\/segovia-recibe-de-nuevo-el-maximo-galardon-de-los-premios-porc-dor-iberico\/","og_site_name":"IRTA","article_publisher":"https:\/\/www.facebook.com\/irtacat","article_modified_time":"2024-11-06T09:30:07+00:00","og_image":[{"width":1920,"height":1280,"url":"https:\/\/www.irta.cat\/wp-content\/uploads\/5FB3189C-EF0D-4AF4-BAEE-897E50E5449B-scaled.jpeg","type":"image\/jpeg"}],"twitter_card":"summary_large_image","twitter_site":"@irtacat","twitter_misc":{"Tiempo de lectura":"4 minutos"},"schema":{"@context":"https:\/\/schema.org","@graph":[{"@type":"WebPage","@id":"https:\/\/www.irta.cat\/es\/noticia\/segovia-recibe-de-nuevo-el-maximo-galardon-de-los-premios-porc-dor-iberico\/","url":"https:\/\/www.irta.cat\/es\/noticia\/segovia-recibe-de-nuevo-el-maximo-galardon-de-los-premios-porc-dor-iberico\/","name":"Segovia recibe de nuevo el m\u00e1ximo galard\u00f3n de los premios Porc d\u2019Or Ib\u00e9rico &#187; IRTA","isPartOf":{"@id":"https:\/\/www.irta.cat\/es\/#website"},"primaryImageOfPage":{"@id":"https:\/\/www.irta.cat\/es\/noticia\/segovia-recibe-de-nuevo-el-maximo-galardon-de-los-premios-porc-dor-iberico\/#primaryimage"},"image":{"@id":"https:\/\/www.irta.cat\/es\/noticia\/segovia-recibe-de-nuevo-el-maximo-galardon-de-los-premios-porc-dor-iberico\/#primaryimage"},"thumbnailUrl":"https:\/\/www.irta.cat\/wp-content\/uploads\/5FB3189C-EF0D-4AF4-BAEE-897E50E5449B-scaled.jpeg","datePublished":"2023-06-30T20:00:00+00:00","dateModified":"2024-11-06T09:30:07+00:00","breadcrumb":{"@id":"https:\/\/www.irta.cat\/es\/noticia\/segovia-recibe-de-nuevo-el-maximo-galardon-de-los-premios-porc-dor-iberico\/#breadcrumb"},"inLanguage":"es","potentialAction":[{"@type":"ReadAction","target":["https:\/\/www.irta.cat\/es\/noticia\/segovia-recibe-de-nuevo-el-maximo-galardon-de-los-premios-porc-dor-iberico\/"]}]},{"@type":"ImageObject","inLanguage":"es","@id":"https:\/\/www.irta.cat\/es\/noticia\/segovia-recibe-de-nuevo-el-maximo-galardon-de-los-premios-porc-dor-iberico\/#primaryimage","url":"https:\/\/www.irta.cat\/wp-content\/uploads\/5FB3189C-EF0D-4AF4-BAEE-897E50E5449B-scaled.jpeg","contentUrl":"https:\/\/www.irta.cat\/wp-content\/uploads\/5FB3189C-EF0D-4AF4-BAEE-897E50E5449B-scaled.jpeg","width":1920,"height":1280},{"@type":"BreadcrumbList","@id":"https:\/\/www.irta.cat\/es\/noticia\/segovia-recibe-de-nuevo-el-maximo-galardon-de-los-premios-porc-dor-iberico\/#breadcrumb","itemListElement":[{"@type":"ListItem","position":1,"name":"Inici","item":"https:\/\/www.irta.cat\/es\/"},{"@type":"ListItem","position":2,"name":"Segovia recibe de nuevo el m\u00e1ximo galard\u00f3n de los premios Porc d\u2019Or Ib\u00e9rico"}]},{"@type":"WebSite","@id":"https:\/\/www.irta.cat\/es\/#website","url":"https:\/\/www.irta.cat\/es\/","name":"IRTA","description":"Institut de Recerca i Tecnologia Agroaliment\u00e0ries","publisher":{"@id":"https:\/\/www.irta.cat\/es\/#organization"},"alternateName":"%%sitename%% %%sep%% %%title%%","potentialAction":[{"@type":"SearchAction","target":{"@type":"EntryPoint","urlTemplate":"https:\/\/www.irta.cat\/es\/?s={search_term_string}"},"query-input":{"@type":"PropertyValueSpecification","valueRequired":true,"valueName":"search_term_string"}}],"inLanguage":"es"},{"@type":"Organization","@id":"https:\/\/www.irta.cat\/es\/#organization","name":"IRTA","url":"https:\/\/www.irta.cat\/es\/","logo":{"@type":"ImageObject","inLanguage":"es","@id":"https:\/\/www.irta.cat\/es\/#\/schema\/logo\/image\/","url":"https:\/\/www.irta.cat\/wp-content\/uploads\/2023\/04\/Logo-IRTA-verm.png","contentUrl":"https:\/\/www.irta.cat\/wp-content\/uploads\/2023\/04\/Logo-IRTA-verm.png","width":1250,"height":500,"caption":"IRTA"},"image":{"@id":"https:\/\/www.irta.cat\/es\/#\/schema\/logo\/image\/"},"sameAs":["https:\/\/www.facebook.com\/irtacat","https:\/\/x.com\/irtacat"]}]}},"_links":{"self":[{"href":"https:\/\/www.irta.cat\/es\/wp-json\/wp\/v2\/noticia\/60810","targetHints":{"allow":["GET"]}}],"collection":[{"href":"https:\/\/www.irta.cat\/es\/wp-json\/wp\/v2\/noticia"}],"about":[{"href":"https:\/\/www.irta.cat\/es\/wp-json\/wp\/v2\/types\/noticia"}],"version-history":[{"count":0,"href":"https:\/\/www.irta.cat\/es\/wp-json\/wp\/v2\/noticia\/60810\/revisions"}],"wp:featuredmedia":[{"embeddable":true,"href":"https:\/\/www.irta.cat\/es\/wp-json\/wp\/v2\/media\/60792"}],"wp:attachment":[{"href":"https:\/\/www.irta.cat\/es\/wp-json\/wp\/v2\/media?parent=60810"}],"wp:term":[{"taxonomy":"categoria_noticia","embeddable":true,"href":"https:\/\/www.irta.cat\/es\/wp-json\/wp\/v2\/categoria_noticia?post=60810"},{"taxonomy":"etiqueta_filtrar_noticia","embeddable":true,"href":"https:\/\/www.irta.cat\/es\/wp-json\/wp\/v2\/etiqueta_filtrar_noticia?post=60810"}],"curies":[{"name":"wp","href":"https:\/\/api.w.org\/{rel}","templated":true}]}}