{"id":60609,"date":"2023-05-10T11:40:22","date_gmt":"2023-05-10T09:40:22","guid":{"rendered":"https:\/\/www.irta.cat\/noticia\/conocer-el-ciclo-de-vida-de-las-plagas-agricolas-es-clave-para-combatirlas-con-eficacia\/"},"modified":"2024-11-06T10:26:32","modified_gmt":"2024-11-06T09:26:32","slug":"conocer-el-ciclo-de-vida-de-las-plagas-agricolas-es-clave-para-combatirlas-con-eficacia","status":"publish","type":"noticia","link":"https:\/\/www.irta.cat\/es\/noticia\/conocer-el-ciclo-de-vida-de-las-plagas-agricolas-es-clave-para-combatirlas-con-eficacia\/","title":{"rendered":"Conocer el ciclo de vida de las plagas agr\u00edcolas es clave para combatirlas con eficacia"},"content":{"rendered":"\n<figure class=\"wp-block-image size-large is-resized\"><a href=\"https:\/\/www.irta.cat\/wp-content\/uploads\/2023\/07\/video-transferencia-home.webp\" class=\"fancybox irta-lightbox-bridge\" data-fancybox=\"irta-images\"><img decoding=\"async\" src=\"https:\/\/www.irta.cat\/wp-content\/uploads\/Carpocapsa-Cydia-pomonella-CC-web.jpeg\" alt=\"\" class=\"wp-image-52094\" width=\"650\" loading=\"lazy\" \/><\/a><figcaption>Carpocapsa (<em>Cydia pomonella<\/em>).<\/figcaption><\/figure>\n\n\n\n<h2 class=\"wp-block-heading\"><strong><strong>El IRTA pone en marcha un proyecto demostrativo para actualizar y mejorar los modelos fenol\u00f3gicos de las principales plagas agr\u00edcolas de Catalu\u00f1a en frutales y vid publicadas en el portal RuralCat<\/strong><\/strong><\/h2>\n\n\n\n<h2 class=\"wp-block-heading\"><strong><strong>Disponer del conocimiento completo del ciclo de vida de una plaga y de las temperaturas ambientales de una zona es clave para aplicar los tratamientos necesarios en el momento adecuado y conseguir la m\u00e1xima eficaci<\/strong><\/strong>a<\/h2>\n\n\n\n<p>Utilizar los modelos fenol\u00f3gicos para controlar plagas agr\u00edcolas, sobre todo en fruta y uva, es una herramienta b\u00e1sica y muy extendida entre el personal t\u00e9cnico de las Agrupaciones de Defensa Vegetal (ADV). Son modelos matem\u00e1ticos que combinan la informaci\u00f3n del ciclo de vida de la plaga \u2013conocido como fenolog\u00eda\u2013 y datos clim\u00e1ticos, principalmente la temperatura ambiental. As\u00ed pues, <strong>contemplan el momento fenol\u00f3gico de una plaga y permiten detectar el mejor momento para aplicar los tratamientos<\/strong>, si son necesarios. Uno de los modelos m\u00e1s utilizados es el del gusano de la manzana, la carpocapsa (<em>Cydia pomonella<\/em>). Sin embargo, en cada zona agr\u00edcola existen unas condiciones clim\u00e1ticas diferentes y los grados acumulados por d\u00eda, que son las unidades de medida que utilizan estos modelos, son muy variables. Por eso, los modelos deben validarse en cada zona donde se utilizan. A trav\u00e9s del proyecto demostrativo <em>\u00abActualizaci\u00f3n y validaci\u00f3n de los modelos fenol\u00f3gicos de plagas agr\u00edcolas de la web RuralCat\u00bb<\/em>, financiado por el Departamento de Acci\u00f3n Clim\u00e1tica, Alimentaci\u00f3n y Agenda Rural de la Generalidad de Catalu\u00f1a, el Instituto de Investigaci\u00f3n y Tecnolog\u00eda Agroalimentarias (IRTA) <strong>actualizar\u00e1 y demostrar\u00e1 la validez y utilidad de la red de estaciones meteorol\u00f3gicas y de los modelos fenol\u00f3gicos de las plagas agr\u00edcolas<\/strong> de la secci\u00f3n de <a href=\"https:\/\/ruralcat.gencat.cat\/agrometeo.plagues\">Modelos Agrometeorol\u00f3gicos de RuralCat<\/a>. Este portal recoge las principales plagas agr\u00edcolas que deben disponer de un modelo fenol\u00f3gico, priorizadas en funci\u00f3n de los cultivos estrat\u00e9gicos y de las gu\u00edas de <a href=\"https:\/\/agricultura.gencat.cat\/ca\/departament\/dar_publicacions\/dar_publicacions_monografiques\/guies\/guia-assessorament-gestio-integrada-plagues-catalunya\/\">Gesti\u00f3n Integrada de Plagas<\/a>.<\/p>\n\n\n\n<p>Para hacer un buen uso de los productos fitosanitarios y conseguir su m\u00e1xima eficacia deben aplicarse en el momento fenol\u00f3gico en el que el insecto es m\u00e1s sensible al producto seg\u00fan su ciclo de vida. Por eso, \u00abes fundamental validar los modelos de las plagas, ya que los nuevos productos son cada vez m\u00e1s espec\u00edficos\u00bb, remarca <strong>Dolors Bosch<\/strong>, investigadora del programa de Protecci\u00f3n vegetal sostenible del IRTA y responsable del proyecto. En el caso del modelo fenol\u00f3gico de la grafolita (<em>Grapholita molesta<\/em>), una plaga que afecta al melocot\u00f3n en Lleida, los expertos han visto que no se ajustaba a la zona de Girona, donde afecta al cultivo de manzano. \u00abEsto se debe a que la alimentaci\u00f3n tiene una incidencia muy importante en el desarrollo de las larvas y, por tanto, una misma plaga necesita dos modelos diferentes en funci\u00f3n del cultivo\u00bb, explica la investigadora. Otro modelo muy necesario y con el que hay que trabajar para mejorar lo publicado es el gusano de la vi\u00f1a (<em>Lobesia botrana<\/em>).<\/p>\n\n\n\n<figure class=\"wp-block-image size-large is-resized\"><a href=\"https:\/\/www.irta.cat\/wp-content\/uploads\/2023\/07\/logo-UE-fons-europeu-desenvolupament-regional-en.png\" class=\"fancybox irta-lightbox-bridge\" data-fancybox=\"irta-images\"><img decoding=\"async\" src=\"https:\/\/www.irta.cat\/wp-content\/uploads\/2023\/05\/Larva-de-grafolita-2-copia-1.png\" alt=\"\" class=\"wp-image-52091\" width=\"650\" loading=\"lazy\" \/><\/a><figcaption>Larva de grafolita (<em>Grapholita molesta<\/em>). Font: IRTA<\/figcaption><\/figure>\n\n\n\n<p>Para validar los modelos fenol\u00f3gicos, es fundamental disponer de una buena base de datos y tener un buen conocimiento del ciclo de vida de cada plaga en el campo. \u00abTanto la grafolita como el gusano del vi\u00f1edo y la carpocapsa son de la familia de los lepid\u00f3pteros \u2014los adultos son polillas\u2014 y, en su caso, utilizamos trampas de seguimiento del vuelo de los adultos\u00bb, explica <strong>Bosch<\/strong>. Estas trampas requieren un mantenimiento adecuado, utilizar el atrayente id\u00f3neo para la especie, e instalar las trampas en el momento adecuado para realizar la lectura de las capturas de forma continuada desde el inicio hasta el final de la etapa de vuelo del insecto. El proyecto trabajar\u00e1 para mejorar la obtenci\u00f3n de este conocimiento y transferir sus datos a RuralCat.<\/p>\n\n\n\n<p>Este proyecto es la continuaci\u00f3n de una actividad llevada a cabo durante 2020 y 2021 por personal del Servicio de Sanidad Vegetal de la Generalidad de Catalu\u00f1a, el IRTA, la Universidad de Girona (UdG) y la Universidad de Lleida (UdL), bajo la coordinaci\u00f3n de la Subdirecci\u00f3n General de Transferencia e Innovaci\u00f3n Agroalimentaria de la Generalidad de Catalu\u00f1a. En esta colaboraci\u00f3n, ya se analiz\u00f3 la idoneidad de la localizaci\u00f3n de las estaciones meteorol\u00f3gicas automatizadas y se inici\u00f3 la revisi\u00f3n de algunos de los modelos fenol\u00f3gicos de plagas y enfermedades de la p\u00e1gina de RuralCat, valorando la necesidad de incorporarlas de nuevos. Se trata, pues, de una actividad coordinada con el proyecto \u201cMejora, evaluaci\u00f3n y validaci\u00f3n de modelos predictivos de enfermedades de frutales, vid y olivo\u201d, presentada por la UdG, con el objetivo de implementarla en la plataforma RuralCat.<\/p>\n\n\n\n<p><em>Actividad financiada a trav\u00e9s de la Operaci\u00f3n 01.02.01 de Transferencia Tecnol\u00f3gica del Programa de desarrollo rural de Catalunya 2014-2022.<\/em><\/p>\n\n\n\n<figure class=\"wp-block-image size-large is-resized\"><a href=\"https:\/\/agriculture.ec.europa.eu\/common-agricultural-policy\/rural-development_es\"><img loading=\"lazy\" decoding=\"async\" src=\"https:\/\/www.irta.cat\/wp-content\/uploads\/2023\/01\/Logo_FEADER-Europa-inverteix-en-les-zones-rurals_20220607090146.png\" alt=\"\" class=\"wp-image-46410\" width=\"355\" height=\"63\"\/><\/a><\/figure>\n\n\n\n<figure class=\"wp-block-image size-large is-resized\"><a href=\"https:\/\/www.irta.cat\/wp-content\/uploads\/2023\/04\/220426_021R4239-scaled-2.jpg\" class=\"fancybox irta-lightbox-bridge\" data-fancybox=\"irta-images\"><img loading=\"lazy\" decoding=\"async\" src=\"https:\/\/www.irta.cat\/wp-content\/uploads\/2023\/01\/accioclimatica_h3_20220607090157.jpg\" alt=\"\" class=\"wp-image-46413\" width=\"325\" height=\"57\"\/><\/a><\/figure>\n","protected":false},"featured_media":60605,"template":"","categoria_noticia":[],"etiqueta_filtrar_noticia":[],"class_list":["post-60609","noticia","type-noticia","status-publish","has-post-thumbnail","hentry"],"acf":[],"yoast_head":"<!-- This site is optimized with the Yoast SEO plugin v26.6 - https:\/\/yoast.com\/wordpress\/plugins\/seo\/ -->\r\n<title>Conocer el ciclo de vida de las plagas agr\u00edcolas es clave para combatirlas con eficacia &#187; IRTA<\/title>\r\n<meta name=\"robots\" content=\"index, follow, max-snippet:-1, max-image-preview:large, max-video-preview:-1\" \/>\r\n<link rel=\"canonical\" href=\"https:\/\/www.irta.cat\/es\/noticia\/conocer-el-ciclo-de-vida-de-las-plagas-agricolas-es-clave-para-combatirlas-con-eficacia\/\" \/>\r\n<meta property=\"og:locale\" content=\"es_ES\" \/>\r\n<meta property=\"og:type\" content=\"article\" \/>\r\n<meta property=\"og:title\" content=\"Conocer el ciclo de vida de las plagas agr\u00edcolas es clave para combatirlas con eficacia &#187; IRTA\" \/>\r\n<meta property=\"og:description\" content=\"El IRTA pone en marcha un proyecto demostrativo para actualizar y mejorar los modelos fenol\u00f3gicos de las principales plagas agr\u00edcolas de Catalu\u00f1a en frutales y vid publicadas en el portal RuralCat Disponer del conocimiento completo del ciclo de vida de una plaga y de las temperaturas ambientales de una zona es clave para aplicar los [&hellip;]\" \/>\r\n<meta property=\"og:url\" content=\"https:\/\/www.irta.cat\/es\/noticia\/conocer-el-ciclo-de-vida-de-las-plagas-agricolas-es-clave-para-combatirlas-con-eficacia\/\" \/>\r\n<meta property=\"og:site_name\" content=\"IRTA\" \/>\r\n<meta property=\"article:publisher\" content=\"https:\/\/www.facebook.com\/irtacat\" \/>\r\n<meta property=\"article:modified_time\" content=\"2024-11-06T09:26:32+00:00\" \/>\r\n<meta property=\"og:image\" content=\"https:\/\/www.irta.cat\/wp-content\/uploads\/Carpocapsa-Cydia-pomonella-CC-web.jpeg\" \/>\r\n\t<meta property=\"og:image:width\" content=\"1469\" \/>\r\n\t<meta property=\"og:image:height\" content=\"960\" \/>\r\n\t<meta property=\"og:image:type\" content=\"image\/jpeg\" \/>\r\n<meta name=\"twitter:card\" content=\"summary_large_image\" \/>\r\n<meta name=\"twitter:site\" content=\"@irtacat\" \/>\r\n<meta name=\"twitter:label1\" content=\"Tiempo de lectura\" \/>\n\t<meta name=\"twitter:data1\" content=\"4 minutos\" \/>\r\n<script type=\"application\/ld+json\" class=\"yoast-schema-graph\">{\"@context\":\"https:\/\/schema.org\",\"@graph\":[{\"@type\":\"WebPage\",\"@id\":\"https:\/\/www.irta.cat\/es\/noticia\/conocer-el-ciclo-de-vida-de-las-plagas-agricolas-es-clave-para-combatirlas-con-eficacia\/\",\"url\":\"https:\/\/www.irta.cat\/es\/noticia\/conocer-el-ciclo-de-vida-de-las-plagas-agricolas-es-clave-para-combatirlas-con-eficacia\/\",\"name\":\"Conocer el ciclo de vida de las plagas agr\u00edcolas es clave para combatirlas con eficacia &#187; IRTA\",\"isPartOf\":{\"@id\":\"https:\/\/www.irta.cat\/es\/#website\"},\"primaryImageOfPage\":{\"@id\":\"https:\/\/www.irta.cat\/es\/noticia\/conocer-el-ciclo-de-vida-de-las-plagas-agricolas-es-clave-para-combatirlas-con-eficacia\/#primaryimage\"},\"image\":{\"@id\":\"https:\/\/www.irta.cat\/es\/noticia\/conocer-el-ciclo-de-vida-de-las-plagas-agricolas-es-clave-para-combatirlas-con-eficacia\/#primaryimage\"},\"thumbnailUrl\":\"https:\/\/www.irta.cat\/wp-content\/uploads\/Carpocapsa-Cydia-pomonella-CC-web.jpeg\",\"datePublished\":\"2023-05-10T09:40:22+00:00\",\"dateModified\":\"2024-11-06T09:26:32+00:00\",\"breadcrumb\":{\"@id\":\"https:\/\/www.irta.cat\/es\/noticia\/conocer-el-ciclo-de-vida-de-las-plagas-agricolas-es-clave-para-combatirlas-con-eficacia\/#breadcrumb\"},\"inLanguage\":\"es\",\"potentialAction\":[{\"@type\":\"ReadAction\",\"target\":[\"https:\/\/www.irta.cat\/es\/noticia\/conocer-el-ciclo-de-vida-de-las-plagas-agricolas-es-clave-para-combatirlas-con-eficacia\/\"]}]},{\"@type\":\"ImageObject\",\"inLanguage\":\"es\",\"@id\":\"https:\/\/www.irta.cat\/es\/noticia\/conocer-el-ciclo-de-vida-de-las-plagas-agricolas-es-clave-para-combatirlas-con-eficacia\/#primaryimage\",\"url\":\"https:\/\/www.irta.cat\/wp-content\/uploads\/Carpocapsa-Cydia-pomonella-CC-web.jpeg\",\"contentUrl\":\"https:\/\/www.irta.cat\/wp-content\/uploads\/Carpocapsa-Cydia-pomonella-CC-web.jpeg\",\"width\":1469,\"height\":960},{\"@type\":\"BreadcrumbList\",\"@id\":\"https:\/\/www.irta.cat\/es\/noticia\/conocer-el-ciclo-de-vida-de-las-plagas-agricolas-es-clave-para-combatirlas-con-eficacia\/#breadcrumb\",\"itemListElement\":[{\"@type\":\"ListItem\",\"position\":1,\"name\":\"Inici\",\"item\":\"https:\/\/www.irta.cat\/es\/\"},{\"@type\":\"ListItem\",\"position\":2,\"name\":\"Conocer el ciclo de vida de las plagas agr\u00edcolas es clave para combatirlas con eficacia\"}]},{\"@type\":\"WebSite\",\"@id\":\"https:\/\/www.irta.cat\/es\/#website\",\"url\":\"https:\/\/www.irta.cat\/es\/\",\"name\":\"IRTA\",\"description\":\"Institut de Recerca i Tecnologia Agroaliment\u00e0ries\",\"publisher\":{\"@id\":\"https:\/\/www.irta.cat\/es\/#organization\"},\"alternateName\":\"%%sitename%% %%sep%% %%title%%\",\"potentialAction\":[{\"@type\":\"SearchAction\",\"target\":{\"@type\":\"EntryPoint\",\"urlTemplate\":\"https:\/\/www.irta.cat\/es\/?s={search_term_string}\"},\"query-input\":{\"@type\":\"PropertyValueSpecification\",\"valueRequired\":true,\"valueName\":\"search_term_string\"}}],\"inLanguage\":\"es\"},{\"@type\":\"Organization\",\"@id\":\"https:\/\/www.irta.cat\/es\/#organization\",\"name\":\"IRTA\",\"url\":\"https:\/\/www.irta.cat\/es\/\",\"logo\":{\"@type\":\"ImageObject\",\"inLanguage\":\"es\",\"@id\":\"https:\/\/www.irta.cat\/es\/#\/schema\/logo\/image\/\",\"url\":\"https:\/\/www.irta.cat\/wp-content\/uploads\/2023\/04\/Logo-IRTA-verm.png\",\"contentUrl\":\"https:\/\/www.irta.cat\/wp-content\/uploads\/2023\/04\/Logo-IRTA-verm.png\",\"width\":1250,\"height\":500,\"caption\":\"IRTA\"},\"image\":{\"@id\":\"https:\/\/www.irta.cat\/es\/#\/schema\/logo\/image\/\"},\"sameAs\":[\"https:\/\/www.facebook.com\/irtacat\",\"https:\/\/x.com\/irtacat\"]}]}<\/script>\r\n<!-- \/ Yoast SEO plugin. -->","yoast_head_json":{"title":"Conocer el ciclo de vida de las plagas agr\u00edcolas es clave para combatirlas con eficacia &#187; IRTA","robots":{"index":"index","follow":"follow","max-snippet":"max-snippet:-1","max-image-preview":"max-image-preview:large","max-video-preview":"max-video-preview:-1"},"canonical":"https:\/\/www.irta.cat\/es\/noticia\/conocer-el-ciclo-de-vida-de-las-plagas-agricolas-es-clave-para-combatirlas-con-eficacia\/","og_locale":"es_ES","og_type":"article","og_title":"Conocer el ciclo de vida de las plagas agr\u00edcolas es clave para combatirlas con eficacia &#187; IRTA","og_description":"El IRTA pone en marcha un proyecto demostrativo para actualizar y mejorar los modelos fenol\u00f3gicos de las principales plagas agr\u00edcolas de Catalu\u00f1a en frutales y vid publicadas en el portal RuralCat Disponer del conocimiento completo del ciclo de vida de una plaga y de las temperaturas ambientales de una zona es clave para aplicar los [&hellip;]","og_url":"https:\/\/www.irta.cat\/es\/noticia\/conocer-el-ciclo-de-vida-de-las-plagas-agricolas-es-clave-para-combatirlas-con-eficacia\/","og_site_name":"IRTA","article_publisher":"https:\/\/www.facebook.com\/irtacat","article_modified_time":"2024-11-06T09:26:32+00:00","og_image":[{"width":1469,"height":960,"url":"https:\/\/www.irta.cat\/wp-content\/uploads\/Carpocapsa-Cydia-pomonella-CC-web.jpeg","type":"image\/jpeg"}],"twitter_card":"summary_large_image","twitter_site":"@irtacat","twitter_misc":{"Tiempo de lectura":"4 minutos"},"schema":{"@context":"https:\/\/schema.org","@graph":[{"@type":"WebPage","@id":"https:\/\/www.irta.cat\/es\/noticia\/conocer-el-ciclo-de-vida-de-las-plagas-agricolas-es-clave-para-combatirlas-con-eficacia\/","url":"https:\/\/www.irta.cat\/es\/noticia\/conocer-el-ciclo-de-vida-de-las-plagas-agricolas-es-clave-para-combatirlas-con-eficacia\/","name":"Conocer el ciclo de vida de las plagas agr\u00edcolas es clave para combatirlas con eficacia &#187; IRTA","isPartOf":{"@id":"https:\/\/www.irta.cat\/es\/#website"},"primaryImageOfPage":{"@id":"https:\/\/www.irta.cat\/es\/noticia\/conocer-el-ciclo-de-vida-de-las-plagas-agricolas-es-clave-para-combatirlas-con-eficacia\/#primaryimage"},"image":{"@id":"https:\/\/www.irta.cat\/es\/noticia\/conocer-el-ciclo-de-vida-de-las-plagas-agricolas-es-clave-para-combatirlas-con-eficacia\/#primaryimage"},"thumbnailUrl":"https:\/\/www.irta.cat\/wp-content\/uploads\/Carpocapsa-Cydia-pomonella-CC-web.jpeg","datePublished":"2023-05-10T09:40:22+00:00","dateModified":"2024-11-06T09:26:32+00:00","breadcrumb":{"@id":"https:\/\/www.irta.cat\/es\/noticia\/conocer-el-ciclo-de-vida-de-las-plagas-agricolas-es-clave-para-combatirlas-con-eficacia\/#breadcrumb"},"inLanguage":"es","potentialAction":[{"@type":"ReadAction","target":["https:\/\/www.irta.cat\/es\/noticia\/conocer-el-ciclo-de-vida-de-las-plagas-agricolas-es-clave-para-combatirlas-con-eficacia\/"]}]},{"@type":"ImageObject","inLanguage":"es","@id":"https:\/\/www.irta.cat\/es\/noticia\/conocer-el-ciclo-de-vida-de-las-plagas-agricolas-es-clave-para-combatirlas-con-eficacia\/#primaryimage","url":"https:\/\/www.irta.cat\/wp-content\/uploads\/Carpocapsa-Cydia-pomonella-CC-web.jpeg","contentUrl":"https:\/\/www.irta.cat\/wp-content\/uploads\/Carpocapsa-Cydia-pomonella-CC-web.jpeg","width":1469,"height":960},{"@type":"BreadcrumbList","@id":"https:\/\/www.irta.cat\/es\/noticia\/conocer-el-ciclo-de-vida-de-las-plagas-agricolas-es-clave-para-combatirlas-con-eficacia\/#breadcrumb","itemListElement":[{"@type":"ListItem","position":1,"name":"Inici","item":"https:\/\/www.irta.cat\/es\/"},{"@type":"ListItem","position":2,"name":"Conocer el ciclo de vida de las plagas agr\u00edcolas es clave para combatirlas con eficacia"}]},{"@type":"WebSite","@id":"https:\/\/www.irta.cat\/es\/#website","url":"https:\/\/www.irta.cat\/es\/","name":"IRTA","description":"Institut de Recerca i Tecnologia Agroaliment\u00e0ries","publisher":{"@id":"https:\/\/www.irta.cat\/es\/#organization"},"alternateName":"%%sitename%% %%sep%% %%title%%","potentialAction":[{"@type":"SearchAction","target":{"@type":"EntryPoint","urlTemplate":"https:\/\/www.irta.cat\/es\/?s={search_term_string}"},"query-input":{"@type":"PropertyValueSpecification","valueRequired":true,"valueName":"search_term_string"}}],"inLanguage":"es"},{"@type":"Organization","@id":"https:\/\/www.irta.cat\/es\/#organization","name":"IRTA","url":"https:\/\/www.irta.cat\/es\/","logo":{"@type":"ImageObject","inLanguage":"es","@id":"https:\/\/www.irta.cat\/es\/#\/schema\/logo\/image\/","url":"https:\/\/www.irta.cat\/wp-content\/uploads\/2023\/04\/Logo-IRTA-verm.png","contentUrl":"https:\/\/www.irta.cat\/wp-content\/uploads\/2023\/04\/Logo-IRTA-verm.png","width":1250,"height":500,"caption":"IRTA"},"image":{"@id":"https:\/\/www.irta.cat\/es\/#\/schema\/logo\/image\/"},"sameAs":["https:\/\/www.facebook.com\/irtacat","https:\/\/x.com\/irtacat"]}]}},"_links":{"self":[{"href":"https:\/\/www.irta.cat\/es\/wp-json\/wp\/v2\/noticia\/60609","targetHints":{"allow":["GET"]}}],"collection":[{"href":"https:\/\/www.irta.cat\/es\/wp-json\/wp\/v2\/noticia"}],"about":[{"href":"https:\/\/www.irta.cat\/es\/wp-json\/wp\/v2\/types\/noticia"}],"version-history":[{"count":0,"href":"https:\/\/www.irta.cat\/es\/wp-json\/wp\/v2\/noticia\/60609\/revisions"}],"wp:featuredmedia":[{"embeddable":true,"href":"https:\/\/www.irta.cat\/es\/wp-json\/wp\/v2\/media\/60605"}],"wp:attachment":[{"href":"https:\/\/www.irta.cat\/es\/wp-json\/wp\/v2\/media?parent=60609"}],"wp:term":[{"taxonomy":"categoria_noticia","embeddable":true,"href":"https:\/\/www.irta.cat\/es\/wp-json\/wp\/v2\/categoria_noticia?post=60609"},{"taxonomy":"etiqueta_filtrar_noticia","embeddable":true,"href":"https:\/\/www.irta.cat\/es\/wp-json\/wp\/v2\/etiqueta_filtrar_noticia?post=60609"}],"curies":[{"name":"wp","href":"https:\/\/api.w.org\/{rel}","templated":true}]}}