{"id":60453,"date":"2023-03-30T08:33:13","date_gmt":"2023-03-30T06:33:13","guid":{"rendered":"https:\/\/www.irta.cat\/noticia\/3-anos-de-covid-19-de-la-investigacion-de-emergencia-a-un-area-de-estudio-consolidada\/"},"modified":"2024-11-06T10:23:36","modified_gmt":"2024-11-06T09:23:36","slug":"3-anos-de-covid-19-de-la-investigacion-de-emergencia-a-un-area-de-estudio-consolidada","status":"publish","type":"noticia","link":"https:\/\/www.irta.cat\/es\/noticia\/3-anos-de-covid-19-de-la-investigacion-de-emergencia-a-un-area-de-estudio-consolidada\/","title":{"rendered":"3 a\u00f1os de COVID-19: de la investigaci\u00f3n de emergencia a un \u00e1rea de estudio consolidada"},"content":{"rendered":"\n<div class=\"wp-block-image\"><figure class=\"alignright size-large is-resized\"><a href=\"https:\/\/www.irta.cat\/wp-content\/uploads\/2023\/03\/IRTA-IRSI-1.jpeg\" class=\"fancybox irta-lightbox-bridge\" data-fancybox=\"irta-images\"><img loading=\"lazy\" decoding=\"async\" src=\"https:\/\/www.irta.cat\/wp-content\/uploads\/2023\/03\/IRTA-IRSI-1.jpeg\" alt=\"\" class=\"wp-image-51482\" width=\"306\" height=\"255\"\/><\/a><figcaption>El equipo del IRTA-CReSA junto con el de IrsiCaixa.<\/figcaption><\/figure><\/div>\n\n\n\n<p>Con 120 muertes y m\u00e1s de 4.000 personas infectadas, en marzo de 2020, Espa\u00f1a \u2013el segundo pa\u00eds de Europa, despu\u00e9s de Italia, con m\u00e1s casos notificados en ese momento\u2013 declaraba el estado de alarma para la gesti\u00f3n de la crisis sanitaria ocasionada por el nuevo coronavirus SARS-CoV-2. Para hacer frente a esta devastadora pandemia, el <a href=\"https:\/\/www.irsicaixa.es\/es\">Instituto de Investigaci\u00f3n del Sida IrsiCaixa<\/a> \u2013centro impulsado conjuntamente por la Fundaci\u00f3n \u201cla Caixa\u201d y el Departamento de Salud de la Generalidad de Catalu\u00f1a\u2013, el Centro de Investigaci\u00f3n en Sanidad Animal (CReSA) del Instituto de Investigaci\u00f3n y Tecnolog\u00eda Agroalimentarias (IRTA) y el Barcelona Supercomputing Center \u2013 Centro Nacional de Supercomputaci\u00f3n (BSC), con el apoyo de Grifols, fusionaron sus \u00e1reas de experiencia \u2013<strong>salud humana, salud animal y supercomputaci\u00f3n<\/strong>, respectivamente \u2013 y crearon el <strong>consorcio CBIG<\/strong>, que permiti\u00f3 emprender proyectos de investigaci\u00f3n conjuntos para encontrar soluciones a la COVID-19.<\/p>\n\n\n\n<p>Tres a\u00f1os despu\u00e9s, y con muchas m\u00e1s herramientas disponibles para hacer frente a la COVID-19, las cifras de la pandemia comienzan a mejorar y, lo que en su momento era investigaci\u00f3n de emergencia, pasa a ser una l\u00ednea de estudio consolidada. \u00abGracias a todo el <strong>conocimiento generado en tiempo r\u00e9cord<\/strong>, y al que se contin\u00faa generando actualmente, <strong>el estado de la pandemia de la COVID-19 comienza a ser esperanzador y la comunidad cient\u00edfica intuye el principio del fin<\/strong>\u00bb, anhela <a href=\"https:\/\/www.irsicaixa.es\/es\/sobre-nosotros\/bonaventura-clotet\">Bonaventura Clotet<\/a>, director de IrsiCaixa.<\/p>\n\n\n\n<h3 class=\"wp-block-heading\"><strong>Investigar en vivo y en directo<\/strong><\/h3>\n\n\n\n<p>La emergencia sanitaria supuso la necesidad de generar conocimiento y producir herramientas de diagn\u00f3stico, prevenci\u00f3n y tratamiento con urgencia. Desde su creaci\u00f3n, el equipo ha demostrado la efectividad de determinados <strong>f\u00e1rmacos antivirales<\/strong> contra el SARS-CoV-2, como la <a href=\"https:\/\/www.irsicaixa.es\/es\/de-72-antivirales-testados-en-el-laboratorio-la-plitidepsina-demuestra-ser-el-mas-eficaz-la-hora-de\">plitidepsina<\/a> o las ciclodextrinas, pero tambi\u00e9n ha descartado otros, como la hidroxicloroquina. En cuanto a la detecci\u00f3n del virus, el equipo <a href=\"https:\/\/www.irsicaixa.es\/es\/el-test-rapido-de-antigenos-detecta-el-sars-cov-2-incluso-en-personas-asintomaticas\">ha validado la eficacia<\/a> de los <strong>test de ant\u00edgenos<\/strong> y c\u00f3mo \u00e9sta se ve\u00eda <a href=\"https:\/\/www.irsicaixa.es\/es\/algunos-test-de-antigenos-son-10-veces-menos-sensibles-frente-determinadas-variantes-del-sars-cov-2\">modificada en funci\u00f3n de las mutaciones<\/a> que adquir\u00eda el SARS-CoV-2. \u00abToda <strong>la investigaci\u00f3n <\/strong>que llev\u00e1bamos a cabo en ese momento<strong> ten\u00eda un efecto inmediato en la forma de tratar la enfermedad<\/strong>. Tanto los resultados positivos como los negativos eran claves para atender de la mejor forma al conjunto de pacientes, y para frenar la transmisi\u00f3n. Por eso se publicaban en abierto. De esta forma evit\u00e1bamos el retraso que implica el hecho de publicar en revistas cient\u00edficas\u00bb, recuerda <a href=\"https:\/\/www.irsicaixa.es\/es\/julia-blanco-arbues\">Juli\u00e0 Blanco<\/a>, investigador IGTP en IrsiCaixa. \u00abEste, sin embargo, no es el ritmo habitual de la ciencia, que suele requerir de plazos m\u00e1s largos y que no concentra toda la investigaci\u00f3n global en un solo objetivo\u00bb, a\u00f1ade.<\/p>\n\n\n\n<p>Al mismo tiempo, el consorcio dise\u00f1aba un nuevo prototipo de vacuna. \u00abHemos analizado las posibles estructuras moleculares de la prote\u00edna <em>Spike<\/em> y su receptor para identificar mol\u00e9culas candidatas a vacunas\u00bb, explica V\u00edctor Guallar, jefe del grupo de modelizaci\u00f3n electr\u00f3nica y at\u00f3mica de prote\u00ednas del BSC. Gracias a estos estudios se han detectado distintos <strong>prototipos de vacuna<\/strong>, que han resultado ser eficaces en modelos animales. \u00abPara crear la vacuna hemos utilizado prote\u00ednas recombinantes centradas en la estructura de la esp\u00edcula (<em>Spike<\/em>), que es la diana de los anticuerpos neutralizantes. Hemos visto que este prototipo podr\u00eda ser capaz de evitar el desarrollo de la enfermedad\u00bb, detalla <a href=\"https:\/\/www.irsicaixa.es\/es\/jorge-carrillo-molina\">Jorge Carrillo<\/a>, investigador de IrsiCaixa. El equipo tambi\u00e9n realiz\u00f3, y sigue haciendo, un <strong>seguimiento exhaustivo de los anticuerpos neutralizantes<\/strong> de la poblaci\u00f3n, un dato que informa del nivel de protecci\u00f3n que tienen las personas contra la COVID-19.<\/p>\n\n\n\n<p>Otro punto clave durante la pandemia ha sido entender qu\u00e9 <strong>animales son susceptibles a la infecci\u00f3n<\/strong> por el SARS-CoV-2. \u00abSabemos que los gatos, perros, hurones y leones, entre otros, se pueden infectar de manera natural por el SARS-CoV-2\u00bb, detalla Joaquim Segal\u00e9s, investigador del IRTA-CReSA y catedr\u00e1tico de la Universidad Aut\u00f3noma de Barcelona (UAB). \u00abTener este conocimiento es importante para saber cu\u00e1les podr\u00edan ser los <strong>potenciales reservorios del virus<\/strong>\u00bb, a\u00f1ade J\u00falia Vergara-Alert, investigadora del IRTA-CReSA.<\/p>\n\n\n\n<p>Al mismo tiempo que se realizaban las investigaciones cient\u00edficas, el equipo deb\u00eda superar retos log\u00edsticos. \u00abPara trabajar con virus que se transmiten por v\u00eda respiratoria son necesarias unas medidas de seguridad muy estrictas y tuvimos que <strong>habilitar los laboratorios que ya ten\u00edamos y crear nuevos<\/strong> para poder iniciar los estudios r\u00e1pidamente\u00bb, explica Blanco, que agradece la complicidad con el Centro de Bioimagen y Medicina Comparativa CMCiB-IGTP. Una vez habilitados, estos laboratorios permitieron, y siguen permitiendo, la realizaci\u00f3n de otros proyectos de investigaci\u00f3n con diferentes pat\u00f3genos.<\/p>\n\n\n\n<h3 class=\"wp-block-heading\"><strong>D\u00f3nde estamos y hacia d\u00f3nde vamos<\/strong><\/h3>\n\n\n\n<p>Cada d\u00eda se contabilizan en el mundo alrededor de <strong>145.000 infecciones por el SARS-CoV-2 y 960 muertes<\/strong> por COVID-19, cifras que, en el \u00faltimo mes, han <strong>disminuido un 69 y 89%,<\/strong> respectivamente. Este descenso ha sido, en gran parte, gracias a las vacunas, las aliadas por excelencia de la pandemia a la hora de detener la progresi\u00f3n de la severidad de la COVID-19. A diferencia de lo que ocurre con el VIH, por el que disponemos de tratamientos pero no de vacunas, contra el SARS-CoV-2 s\u00ed que se han desarrollado vacunas, pero <strong>todav\u00eda se est\u00e1 trabajando para encontrar f\u00e1rmacos efectivos a la hora de eliminar el virus del organismo<\/strong>. \u00abAparte de identificar qu\u00e9 f\u00e1rmacos podr\u00edan ser \u00fatiles contra el SARS-CoV-2, tambi\u00e9n es importante descifrar el mecanismo de acci\u00f3n subyacente, ya que esto nos permitir\u00eda averiguar qu\u00e9 tratamientos pueden ser efectivos contra el SARS-CoV-2 y, a la vez, entender cu\u00e1les funcionar\u00edan contra otros virus. Conocer al detalle c\u00f3mo funcionan los f\u00e1rmacos ayudar\u00eda a tener una <strong>bater\u00eda de posibles compuestos preparada para su uso frente a futuras pandemias<\/strong>\u00bb, explica <a href=\"https:\/\/www.irsicaixa.es\/es\/nuria-izquierdo-useros\">Nuria Izquierdo-Useros<\/a>, investigadora principal de IrsiCaixa.<\/p>\n\n\n\n<p>Los saltos zoon\u00f3ticos se han descrito a lo largo de la historia de la humanidad, y siguen sucediendo a d\u00eda de hoy. \u00abHay que acumular conocimiento para poder <strong>estar preparados por las actuales amenazas, pero tambi\u00e9n por las que puedan emerger<\/strong>. Fusionar los campos de investigaci\u00f3n de los tres centros que formamos el consorcio CBIG nos permite trabajar bajo la perspectiva de <strong><em>Una Sola Salud<\/em><\/strong>, que consiste en entender la salud como el conjunto de la salud humana, animal y ambiental\u00bb, remarca Clotet. \u00abEsta forma de trabajar es imperativa para poder hacer frente y avanzarnos a futuras pandemias\u00bb, concluye.<\/p>\n","protected":false},"featured_media":46206,"template":"","categoria_noticia":[],"etiqueta_filtrar_noticia":[],"class_list":["post-60453","noticia","type-noticia","status-publish","has-post-thumbnail","hentry"],"acf":[],"yoast_head":"<!-- This site is optimized with the Yoast SEO plugin v26.6 - https:\/\/yoast.com\/wordpress\/plugins\/seo\/ -->\r\n<title>3 a\u00f1os de COVID-19: de la investigaci\u00f3n de emergencia a un \u00e1rea de estudio consolidada &#187; IRTA<\/title>\r\n<meta name=\"robots\" content=\"index, follow, max-snippet:-1, max-image-preview:large, max-video-preview:-1\" \/>\r\n<link rel=\"canonical\" href=\"https:\/\/www.irta.cat\/es\/noticia\/3-anos-de-covid-19-de-la-investigacion-de-emergencia-a-un-area-de-estudio-consolidada\/\" \/>\r\n<meta property=\"og:locale\" content=\"es_ES\" \/>\r\n<meta property=\"og:type\" content=\"article\" \/>\r\n<meta property=\"og:title\" content=\"3 a\u00f1os de COVID-19: de la investigaci\u00f3n de emergencia a un \u00e1rea de estudio consolidada &#187; IRTA\" \/>\r\n<meta property=\"og:description\" content=\"Con 120 muertes y m\u00e1s de 4.000 personas infectadas, en marzo de 2020, Espa\u00f1a \u2013el segundo pa\u00eds de Europa, despu\u00e9s de Italia, con m\u00e1s casos notificados en ese momento\u2013 declaraba el estado de alarma para la gesti\u00f3n de la crisis sanitaria ocasionada por el nuevo coronavirus SARS-CoV-2. Para hacer frente a esta devastadora pandemia, el [&hellip;]\" \/>\r\n<meta property=\"og:url\" content=\"https:\/\/www.irta.cat\/es\/noticia\/3-anos-de-covid-19-de-la-investigacion-de-emergencia-a-un-area-de-estudio-consolidada\/\" \/>\r\n<meta property=\"og:site_name\" content=\"IRTA\" \/>\r\n<meta property=\"article:publisher\" content=\"https:\/\/www.facebook.com\/irtacat\" \/>\r\n<meta property=\"article:modified_time\" content=\"2024-11-06T09:23:36+00:00\" \/>\r\n<meta property=\"og:image\" content=\"https:\/\/www.irta.cat\/wp-content\/uploads\/2023\/03\/IRTA-IRSI-1.jpeg\" \/>\r\n\t<meta property=\"og:image:width\" content=\"561\" \/>\r\n\t<meta property=\"og:image:height\" content=\"467\" \/>\r\n\t<meta property=\"og:image:type\" content=\"image\/jpeg\" \/>\r\n<meta name=\"twitter:card\" content=\"summary_large_image\" \/>\r\n<meta name=\"twitter:site\" content=\"@irtacat\" \/>\r\n<meta name=\"twitter:label1\" content=\"Tiempo de lectura\" \/>\n\t<meta name=\"twitter:data1\" content=\"6 minutos\" \/>\r\n<script type=\"application\/ld+json\" class=\"yoast-schema-graph\">{\"@context\":\"https:\/\/schema.org\",\"@graph\":[{\"@type\":\"WebPage\",\"@id\":\"https:\/\/www.irta.cat\/es\/noticia\/3-anos-de-covid-19-de-la-investigacion-de-emergencia-a-un-area-de-estudio-consolidada\/\",\"url\":\"https:\/\/www.irta.cat\/es\/noticia\/3-anos-de-covid-19-de-la-investigacion-de-emergencia-a-un-area-de-estudio-consolidada\/\",\"name\":\"3 a\u00f1os de COVID-19: de la investigaci\u00f3n de emergencia a un \u00e1rea de estudio consolidada &#187; IRTA\",\"isPartOf\":{\"@id\":\"https:\/\/www.irta.cat\/es\/#website\"},\"primaryImageOfPage\":{\"@id\":\"https:\/\/www.irta.cat\/es\/noticia\/3-anos-de-covid-19-de-la-investigacion-de-emergencia-a-un-area-de-estudio-consolidada\/#primaryimage\"},\"image\":{\"@id\":\"https:\/\/www.irta.cat\/es\/noticia\/3-anos-de-covid-19-de-la-investigacion-de-emergencia-a-un-area-de-estudio-consolidada\/#primaryimage\"},\"thumbnailUrl\":\"https:\/\/www.irta.cat\/wp-content\/uploads\/2023\/03\/IRTA-IRSI-1.jpeg\",\"datePublished\":\"2023-03-30T06:33:13+00:00\",\"dateModified\":\"2024-11-06T09:23:36+00:00\",\"breadcrumb\":{\"@id\":\"https:\/\/www.irta.cat\/es\/noticia\/3-anos-de-covid-19-de-la-investigacion-de-emergencia-a-un-area-de-estudio-consolidada\/#breadcrumb\"},\"inLanguage\":\"es\",\"potentialAction\":[{\"@type\":\"ReadAction\",\"target\":[\"https:\/\/www.irta.cat\/es\/noticia\/3-anos-de-covid-19-de-la-investigacion-de-emergencia-a-un-area-de-estudio-consolidada\/\"]}]},{\"@type\":\"ImageObject\",\"inLanguage\":\"es\",\"@id\":\"https:\/\/www.irta.cat\/es\/noticia\/3-anos-de-covid-19-de-la-investigacion-de-emergencia-a-un-area-de-estudio-consolidada\/#primaryimage\",\"url\":\"https:\/\/www.irta.cat\/wp-content\/uploads\/2023\/03\/IRTA-IRSI-1.jpeg\",\"contentUrl\":\"https:\/\/www.irta.cat\/wp-content\/uploads\/2023\/03\/IRTA-IRSI-1.jpeg\",\"width\":561,\"height\":467},{\"@type\":\"BreadcrumbList\",\"@id\":\"https:\/\/www.irta.cat\/es\/noticia\/3-anos-de-covid-19-de-la-investigacion-de-emergencia-a-un-area-de-estudio-consolidada\/#breadcrumb\",\"itemListElement\":[{\"@type\":\"ListItem\",\"position\":1,\"name\":\"Inici\",\"item\":\"https:\/\/www.irta.cat\/es\/\"},{\"@type\":\"ListItem\",\"position\":2,\"name\":\"3 a\u00f1os de COVID-19: de la investigaci\u00f3n de emergencia a un \u00e1rea de estudio consolidada\"}]},{\"@type\":\"WebSite\",\"@id\":\"https:\/\/www.irta.cat\/es\/#website\",\"url\":\"https:\/\/www.irta.cat\/es\/\",\"name\":\"IRTA\",\"description\":\"Institut de Recerca i Tecnologia Agroaliment\u00e0ries\",\"publisher\":{\"@id\":\"https:\/\/www.irta.cat\/es\/#organization\"},\"alternateName\":\"%%sitename%% %%sep%% %%title%%\",\"potentialAction\":[{\"@type\":\"SearchAction\",\"target\":{\"@type\":\"EntryPoint\",\"urlTemplate\":\"https:\/\/www.irta.cat\/es\/?s={search_term_string}\"},\"query-input\":{\"@type\":\"PropertyValueSpecification\",\"valueRequired\":true,\"valueName\":\"search_term_string\"}}],\"inLanguage\":\"es\"},{\"@type\":\"Organization\",\"@id\":\"https:\/\/www.irta.cat\/es\/#organization\",\"name\":\"IRTA\",\"url\":\"https:\/\/www.irta.cat\/es\/\",\"logo\":{\"@type\":\"ImageObject\",\"inLanguage\":\"es\",\"@id\":\"https:\/\/www.irta.cat\/es\/#\/schema\/logo\/image\/\",\"url\":\"https:\/\/www.irta.cat\/wp-content\/uploads\/2023\/04\/Logo-IRTA-verm.png\",\"contentUrl\":\"https:\/\/www.irta.cat\/wp-content\/uploads\/2023\/04\/Logo-IRTA-verm.png\",\"width\":1250,\"height\":500,\"caption\":\"IRTA\"},\"image\":{\"@id\":\"https:\/\/www.irta.cat\/es\/#\/schema\/logo\/image\/\"},\"sameAs\":[\"https:\/\/www.facebook.com\/irtacat\",\"https:\/\/x.com\/irtacat\"]}]}<\/script>\r\n<!-- \/ Yoast SEO plugin. -->","yoast_head_json":{"title":"3 a\u00f1os de COVID-19: de la investigaci\u00f3n de emergencia a un \u00e1rea de estudio consolidada &#187; IRTA","robots":{"index":"index","follow":"follow","max-snippet":"max-snippet:-1","max-image-preview":"max-image-preview:large","max-video-preview":"max-video-preview:-1"},"canonical":"https:\/\/www.irta.cat\/es\/noticia\/3-anos-de-covid-19-de-la-investigacion-de-emergencia-a-un-area-de-estudio-consolidada\/","og_locale":"es_ES","og_type":"article","og_title":"3 a\u00f1os de COVID-19: de la investigaci\u00f3n de emergencia a un \u00e1rea de estudio consolidada &#187; IRTA","og_description":"Con 120 muertes y m\u00e1s de 4.000 personas infectadas, en marzo de 2020, Espa\u00f1a \u2013el segundo pa\u00eds de Europa, despu\u00e9s de Italia, con m\u00e1s casos notificados en ese momento\u2013 declaraba el estado de alarma para la gesti\u00f3n de la crisis sanitaria ocasionada por el nuevo coronavirus SARS-CoV-2. Para hacer frente a esta devastadora pandemia, el [&hellip;]","og_url":"https:\/\/www.irta.cat\/es\/noticia\/3-anos-de-covid-19-de-la-investigacion-de-emergencia-a-un-area-de-estudio-consolidada\/","og_site_name":"IRTA","article_publisher":"https:\/\/www.facebook.com\/irtacat","article_modified_time":"2024-11-06T09:23:36+00:00","og_image":[{"width":561,"height":467,"url":"https:\/\/www.irta.cat\/wp-content\/uploads\/2023\/03\/IRTA-IRSI-1.jpeg","type":"image\/jpeg"}],"twitter_card":"summary_large_image","twitter_site":"@irtacat","twitter_misc":{"Tiempo de lectura":"6 minutos"},"schema":{"@context":"https:\/\/schema.org","@graph":[{"@type":"WebPage","@id":"https:\/\/www.irta.cat\/es\/noticia\/3-anos-de-covid-19-de-la-investigacion-de-emergencia-a-un-area-de-estudio-consolidada\/","url":"https:\/\/www.irta.cat\/es\/noticia\/3-anos-de-covid-19-de-la-investigacion-de-emergencia-a-un-area-de-estudio-consolidada\/","name":"3 a\u00f1os de COVID-19: de la investigaci\u00f3n de emergencia a un \u00e1rea de estudio consolidada &#187; IRTA","isPartOf":{"@id":"https:\/\/www.irta.cat\/es\/#website"},"primaryImageOfPage":{"@id":"https:\/\/www.irta.cat\/es\/noticia\/3-anos-de-covid-19-de-la-investigacion-de-emergencia-a-un-area-de-estudio-consolidada\/#primaryimage"},"image":{"@id":"https:\/\/www.irta.cat\/es\/noticia\/3-anos-de-covid-19-de-la-investigacion-de-emergencia-a-un-area-de-estudio-consolidada\/#primaryimage"},"thumbnailUrl":"https:\/\/www.irta.cat\/wp-content\/uploads\/2023\/03\/IRTA-IRSI-1.jpeg","datePublished":"2023-03-30T06:33:13+00:00","dateModified":"2024-11-06T09:23:36+00:00","breadcrumb":{"@id":"https:\/\/www.irta.cat\/es\/noticia\/3-anos-de-covid-19-de-la-investigacion-de-emergencia-a-un-area-de-estudio-consolidada\/#breadcrumb"},"inLanguage":"es","potentialAction":[{"@type":"ReadAction","target":["https:\/\/www.irta.cat\/es\/noticia\/3-anos-de-covid-19-de-la-investigacion-de-emergencia-a-un-area-de-estudio-consolidada\/"]}]},{"@type":"ImageObject","inLanguage":"es","@id":"https:\/\/www.irta.cat\/es\/noticia\/3-anos-de-covid-19-de-la-investigacion-de-emergencia-a-un-area-de-estudio-consolidada\/#primaryimage","url":"https:\/\/www.irta.cat\/wp-content\/uploads\/2023\/03\/IRTA-IRSI-1.jpeg","contentUrl":"https:\/\/www.irta.cat\/wp-content\/uploads\/2023\/03\/IRTA-IRSI-1.jpeg","width":561,"height":467},{"@type":"BreadcrumbList","@id":"https:\/\/www.irta.cat\/es\/noticia\/3-anos-de-covid-19-de-la-investigacion-de-emergencia-a-un-area-de-estudio-consolidada\/#breadcrumb","itemListElement":[{"@type":"ListItem","position":1,"name":"Inici","item":"https:\/\/www.irta.cat\/es\/"},{"@type":"ListItem","position":2,"name":"3 a\u00f1os de COVID-19: de la investigaci\u00f3n de emergencia a un \u00e1rea de estudio consolidada"}]},{"@type":"WebSite","@id":"https:\/\/www.irta.cat\/es\/#website","url":"https:\/\/www.irta.cat\/es\/","name":"IRTA","description":"Institut de Recerca i Tecnologia Agroaliment\u00e0ries","publisher":{"@id":"https:\/\/www.irta.cat\/es\/#organization"},"alternateName":"%%sitename%% %%sep%% %%title%%","potentialAction":[{"@type":"SearchAction","target":{"@type":"EntryPoint","urlTemplate":"https:\/\/www.irta.cat\/es\/?s={search_term_string}"},"query-input":{"@type":"PropertyValueSpecification","valueRequired":true,"valueName":"search_term_string"}}],"inLanguage":"es"},{"@type":"Organization","@id":"https:\/\/www.irta.cat\/es\/#organization","name":"IRTA","url":"https:\/\/www.irta.cat\/es\/","logo":{"@type":"ImageObject","inLanguage":"es","@id":"https:\/\/www.irta.cat\/es\/#\/schema\/logo\/image\/","url":"https:\/\/www.irta.cat\/wp-content\/uploads\/2023\/04\/Logo-IRTA-verm.png","contentUrl":"https:\/\/www.irta.cat\/wp-content\/uploads\/2023\/04\/Logo-IRTA-verm.png","width":1250,"height":500,"caption":"IRTA"},"image":{"@id":"https:\/\/www.irta.cat\/es\/#\/schema\/logo\/image\/"},"sameAs":["https:\/\/www.facebook.com\/irtacat","https:\/\/x.com\/irtacat"]}]}},"_links":{"self":[{"href":"https:\/\/www.irta.cat\/es\/wp-json\/wp\/v2\/noticia\/60453","targetHints":{"allow":["GET"]}}],"collection":[{"href":"https:\/\/www.irta.cat\/es\/wp-json\/wp\/v2\/noticia"}],"about":[{"href":"https:\/\/www.irta.cat\/es\/wp-json\/wp\/v2\/types\/noticia"}],"version-history":[{"count":0,"href":"https:\/\/www.irta.cat\/es\/wp-json\/wp\/v2\/noticia\/60453\/revisions"}],"wp:featuredmedia":[{"embeddable":true,"href":"https:\/\/www.irta.cat\/es\/wp-json\/wp\/v2\/media\/46206"}],"wp:attachment":[{"href":"https:\/\/www.irta.cat\/es\/wp-json\/wp\/v2\/media?parent=60453"}],"wp:term":[{"taxonomy":"categoria_noticia","embeddable":true,"href":"https:\/\/www.irta.cat\/es\/wp-json\/wp\/v2\/categoria_noticia?post=60453"},{"taxonomy":"etiqueta_filtrar_noticia","embeddable":true,"href":"https:\/\/www.irta.cat\/es\/wp-json\/wp\/v2\/etiqueta_filtrar_noticia?post=60453"}],"curies":[{"name":"wp","href":"https:\/\/api.w.org\/{rel}","templated":true}]}}