{"id":60435,"date":"2023-03-16T13:01:01","date_gmt":"2023-03-16T12:01:01","guid":{"rendered":"https:\/\/www.irta.cat\/noticia\/secar-los-arrozales-del-delta-del-ebro-despues-de-la-cosecha-puede-ser-una-buena-estrategia-para-reducir-las-emisiones-de-metano\/"},"modified":"2024-11-06T10:23:07","modified_gmt":"2024-11-06T09:23:07","slug":"secar-los-arrozales-del-delta-del-ebro-despues-de-la-cosecha-puede-ser-una-buena-estrategia-para-reducir-las-emisiones-de-metano","status":"publish","type":"noticia","link":"https:\/\/www.irta.cat\/es\/noticia\/secar-los-arrozales-del-delta-del-ebro-despues-de-la-cosecha-puede-ser-una-buena-estrategia-para-reducir-las-emisiones-de-metano\/","title":{"rendered":"Secar los arrozales del delta del Ebro despu\u00e9s de la cosecha puede ser una buena estrategia para reducir las emisiones de metano"},"content":{"rendered":"\n<figure class=\"wp-block-image size-large\"><a href=\"https:\/\/www.irta.cat\/wp-content\/uploads\/2023\/03\/6c9cadaf-562f-d575-0f52-2687209dfc23-1-scaled.jpg\" class=\"fancybox irta-lightbox-bridge\" data-fancybox=\"irta-images\"><img decoding=\"async\" src=\"https:\/\/www.irta.cat\/wp-content\/uploads\/2023\/03\/6c9cadaf-562f-d575-0f52-2687209dfc23-1-scaled.jpg\" alt=\"\" class=\"wp-image-51301\" loading=\"lazy\" \/><\/a><figcaption>Imagen del caracol manzana (<em>Pomacea maculata<\/em>)<\/figcaption><\/figure>\n\n\n\n<h2 class=\"wp-block-heading\"><strong>Aunque la medida comporta una reducci\u00f3n muy significativa de las emisiones de este gas de efecto invernadero, los campos secos son menos atractivos para las aves acu\u00e1ticas y por eso los investigadores sugieren hacer una gesti\u00f3n m\u00e1s integrada<\/strong><\/h2>\n\n\n\n<h2 class=\"wp-block-heading\"><strong>Lo concluye un estudio del IRTA en el que se han estudiado los efectos colaterales de la pol\u00edtica de secado de los campos de arroz para frenar la plaga del caracol manzana en el delta del Ebro<\/strong><\/h2>\n\n\n\n<p>El caracol manzana (<em>Pomacea maculata<\/em>) es uno de los grandes h\u00e1ndicaps que sufren los arroceros del delta del Ebro. Con p\u00e9rdidas de hasta el 100%, muchos cultivos sufren la devastaci\u00f3n provocada por esta especie invasora, introducida accidentalmente el a\u00f1o 2009. Desde entonces, la plaga ha colonizado todo el hemidelta norte y parte del sur gracias a la falta de depredadores y una alta capacidad de reproducci\u00f3n en agua dulce. Para frenarlo, una de las medidas agroambientales desplegadas es <strong>el secado de los campos despu\u00e9s de la cosecha<\/strong>, de octubre a abril. As\u00ed, de un 63% de superficie agr\u00edcola inundada en el Delta antes de la invasi\u00f3n, se ha pasado a un 35% de media en los \u00faltimos seis a\u00f1os. A pesar de los beneficios de hacerlo en la gesti\u00f3n del caracol manzana, modificar el r\u00e9gimen h\u00eddrico implica alterar un ecosistema de alto valor agr\u00edcola y biol\u00f3gico. Para estudiar los efectos de esta medida en las emisiones de gases de efecto invernadero y en la biodiversidad, investigadores del Instituto de Investigaci\u00f3n y Tecnolog\u00eda Agroalimentarias (IRTA) tomaron muestras de las tasas de emisi\u00f3n de metano e hicieron el censado de p\u00e1jaros, comparando los datos de los campos secos con los de los inundados, los inviernos de 2015 y 2016. Los resultados, que se han publicado en <a href=\"https:\/\/royalsocietypublishing.org\/doi\/abs\/10.1098\/rspb.2022.1081\"><em>The Proceedings of the Royal Society<\/em><\/a>, concluyen <strong>que el secado comporta<\/strong> <strong>una reducci\u00f3n muy significativa de las emisiones de metano<\/strong>, uno de los principales gases de efecto invernadero, y <strong>alertan que los campos secos son menos atractivos para las aves<\/strong>, por lo que los investigadores sugieren una gesti\u00f3n m\u00e1s integrada.<\/p>\n\n\n\n<p>El estudio revela que <strong>el drenaje de los arrozales<\/strong> despu\u00e9s de la cosecha \u2015que es cuando se producen entorno a dos tercios de las emisiones de metano\u2015<strong> disminuy\u00f3 las tasas de emisi\u00f3n de este gas en un 82% el 2015, y un 51% el 2016<\/strong>. \u00abEn los campos inundados, la descomposici\u00f3n de la materia org\u00e1nica produce mucho gas metano; en cambio, cuando introducimos condiciones aer\u00f3bicas en el suelo, es decir, cuando \u00e9ste se expone al aire, se inhibe la actividad microbiana que lo produce\u00bb, explica <strong>Maite Mart\u00ednez-Eixarch<\/strong>, investigadora del IRTA. Ahora bien, seg\u00fan las observaciones de los investigadores, <strong>la afluencia de p\u00e1jaros acu\u00e1ticos fue menor en los campos secos<\/strong>, tanto en t\u00e9rminos de abundancia como de variedad. La diversidad de especies se redujo en un 75% el 2015 y en un 57% el 2016, especialmente en grupos como las urracas, los ibis y lim\u00edcolas. Todas ellas son aves que encuentran en los arrozales inundados un h\u00e1bitat rico en alimentos, como zooplancton o crust\u00e1ceos. En conjunto, m\u00e1s de 250.000 p\u00e1jaros acu\u00e1ticos pasan el invierno en el delta del Ebro, una de las mayores zonas h\u00famedas de Europa occidental en este sentido. \u00abSeg\u00fan un estudio reciente, a\u00fan hay suficiente superficie inundada para albergar las aves que pasan los inviernos en el Delta, y habr\u00e1 que velar para que siga siendo as\u00ed\u00bb, advierte <strong>N\u00e9stor P\u00e9rez-M\u00e9ndez<\/strong>, investigador del IRTA.<\/p>\n\n\n\n<p>Sea como sea, la plaga del caracol manzana pone en relieve una idea: en las respuestas contra las invasiones, es tan importante estudiar el remedio como la enfermedad. \u00abEn sistemas tan complejos, cuando tocas una tecla puedes modificar el equilibro; hace falta ver cu\u00e1les tocar para alterarlos lo m\u00ednimo posible\u00bb, se\u00f1ala <strong>P\u00e9rez-M\u00e9ndez<\/strong>. En el delta del Ebro, se solapan retos como la producci\u00f3n alimentaria, la reducci\u00f3n de emisiones agr\u00edcolas y la conservaci\u00f3n de la biodiversidad. Por eso, las decisiones pasan por la concertaci\u00f3n: \u00abHay que encontrar un manejo adaptado en funci\u00f3n de las zonas, un mosaico de inundaci\u00f3n y secado, seg\u00fan donde valga la pena\u00bb, defiende <strong>Maite Mart\u00ednez-Eixarch<\/strong>. El estudio ampl\u00eda, por tanto, la panor\u00e1mica en los esfuerzos para eliminar el caracol manzana. Pero la lecci\u00f3n se aplica m\u00e1s all\u00e1 del Delta: \u00abLa dicotom\u00eda observada se plantear\u00e1 en muchos otros ecosistemas, por eso es tan importante la gesti\u00f3n integrada\u00bb, concluye la cient\u00edfica.<\/p>\n\n\n\n<h3 class=\"wp-block-heading\"><strong>Referencia del estudio:<\/strong><\/h3>\n\n\n\n<p>P\u00e9rez-M\u00e9ndez, N., Alcaraz, C., Bertolero, A., Catal\u00e0-Forner, M., Garibaldi, L. A., Gonz\u00e1lez-Varo, J. P., &#8230; &amp; Mart\u00ednez-Eixarch, M. (2022). <strong>Agricultural policies against invasive species generate contrasting outcomes for climate change mitigation and biodiversity conservation<\/strong>.&nbsp;<em>Proceedings of the Royal Society B<\/em>,&nbsp;<em>289<\/em>(1985), 20221081. <a href=\"https:\/\/doi.org\/10.1098\/rspb.2022.1081\">https:\/\/doi.org\/10.1098\/rspb.2022.1081<\/a><\/p>\n\n\n","protected":false},"featured_media":46140,"template":"","categoria_noticia":[],"etiqueta_filtrar_noticia":[],"class_list":["post-60435","noticia","type-noticia","status-publish","has-post-thumbnail","hentry"],"acf":[],"yoast_head":"<!-- This site is optimized with the Yoast SEO plugin v26.6 - https:\/\/yoast.com\/wordpress\/plugins\/seo\/ -->\r\n<title>Secar los arrozales del delta del Ebro despu\u00e9s de la cosecha puede ser una buena estrategia para reducir las emisiones de metano &#187; IRTA<\/title>\r\n<meta name=\"robots\" content=\"index, follow, max-snippet:-1, max-image-preview:large, max-video-preview:-1\" \/>\r\n<link rel=\"canonical\" href=\"https:\/\/www.irta.cat\/es\/noticia\/secar-los-arrozales-del-delta-del-ebro-despues-de-la-cosecha-puede-ser-una-buena-estrategia-para-reducir-las-emisiones-de-metano\/\" \/>\r\n<meta property=\"og:locale\" content=\"es_ES\" \/>\r\n<meta property=\"og:type\" content=\"article\" \/>\r\n<meta property=\"og:title\" content=\"Secar los arrozales del delta del Ebro despu\u00e9s de la cosecha puede ser una buena estrategia para reducir las emisiones de metano &#187; IRTA\" \/>\r\n<meta property=\"og:description\" content=\"Aunque la medida comporta una reducci\u00f3n muy significativa de las emisiones de este gas de efecto invernadero, los campos secos son menos atractivos para las aves acu\u00e1ticas y por eso los investigadores sugieren hacer una gesti\u00f3n m\u00e1s integrada Lo concluye un estudio del IRTA en el que se han estudiado los efectos colaterales de la [&hellip;]\" \/>\r\n<meta property=\"og:url\" content=\"https:\/\/www.irta.cat\/es\/noticia\/secar-los-arrozales-del-delta-del-ebro-despues-de-la-cosecha-puede-ser-una-buena-estrategia-para-reducir-las-emisiones-de-metano\/\" \/>\r\n<meta property=\"og:site_name\" content=\"IRTA\" \/>\r\n<meta property=\"article:publisher\" content=\"https:\/\/www.facebook.com\/irtacat\" \/>\r\n<meta property=\"article:modified_time\" content=\"2024-11-06T09:23:07+00:00\" \/>\r\n<meta property=\"og:image\" content=\"https:\/\/www.irta.cat\/wp-content\/uploads\/2023\/03\/6c9cadaf-562f-d575-0f52-2687209dfc23-1-scaled.jpg\" \/>\r\n\t<meta property=\"og:image:width\" content=\"1920\" \/>\r\n\t<meta property=\"og:image:height\" content=\"1280\" \/>\r\n\t<meta property=\"og:image:type\" content=\"image\/jpeg\" \/>\r\n<meta name=\"twitter:card\" content=\"summary_large_image\" \/>\r\n<meta name=\"twitter:site\" content=\"@irtacat\" \/>\r\n<meta name=\"twitter:label1\" content=\"Tiempo de lectura\" \/>\n\t<meta name=\"twitter:data1\" content=\"4 minutos\" \/>\r\n<script type=\"application\/ld+json\" class=\"yoast-schema-graph\">{\"@context\":\"https:\/\/schema.org\",\"@graph\":[{\"@type\":\"WebPage\",\"@id\":\"https:\/\/www.irta.cat\/es\/noticia\/secar-los-arrozales-del-delta-del-ebro-despues-de-la-cosecha-puede-ser-una-buena-estrategia-para-reducir-las-emisiones-de-metano\/\",\"url\":\"https:\/\/www.irta.cat\/es\/noticia\/secar-los-arrozales-del-delta-del-ebro-despues-de-la-cosecha-puede-ser-una-buena-estrategia-para-reducir-las-emisiones-de-metano\/\",\"name\":\"Secar los arrozales del delta del Ebro despu\u00e9s de la cosecha puede ser una buena estrategia para reducir las emisiones de metano &#187; IRTA\",\"isPartOf\":{\"@id\":\"https:\/\/www.irta.cat\/es\/#website\"},\"primaryImageOfPage\":{\"@id\":\"https:\/\/www.irta.cat\/es\/noticia\/secar-los-arrozales-del-delta-del-ebro-despues-de-la-cosecha-puede-ser-una-buena-estrategia-para-reducir-las-emisiones-de-metano\/#primaryimage\"},\"image\":{\"@id\":\"https:\/\/www.irta.cat\/es\/noticia\/secar-los-arrozales-del-delta-del-ebro-despues-de-la-cosecha-puede-ser-una-buena-estrategia-para-reducir-las-emisiones-de-metano\/#primaryimage\"},\"thumbnailUrl\":\"https:\/\/www.irta.cat\/wp-content\/uploads\/2023\/03\/6c9cadaf-562f-d575-0f52-2687209dfc23-1-scaled.jpg\",\"datePublished\":\"2023-03-16T12:01:01+00:00\",\"dateModified\":\"2024-11-06T09:23:07+00:00\",\"breadcrumb\":{\"@id\":\"https:\/\/www.irta.cat\/es\/noticia\/secar-los-arrozales-del-delta-del-ebro-despues-de-la-cosecha-puede-ser-una-buena-estrategia-para-reducir-las-emisiones-de-metano\/#breadcrumb\"},\"inLanguage\":\"es\",\"potentialAction\":[{\"@type\":\"ReadAction\",\"target\":[\"https:\/\/www.irta.cat\/es\/noticia\/secar-los-arrozales-del-delta-del-ebro-despues-de-la-cosecha-puede-ser-una-buena-estrategia-para-reducir-las-emisiones-de-metano\/\"]}]},{\"@type\":\"ImageObject\",\"inLanguage\":\"es\",\"@id\":\"https:\/\/www.irta.cat\/es\/noticia\/secar-los-arrozales-del-delta-del-ebro-despues-de-la-cosecha-puede-ser-una-buena-estrategia-para-reducir-las-emisiones-de-metano\/#primaryimage\",\"url\":\"https:\/\/www.irta.cat\/wp-content\/uploads\/2023\/03\/6c9cadaf-562f-d575-0f52-2687209dfc23-1-scaled.jpg\",\"contentUrl\":\"https:\/\/www.irta.cat\/wp-content\/uploads\/2023\/03\/6c9cadaf-562f-d575-0f52-2687209dfc23-1-scaled.jpg\",\"width\":1920,\"height\":1280},{\"@type\":\"BreadcrumbList\",\"@id\":\"https:\/\/www.irta.cat\/es\/noticia\/secar-los-arrozales-del-delta-del-ebro-despues-de-la-cosecha-puede-ser-una-buena-estrategia-para-reducir-las-emisiones-de-metano\/#breadcrumb\",\"itemListElement\":[{\"@type\":\"ListItem\",\"position\":1,\"name\":\"Inici\",\"item\":\"https:\/\/www.irta.cat\/es\/\"},{\"@type\":\"ListItem\",\"position\":2,\"name\":\"Secar los arrozales del delta del Ebro despu\u00e9s de la cosecha puede ser una buena estrategia para reducir las emisiones de metano\"}]},{\"@type\":\"WebSite\",\"@id\":\"https:\/\/www.irta.cat\/es\/#website\",\"url\":\"https:\/\/www.irta.cat\/es\/\",\"name\":\"IRTA\",\"description\":\"Institut de Recerca i Tecnologia Agroaliment\u00e0ries\",\"publisher\":{\"@id\":\"https:\/\/www.irta.cat\/es\/#organization\"},\"alternateName\":\"%%sitename%% %%sep%% %%title%%\",\"potentialAction\":[{\"@type\":\"SearchAction\",\"target\":{\"@type\":\"EntryPoint\",\"urlTemplate\":\"https:\/\/www.irta.cat\/es\/?s={search_term_string}\"},\"query-input\":{\"@type\":\"PropertyValueSpecification\",\"valueRequired\":true,\"valueName\":\"search_term_string\"}}],\"inLanguage\":\"es\"},{\"@type\":\"Organization\",\"@id\":\"https:\/\/www.irta.cat\/es\/#organization\",\"name\":\"IRTA\",\"url\":\"https:\/\/www.irta.cat\/es\/\",\"logo\":{\"@type\":\"ImageObject\",\"inLanguage\":\"es\",\"@id\":\"https:\/\/www.irta.cat\/es\/#\/schema\/logo\/image\/\",\"url\":\"https:\/\/www.irta.cat\/wp-content\/uploads\/2023\/04\/Logo-IRTA-verm.png\",\"contentUrl\":\"https:\/\/www.irta.cat\/wp-content\/uploads\/2023\/04\/Logo-IRTA-verm.png\",\"width\":1250,\"height\":500,\"caption\":\"IRTA\"},\"image\":{\"@id\":\"https:\/\/www.irta.cat\/es\/#\/schema\/logo\/image\/\"},\"sameAs\":[\"https:\/\/www.facebook.com\/irtacat\",\"https:\/\/x.com\/irtacat\"]}]}<\/script>\r\n<!-- \/ Yoast SEO plugin. -->","yoast_head_json":{"title":"Secar los arrozales del delta del Ebro despu\u00e9s de la cosecha puede ser una buena estrategia para reducir las emisiones de metano &#187; IRTA","robots":{"index":"index","follow":"follow","max-snippet":"max-snippet:-1","max-image-preview":"max-image-preview:large","max-video-preview":"max-video-preview:-1"},"canonical":"https:\/\/www.irta.cat\/es\/noticia\/secar-los-arrozales-del-delta-del-ebro-despues-de-la-cosecha-puede-ser-una-buena-estrategia-para-reducir-las-emisiones-de-metano\/","og_locale":"es_ES","og_type":"article","og_title":"Secar los arrozales del delta del Ebro despu\u00e9s de la cosecha puede ser una buena estrategia para reducir las emisiones de metano &#187; IRTA","og_description":"Aunque la medida comporta una reducci\u00f3n muy significativa de las emisiones de este gas de efecto invernadero, los campos secos son menos atractivos para las aves acu\u00e1ticas y por eso los investigadores sugieren hacer una gesti\u00f3n m\u00e1s integrada Lo concluye un estudio del IRTA en el que se han estudiado los efectos colaterales de la [&hellip;]","og_url":"https:\/\/www.irta.cat\/es\/noticia\/secar-los-arrozales-del-delta-del-ebro-despues-de-la-cosecha-puede-ser-una-buena-estrategia-para-reducir-las-emisiones-de-metano\/","og_site_name":"IRTA","article_publisher":"https:\/\/www.facebook.com\/irtacat","article_modified_time":"2024-11-06T09:23:07+00:00","og_image":[{"width":1920,"height":1280,"url":"https:\/\/www.irta.cat\/wp-content\/uploads\/2023\/03\/6c9cadaf-562f-d575-0f52-2687209dfc23-1-scaled.jpg","type":"image\/jpeg"}],"twitter_card":"summary_large_image","twitter_site":"@irtacat","twitter_misc":{"Tiempo de lectura":"4 minutos"},"schema":{"@context":"https:\/\/schema.org","@graph":[{"@type":"WebPage","@id":"https:\/\/www.irta.cat\/es\/noticia\/secar-los-arrozales-del-delta-del-ebro-despues-de-la-cosecha-puede-ser-una-buena-estrategia-para-reducir-las-emisiones-de-metano\/","url":"https:\/\/www.irta.cat\/es\/noticia\/secar-los-arrozales-del-delta-del-ebro-despues-de-la-cosecha-puede-ser-una-buena-estrategia-para-reducir-las-emisiones-de-metano\/","name":"Secar los arrozales del delta del Ebro despu\u00e9s de la cosecha puede ser una buena estrategia para reducir las emisiones de metano &#187; IRTA","isPartOf":{"@id":"https:\/\/www.irta.cat\/es\/#website"},"primaryImageOfPage":{"@id":"https:\/\/www.irta.cat\/es\/noticia\/secar-los-arrozales-del-delta-del-ebro-despues-de-la-cosecha-puede-ser-una-buena-estrategia-para-reducir-las-emisiones-de-metano\/#primaryimage"},"image":{"@id":"https:\/\/www.irta.cat\/es\/noticia\/secar-los-arrozales-del-delta-del-ebro-despues-de-la-cosecha-puede-ser-una-buena-estrategia-para-reducir-las-emisiones-de-metano\/#primaryimage"},"thumbnailUrl":"https:\/\/www.irta.cat\/wp-content\/uploads\/2023\/03\/6c9cadaf-562f-d575-0f52-2687209dfc23-1-scaled.jpg","datePublished":"2023-03-16T12:01:01+00:00","dateModified":"2024-11-06T09:23:07+00:00","breadcrumb":{"@id":"https:\/\/www.irta.cat\/es\/noticia\/secar-los-arrozales-del-delta-del-ebro-despues-de-la-cosecha-puede-ser-una-buena-estrategia-para-reducir-las-emisiones-de-metano\/#breadcrumb"},"inLanguage":"es","potentialAction":[{"@type":"ReadAction","target":["https:\/\/www.irta.cat\/es\/noticia\/secar-los-arrozales-del-delta-del-ebro-despues-de-la-cosecha-puede-ser-una-buena-estrategia-para-reducir-las-emisiones-de-metano\/"]}]},{"@type":"ImageObject","inLanguage":"es","@id":"https:\/\/www.irta.cat\/es\/noticia\/secar-los-arrozales-del-delta-del-ebro-despues-de-la-cosecha-puede-ser-una-buena-estrategia-para-reducir-las-emisiones-de-metano\/#primaryimage","url":"https:\/\/www.irta.cat\/wp-content\/uploads\/2023\/03\/6c9cadaf-562f-d575-0f52-2687209dfc23-1-scaled.jpg","contentUrl":"https:\/\/www.irta.cat\/wp-content\/uploads\/2023\/03\/6c9cadaf-562f-d575-0f52-2687209dfc23-1-scaled.jpg","width":1920,"height":1280},{"@type":"BreadcrumbList","@id":"https:\/\/www.irta.cat\/es\/noticia\/secar-los-arrozales-del-delta-del-ebro-despues-de-la-cosecha-puede-ser-una-buena-estrategia-para-reducir-las-emisiones-de-metano\/#breadcrumb","itemListElement":[{"@type":"ListItem","position":1,"name":"Inici","item":"https:\/\/www.irta.cat\/es\/"},{"@type":"ListItem","position":2,"name":"Secar los arrozales del delta del Ebro despu\u00e9s de la cosecha puede ser una buena estrategia para reducir las emisiones de metano"}]},{"@type":"WebSite","@id":"https:\/\/www.irta.cat\/es\/#website","url":"https:\/\/www.irta.cat\/es\/","name":"IRTA","description":"Institut de Recerca i Tecnologia Agroaliment\u00e0ries","publisher":{"@id":"https:\/\/www.irta.cat\/es\/#organization"},"alternateName":"%%sitename%% %%sep%% %%title%%","potentialAction":[{"@type":"SearchAction","target":{"@type":"EntryPoint","urlTemplate":"https:\/\/www.irta.cat\/es\/?s={search_term_string}"},"query-input":{"@type":"PropertyValueSpecification","valueRequired":true,"valueName":"search_term_string"}}],"inLanguage":"es"},{"@type":"Organization","@id":"https:\/\/www.irta.cat\/es\/#organization","name":"IRTA","url":"https:\/\/www.irta.cat\/es\/","logo":{"@type":"ImageObject","inLanguage":"es","@id":"https:\/\/www.irta.cat\/es\/#\/schema\/logo\/image\/","url":"https:\/\/www.irta.cat\/wp-content\/uploads\/2023\/04\/Logo-IRTA-verm.png","contentUrl":"https:\/\/www.irta.cat\/wp-content\/uploads\/2023\/04\/Logo-IRTA-verm.png","width":1250,"height":500,"caption":"IRTA"},"image":{"@id":"https:\/\/www.irta.cat\/es\/#\/schema\/logo\/image\/"},"sameAs":["https:\/\/www.facebook.com\/irtacat","https:\/\/x.com\/irtacat"]}]}},"_links":{"self":[{"href":"https:\/\/www.irta.cat\/es\/wp-json\/wp\/v2\/noticia\/60435","targetHints":{"allow":["GET"]}}],"collection":[{"href":"https:\/\/www.irta.cat\/es\/wp-json\/wp\/v2\/noticia"}],"about":[{"href":"https:\/\/www.irta.cat\/es\/wp-json\/wp\/v2\/types\/noticia"}],"version-history":[{"count":0,"href":"https:\/\/www.irta.cat\/es\/wp-json\/wp\/v2\/noticia\/60435\/revisions"}],"wp:featuredmedia":[{"embeddable":true,"href":"https:\/\/www.irta.cat\/es\/wp-json\/wp\/v2\/media\/46140"}],"wp:attachment":[{"href":"https:\/\/www.irta.cat\/es\/wp-json\/wp\/v2\/media?parent=60435"}],"wp:term":[{"taxonomy":"categoria_noticia","embeddable":true,"href":"https:\/\/www.irta.cat\/es\/wp-json\/wp\/v2\/categoria_noticia?post=60435"},{"taxonomy":"etiqueta_filtrar_noticia","embeddable":true,"href":"https:\/\/www.irta.cat\/es\/wp-json\/wp\/v2\/etiqueta_filtrar_noticia?post=60435"}],"curies":[{"name":"wp","href":"https:\/\/api.w.org\/{rel}","templated":true}]}}