{"id":60366,"date":"2023-02-09T16:37:50","date_gmt":"2023-02-09T15:37:50","guid":{"rendered":"https:\/\/www.irta.cat\/noticia\/la-primera-manzana-adaptada-a-los-climas-mas-calidos-llega-al-mercado\/"},"modified":"2024-11-06T10:21:43","modified_gmt":"2024-11-06T09:21:43","slug":"la-primera-manzana-adaptada-a-los-climas-mas-calidos-llega-al-mercado","status":"publish","type":"noticia","link":"https:\/\/www.irta.cat\/es\/noticia\/la-primera-manzana-adaptada-a-los-climas-mas-calidos-llega-al-mercado\/","title":{"rendered":"La primera manzana adaptada a los climas m\u00e1s c\u00e1lidos llega al mercado"},"content":{"rendered":"\n<div class=\"wp-block-image\"><figure class=\"aligncenter size-large\"><a href=\"https:\/\/www.irta.cat\/wp-content\/uploads\/Tutti_IRTA-1-scaled.jpg\" class=\"fancybox irta-lightbox-bridge\" data-fancybox=\"irta-images\"><img decoding=\"async\" src=\"https:\/\/www.irta.cat\/wp-content\/uploads\/Tutti_IRTA-1-scaled.jpg\" alt=\"\" class=\"wp-image-50712\" loading=\"lazy\" \/><\/a><\/figure><\/div>\n\n\n\n<h2 class=\"wp-block-heading\"><strong>Con el nombre comercial de Tutti, es fruto del Hot Climate Partnership, un programa de mejora de variedades iniciado en 2002 por el IRTA, una asociaci\u00f3n de los principales productores de manzana y pera de Catalu\u00f1a, y un centro de investigaci\u00f3n neozeland\u00e9s<\/strong><\/h2>\n\n\n\n<h2 class=\"wp-block-heading\"><strong>Se ha presentado en la feria internacional FRUIT LOGISTICA, en Berl\u00edn, en la que tambi\u00e9n se ha presentado el programa de mejora, el \u00fanico en el mundo dise\u00f1ado para producir fruta de semilla adaptada a unos veranos cada vez m\u00e1s calurosos<\/strong><\/h2>\n\n\n\n<p>Es roja, dulce, crujiente y jugosa, y est\u00e1 adaptada a los climas c\u00e1lidos como el nuestro. Es la variedad HOT84A1 y hoy, 9 de febrero, <strong>se ha presentado al mundo en la feria internacional FRUIT LOGISTICA<\/strong>, en Berl\u00edn, con su nombre comercial: <strong>Tutti<\/strong>. Es fruto de m\u00e1s de veinte a\u00f1os de trabajo, y se trata de la primera variedad de fruta de semilla registrada que ha surgido del <strong>Hot Climate Partnership (HCP)<\/strong>, el \u00fanico programa de mejora varietal del mundo dise\u00f1ado para <strong>hacer frente a los retos de producir manzanas y peras en climas c\u00e1lidos.<\/strong> <\/p>\n\n\n\n<p>El objetivo del HCP es <strong>producir nuevas variedades \u00abm\u00e1s adaptadas a unos veranos cada vez m\u00e1s calurosos<\/strong>, y que satisfagan las necesidades de productores, comercializadores y consumidores\u00bb, explica <a href=\"https:\/\/www.irta.cat\/ca\/personal\/joan-bonany-rocas\/\" target=\"_blank\" rel=\"noreferrer noopener\">Joan Bonany<\/a>, especialista del programa de <a href=\"https:\/\/www.irta.cat\/es\/grup\/fruticultura\/\" target=\"_blank\" rel=\"noreferrer noopener\">Fruticultura <\/a>del IRTA. La nueva variedad se ha evaluado en los campos experimentales del IRTA en Mollerussa (Lleida) y en La Tallada del Empord\u00e0 (Girona), donde las temperaturas pueden llegar a ser de m\u00e1s de 40\u00baC en verano. Aparte de la Tutti, el HCP tiene una gama de variedades de manzana y pera en fase precomercial, que una vez salgan al mercado \u00abcubrir\u00e1n un abanico muy amplio de \u00e9pocas de cosecha y de tipolog\u00eda del fruto\u00bb, a\u00f1ade Bonany.<\/p>\n\n\n\n<p>El HCP se ha presentado, tambi\u00e9n, en la feria internacional <a href=\"https:\/\/www.fruitlogistica.com\/es\/\" target=\"_blank\" rel=\"noreferrer noopener\">FRUIT LOGISTICA<\/a> de Berl\u00edn. Creado en 2002, surgi\u00f3 a ra\u00edz de la demanda del sector productor de fruta de Catalunya que, debido a las condiciones clim\u00e1ticas en nuestra zona, las variedades de manzana y pera ten\u00edan m\u00e1s dificultades para alcanzar una calidad \u00f3ptima en cuanto al color, textura y el aroma. El HCP est\u00e1 formado por el <strong>IRTA<\/strong>, <strong>Plant &amp; Food Research<\/strong>, un centro de investigaci\u00f3n p\u00fablico de Nueva Zelanda, <strong>FruitFutur <\/strong>\u2015una asociaci\u00f3n de las principales empresas productoras de fruta de Catalu\u00f1a: Nufri, Actel, Fruits de Ponent e IGP Poma de Girona )\u2015, que liderar\u00e1 la comercializaci\u00f3n de la nueva variedad en la pen\u00ednsula ib\u00e9rica (Espa\u00f1a y Portugal), y la empresa <strong>VentureFruit<\/strong>, que se encargar\u00e1 de la comercializaci\u00f3n de \u00e9sta y de nuevas variedades en el resto del mundo.<\/p>\n\n\n\n<figure class=\"wp-block-image size-large\"><a href=\"https:\/\/www.irta.cat\/wp-content\/uploads\/2023\/02\/Tutti_IRTA_fons_blanc-1-scaled.jpg\" class=\"fancybox irta-lightbox-bridge\" data-fancybox=\"irta-images\"><img decoding=\"async\" src=\"https:\/\/www.irta.cat\/wp-content\/uploads\/2023\/02\/Tutti_IRTA_fons_blanc-1-scaled.jpg\" alt=\"\" class=\"wp-image-50703\" loading=\"lazy\" \/><\/a><\/figure>\n","protected":false},"featured_media":45894,"template":"","categoria_noticia":[],"etiqueta_filtrar_noticia":[7871],"class_list":["post-60366","noticia","type-noticia","status-publish","has-post-thumbnail","hentry","etiqueta_filtrar_noticia-poma"],"acf":[],"yoast_head":"<!-- This site is optimized with the Yoast SEO plugin v26.6 - https:\/\/yoast.com\/wordpress\/plugins\/seo\/ -->\r\n<title>La primera manzana adaptada a los climas m\u00e1s c\u00e1lidos llega al mercado &#187; IRTA<\/title>\r\n<meta name=\"robots\" content=\"index, follow, max-snippet:-1, max-image-preview:large, max-video-preview:-1\" \/>\r\n<link rel=\"canonical\" href=\"https:\/\/www.irta.cat\/es\/noticia\/la-primera-manzana-adaptada-a-los-climas-mas-calidos-llega-al-mercado\/\" \/>\r\n<meta property=\"og:locale\" content=\"es_ES\" \/>\r\n<meta property=\"og:type\" content=\"article\" \/>\r\n<meta property=\"og:title\" content=\"La primera manzana adaptada a los climas m\u00e1s c\u00e1lidos llega al mercado &#187; IRTA\" \/>\r\n<meta property=\"og:description\" content=\"Con el nombre comercial de Tutti, es fruto del Hot Climate Partnership, un programa de mejora de variedades iniciado en 2002 por el IRTA, una asociaci\u00f3n de los principales productores de manzana y pera de Catalu\u00f1a, y un centro de investigaci\u00f3n neozeland\u00e9s Se ha presentado en la feria internacional FRUIT LOGISTICA, en Berl\u00edn, en la [&hellip;]\" \/>\r\n<meta property=\"og:url\" content=\"https:\/\/www.irta.cat\/es\/noticia\/la-primera-manzana-adaptada-a-los-climas-mas-calidos-llega-al-mercado\/\" \/>\r\n<meta property=\"og:site_name\" content=\"IRTA\" \/>\r\n<meta property=\"article:publisher\" content=\"https:\/\/www.facebook.com\/irtacat\" \/>\r\n<meta property=\"article:modified_time\" content=\"2024-11-06T09:21:43+00:00\" \/>\r\n<meta property=\"og:image\" content=\"https:\/\/www.irta.cat\/wp-content\/uploads\/2023\/02\/Tutti_IRTA_fons_blanc-1-scaled.jpg\" \/>\r\n\t<meta property=\"og:image:width\" content=\"1920\" \/>\r\n\t<meta property=\"og:image:height\" content=\"1280\" \/>\r\n\t<meta property=\"og:image:type\" content=\"image\/jpeg\" \/>\r\n<meta name=\"twitter:card\" content=\"summary_large_image\" \/>\r\n<meta name=\"twitter:site\" content=\"@irtacat\" \/>\r\n<meta name=\"twitter:label1\" content=\"Tiempo de lectura\" \/>\n\t<meta name=\"twitter:data1\" content=\"2 minutos\" \/>\r\n<script type=\"application\/ld+json\" class=\"yoast-schema-graph\">{\"@context\":\"https:\/\/schema.org\",\"@graph\":[{\"@type\":\"WebPage\",\"@id\":\"https:\/\/www.irta.cat\/es\/noticia\/la-primera-manzana-adaptada-a-los-climas-mas-calidos-llega-al-mercado\/\",\"url\":\"https:\/\/www.irta.cat\/es\/noticia\/la-primera-manzana-adaptada-a-los-climas-mas-calidos-llega-al-mercado\/\",\"name\":\"La primera manzana adaptada a los climas m\u00e1s c\u00e1lidos llega al mercado &#187; IRTA\",\"isPartOf\":{\"@id\":\"https:\/\/www.irta.cat\/es\/#website\"},\"primaryImageOfPage\":{\"@id\":\"https:\/\/www.irta.cat\/es\/noticia\/la-primera-manzana-adaptada-a-los-climas-mas-calidos-llega-al-mercado\/#primaryimage\"},\"image\":{\"@id\":\"https:\/\/www.irta.cat\/es\/noticia\/la-primera-manzana-adaptada-a-los-climas-mas-calidos-llega-al-mercado\/#primaryimage\"},\"thumbnailUrl\":\"https:\/\/www.irta.cat\/wp-content\/uploads\/2023\/02\/Tutti_IRTA_fons_blanc-1-scaled.jpg\",\"datePublished\":\"2023-02-09T15:37:50+00:00\",\"dateModified\":\"2024-11-06T09:21:43+00:00\",\"breadcrumb\":{\"@id\":\"https:\/\/www.irta.cat\/es\/noticia\/la-primera-manzana-adaptada-a-los-climas-mas-calidos-llega-al-mercado\/#breadcrumb\"},\"inLanguage\":\"es\",\"potentialAction\":[{\"@type\":\"ReadAction\",\"target\":[\"https:\/\/www.irta.cat\/es\/noticia\/la-primera-manzana-adaptada-a-los-climas-mas-calidos-llega-al-mercado\/\"]}]},{\"@type\":\"ImageObject\",\"inLanguage\":\"es\",\"@id\":\"https:\/\/www.irta.cat\/es\/noticia\/la-primera-manzana-adaptada-a-los-climas-mas-calidos-llega-al-mercado\/#primaryimage\",\"url\":\"https:\/\/www.irta.cat\/wp-content\/uploads\/2023\/02\/Tutti_IRTA_fons_blanc-1-scaled.jpg\",\"contentUrl\":\"https:\/\/www.irta.cat\/wp-content\/uploads\/2023\/02\/Tutti_IRTA_fons_blanc-1-scaled.jpg\",\"width\":1920,\"height\":1280},{\"@type\":\"BreadcrumbList\",\"@id\":\"https:\/\/www.irta.cat\/es\/noticia\/la-primera-manzana-adaptada-a-los-climas-mas-calidos-llega-al-mercado\/#breadcrumb\",\"itemListElement\":[{\"@type\":\"ListItem\",\"position\":1,\"name\":\"Inici\",\"item\":\"https:\/\/www.irta.cat\/es\/\"},{\"@type\":\"ListItem\",\"position\":2,\"name\":\"La primera manzana adaptada a los climas m\u00e1s c\u00e1lidos llega al mercado\"}]},{\"@type\":\"WebSite\",\"@id\":\"https:\/\/www.irta.cat\/es\/#website\",\"url\":\"https:\/\/www.irta.cat\/es\/\",\"name\":\"IRTA\",\"description\":\"Institut de Recerca i Tecnologia Agroaliment\u00e0ries\",\"publisher\":{\"@id\":\"https:\/\/www.irta.cat\/es\/#organization\"},\"alternateName\":\"%%sitename%% %%sep%% %%title%%\",\"potentialAction\":[{\"@type\":\"SearchAction\",\"target\":{\"@type\":\"EntryPoint\",\"urlTemplate\":\"https:\/\/www.irta.cat\/es\/?s={search_term_string}\"},\"query-input\":{\"@type\":\"PropertyValueSpecification\",\"valueRequired\":true,\"valueName\":\"search_term_string\"}}],\"inLanguage\":\"es\"},{\"@type\":\"Organization\",\"@id\":\"https:\/\/www.irta.cat\/es\/#organization\",\"name\":\"IRTA\",\"url\":\"https:\/\/www.irta.cat\/es\/\",\"logo\":{\"@type\":\"ImageObject\",\"inLanguage\":\"es\",\"@id\":\"https:\/\/www.irta.cat\/es\/#\/schema\/logo\/image\/\",\"url\":\"https:\/\/www.irta.cat\/wp-content\/uploads\/2023\/04\/Logo-IRTA-verm.png\",\"contentUrl\":\"https:\/\/www.irta.cat\/wp-content\/uploads\/2023\/04\/Logo-IRTA-verm.png\",\"width\":1250,\"height\":500,\"caption\":\"IRTA\"},\"image\":{\"@id\":\"https:\/\/www.irta.cat\/es\/#\/schema\/logo\/image\/\"},\"sameAs\":[\"https:\/\/www.facebook.com\/irtacat\",\"https:\/\/x.com\/irtacat\"]}]}<\/script>\r\n<!-- \/ Yoast SEO plugin. -->","yoast_head_json":{"title":"La primera manzana adaptada a los climas m\u00e1s c\u00e1lidos llega al mercado &#187; IRTA","robots":{"index":"index","follow":"follow","max-snippet":"max-snippet:-1","max-image-preview":"max-image-preview:large","max-video-preview":"max-video-preview:-1"},"canonical":"https:\/\/www.irta.cat\/es\/noticia\/la-primera-manzana-adaptada-a-los-climas-mas-calidos-llega-al-mercado\/","og_locale":"es_ES","og_type":"article","og_title":"La primera manzana adaptada a los climas m\u00e1s c\u00e1lidos llega al mercado &#187; IRTA","og_description":"Con el nombre comercial de Tutti, es fruto del Hot Climate Partnership, un programa de mejora de variedades iniciado en 2002 por el IRTA, una asociaci\u00f3n de los principales productores de manzana y pera de Catalu\u00f1a, y un centro de investigaci\u00f3n neozeland\u00e9s Se ha presentado en la feria internacional FRUIT LOGISTICA, en Berl\u00edn, en la [&hellip;]","og_url":"https:\/\/www.irta.cat\/es\/noticia\/la-primera-manzana-adaptada-a-los-climas-mas-calidos-llega-al-mercado\/","og_site_name":"IRTA","article_publisher":"https:\/\/www.facebook.com\/irtacat","article_modified_time":"2024-11-06T09:21:43+00:00","og_image":[{"width":1920,"height":1280,"url":"https:\/\/www.irta.cat\/wp-content\/uploads\/2023\/02\/Tutti_IRTA_fons_blanc-1-scaled.jpg","type":"image\/jpeg"}],"twitter_card":"summary_large_image","twitter_site":"@irtacat","twitter_misc":{"Tiempo de lectura":"2 minutos"},"schema":{"@context":"https:\/\/schema.org","@graph":[{"@type":"WebPage","@id":"https:\/\/www.irta.cat\/es\/noticia\/la-primera-manzana-adaptada-a-los-climas-mas-calidos-llega-al-mercado\/","url":"https:\/\/www.irta.cat\/es\/noticia\/la-primera-manzana-adaptada-a-los-climas-mas-calidos-llega-al-mercado\/","name":"La primera manzana adaptada a los climas m\u00e1s c\u00e1lidos llega al mercado &#187; IRTA","isPartOf":{"@id":"https:\/\/www.irta.cat\/es\/#website"},"primaryImageOfPage":{"@id":"https:\/\/www.irta.cat\/es\/noticia\/la-primera-manzana-adaptada-a-los-climas-mas-calidos-llega-al-mercado\/#primaryimage"},"image":{"@id":"https:\/\/www.irta.cat\/es\/noticia\/la-primera-manzana-adaptada-a-los-climas-mas-calidos-llega-al-mercado\/#primaryimage"},"thumbnailUrl":"https:\/\/www.irta.cat\/wp-content\/uploads\/2023\/02\/Tutti_IRTA_fons_blanc-1-scaled.jpg","datePublished":"2023-02-09T15:37:50+00:00","dateModified":"2024-11-06T09:21:43+00:00","breadcrumb":{"@id":"https:\/\/www.irta.cat\/es\/noticia\/la-primera-manzana-adaptada-a-los-climas-mas-calidos-llega-al-mercado\/#breadcrumb"},"inLanguage":"es","potentialAction":[{"@type":"ReadAction","target":["https:\/\/www.irta.cat\/es\/noticia\/la-primera-manzana-adaptada-a-los-climas-mas-calidos-llega-al-mercado\/"]}]},{"@type":"ImageObject","inLanguage":"es","@id":"https:\/\/www.irta.cat\/es\/noticia\/la-primera-manzana-adaptada-a-los-climas-mas-calidos-llega-al-mercado\/#primaryimage","url":"https:\/\/www.irta.cat\/wp-content\/uploads\/2023\/02\/Tutti_IRTA_fons_blanc-1-scaled.jpg","contentUrl":"https:\/\/www.irta.cat\/wp-content\/uploads\/2023\/02\/Tutti_IRTA_fons_blanc-1-scaled.jpg","width":1920,"height":1280},{"@type":"BreadcrumbList","@id":"https:\/\/www.irta.cat\/es\/noticia\/la-primera-manzana-adaptada-a-los-climas-mas-calidos-llega-al-mercado\/#breadcrumb","itemListElement":[{"@type":"ListItem","position":1,"name":"Inici","item":"https:\/\/www.irta.cat\/es\/"},{"@type":"ListItem","position":2,"name":"La primera manzana adaptada a los climas m\u00e1s c\u00e1lidos llega al mercado"}]},{"@type":"WebSite","@id":"https:\/\/www.irta.cat\/es\/#website","url":"https:\/\/www.irta.cat\/es\/","name":"IRTA","description":"Institut de Recerca i Tecnologia Agroaliment\u00e0ries","publisher":{"@id":"https:\/\/www.irta.cat\/es\/#organization"},"alternateName":"%%sitename%% %%sep%% %%title%%","potentialAction":[{"@type":"SearchAction","target":{"@type":"EntryPoint","urlTemplate":"https:\/\/www.irta.cat\/es\/?s={search_term_string}"},"query-input":{"@type":"PropertyValueSpecification","valueRequired":true,"valueName":"search_term_string"}}],"inLanguage":"es"},{"@type":"Organization","@id":"https:\/\/www.irta.cat\/es\/#organization","name":"IRTA","url":"https:\/\/www.irta.cat\/es\/","logo":{"@type":"ImageObject","inLanguage":"es","@id":"https:\/\/www.irta.cat\/es\/#\/schema\/logo\/image\/","url":"https:\/\/www.irta.cat\/wp-content\/uploads\/2023\/04\/Logo-IRTA-verm.png","contentUrl":"https:\/\/www.irta.cat\/wp-content\/uploads\/2023\/04\/Logo-IRTA-verm.png","width":1250,"height":500,"caption":"IRTA"},"image":{"@id":"https:\/\/www.irta.cat\/es\/#\/schema\/logo\/image\/"},"sameAs":["https:\/\/www.facebook.com\/irtacat","https:\/\/x.com\/irtacat"]}]}},"_links":{"self":[{"href":"https:\/\/www.irta.cat\/es\/wp-json\/wp\/v2\/noticia\/60366","targetHints":{"allow":["GET"]}}],"collection":[{"href":"https:\/\/www.irta.cat\/es\/wp-json\/wp\/v2\/noticia"}],"about":[{"href":"https:\/\/www.irta.cat\/es\/wp-json\/wp\/v2\/types\/noticia"}],"version-history":[{"count":0,"href":"https:\/\/www.irta.cat\/es\/wp-json\/wp\/v2\/noticia\/60366\/revisions"}],"wp:featuredmedia":[{"embeddable":true,"href":"https:\/\/www.irta.cat\/es\/wp-json\/wp\/v2\/media\/45894"}],"wp:attachment":[{"href":"https:\/\/www.irta.cat\/es\/wp-json\/wp\/v2\/media?parent=60366"}],"wp:term":[{"taxonomy":"categoria_noticia","embeddable":true,"href":"https:\/\/www.irta.cat\/es\/wp-json\/wp\/v2\/categoria_noticia?post=60366"},{"taxonomy":"etiqueta_filtrar_noticia","embeddable":true,"href":"https:\/\/www.irta.cat\/es\/wp-json\/wp\/v2\/etiqueta_filtrar_noticia?post=60366"}],"curies":[{"name":"wp","href":"https:\/\/api.w.org\/{rel}","templated":true}]}}