{"id":60312,"date":"2022-11-29T13:46:29","date_gmt":"2022-11-29T12:46:29","guid":{"rendered":"https:\/\/www.irta.cat\/noticia\/iv-jornada-de-los-proyectos-europeos-nutri2cycle-y-circular-agronomics\/"},"modified":"2024-11-06T10:20:20","modified_gmt":"2024-11-06T09:20:20","slug":"iv-jornada-de-los-proyectos-europeos-nutri2cycle-y-circular-agronomics","status":"publish","type":"noticia","link":"https:\/\/www.irta.cat\/es\/noticia\/iv-jornada-de-los-proyectos-europeos-nutri2cycle-y-circular-agronomics\/","title":{"rendered":"IV Jornada de los proyectos europeos Nutri2cycle y Circular Agronomics"},"content":{"rendered":"\n<div class=\"wp-block-image\"><figure class=\"aligncenter size-full is-resized\"><a href=\"https:\/\/www.irta.cat\/wp-content\/uploads\/2023\/01\/Jornada-Nutri2cycle-CircularAgronomics_02.jpg\" class=\"fancybox irta-lightbox-bridge\" data-fancybox=\"irta-images\"><img decoding=\"async\" src=\"https:\/\/www.irta.cat\/wp-content\/uploads\/2023\/01\/Jornada-Nutri2cycle-CircularAgronomics_02.jpg\" alt=\"\" class=\"wp-image-49360\" width=\"750\" loading=\"lazy\" \/><\/a><\/figure><\/div>\n\n\n\n<h2 class=\"wp-block-heading\"><strong>Los proyectos europeos Nutri2cycle y Circular Agronomics, de la convocatoria Horizon 2020, est\u00e1n llegando a su fin, y ahora podemos ver publicados sus resultados<\/strong><\/h2>\n\n\n\n<p>Algunos de los m\u00e1s destacados se presentaron el 17 de noviembre en la <strong>IV Jornada de los proyectos europeos Nutri2cycle y Circular Agronomics<\/strong>, que tuvo lugar en Vic. La jornada cont\u00f3 con la participaci\u00f3n de cinco ponentes del IRTA. A continuaci\u00f3n explicamos que se dijo durante la jornada con m\u00e1s detalle:<\/p>\n\n\n\n<div style=\"height:20px\" aria-hidden=\"true\" class=\"wp-block-spacer\"><\/div>\n\n\n\n<h3 class=\"wp-block-heading\"><strong>Circular Agronomics, por una agricultura m\u00e1s inteligente y circular<\/strong><\/h3>\n\n\n\n<p>El proyecto <strong><a href=\"https:\/\/www.irta.cat\/es\/inicio-proyecto-circular-agronomics\/\" target=\"_blank\" rel=\"noreferrer noopener\">Circular Agronomics<\/a><\/strong> tiene como principal objetivo incrementar la recuperaci\u00f3n y reciclaje de los nutrientes a lo largo de la cadena agroalimentaria, con el fin de reducir el impacto ambiental de la producci\u00f3n y ayudar a la transici\u00f3n hacia una econom\u00eda circular. Por ejemplo, propone acciones para reducir y reincorporar al sistema productivo el f\u00f3sforo y el nitr\u00f3geno residuales, procedente principalmente de la fertilizaci\u00f3n y de los purines, o el incremento de la captura de carbono del suelo. Si deseas saber m\u00e1s, no te quedes s\u00f3lo en la superficie y <a href=\"https:\/\/www.circularagronomics.eu\/\" target=\"_blank\" rel=\"noreferrer noopener\">descubre m\u00e1s de cerca el proyecto<\/a>.<\/p>\n\n\n\n<p>El primer bloque de la jornada se centr\u00f3 en los resultados de este proyecto y en las actividades relacionadas con la aplicaci\u00f3n de los productos fertilizantes obtenidos en diferentes cultivos extensivos y rotaciones, as\u00ed como en ensayos hort\u00edcolas. Gon\u00e7alo Nascimento y Elena Gonz\u00e1lez, investigadores del programa Cultivos extensivos sostenibles, hablaron respectivamente sobre la utilizaci\u00f3n de digestados de cerdo para una producci\u00f3n agr\u00edcola sostenible, y sobre la optimizaci\u00f3n de la fertilizaci\u00f3n del raigr\u00e1s con pur\u00edn de vacas alimentadas con un sistema de precisi\u00f3n .<\/p>\n\n\n\n<p>Seguidamente, Carme Biel, del programa Protecci\u00f3n Vegetal Sostenible, present\u00f3 un ejemplo de c\u00f3mo la utilizaci\u00f3n de fertilizantes derivados de digeridos de pur\u00edn podr\u00eda aplicarse de forma eficiente en horticultura.<\/p>\n\n\n\n<div class=\"wp-block-image\"><figure class=\"aligncenter size-full is-resized\"><a href=\"https:\/\/www.irta.cat\/wp-content\/uploads\/2023\/01\/Jornada-Nutri2cycle-CircularAgronomics.jpg\" class=\"fancybox irta-lightbox-bridge\" data-fancybox=\"irta-images\"><img decoding=\"async\" src=\"https:\/\/www.irta.cat\/wp-content\/uploads\/2023\/01\/Jornada-Nutri2cycle-CircularAgronomics.jpg\" alt=\"\" class=\"wp-image-49363\" width=\"750\" loading=\"lazy\" \/><\/a><\/figure><\/div>\n\n\n\n<div style=\"height:20px\" aria-hidden=\"true\" class=\"wp-block-spacer\"><\/div>\n\n\n\n<h3 class=\"wp-block-heading\"><strong>Nutri2cycle, cerrando los circuitos de nutrientes<\/strong><\/h3>\n\n\n\n<p>En el segundo bloque de la jornada, correspondiente al proyecto <a href=\"https:\/\/www.irta.cat\/es\/projecte\/nutri2cycle\/\" target=\"_blank\" rel=\"noreferrer noopener\"><strong>Nutri2cycle<\/strong><\/a>, se abord\u00f3 la cuantificaci\u00f3n ambiental de los procesos de recuperaci\u00f3n de nutrientes por parte de Marta Ruiz, del programa Sostenibilidad en biosistemas. August Bonmat\u00ed, del mismo programa, present\u00f3 los resultados del seguimiento de la planta de recuperaci\u00f3n de amon\u00edaco, caso de estudio del proyecto Ammoneva, y de la obtenci\u00f3n de subproductos fertilizantes.<\/p>\n\n\n\n<p>El proyecto Nutri2cycle quiere identificar los sistemas agr\u00edcolas m\u00e1s eficientes y demostrar las ventajas medioambientales de los bucles cerrados de nutrientes, es decir, sistemas de agroeconom\u00eda circular que puedan reaprovechar los nutrientes en cada paso de la cadena alimentaria. Todo esto con casos de ejemplos y demostraciones en instalaciones piloto. Puedes encontrar m\u00e1s informaci\u00f3n sobre el proyecto en la web de <a href=\"https:\/\/www.nutri2cycle.eu\/\" target=\"_blank\" rel=\"noreferrer noopener\">Nutri2Cycle<\/a>.<\/p>\n\n\n\n<p>Por \u00faltimo, los asistentes de la jornada pudieron realizar una visita a la planta piloto de recuperaci\u00f3n de nutrientes Ammoneva, uno de los casos de estudio del proyecto Nutri2Cycle, situada en el municipio de Nav\u00e0s (Barcelona), en la granja UPB Genetic World S.L. La puedes ver y conocer con m\u00e1s detalle en <a href=\"https:\/\/youtu.be\/-6lbfLJaY_k\" target=\"_blank\" rel=\"noreferrer noopener\">este v\u00eddeo<\/a>.<\/p>\n\n\n\n<p>All\u00ed, Roberto Est\u00e9fano Lagarrigue explic\u00f3 el funcionamiento de esta planta de evaporaci\u00f3n al vac\u00edo a baja temperatura, dedicada a la recuperaci\u00f3n de amonio de los purines porcinos. Tambi\u00e9n se present\u00f3 el sistema BEDA por parte de Sergi Melero, que combinado con Ammoneva, permite recuperar un concentrado de nutrientes y agua a partir de purines para su reutilizaci\u00f3n, eliminando as\u00ed la necesidad de tierras de cultivo para su aplicaci\u00f3n.<\/p>\n","protected":false},"featured_media":13655,"template":"","categoria_noticia":[],"etiqueta_filtrar_noticia":[7852,8630],"class_list":["post-60312","noticia","type-noticia","status-publish","has-post-thumbnail","hentry","etiqueta_filtrar_noticia-economia-circular","etiqueta_filtrar_noticia-residus-organics"],"acf":[],"yoast_head":"<!-- This site is optimized with the Yoast SEO plugin v26.6 - https:\/\/yoast.com\/wordpress\/plugins\/seo\/ -->\r\n<title>IV Jornada de los proyectos europeos Nutri2cycle y Circular Agronomics &#187; IRTA<\/title>\r\n<meta name=\"robots\" content=\"index, follow, max-snippet:-1, max-image-preview:large, max-video-preview:-1\" \/>\r\n<link rel=\"canonical\" href=\"https:\/\/www.irta.cat\/es\/noticia\/iv-jornada-de-los-proyectos-europeos-nutri2cycle-y-circular-agronomics\/\" \/>\r\n<meta property=\"og:locale\" content=\"es_ES\" \/>\r\n<meta property=\"og:type\" content=\"article\" \/>\r\n<meta property=\"og:title\" content=\"IV Jornada de los proyectos europeos Nutri2cycle y Circular Agronomics &#187; IRTA\" \/>\r\n<meta property=\"og:description\" content=\"Los proyectos europeos Nutri2cycle y Circular Agronomics, de la convocatoria Horizon 2020, est\u00e1n llegando a su fin, y ahora podemos ver publicados sus resultados Algunos de los m\u00e1s destacados se presentaron el 17 de noviembre en la IV Jornada de los proyectos europeos Nutri2cycle y Circular Agronomics, que tuvo lugar en Vic. La jornada cont\u00f3 [&hellip;]\" \/>\r\n<meta property=\"og:url\" content=\"https:\/\/www.irta.cat\/es\/noticia\/iv-jornada-de-los-proyectos-europeos-nutri2cycle-y-circular-agronomics\/\" \/>\r\n<meta property=\"og:site_name\" content=\"IRTA\" \/>\r\n<meta property=\"article:publisher\" content=\"https:\/\/www.facebook.com\/irtacat\" \/>\r\n<meta property=\"article:modified_time\" content=\"2024-11-06T09:20:20+00:00\" \/>\r\n<meta property=\"og:image\" content=\"https:\/\/www.irta.cat\/wp-content\/uploads\/2023\/01\/Jornada-Nutri2cycle-CircularAgronomics_02.jpg\" \/>\r\n\t<meta property=\"og:image:width\" content=\"1022\" \/>\r\n\t<meta property=\"og:image:height\" content=\"576\" \/>\r\n\t<meta property=\"og:image:type\" content=\"image\/jpeg\" \/>\r\n<meta name=\"twitter:card\" content=\"summary_large_image\" \/>\r\n<meta name=\"twitter:site\" content=\"@irtacat\" \/>\r\n<meta name=\"twitter:label1\" content=\"Tiempo de lectura\" \/>\n\t<meta name=\"twitter:data1\" content=\"3 minutos\" \/>\r\n<script type=\"application\/ld+json\" class=\"yoast-schema-graph\">{\"@context\":\"https:\/\/schema.org\",\"@graph\":[{\"@type\":\"WebPage\",\"@id\":\"https:\/\/www.irta.cat\/es\/noticia\/iv-jornada-de-los-proyectos-europeos-nutri2cycle-y-circular-agronomics\/\",\"url\":\"https:\/\/www.irta.cat\/es\/noticia\/iv-jornada-de-los-proyectos-europeos-nutri2cycle-y-circular-agronomics\/\",\"name\":\"IV Jornada de los proyectos europeos Nutri2cycle y Circular Agronomics &#187; IRTA\",\"isPartOf\":{\"@id\":\"https:\/\/www.irta.cat\/es\/#website\"},\"primaryImageOfPage\":{\"@id\":\"https:\/\/www.irta.cat\/es\/noticia\/iv-jornada-de-los-proyectos-europeos-nutri2cycle-y-circular-agronomics\/#primaryimage\"},\"image\":{\"@id\":\"https:\/\/www.irta.cat\/es\/noticia\/iv-jornada-de-los-proyectos-europeos-nutri2cycle-y-circular-agronomics\/#primaryimage\"},\"thumbnailUrl\":\"https:\/\/www.irta.cat\/wp-content\/uploads\/2023\/01\/Jornada-Nutri2cycle-CircularAgronomics_02.jpg\",\"datePublished\":\"2022-11-29T12:46:29+00:00\",\"dateModified\":\"2024-11-06T09:20:20+00:00\",\"breadcrumb\":{\"@id\":\"https:\/\/www.irta.cat\/es\/noticia\/iv-jornada-de-los-proyectos-europeos-nutri2cycle-y-circular-agronomics\/#breadcrumb\"},\"inLanguage\":\"es\",\"potentialAction\":[{\"@type\":\"ReadAction\",\"target\":[\"https:\/\/www.irta.cat\/es\/noticia\/iv-jornada-de-los-proyectos-europeos-nutri2cycle-y-circular-agronomics\/\"]}]},{\"@type\":\"ImageObject\",\"inLanguage\":\"es\",\"@id\":\"https:\/\/www.irta.cat\/es\/noticia\/iv-jornada-de-los-proyectos-europeos-nutri2cycle-y-circular-agronomics\/#primaryimage\",\"url\":\"https:\/\/www.irta.cat\/wp-content\/uploads\/2023\/01\/Jornada-Nutri2cycle-CircularAgronomics_02.jpg\",\"contentUrl\":\"https:\/\/www.irta.cat\/wp-content\/uploads\/2023\/01\/Jornada-Nutri2cycle-CircularAgronomics_02.jpg\",\"width\":1022,\"height\":576},{\"@type\":\"BreadcrumbList\",\"@id\":\"https:\/\/www.irta.cat\/es\/noticia\/iv-jornada-de-los-proyectos-europeos-nutri2cycle-y-circular-agronomics\/#breadcrumb\",\"itemListElement\":[{\"@type\":\"ListItem\",\"position\":1,\"name\":\"Inici\",\"item\":\"https:\/\/www.irta.cat\/es\/\"},{\"@type\":\"ListItem\",\"position\":2,\"name\":\"IV Jornada de los proyectos europeos Nutri2cycle y Circular Agronomics\"}]},{\"@type\":\"WebSite\",\"@id\":\"https:\/\/www.irta.cat\/es\/#website\",\"url\":\"https:\/\/www.irta.cat\/es\/\",\"name\":\"IRTA\",\"description\":\"Institut de Recerca i Tecnologia Agroaliment\u00e0ries\",\"publisher\":{\"@id\":\"https:\/\/www.irta.cat\/es\/#organization\"},\"alternateName\":\"%%sitename%% %%sep%% %%title%%\",\"potentialAction\":[{\"@type\":\"SearchAction\",\"target\":{\"@type\":\"EntryPoint\",\"urlTemplate\":\"https:\/\/www.irta.cat\/es\/?s={search_term_string}\"},\"query-input\":{\"@type\":\"PropertyValueSpecification\",\"valueRequired\":true,\"valueName\":\"search_term_string\"}}],\"inLanguage\":\"es\"},{\"@type\":\"Organization\",\"@id\":\"https:\/\/www.irta.cat\/es\/#organization\",\"name\":\"IRTA\",\"url\":\"https:\/\/www.irta.cat\/es\/\",\"logo\":{\"@type\":\"ImageObject\",\"inLanguage\":\"es\",\"@id\":\"https:\/\/www.irta.cat\/es\/#\/schema\/logo\/image\/\",\"url\":\"https:\/\/www.irta.cat\/wp-content\/uploads\/2023\/04\/Logo-IRTA-verm.png\",\"contentUrl\":\"https:\/\/www.irta.cat\/wp-content\/uploads\/2023\/04\/Logo-IRTA-verm.png\",\"width\":1250,\"height\":500,\"caption\":\"IRTA\"},\"image\":{\"@id\":\"https:\/\/www.irta.cat\/es\/#\/schema\/logo\/image\/\"},\"sameAs\":[\"https:\/\/www.facebook.com\/irtacat\",\"https:\/\/x.com\/irtacat\"]}]}<\/script>\r\n<!-- \/ Yoast SEO plugin. -->","yoast_head_json":{"title":"IV Jornada de los proyectos europeos Nutri2cycle y Circular Agronomics &#187; IRTA","robots":{"index":"index","follow":"follow","max-snippet":"max-snippet:-1","max-image-preview":"max-image-preview:large","max-video-preview":"max-video-preview:-1"},"canonical":"https:\/\/www.irta.cat\/es\/noticia\/iv-jornada-de-los-proyectos-europeos-nutri2cycle-y-circular-agronomics\/","og_locale":"es_ES","og_type":"article","og_title":"IV Jornada de los proyectos europeos Nutri2cycle y Circular Agronomics &#187; IRTA","og_description":"Los proyectos europeos Nutri2cycle y Circular Agronomics, de la convocatoria Horizon 2020, est\u00e1n llegando a su fin, y ahora podemos ver publicados sus resultados Algunos de los m\u00e1s destacados se presentaron el 17 de noviembre en la IV Jornada de los proyectos europeos Nutri2cycle y Circular Agronomics, que tuvo lugar en Vic. La jornada cont\u00f3 [&hellip;]","og_url":"https:\/\/www.irta.cat\/es\/noticia\/iv-jornada-de-los-proyectos-europeos-nutri2cycle-y-circular-agronomics\/","og_site_name":"IRTA","article_publisher":"https:\/\/www.facebook.com\/irtacat","article_modified_time":"2024-11-06T09:20:20+00:00","og_image":[{"width":1022,"height":576,"url":"https:\/\/www.irta.cat\/wp-content\/uploads\/2023\/01\/Jornada-Nutri2cycle-CircularAgronomics_02.jpg","type":"image\/jpeg"}],"twitter_card":"summary_large_image","twitter_site":"@irtacat","twitter_misc":{"Tiempo de lectura":"3 minutos"},"schema":{"@context":"https:\/\/schema.org","@graph":[{"@type":"WebPage","@id":"https:\/\/www.irta.cat\/es\/noticia\/iv-jornada-de-los-proyectos-europeos-nutri2cycle-y-circular-agronomics\/","url":"https:\/\/www.irta.cat\/es\/noticia\/iv-jornada-de-los-proyectos-europeos-nutri2cycle-y-circular-agronomics\/","name":"IV Jornada de los proyectos europeos Nutri2cycle y Circular Agronomics &#187; IRTA","isPartOf":{"@id":"https:\/\/www.irta.cat\/es\/#website"},"primaryImageOfPage":{"@id":"https:\/\/www.irta.cat\/es\/noticia\/iv-jornada-de-los-proyectos-europeos-nutri2cycle-y-circular-agronomics\/#primaryimage"},"image":{"@id":"https:\/\/www.irta.cat\/es\/noticia\/iv-jornada-de-los-proyectos-europeos-nutri2cycle-y-circular-agronomics\/#primaryimage"},"thumbnailUrl":"https:\/\/www.irta.cat\/wp-content\/uploads\/2023\/01\/Jornada-Nutri2cycle-CircularAgronomics_02.jpg","datePublished":"2022-11-29T12:46:29+00:00","dateModified":"2024-11-06T09:20:20+00:00","breadcrumb":{"@id":"https:\/\/www.irta.cat\/es\/noticia\/iv-jornada-de-los-proyectos-europeos-nutri2cycle-y-circular-agronomics\/#breadcrumb"},"inLanguage":"es","potentialAction":[{"@type":"ReadAction","target":["https:\/\/www.irta.cat\/es\/noticia\/iv-jornada-de-los-proyectos-europeos-nutri2cycle-y-circular-agronomics\/"]}]},{"@type":"ImageObject","inLanguage":"es","@id":"https:\/\/www.irta.cat\/es\/noticia\/iv-jornada-de-los-proyectos-europeos-nutri2cycle-y-circular-agronomics\/#primaryimage","url":"https:\/\/www.irta.cat\/wp-content\/uploads\/2023\/01\/Jornada-Nutri2cycle-CircularAgronomics_02.jpg","contentUrl":"https:\/\/www.irta.cat\/wp-content\/uploads\/2023\/01\/Jornada-Nutri2cycle-CircularAgronomics_02.jpg","width":1022,"height":576},{"@type":"BreadcrumbList","@id":"https:\/\/www.irta.cat\/es\/noticia\/iv-jornada-de-los-proyectos-europeos-nutri2cycle-y-circular-agronomics\/#breadcrumb","itemListElement":[{"@type":"ListItem","position":1,"name":"Inici","item":"https:\/\/www.irta.cat\/es\/"},{"@type":"ListItem","position":2,"name":"IV Jornada de los proyectos europeos Nutri2cycle y Circular Agronomics"}]},{"@type":"WebSite","@id":"https:\/\/www.irta.cat\/es\/#website","url":"https:\/\/www.irta.cat\/es\/","name":"IRTA","description":"Institut de Recerca i Tecnologia Agroaliment\u00e0ries","publisher":{"@id":"https:\/\/www.irta.cat\/es\/#organization"},"alternateName":"%%sitename%% %%sep%% %%title%%","potentialAction":[{"@type":"SearchAction","target":{"@type":"EntryPoint","urlTemplate":"https:\/\/www.irta.cat\/es\/?s={search_term_string}"},"query-input":{"@type":"PropertyValueSpecification","valueRequired":true,"valueName":"search_term_string"}}],"inLanguage":"es"},{"@type":"Organization","@id":"https:\/\/www.irta.cat\/es\/#organization","name":"IRTA","url":"https:\/\/www.irta.cat\/es\/","logo":{"@type":"ImageObject","inLanguage":"es","@id":"https:\/\/www.irta.cat\/es\/#\/schema\/logo\/image\/","url":"https:\/\/www.irta.cat\/wp-content\/uploads\/2023\/04\/Logo-IRTA-verm.png","contentUrl":"https:\/\/www.irta.cat\/wp-content\/uploads\/2023\/04\/Logo-IRTA-verm.png","width":1250,"height":500,"caption":"IRTA"},"image":{"@id":"https:\/\/www.irta.cat\/es\/#\/schema\/logo\/image\/"},"sameAs":["https:\/\/www.facebook.com\/irtacat","https:\/\/x.com\/irtacat"]}]}},"_links":{"self":[{"href":"https:\/\/www.irta.cat\/es\/wp-json\/wp\/v2\/noticia\/60312","targetHints":{"allow":["GET"]}}],"collection":[{"href":"https:\/\/www.irta.cat\/es\/wp-json\/wp\/v2\/noticia"}],"about":[{"href":"https:\/\/www.irta.cat\/es\/wp-json\/wp\/v2\/types\/noticia"}],"version-history":[{"count":0,"href":"https:\/\/www.irta.cat\/es\/wp-json\/wp\/v2\/noticia\/60312\/revisions"}],"wp:featuredmedia":[{"embeddable":true,"href":"https:\/\/www.irta.cat\/es\/wp-json\/wp\/v2\/media\/13655"}],"wp:attachment":[{"href":"https:\/\/www.irta.cat\/es\/wp-json\/wp\/v2\/media?parent=60312"}],"wp:term":[{"taxonomy":"categoria_noticia","embeddable":true,"href":"https:\/\/www.irta.cat\/es\/wp-json\/wp\/v2\/categoria_noticia?post=60312"},{"taxonomy":"etiqueta_filtrar_noticia","embeddable":true,"href":"https:\/\/www.irta.cat\/es\/wp-json\/wp\/v2\/etiqueta_filtrar_noticia?post=60312"}],"curies":[{"name":"wp","href":"https:\/\/api.w.org\/{rel}","templated":true}]}}