{"id":60232,"date":"2022-10-20T12:08:13","date_gmt":"2022-10-20T10:08:13","guid":{"rendered":"https:\/\/www.irta.cat\/noticia\/mas-de-mil-personas-asisten-a-la-27a-jornada-fructicola-de-mollerussa\/"},"modified":"2024-11-06T10:18:34","modified_gmt":"2024-11-06T09:18:34","slug":"mas-de-mil-personas-asisten-a-la-27a-jornada-fructicola-de-mollerussa","status":"publish","type":"noticia","link":"https:\/\/www.irta.cat\/es\/noticia\/mas-de-mil-personas-asisten-a-la-27a-jornada-fructicola-de-mollerussa\/","title":{"rendered":"M\u00e1s de mil personas asisten a la 27a Jornada Fruct\u00edcola de Mollerussa"},"content":{"rendered":"\n<figure class=\"wp-block-image size-large is-resized\"><a href=\"https:\/\/www.irta.cat\/wp-content\/uploads\/2022\/10\/IMG_1325-1-scaled.jpg\" class=\"fancybox irta-lightbox-bridge\" data-fancybox=\"irta-images\"><img decoding=\"async\" src=\"https:\/\/www.irta.cat\/wp-content\/uploads\/2022\/10\/IMG_1325-1-scaled.jpg\" alt=\"\" class=\"wp-image-48523\" width=\"650\" loading=\"lazy\" \/><\/a><figcaption>Durante la visita de las autoridades se realiz\u00f3 una demostraci\u00f3n con dron del proyecto Phytodron.<\/figcaption><\/figure>\n\n\n\n<h2 class=\"wp-block-heading\"><strong>Durante el primer d\u00eda de la Jornada se recibi\u00f3 la visita de la directora de Agricultura y Ganader\u00eda del Departamento de Acci\u00f3n Clim\u00e1tica, Elisenda Guillaumes, y el alcalde de Mollerussa, Marc Solsona<\/strong><\/h2>\n\n\n\n<h2 class=\"wp-block-heading\"><strong>A lo largo de la ma\u00f1ana se hizo una demostraci\u00f3n de vuelo con dron para aplicar fitosanitarios en cultivos de perales<\/strong><\/h2>\n\n\n\n<p>Los d\u00edas 19 y 20 de octubre se celebr\u00f3 la 27\u00aa edici\u00f3n de la Jornada Fruct\u00edcola, que conmemora el 25 aniversario, correspondiente al a\u00f1o 2020, que no se pudo celebrar a causa de la pandemia. La Jornada ha acogido a alrededor de un millar de asistentes del sector de la fruta dulce y de hueso, lo que demuestra que, seg\u00fan el director general del IRTA<strong> Josep Usall<\/strong>, \u00abesta jornada sigue siendo el punto de encuentro profesional del sector de la fruticultura, se ha consolidado como referente y seguiremos trabajando para que as\u00ed se mantenga\u00bb. Durante la ma\u00f1ana se cont\u00f3 con la presencia de la directora general de Agricultura y Ganader\u00eda del Departamento de Acci\u00f3n Clim\u00e1tica, Alimentaci\u00f3n y Agenda Rural, <strong>Elisenda Guillaumes<\/strong>, y el alcalde de Mollerussa, <strong>Marc Solsona<\/strong>. En total se realizaron una docena de ponencias t\u00e9cnicas por parte de personal del IRTA, siete demostraciones a campo a cargo de empresas del sector y tres ensayos en las parcelas experimentales.<\/p>\n\n\n\n<p>Por la ma\u00f1ana se realiz\u00f3 una demostraci\u00f3n de aplicaci\u00f3n de productos fitosanitarios con un dron en cultivos de perales. Esta actividad forma parte del grupo operativo \u201cPhytodron\u201d para evaluar las ventajas y dificultades de utilizarlo como una nueva herramienta de aplicaci\u00f3n de los fitosanitarios con precisi\u00f3n y de manera localizada sobre cultivos, sin contaminar el resto del entorno natural ni afectar a la biodiversidad. Las destacadas charlas de la ma\u00f1ana fueron la presentaci\u00f3n de un nuevo proyecto de <strong>agricultura regenerativa<\/strong>, la puesta en marcha de la <strong>producci\u00f3n de fruta bajo paneles fotovoltaicos <\/strong>y las <strong>variedades de manzana tolerantes<\/strong> a las altas temperaturas.<\/p>\n\n\n\n<h3 class=\"wp-block-heading\"><strong>Un bloque especial dedicado a las heladas primaverales<\/strong><\/h3>\n\n\n\n<p>La sesi\u00f3n de tarde se dedic\u00f3 exclusivamente a las heladas primaverales. Se han evaluado los distintos sistemas utilizados para valorar su eficacia, valoraci\u00f3n de los da\u00f1os provocados por las heladas primaverales de este a\u00f1o, identificar qu\u00e9 fall\u00f3 y qu\u00e9 mejor funcion\u00f3. \u00abQueremos ofrecer recomendaciones a los agricultores sobre el dise\u00f1o y mantenimiento ideal para evitar posibles episodios en la pr\u00f3xima temporada\u00bb, explica <strong>Luis As\u00edn<\/strong>, jefe del programa de Fruticultura del IRTA.<\/p>\n\n\n\n<p>V\u00eddeo de celebraci\u00f3n del 25\u00ba aniversaria:<\/p>\n\n\n\n<figure class=\"wp-block-embed is-type-video is-provider-youtube wp-block-embed-youtube wp-embed-aspect-16-9 wp-has-aspect-ratio\"><div class=\"wp-block-embed__wrapper\">\n<iframe loading=\"lazy\" title=\"25+2 anys de la Jornada Fruct\u00edcola de l&#039;IRTA\" width=\"500\" height=\"281\" src=\"https:\/\/www.youtube.com\/embed\/JtsGyX5906g?feature=oembed\" frameborder=\"0\" allow=\"accelerometer; autoplay; clipboard-write; encrypted-media; gyroscope; picture-in-picture; web-share\" referrerpolicy=\"strict-origin-when-cross-origin\" allowfullscreen><\/iframe>\n<\/div><\/figure>\n\n\n","protected":false},"featured_media":45585,"template":"","categoria_noticia":[],"etiqueta_filtrar_noticia":[],"class_list":["post-60232","noticia","type-noticia","status-publish","has-post-thumbnail","hentry"],"acf":[],"yoast_head":"<!-- This site is optimized with the Yoast SEO plugin v26.6 - https:\/\/yoast.com\/wordpress\/plugins\/seo\/ -->\r\n<title>M\u00e1s de mil personas asisten a la 27a Jornada Fruct\u00edcola de Mollerussa &#187; IRTA<\/title>\r\n<meta name=\"robots\" content=\"index, follow, max-snippet:-1, max-image-preview:large, max-video-preview:-1\" \/>\r\n<link rel=\"canonical\" href=\"https:\/\/www.irta.cat\/es\/noticia\/mas-de-mil-personas-asisten-a-la-27a-jornada-fructicola-de-mollerussa\/\" \/>\r\n<meta property=\"og:locale\" content=\"es_ES\" \/>\r\n<meta property=\"og:type\" content=\"article\" \/>\r\n<meta property=\"og:title\" content=\"M\u00e1s de mil personas asisten a la 27a Jornada Fruct\u00edcola de Mollerussa &#187; IRTA\" \/>\r\n<meta property=\"og:description\" content=\"Durante el primer d\u00eda de la Jornada se recibi\u00f3 la visita de la directora de Agricultura y Ganader\u00eda del Departamento de Acci\u00f3n Clim\u00e1tica, Elisenda Guillaumes, y el alcalde de Mollerussa, Marc Solsona A lo largo de la ma\u00f1ana se hizo una demostraci\u00f3n de vuelo con dron para aplicar fitosanitarios en cultivos de perales Los d\u00edas [&hellip;]\" \/>\r\n<meta property=\"og:url\" content=\"https:\/\/www.irta.cat\/es\/noticia\/mas-de-mil-personas-asisten-a-la-27a-jornada-fructicola-de-mollerussa\/\" \/>\r\n<meta property=\"og:site_name\" content=\"IRTA\" \/>\r\n<meta property=\"article:publisher\" content=\"https:\/\/www.facebook.com\/irtacat\" \/>\r\n<meta property=\"article:modified_time\" content=\"2024-11-06T09:18:34+00:00\" \/>\r\n<meta property=\"og:image\" content=\"https:\/\/www.irta.cat\/wp-content\/uploads\/2022\/10\/IMG_1325-1-scaled.jpg\" \/>\r\n\t<meta property=\"og:image:width\" content=\"1920\" \/>\r\n\t<meta property=\"og:image:height\" content=\"1080\" \/>\r\n\t<meta property=\"og:image:type\" content=\"image\/jpeg\" \/>\r\n<meta name=\"twitter:card\" content=\"summary_large_image\" \/>\r\n<meta name=\"twitter:site\" content=\"@irtacat\" \/>\r\n<meta name=\"twitter:label1\" content=\"Tiempo de lectura\" \/>\n\t<meta name=\"twitter:data1\" content=\"2 minutos\" \/>\r\n<script type=\"application\/ld+json\" class=\"yoast-schema-graph\">{\"@context\":\"https:\/\/schema.org\",\"@graph\":[{\"@type\":\"WebPage\",\"@id\":\"https:\/\/www.irta.cat\/es\/noticia\/mas-de-mil-personas-asisten-a-la-27a-jornada-fructicola-de-mollerussa\/\",\"url\":\"https:\/\/www.irta.cat\/es\/noticia\/mas-de-mil-personas-asisten-a-la-27a-jornada-fructicola-de-mollerussa\/\",\"name\":\"M\u00e1s de mil personas asisten a la 27a Jornada Fruct\u00edcola de Mollerussa &#187; IRTA\",\"isPartOf\":{\"@id\":\"https:\/\/www.irta.cat\/es\/#website\"},\"primaryImageOfPage\":{\"@id\":\"https:\/\/www.irta.cat\/es\/noticia\/mas-de-mil-personas-asisten-a-la-27a-jornada-fructicola-de-mollerussa\/#primaryimage\"},\"image\":{\"@id\":\"https:\/\/www.irta.cat\/es\/noticia\/mas-de-mil-personas-asisten-a-la-27a-jornada-fructicola-de-mollerussa\/#primaryimage\"},\"thumbnailUrl\":\"https:\/\/www.irta.cat\/wp-content\/uploads\/2022\/10\/IMG_1325-1-scaled.jpg\",\"datePublished\":\"2022-10-20T10:08:13+00:00\",\"dateModified\":\"2024-11-06T09:18:34+00:00\",\"breadcrumb\":{\"@id\":\"https:\/\/www.irta.cat\/es\/noticia\/mas-de-mil-personas-asisten-a-la-27a-jornada-fructicola-de-mollerussa\/#breadcrumb\"},\"inLanguage\":\"es\",\"potentialAction\":[{\"@type\":\"ReadAction\",\"target\":[\"https:\/\/www.irta.cat\/es\/noticia\/mas-de-mil-personas-asisten-a-la-27a-jornada-fructicola-de-mollerussa\/\"]}]},{\"@type\":\"ImageObject\",\"inLanguage\":\"es\",\"@id\":\"https:\/\/www.irta.cat\/es\/noticia\/mas-de-mil-personas-asisten-a-la-27a-jornada-fructicola-de-mollerussa\/#primaryimage\",\"url\":\"https:\/\/www.irta.cat\/wp-content\/uploads\/2022\/10\/IMG_1325-1-scaled.jpg\",\"contentUrl\":\"https:\/\/www.irta.cat\/wp-content\/uploads\/2022\/10\/IMG_1325-1-scaled.jpg\",\"width\":1920,\"height\":1080},{\"@type\":\"BreadcrumbList\",\"@id\":\"https:\/\/www.irta.cat\/es\/noticia\/mas-de-mil-personas-asisten-a-la-27a-jornada-fructicola-de-mollerussa\/#breadcrumb\",\"itemListElement\":[{\"@type\":\"ListItem\",\"position\":1,\"name\":\"Inici\",\"item\":\"https:\/\/www.irta.cat\/es\/\"},{\"@type\":\"ListItem\",\"position\":2,\"name\":\"M\u00e1s de mil personas asisten a la 27a Jornada Fruct\u00edcola de Mollerussa\"}]},{\"@type\":\"WebSite\",\"@id\":\"https:\/\/www.irta.cat\/es\/#website\",\"url\":\"https:\/\/www.irta.cat\/es\/\",\"name\":\"IRTA\",\"description\":\"Institut de Recerca i Tecnologia Agroaliment\u00e0ries\",\"publisher\":{\"@id\":\"https:\/\/www.irta.cat\/es\/#organization\"},\"alternateName\":\"%%sitename%% %%sep%% %%title%%\",\"potentialAction\":[{\"@type\":\"SearchAction\",\"target\":{\"@type\":\"EntryPoint\",\"urlTemplate\":\"https:\/\/www.irta.cat\/es\/?s={search_term_string}\"},\"query-input\":{\"@type\":\"PropertyValueSpecification\",\"valueRequired\":true,\"valueName\":\"search_term_string\"}}],\"inLanguage\":\"es\"},{\"@type\":\"Organization\",\"@id\":\"https:\/\/www.irta.cat\/es\/#organization\",\"name\":\"IRTA\",\"url\":\"https:\/\/www.irta.cat\/es\/\",\"logo\":{\"@type\":\"ImageObject\",\"inLanguage\":\"es\",\"@id\":\"https:\/\/www.irta.cat\/es\/#\/schema\/logo\/image\/\",\"url\":\"https:\/\/www.irta.cat\/wp-content\/uploads\/2023\/04\/Logo-IRTA-verm.png\",\"contentUrl\":\"https:\/\/www.irta.cat\/wp-content\/uploads\/2023\/04\/Logo-IRTA-verm.png\",\"width\":1250,\"height\":500,\"caption\":\"IRTA\"},\"image\":{\"@id\":\"https:\/\/www.irta.cat\/es\/#\/schema\/logo\/image\/\"},\"sameAs\":[\"https:\/\/www.facebook.com\/irtacat\",\"https:\/\/x.com\/irtacat\"]}]}<\/script>\r\n<!-- \/ Yoast SEO plugin. -->","yoast_head_json":{"title":"M\u00e1s de mil personas asisten a la 27a Jornada Fruct\u00edcola de Mollerussa &#187; IRTA","robots":{"index":"index","follow":"follow","max-snippet":"max-snippet:-1","max-image-preview":"max-image-preview:large","max-video-preview":"max-video-preview:-1"},"canonical":"https:\/\/www.irta.cat\/es\/noticia\/mas-de-mil-personas-asisten-a-la-27a-jornada-fructicola-de-mollerussa\/","og_locale":"es_ES","og_type":"article","og_title":"M\u00e1s de mil personas asisten a la 27a Jornada Fruct\u00edcola de Mollerussa &#187; IRTA","og_description":"Durante el primer d\u00eda de la Jornada se recibi\u00f3 la visita de la directora de Agricultura y Ganader\u00eda del Departamento de Acci\u00f3n Clim\u00e1tica, Elisenda Guillaumes, y el alcalde de Mollerussa, Marc Solsona A lo largo de la ma\u00f1ana se hizo una demostraci\u00f3n de vuelo con dron para aplicar fitosanitarios en cultivos de perales Los d\u00edas [&hellip;]","og_url":"https:\/\/www.irta.cat\/es\/noticia\/mas-de-mil-personas-asisten-a-la-27a-jornada-fructicola-de-mollerussa\/","og_site_name":"IRTA","article_publisher":"https:\/\/www.facebook.com\/irtacat","article_modified_time":"2024-11-06T09:18:34+00:00","og_image":[{"width":1920,"height":1080,"url":"https:\/\/www.irta.cat\/wp-content\/uploads\/2022\/10\/IMG_1325-1-scaled.jpg","type":"image\/jpeg"}],"twitter_card":"summary_large_image","twitter_site":"@irtacat","twitter_misc":{"Tiempo de lectura":"2 minutos"},"schema":{"@context":"https:\/\/schema.org","@graph":[{"@type":"WebPage","@id":"https:\/\/www.irta.cat\/es\/noticia\/mas-de-mil-personas-asisten-a-la-27a-jornada-fructicola-de-mollerussa\/","url":"https:\/\/www.irta.cat\/es\/noticia\/mas-de-mil-personas-asisten-a-la-27a-jornada-fructicola-de-mollerussa\/","name":"M\u00e1s de mil personas asisten a la 27a Jornada Fruct\u00edcola de Mollerussa &#187; IRTA","isPartOf":{"@id":"https:\/\/www.irta.cat\/es\/#website"},"primaryImageOfPage":{"@id":"https:\/\/www.irta.cat\/es\/noticia\/mas-de-mil-personas-asisten-a-la-27a-jornada-fructicola-de-mollerussa\/#primaryimage"},"image":{"@id":"https:\/\/www.irta.cat\/es\/noticia\/mas-de-mil-personas-asisten-a-la-27a-jornada-fructicola-de-mollerussa\/#primaryimage"},"thumbnailUrl":"https:\/\/www.irta.cat\/wp-content\/uploads\/2022\/10\/IMG_1325-1-scaled.jpg","datePublished":"2022-10-20T10:08:13+00:00","dateModified":"2024-11-06T09:18:34+00:00","breadcrumb":{"@id":"https:\/\/www.irta.cat\/es\/noticia\/mas-de-mil-personas-asisten-a-la-27a-jornada-fructicola-de-mollerussa\/#breadcrumb"},"inLanguage":"es","potentialAction":[{"@type":"ReadAction","target":["https:\/\/www.irta.cat\/es\/noticia\/mas-de-mil-personas-asisten-a-la-27a-jornada-fructicola-de-mollerussa\/"]}]},{"@type":"ImageObject","inLanguage":"es","@id":"https:\/\/www.irta.cat\/es\/noticia\/mas-de-mil-personas-asisten-a-la-27a-jornada-fructicola-de-mollerussa\/#primaryimage","url":"https:\/\/www.irta.cat\/wp-content\/uploads\/2022\/10\/IMG_1325-1-scaled.jpg","contentUrl":"https:\/\/www.irta.cat\/wp-content\/uploads\/2022\/10\/IMG_1325-1-scaled.jpg","width":1920,"height":1080},{"@type":"BreadcrumbList","@id":"https:\/\/www.irta.cat\/es\/noticia\/mas-de-mil-personas-asisten-a-la-27a-jornada-fructicola-de-mollerussa\/#breadcrumb","itemListElement":[{"@type":"ListItem","position":1,"name":"Inici","item":"https:\/\/www.irta.cat\/es\/"},{"@type":"ListItem","position":2,"name":"M\u00e1s de mil personas asisten a la 27a Jornada Fruct\u00edcola de Mollerussa"}]},{"@type":"WebSite","@id":"https:\/\/www.irta.cat\/es\/#website","url":"https:\/\/www.irta.cat\/es\/","name":"IRTA","description":"Institut de Recerca i Tecnologia Agroaliment\u00e0ries","publisher":{"@id":"https:\/\/www.irta.cat\/es\/#organization"},"alternateName":"%%sitename%% %%sep%% %%title%%","potentialAction":[{"@type":"SearchAction","target":{"@type":"EntryPoint","urlTemplate":"https:\/\/www.irta.cat\/es\/?s={search_term_string}"},"query-input":{"@type":"PropertyValueSpecification","valueRequired":true,"valueName":"search_term_string"}}],"inLanguage":"es"},{"@type":"Organization","@id":"https:\/\/www.irta.cat\/es\/#organization","name":"IRTA","url":"https:\/\/www.irta.cat\/es\/","logo":{"@type":"ImageObject","inLanguage":"es","@id":"https:\/\/www.irta.cat\/es\/#\/schema\/logo\/image\/","url":"https:\/\/www.irta.cat\/wp-content\/uploads\/2023\/04\/Logo-IRTA-verm.png","contentUrl":"https:\/\/www.irta.cat\/wp-content\/uploads\/2023\/04\/Logo-IRTA-verm.png","width":1250,"height":500,"caption":"IRTA"},"image":{"@id":"https:\/\/www.irta.cat\/es\/#\/schema\/logo\/image\/"},"sameAs":["https:\/\/www.facebook.com\/irtacat","https:\/\/x.com\/irtacat"]}]}},"_links":{"self":[{"href":"https:\/\/www.irta.cat\/es\/wp-json\/wp\/v2\/noticia\/60232","targetHints":{"allow":["GET"]}}],"collection":[{"href":"https:\/\/www.irta.cat\/es\/wp-json\/wp\/v2\/noticia"}],"about":[{"href":"https:\/\/www.irta.cat\/es\/wp-json\/wp\/v2\/types\/noticia"}],"version-history":[{"count":0,"href":"https:\/\/www.irta.cat\/es\/wp-json\/wp\/v2\/noticia\/60232\/revisions"}],"wp:featuredmedia":[{"embeddable":true,"href":"https:\/\/www.irta.cat\/es\/wp-json\/wp\/v2\/media\/45585"}],"wp:attachment":[{"href":"https:\/\/www.irta.cat\/es\/wp-json\/wp\/v2\/media?parent=60232"}],"wp:term":[{"taxonomy":"categoria_noticia","embeddable":true,"href":"https:\/\/www.irta.cat\/es\/wp-json\/wp\/v2\/categoria_noticia?post=60232"},{"taxonomy":"etiqueta_filtrar_noticia","embeddable":true,"href":"https:\/\/www.irta.cat\/es\/wp-json\/wp\/v2\/etiqueta_filtrar_noticia?post=60232"}],"curies":[{"name":"wp","href":"https:\/\/api.w.org\/{rel}","templated":true}]}}