{"id":60148,"date":"2022-09-19T11:55:02","date_gmt":"2022-09-19T09:55:02","guid":{"rendered":"https:\/\/www.irta.cat\/noticia\/etiquetan-500-ejemplares-de-cangrejo-azul-en-el-delta-para-estudiar-su-migracion-durante-el-otono-y-el-invierno\/"},"modified":"2024-11-06T10:16:51","modified_gmt":"2024-11-06T09:16:51","slug":"etiquetan-500-ejemplares-de-cangrejo-azul-en-el-delta-para-estudiar-su-migracion-durante-el-otono-y-el-invierno","status":"publish","type":"noticia","link":"https:\/\/www.irta.cat\/es\/noticia\/etiquetan-500-ejemplares-de-cangrejo-azul-en-el-delta-para-estudiar-su-migracion-durante-el-otono-y-el-invierno\/","title":{"rendered":"Etiquetan 500 ejemplares de cangrejo azul en el Delta para estudiar su migraci\u00f3n durante el oto\u00f1o y el invierno"},"content":{"rendered":"\n<figure class=\"wp-block-image size-large is-resized\"><a href=\"https:\/\/www.irta.cat\/wp-content\/uploads\/2023\/01\/cranc_etiqueta.jpeg\" class=\"fancybox irta-lightbox-bridge\" data-fancybox=\"irta-images\"><img decoding=\"async\" src=\"https:\/\/www.irta.cat\/wp-content\/uploads\/2023\/01\/cranc_etiqueta.jpeg\" alt=\"\" class=\"wp-image-47871\" width=\"750\" loading=\"lazy\" \/><\/a><figcaption>Cangrejos con las etiquetas.<\/figcaption><\/figure>\n\n\n\n<h2 class=\"wp-block-heading\"><strong><strong>Se ha hecho esta ma\u00f1ana en la laguna de la Encanyissada (la R\u00e1pita) y una vez etiquetados los han liberado de nuevo para investigar su ecolog\u00eda y los patrones de movimiento para orientar las medidas de control<\/strong><\/strong><\/h2>\n\n\n\n<h2 class=\"wp-block-heading\"><strong><strong>La campa\u00f1a est\u00e1 dirigida por la investigadora del IRTA Patr\u00edcia Prado y cuenta con la participaci\u00f3n de la escuela de acuicultura IEPAAC, miembros de la Fundaci\u00f3n Barcelona Zoo, pescadores y el Departamento de Acci\u00f3n Clim\u00e1tica<\/strong><\/strong><\/h2>\n\n\n\n<h2 class=\"wp-block-heading\"><strong><strong>Durante el oto\u00f1o y el invierno, los pescadores de la zona ayudar\u00e1n a capturar los ejemplares liberados e indicar\u00e1n su localizaci\u00f3n, sexo y talla, aunque la colaboraci\u00f3n tambi\u00e9n est\u00e1 abierta a toda la ciudadan\u00eda<\/strong><\/strong><\/h2>\n\n\n\n<p>El cangrejo azul americano (<em>Callinectes sapidus<\/em>) es una especie ex\u00f3tica que ha ocupado el Delta de forma relativamente reciente y todav\u00eda se desconocen muchas caracter\u00edsticas sobre el comportamiento y las migraciones. El Instituto de Investigaci\u00f3n y Tecnolog\u00eda Agroalimentarias (IRTA), con la colaboraci\u00f3n del Instituto de Estudios Profesionales Acu\u00edcolas y Ambientales de Catalu\u00f1a (IEPAAC), la Fundaci\u00f3n Barcelona Zoo y el Departamento de Acci\u00f3n Clim\u00e1tica, Alimentaci\u00f3n y Agenda Rural (DACC), lidera un experimento para averiguar cu\u00e1ntos kil\u00f3metros pueden recorrer los cangrejos en los ecosistemas del Delta y qu\u00e9 patrones de movimiento realizan seg\u00fan la \u00e9poca del a\u00f1o. Por eso, esta ma\u00f1ana, el IRTA, estudiantes del IEPAAC, pescadores de la cofrad\u00eda de Sant Pere de la R\u00e1pita y personal de la Fundaci\u00f3n Barcelona Zoo se han desplazado a la laguna de la Encanyissada para capturar y etiquetar 500 ejemplares de cangrejo azul y liberarlos de nuevo en la laguna. A lo largo de la campa\u00f1a, los pescadores los recoger\u00e1n a medida que los vayan encontrando en cualquier lugar del Delta e indicar\u00e1n a los cient\u00edficos su localizaci\u00f3n, talla y sexo, aunque \u00abla colaboraci\u00f3n est\u00e1 abierta a toda la ciudadan\u00eda\u00bb, explica <strong>Ver\u00f3nica L\u00f3pez<\/strong>, profesora del IEPAAC y miembro del <a href=\"https:\/\/agricultura.gencat.cat\/ca\/ambits\/pesca\/dar_especies_calador_mediterrani\/plans-gestio-cogestio\/comites-plans-cogestio\/comite-cogestio-cranc-blau-terres-ebre\/\">Comit\u00e9 de Cogesti\u00f3n del Cangrejo Azul en las Terres de l&#8217;Ebre<\/a>.<\/p>\n\n\n\n<p>Los ecosistemas deltaicos son h\u00e1bitats mucho m\u00e1s peque\u00f1os que los nativos del cangrejo en la costa Atl\u00e1ntica. Esto, seg\u00fan la investigadora del IRTA <strong>Patricia Prado<\/strong>, puede hacer que \u00aba lo largo de las diferentes estaciones del a\u00f1o la din\u00e1mica de movimientos del cangrejo sea totalmente diferente que la de su h\u00e1bitat de origen, algo que todav\u00eda estamos investigando\u00bb. En primavera se hizo la primera parte de la campa\u00f1a en Riumar, donde la mayor\u00eda de los cangrejos etiquetados eran hembras. El an\u00e1lisis de los datos apunta que \u00abtras el emparejamiento, las hembras salen de las lagunas para poner los huevos y recorren una media de entre 1,1 y 2,8 km direcci\u00f3n hacia el mar, aunque algunos individuos los capturaron a 5 km desde el punto de su liberaci\u00f3n\u00bb, remarca <strong>Prado<\/strong>. De los 500 ejemplares liberados hoy en la Encanyissada, esperan capturar un 20% a lo largo del oto\u00f1o e invierno, un dato que, seg\u00fan las expertas, ya ser\u00eda \u00absuficientemente fiable\u00bb para obtener los patrones migratorios tanto de machos como hembras y saber qu\u00e9 ambientes colonizan.<\/p>\n\n\n\n<figure class=\"wp-block-image size-large\"><a href=\"https:\/\/www.irta.cat\/wp-content\/uploads\/2018\/06\/Alberapastur.png\" class=\"fancybox irta-lightbox-bridge\" data-fancybox=\"irta-images\"><img decoding=\"async\" src=\"https:\/\/www.irta.cat\/wp-content\/uploads\/campanya_etiquetatge-1.jpeg\" alt=\"\" class=\"wp-image-47877\" loading=\"lazy\" \/><\/a><figcaption>Estudiante de la escuela IEPAAC han colaborado en la campa\u00f1a.<\/figcaption><\/figure>\n\n\n\n<p>Esta informaci\u00f3n ser\u00e1 muy \u00fatil para orientar las acciones de gesti\u00f3n y establecer puntos de pesca para controlar su poblaci\u00f3n y tomar decisiones con criterio. En otros puntos del Mediterr\u00e1neo ya se ha demostrado que no es posible erradicar el cangrejo por completo, por eso el objetivo se centra en mantener a las poblaciones en niveles asumibles por los ecosistemas que ocupan. Desde 2017, la Direcci\u00f3n General de Pol\u00edtica Mar\u00edtima y Pesca Sostenible del Departamento de Acci\u00f3n Clim\u00e1tica, Alimentaci\u00f3n y Agenda Rural (DACC) inici\u00f3 su seguimiento con la creaci\u00f3n pionera del Comit\u00e9 de Cogesti\u00f3n del Cangrejo Azul de las Tierras del Ebro, que integra a miembros de cofrad\u00edas de pescadores, cient\u00edficos, ecologistas y la propia administraci\u00f3n para garantizar una explotaci\u00f3n del cangrejo azul que facilite unas condiciones econ\u00f3micas, ambientales y sociales \u00f3ptimas. Desde un primer momento, la estrategia instaurada es que la pesca profesional sea la herramienta principal para controlarlo, y esto no habr\u00eda sido viable si se hubiera incluido en el Cat\u00e1logo Espa\u00f1ol de Especies Ex\u00f3ticas Invasoras. El inter\u00e9s gastron\u00f3mico y el valor que tiene el cangrejo azul en algunos mercados abri\u00f3 sus puertas para que fuera el propio sector pesquero, el principal afectado, quien pusiera freno al cangrejo, con resultados muy positivos.<\/p>\n\n\n\n<p>La campa\u00f1a de estudio de captura y recaptura de cangrejo azul en el Delta forma parte del proyecto \u201cECESIS: Ecolog\u00eda e impacto del cangrejo azul americano en las lagunas costeras, estuarios y aguas marinas adyacentes al Mediterr\u00e1neo espa\u00f1ol\u201d, coordinado por el IRTA, con la participaci\u00f3n de la Universidad Polit\u00e9cnica de Valencia, la Universidad de Alicante y el Centro Oceanogr\u00e1fico de Murcia (IEO) del Instituto Espa\u00f1ol de Oceanograf\u00eda, y la financiaci\u00f3n del Ministerio de Ciencia, Innovaci\u00f3n y Universidades, que estudian los patrones de movimiento del cangrejo en otros lugares como el Parque Natural de la Albufera de Valencia.<\/p>\n","protected":false},"featured_media":4633,"template":"","categoria_noticia":[],"etiqueta_filtrar_noticia":[],"class_list":["post-60148","noticia","type-noticia","status-publish","has-post-thumbnail","hentry"],"acf":[],"yoast_head":"<!-- This site is optimized with the Yoast SEO plugin v26.6 - https:\/\/yoast.com\/wordpress\/plugins\/seo\/ -->\r\n<title>Etiquetan 500 ejemplares de cangrejo azul en el Delta para estudiar su migraci\u00f3n durante el oto\u00f1o y el invierno &#187; IRTA<\/title>\r\n<meta name=\"robots\" content=\"index, follow, max-snippet:-1, max-image-preview:large, max-video-preview:-1\" \/>\r\n<link rel=\"canonical\" href=\"https:\/\/www.irta.cat\/es\/noticia\/etiquetan-500-ejemplares-de-cangrejo-azul-en-el-delta-para-estudiar-su-migracion-durante-el-otono-y-el-invierno\/\" \/>\r\n<meta property=\"og:locale\" content=\"es_ES\" \/>\r\n<meta property=\"og:type\" content=\"article\" \/>\r\n<meta property=\"og:title\" content=\"Etiquetan 500 ejemplares de cangrejo azul en el Delta para estudiar su migraci\u00f3n durante el oto\u00f1o y el invierno &#187; IRTA\" \/>\r\n<meta property=\"og:description\" content=\"Se ha hecho esta ma\u00f1ana en la laguna de la Encanyissada (la R\u00e1pita) y una vez etiquetados los han liberado de nuevo para investigar su ecolog\u00eda y los patrones de movimiento para orientar las medidas de control La campa\u00f1a est\u00e1 dirigida por la investigadora del IRTA Patr\u00edcia Prado y cuenta con la participaci\u00f3n de la [&hellip;]\" \/>\r\n<meta property=\"og:url\" content=\"https:\/\/www.irta.cat\/es\/noticia\/etiquetan-500-ejemplares-de-cangrejo-azul-en-el-delta-para-estudiar-su-migracion-durante-el-otono-y-el-invierno\/\" \/>\r\n<meta property=\"og:site_name\" content=\"IRTA\" \/>\r\n<meta property=\"article:publisher\" content=\"https:\/\/www.facebook.com\/irtacat\" \/>\r\n<meta property=\"article:modified_time\" content=\"2024-11-06T09:16:51+00:00\" \/>\r\n<meta property=\"og:image\" content=\"https:\/\/www.irta.cat\/wp-content\/uploads\/2023\/01\/cranc_etiqueta.jpeg\" \/>\r\n\t<meta property=\"og:image:width\" content=\"1446\" \/>\r\n\t<meta property=\"og:image:height\" content=\"871\" \/>\r\n\t<meta property=\"og:image:type\" content=\"image\/jpeg\" \/>\r\n<meta name=\"twitter:card\" content=\"summary_large_image\" \/>\r\n<meta name=\"twitter:site\" content=\"@irtacat\" \/>\r\n<meta name=\"twitter:label1\" content=\"Tiempo de lectura\" \/>\n\t<meta name=\"twitter:data1\" content=\"4 minutos\" \/>\r\n<script type=\"application\/ld+json\" class=\"yoast-schema-graph\">{\"@context\":\"https:\/\/schema.org\",\"@graph\":[{\"@type\":\"WebPage\",\"@id\":\"https:\/\/www.irta.cat\/es\/noticia\/etiquetan-500-ejemplares-de-cangrejo-azul-en-el-delta-para-estudiar-su-migracion-durante-el-otono-y-el-invierno\/\",\"url\":\"https:\/\/www.irta.cat\/es\/noticia\/etiquetan-500-ejemplares-de-cangrejo-azul-en-el-delta-para-estudiar-su-migracion-durante-el-otono-y-el-invierno\/\",\"name\":\"Etiquetan 500 ejemplares de cangrejo azul en el Delta para estudiar su migraci\u00f3n durante el oto\u00f1o y el invierno &#187; IRTA\",\"isPartOf\":{\"@id\":\"https:\/\/www.irta.cat\/es\/#website\"},\"primaryImageOfPage\":{\"@id\":\"https:\/\/www.irta.cat\/es\/noticia\/etiquetan-500-ejemplares-de-cangrejo-azul-en-el-delta-para-estudiar-su-migracion-durante-el-otono-y-el-invierno\/#primaryimage\"},\"image\":{\"@id\":\"https:\/\/www.irta.cat\/es\/noticia\/etiquetan-500-ejemplares-de-cangrejo-azul-en-el-delta-para-estudiar-su-migracion-durante-el-otono-y-el-invierno\/#primaryimage\"},\"thumbnailUrl\":\"https:\/\/www.irta.cat\/wp-content\/uploads\/2023\/01\/cranc_etiqueta.jpeg\",\"datePublished\":\"2022-09-19T09:55:02+00:00\",\"dateModified\":\"2024-11-06T09:16:51+00:00\",\"breadcrumb\":{\"@id\":\"https:\/\/www.irta.cat\/es\/noticia\/etiquetan-500-ejemplares-de-cangrejo-azul-en-el-delta-para-estudiar-su-migracion-durante-el-otono-y-el-invierno\/#breadcrumb\"},\"inLanguage\":\"es\",\"potentialAction\":[{\"@type\":\"ReadAction\",\"target\":[\"https:\/\/www.irta.cat\/es\/noticia\/etiquetan-500-ejemplares-de-cangrejo-azul-en-el-delta-para-estudiar-su-migracion-durante-el-otono-y-el-invierno\/\"]}]},{\"@type\":\"ImageObject\",\"inLanguage\":\"es\",\"@id\":\"https:\/\/www.irta.cat\/es\/noticia\/etiquetan-500-ejemplares-de-cangrejo-azul-en-el-delta-para-estudiar-su-migracion-durante-el-otono-y-el-invierno\/#primaryimage\",\"url\":\"https:\/\/www.irta.cat\/wp-content\/uploads\/2023\/01\/cranc_etiqueta.jpeg\",\"contentUrl\":\"https:\/\/www.irta.cat\/wp-content\/uploads\/2023\/01\/cranc_etiqueta.jpeg\",\"width\":1446,\"height\":871},{\"@type\":\"BreadcrumbList\",\"@id\":\"https:\/\/www.irta.cat\/es\/noticia\/etiquetan-500-ejemplares-de-cangrejo-azul-en-el-delta-para-estudiar-su-migracion-durante-el-otono-y-el-invierno\/#breadcrumb\",\"itemListElement\":[{\"@type\":\"ListItem\",\"position\":1,\"name\":\"Inici\",\"item\":\"https:\/\/www.irta.cat\/es\/\"},{\"@type\":\"ListItem\",\"position\":2,\"name\":\"Etiquetan 500 ejemplares de cangrejo azul en el Delta para estudiar su migraci\u00f3n durante el oto\u00f1o y el invierno\"}]},{\"@type\":\"WebSite\",\"@id\":\"https:\/\/www.irta.cat\/es\/#website\",\"url\":\"https:\/\/www.irta.cat\/es\/\",\"name\":\"IRTA\",\"description\":\"Institut de Recerca i Tecnologia Agroaliment\u00e0ries\",\"publisher\":{\"@id\":\"https:\/\/www.irta.cat\/es\/#organization\"},\"alternateName\":\"%%sitename%% %%sep%% %%title%%\",\"potentialAction\":[{\"@type\":\"SearchAction\",\"target\":{\"@type\":\"EntryPoint\",\"urlTemplate\":\"https:\/\/www.irta.cat\/es\/?s={search_term_string}\"},\"query-input\":{\"@type\":\"PropertyValueSpecification\",\"valueRequired\":true,\"valueName\":\"search_term_string\"}}],\"inLanguage\":\"es\"},{\"@type\":\"Organization\",\"@id\":\"https:\/\/www.irta.cat\/es\/#organization\",\"name\":\"IRTA\",\"url\":\"https:\/\/www.irta.cat\/es\/\",\"logo\":{\"@type\":\"ImageObject\",\"inLanguage\":\"es\",\"@id\":\"https:\/\/www.irta.cat\/es\/#\/schema\/logo\/image\/\",\"url\":\"https:\/\/www.irta.cat\/wp-content\/uploads\/2023\/04\/Logo-IRTA-verm.png\",\"contentUrl\":\"https:\/\/www.irta.cat\/wp-content\/uploads\/2023\/04\/Logo-IRTA-verm.png\",\"width\":1250,\"height\":500,\"caption\":\"IRTA\"},\"image\":{\"@id\":\"https:\/\/www.irta.cat\/es\/#\/schema\/logo\/image\/\"},\"sameAs\":[\"https:\/\/www.facebook.com\/irtacat\",\"https:\/\/x.com\/irtacat\"]}]}<\/script>\r\n<!-- \/ Yoast SEO plugin. -->","yoast_head_json":{"title":"Etiquetan 500 ejemplares de cangrejo azul en el Delta para estudiar su migraci\u00f3n durante el oto\u00f1o y el invierno &#187; IRTA","robots":{"index":"index","follow":"follow","max-snippet":"max-snippet:-1","max-image-preview":"max-image-preview:large","max-video-preview":"max-video-preview:-1"},"canonical":"https:\/\/www.irta.cat\/es\/noticia\/etiquetan-500-ejemplares-de-cangrejo-azul-en-el-delta-para-estudiar-su-migracion-durante-el-otono-y-el-invierno\/","og_locale":"es_ES","og_type":"article","og_title":"Etiquetan 500 ejemplares de cangrejo azul en el Delta para estudiar su migraci\u00f3n durante el oto\u00f1o y el invierno &#187; IRTA","og_description":"Se ha hecho esta ma\u00f1ana en la laguna de la Encanyissada (la R\u00e1pita) y una vez etiquetados los han liberado de nuevo para investigar su ecolog\u00eda y los patrones de movimiento para orientar las medidas de control La campa\u00f1a est\u00e1 dirigida por la investigadora del IRTA Patr\u00edcia Prado y cuenta con la participaci\u00f3n de la [&hellip;]","og_url":"https:\/\/www.irta.cat\/es\/noticia\/etiquetan-500-ejemplares-de-cangrejo-azul-en-el-delta-para-estudiar-su-migracion-durante-el-otono-y-el-invierno\/","og_site_name":"IRTA","article_publisher":"https:\/\/www.facebook.com\/irtacat","article_modified_time":"2024-11-06T09:16:51+00:00","og_image":[{"width":1446,"height":871,"url":"https:\/\/www.irta.cat\/wp-content\/uploads\/2023\/01\/cranc_etiqueta.jpeg","type":"image\/jpeg"}],"twitter_card":"summary_large_image","twitter_site":"@irtacat","twitter_misc":{"Tiempo de lectura":"4 minutos"},"schema":{"@context":"https:\/\/schema.org","@graph":[{"@type":"WebPage","@id":"https:\/\/www.irta.cat\/es\/noticia\/etiquetan-500-ejemplares-de-cangrejo-azul-en-el-delta-para-estudiar-su-migracion-durante-el-otono-y-el-invierno\/","url":"https:\/\/www.irta.cat\/es\/noticia\/etiquetan-500-ejemplares-de-cangrejo-azul-en-el-delta-para-estudiar-su-migracion-durante-el-otono-y-el-invierno\/","name":"Etiquetan 500 ejemplares de cangrejo azul en el Delta para estudiar su migraci\u00f3n durante el oto\u00f1o y el invierno &#187; IRTA","isPartOf":{"@id":"https:\/\/www.irta.cat\/es\/#website"},"primaryImageOfPage":{"@id":"https:\/\/www.irta.cat\/es\/noticia\/etiquetan-500-ejemplares-de-cangrejo-azul-en-el-delta-para-estudiar-su-migracion-durante-el-otono-y-el-invierno\/#primaryimage"},"image":{"@id":"https:\/\/www.irta.cat\/es\/noticia\/etiquetan-500-ejemplares-de-cangrejo-azul-en-el-delta-para-estudiar-su-migracion-durante-el-otono-y-el-invierno\/#primaryimage"},"thumbnailUrl":"https:\/\/www.irta.cat\/wp-content\/uploads\/2023\/01\/cranc_etiqueta.jpeg","datePublished":"2022-09-19T09:55:02+00:00","dateModified":"2024-11-06T09:16:51+00:00","breadcrumb":{"@id":"https:\/\/www.irta.cat\/es\/noticia\/etiquetan-500-ejemplares-de-cangrejo-azul-en-el-delta-para-estudiar-su-migracion-durante-el-otono-y-el-invierno\/#breadcrumb"},"inLanguage":"es","potentialAction":[{"@type":"ReadAction","target":["https:\/\/www.irta.cat\/es\/noticia\/etiquetan-500-ejemplares-de-cangrejo-azul-en-el-delta-para-estudiar-su-migracion-durante-el-otono-y-el-invierno\/"]}]},{"@type":"ImageObject","inLanguage":"es","@id":"https:\/\/www.irta.cat\/es\/noticia\/etiquetan-500-ejemplares-de-cangrejo-azul-en-el-delta-para-estudiar-su-migracion-durante-el-otono-y-el-invierno\/#primaryimage","url":"https:\/\/www.irta.cat\/wp-content\/uploads\/2023\/01\/cranc_etiqueta.jpeg","contentUrl":"https:\/\/www.irta.cat\/wp-content\/uploads\/2023\/01\/cranc_etiqueta.jpeg","width":1446,"height":871},{"@type":"BreadcrumbList","@id":"https:\/\/www.irta.cat\/es\/noticia\/etiquetan-500-ejemplares-de-cangrejo-azul-en-el-delta-para-estudiar-su-migracion-durante-el-otono-y-el-invierno\/#breadcrumb","itemListElement":[{"@type":"ListItem","position":1,"name":"Inici","item":"https:\/\/www.irta.cat\/es\/"},{"@type":"ListItem","position":2,"name":"Etiquetan 500 ejemplares de cangrejo azul en el Delta para estudiar su migraci\u00f3n durante el oto\u00f1o y el invierno"}]},{"@type":"WebSite","@id":"https:\/\/www.irta.cat\/es\/#website","url":"https:\/\/www.irta.cat\/es\/","name":"IRTA","description":"Institut de Recerca i Tecnologia Agroaliment\u00e0ries","publisher":{"@id":"https:\/\/www.irta.cat\/es\/#organization"},"alternateName":"%%sitename%% %%sep%% %%title%%","potentialAction":[{"@type":"SearchAction","target":{"@type":"EntryPoint","urlTemplate":"https:\/\/www.irta.cat\/es\/?s={search_term_string}"},"query-input":{"@type":"PropertyValueSpecification","valueRequired":true,"valueName":"search_term_string"}}],"inLanguage":"es"},{"@type":"Organization","@id":"https:\/\/www.irta.cat\/es\/#organization","name":"IRTA","url":"https:\/\/www.irta.cat\/es\/","logo":{"@type":"ImageObject","inLanguage":"es","@id":"https:\/\/www.irta.cat\/es\/#\/schema\/logo\/image\/","url":"https:\/\/www.irta.cat\/wp-content\/uploads\/2023\/04\/Logo-IRTA-verm.png","contentUrl":"https:\/\/www.irta.cat\/wp-content\/uploads\/2023\/04\/Logo-IRTA-verm.png","width":1250,"height":500,"caption":"IRTA"},"image":{"@id":"https:\/\/www.irta.cat\/es\/#\/schema\/logo\/image\/"},"sameAs":["https:\/\/www.facebook.com\/irtacat","https:\/\/x.com\/irtacat"]}]}},"_links":{"self":[{"href":"https:\/\/www.irta.cat\/es\/wp-json\/wp\/v2\/noticia\/60148","targetHints":{"allow":["GET"]}}],"collection":[{"href":"https:\/\/www.irta.cat\/es\/wp-json\/wp\/v2\/noticia"}],"about":[{"href":"https:\/\/www.irta.cat\/es\/wp-json\/wp\/v2\/types\/noticia"}],"version-history":[{"count":0,"href":"https:\/\/www.irta.cat\/es\/wp-json\/wp\/v2\/noticia\/60148\/revisions"}],"wp:featuredmedia":[{"embeddable":true,"href":"https:\/\/www.irta.cat\/es\/wp-json\/wp\/v2\/media\/4633"}],"wp:attachment":[{"href":"https:\/\/www.irta.cat\/es\/wp-json\/wp\/v2\/media?parent=60148"}],"wp:term":[{"taxonomy":"categoria_noticia","embeddable":true,"href":"https:\/\/www.irta.cat\/es\/wp-json\/wp\/v2\/categoria_noticia?post=60148"},{"taxonomy":"etiqueta_filtrar_noticia","embeddable":true,"href":"https:\/\/www.irta.cat\/es\/wp-json\/wp\/v2\/etiqueta_filtrar_noticia?post=60148"}],"curies":[{"name":"wp","href":"https:\/\/api.w.org\/{rel}","templated":true}]}}