{"id":60133,"date":"2022-09-13T10:16:30","date_gmt":"2022-09-13T08:16:30","guid":{"rendered":"https:\/\/www.irta.cat\/noticia\/34-granjas-nominadas-a-los-premios-porc-dor-2022\/"},"modified":"2024-11-06T10:16:43","modified_gmt":"2024-11-06T09:16:43","slug":"34-granjas-nominadas-a-los-premios-porc-dor-2022","status":"publish","type":"noticia","link":"https:\/\/www.irta.cat\/es\/noticia\/34-granjas-nominadas-a-los-premios-porc-dor-2022\/","title":{"rendered":"34 granjas nominadas a los premios Porc d&#8217;Or 2022"},"content":{"rendered":"\n<div class=\"wp-block-image is-style-default\"><figure class=\"aligncenter size-full is-resized\"><a href=\"https:\/\/www.irta.cat\/wp-content\/uploads\/2023\/01\/Estatua-granja-fons-scaled.jpg\" class=\"fancybox irta-lightbox-bridge\" data-fancybox=\"irta-images\"><img decoding=\"async\" src=\"https:\/\/www.irta.cat\/wp-content\/uploads\/2023\/01\/Estatua-granja-fons-scaled.jpg\" alt=\"\" class=\"wp-image-47740\" width=\"800\" loading=\"lazy\" \/><\/a><\/figure><\/div>\n\n\n\n<h2 class=\"wp-block-heading\"><strong>Granjas de Castilla y Le\u00f3n y Extremadura se reparten la mayor parte de las nominaciones. Andaluc\u00eda y Castilla-La Mancha tambi\u00e9n est\u00e1n representadas<\/strong><\/h2>\n\n\n\n<h2 class=\"wp-block-heading\"><strong>El m\u00e1ximo galard\u00f3n, <strong>el Porc d\u2019Or Ib\u00e9rico Especial con Diamante, ir\u00e1 a parar a una granja castellanoleonesa<\/strong>; mientras que <strong>el Porc d\u2019Or Ib\u00e9rico Especial a la Producci\u00f3n al Aire Libre se quedar\u00e1 en C\u00f3rdoba<\/strong>. En cuanto al Porc d\u2019Or Ib\u00e9rico Especial del MAPA, se lo disputan una granja granadina y otra pacense<\/strong><\/h2>\n\n\n\n<h2 class=\"wp-block-heading\"><strong>Los ganadores de esta VI edici\u00f3n de los premios Porc d\u2019Or Ib\u00e9rico se dar\u00e1n a conocer la noche del <strong>7 de octubre<\/strong> en el transcurso de una gala que se celebrar\u00e1 <strong>en el Teatro Romano de M\u00e9rida<\/strong> y que reunir\u00e1 a m\u00e1s de 450 profesionales del sector.\u00a0<\/strong><\/h2>\n\n\n\n<p>El <strong>IRTA<\/strong> ha dado a conocer el listado de granjas que se encuentran nominadas en la <strong>VI edici\u00f3n de los premios Porc d\u2019Or Ib\u00e9rico<\/strong> a la excelencia en la producci\u00f3n porcina ib\u00e9rica. Son en total 34 las granjas que optan, con 63 nominaciones, a los 32 premios que se entregar\u00e1n en la gala que tendr\u00e1 lugar el pr\u00f3ximo 7 de octubre en el Teatro Romano de M\u00e9rida.<\/p>\n\n\n\n<p>La celebraci\u00f3n vuelve a recuperar su ser habitual tras las restricciones de los \u00faltimos a\u00f1os. As\u00ed, m\u00e1s de 450 profesionales del sector se reunir\u00e1n en este entorno \u00fanico y especial para reconocer la labor de los ganaderos y premiar a las mejores granjas de porcino ib\u00e9rico de nuestro pa\u00eds.<\/p>\n\n\n\n<div class=\"wp-block-image is-style-default\"><figure class=\"aligncenter size-full is-resized\"><a href=\"https:\/\/www.irta.cat\/wp-content\/uploads\/2019\/05\/DURCAT2-compressed-2-scaled.jpg\" class=\"fancybox irta-lightbox-bridge\" data-fancybox=\"irta-images\"><img decoding=\"async\" src=\"https:\/\/www.irta.cat\/wp-content\/uploads\/2023\/01\/28-Gala-Porc-Or-IRTA-Lleida2021-DSC_0062.jpg\" alt=\"\" class=\"wp-image-47743\" width=\"800\" loading=\"lazy\" \/><\/a><\/figure><\/div>\n\n\n\n<div style=\"height:10px\" aria-hidden=\"true\" class=\"wp-block-spacer\"><\/div>\n\n\n\n<h3 class=\"wp-block-heading\"><strong><strong>Badajoz y Valladolid, las m\u00e1s nominadas<\/strong><\/strong><\/h3>\n\n\n\n<p>Extremadura y Castilla y Le\u00f3n son las grandes candidatas para recibir el mayor n\u00famero de los 27 premios en funci\u00f3n de los criterios productivos de Longevidad (Lechones Destetados por Cerda de Baja), Nacidos Vivos y Tasa de Partos. Entre ambas comunidades aut\u00f3nomas se reparten el 94 % de las nominaciones de esta edici\u00f3n de los Porc d\u2019Or Ib\u00e9rico.<\/p>\n\n\n\n<p><strong>Granjas de Castilla y Le\u00f3n aglutinan el mayor n\u00famero de nominaciones, con un total de 28<\/strong>. De ellas, 14 nominaciones van a parar a siete granjas de Valladolid. El resto corresponden a tres granjas de Salamanca (cuatro nominaciones), tres de Segovia (siete nominaciones) y dos de Soria (tres nominaciones). En cuanto a <strong>Extremadura<\/strong>, la segunda comunidad aut\u00f3noma en la clasificaci\u00f3n de nominados, <strong>12 granjas de Badajoz aglutinan un total de 22 nominaciones<\/strong>, a las que se suma una nominaci\u00f3n m\u00e1s para una granja de C\u00e1ceres.<\/p>\n\n\n\n<p>Tambi\u00e9n se encuentran representadas en las nominaciones las comunidades aut\u00f3nomas de Andaluc\u00eda y Castilla La Mancha. En concreto <strong>una granja de la provincia de C\u00f3rdoba opta a dos de los premios<\/strong>, mientras que <strong>una granja de Toledo cuenta con la \u00fanica nominaci\u00f3n castellanomanchega<\/strong> de esta edici\u00f3n.<\/p>\n\n\n\n<div class=\"wp-block-image is-style-default\"><figure class=\"aligncenter size-full is-resized\"><a href=\"https:\/\/www.irta.cat\/wp-content\/uploads\/2019\/01\/FEMP.jpg\" class=\"fancybox irta-lightbox-bridge\" data-fancybox=\"irta-images\"><img decoding=\"async\" src=\"https:\/\/www.irta.cat\/wp-content\/uploads\/2023\/01\/Foto-1069-scaled.jpg\" alt=\"\" class=\"wp-image-47748\" width=\"800\" loading=\"lazy\" \/><\/a><\/figure><\/div>\n\n\n\n<div style=\"height:10px\" aria-hidden=\"true\" class=\"wp-block-spacer\"><\/div>\n\n\n\n<h3 class=\"wp-block-heading\"><strong><strong>Andaluc\u00eda, Extremadura y Castilla y Le\u00f3n se disputan los premios especiales<\/strong><\/strong><\/h3>\n\n\n\n<p>Adicionalmente a las 27 estatuillas de oro, plata y bronce que reciben las granjas en funci\u00f3n de los mencionados criterios productivos, se entregar\u00e1n tambi\u00e9n cinco premios especiales que reconocen, cada uno de ellos, unas caracter\u00edsticas se\u00f1aladas relativas a las aportaciones de las granjas en t\u00e9rminos de innovaci\u00f3n, sostenibilidad y bienestar animal.<\/p>\n\n\n\n<p>As\u00ed, el m\u00e1ximo galard\u00f3n,<strong> el Premio Porc d\u2019Or Ib\u00e9rico Especial con Diamante ir\u00e1 a parar a Castilla y Le\u00f3n<\/strong>, ya que est\u00e1n nominadas dos granjas vallisoletanas (Granja La Mejorada, de Agrocesa \u2013 Grupo Vall Companys, e Ib\u00e9ricos Valcorba, de Icpor Soria S.L.) y dos segovianas (Hermanos Sanz Berzal S.L., de Agrocesa \u2013 Grupo Vall Companys, y Granja Valdisierro, de Icpor Soria S.L.). En el caso del <strong>premio especial Porc d\u2019Or Ib\u00e9rico del MAPA<\/strong> a la \u201cSanidad, Bienestar Animal y Medio Ambiente\u201d optan: la granja Fuente de la Higuera, de Nugasur, en Granada; y Dehesa Solobre\u00f1a, de Dehesa Solobre\u00f1a S.L., situada en Badajoz. Por su parte, <strong>el premio especial a la \u201cProducci\u00f3n al Aire Libre\u201d recaer\u00e1 en Andaluc\u00eda<\/strong>, en concreto, en la provincia de C\u00f3rdoba: Las Rozuelas del Valle S.L., El Polisar y Arroyo Jud\u00edo, todas ellas de Covap, son las tres granjas nominadas a este galard\u00f3n que se entreg\u00f3 por primera vez en la pasada edici\u00f3n.<\/p>\n\n\n\n<p>Se entregar\u00e1n, adem\u00e1s, otros dos premios especiales: el <strong>Porc d\u2019Or Ib\u00e9rico Especial a la M\u00e1xima Productividad<\/strong>, para aquella granja que obtenga el m\u00e1ximo n\u00famero de lechones destetados por cerda productiva y a\u00f1o, y el <strong>Porc d\u2019Or Ib\u00e9rico Especial Zoetis a la Innovaci\u00f3n<\/strong>, que reconoce al m\u00e1s destacado ejemplo de innovaci\u00f3n en producci\u00f3n porcina del a\u00f1o.<\/p>\n\n\n\n<h3 class=\"wp-block-heading\"><strong><strong>Organizado por el IRTA con la colaboraci\u00f3n de Zoetis y ASICI<\/strong><\/strong><\/h3>\n\n\n\n<p>A\u00f1os de trabajo y desarrollo por parte del IRTA para la creaci\u00f3n del <strong>BPporc-i<\/strong> (Banco de Datos de Referencia del Porcino Ib\u00e9rico Espa\u00f1ol) hacen posible la ejecuci\u00f3n de estos premios. Seis a\u00f1os consecutivos de \u00e9xito que no habr\u00edan sido posibles sin el esfuerzo y trabajo diario que realizan los ganaderos de nuestro pa\u00eds, los grandes protagonistas de este evento, y sin el apoyo incondicional de <strong>Zoetis<\/strong> y la <strong>Asociaci\u00f3n Interprofesional del Cerdo Ib\u00e9rico (ASICI)<\/strong>, as\u00ed como del resto de empresas que participan en la entrega de estos galardones en calidad de patrocinadores y colaboradores.<\/p>\n\n\n\n<p>M\u00e1s informaci\u00f3n: <a href=\"http:\/\/www.bdporc.irta.es\/porcdor.jsp\" target=\"_blank\" rel=\"noreferrer noopener\">http:\/\/www.bdporc.irta.es\/porcdor.jsp<\/a><\/p>\n","protected":false},"featured_media":13864,"template":"","categoria_noticia":[],"etiqueta_filtrar_noticia":[8216],"class_list":["post-60133","noticia","type-noticia","status-publish","has-post-thumbnail","hentry","etiqueta_filtrar_noticia-benestar-animal"],"acf":[],"yoast_head":"<!-- This site is optimized with the Yoast SEO plugin v26.6 - https:\/\/yoast.com\/wordpress\/plugins\/seo\/ -->\r\n<title>34 granjas nominadas a los premios Porc d&#039;Or 2022 &#187; IRTA<\/title>\r\n<meta name=\"robots\" content=\"index, follow, max-snippet:-1, max-image-preview:large, max-video-preview:-1\" \/>\r\n<link rel=\"canonical\" href=\"https:\/\/www.irta.cat\/es\/noticia\/34-granjas-nominadas-a-los-premios-porc-dor-2022\/\" \/>\r\n<meta property=\"og:locale\" content=\"es_ES\" \/>\r\n<meta property=\"og:type\" content=\"article\" \/>\r\n<meta property=\"og:title\" content=\"34 granjas nominadas a los premios Porc d&#039;Or 2022 &#187; IRTA\" \/>\r\n<meta property=\"og:description\" content=\"Granjas de Castilla y Le\u00f3n y Extremadura se reparten la mayor parte de las nominaciones. Andaluc\u00eda y Castilla-La Mancha tambi\u00e9n est\u00e1n representadas El m\u00e1ximo galard\u00f3n, el Porc d\u2019Or Ib\u00e9rico Especial con Diamante, ir\u00e1 a parar a una granja castellanoleonesa; mientras que el Porc d\u2019Or Ib\u00e9rico Especial a la Producci\u00f3n al Aire Libre se quedar\u00e1 en [&hellip;]\" \/>\r\n<meta property=\"og:url\" content=\"https:\/\/www.irta.cat\/es\/noticia\/34-granjas-nominadas-a-los-premios-porc-dor-2022\/\" \/>\r\n<meta property=\"og:site_name\" content=\"IRTA\" \/>\r\n<meta property=\"article:publisher\" content=\"https:\/\/www.facebook.com\/irtacat\" \/>\r\n<meta property=\"article:modified_time\" content=\"2024-11-06T09:16:43+00:00\" \/>\r\n<meta property=\"og:image\" content=\"https:\/\/www.irta.cat\/wp-content\/uploads\/2023\/01\/Estatua-granja-fons.jpg\" \/>\r\n\t<meta property=\"og:image:width\" content=\"1\" \/>\r\n\t<meta property=\"og:image:height\" content=\"1\" \/>\r\n\t<meta property=\"og:image:type\" content=\"image\/jpeg\" \/>\r\n<meta name=\"twitter:card\" content=\"summary_large_image\" \/>\r\n<meta name=\"twitter:site\" content=\"@irtacat\" \/>\r\n<meta name=\"twitter:label1\" content=\"Tiempo de lectura\" \/>\n\t<meta name=\"twitter:data1\" content=\"5 minutos\" \/>\r\n<script type=\"application\/ld+json\" class=\"yoast-schema-graph\">{\"@context\":\"https:\/\/schema.org\",\"@graph\":[{\"@type\":\"WebPage\",\"@id\":\"https:\/\/www.irta.cat\/es\/noticia\/34-granjas-nominadas-a-los-premios-porc-dor-2022\/\",\"url\":\"https:\/\/www.irta.cat\/es\/noticia\/34-granjas-nominadas-a-los-premios-porc-dor-2022\/\",\"name\":\"34 granjas nominadas a los premios Porc d'Or 2022 &#187; IRTA\",\"isPartOf\":{\"@id\":\"https:\/\/www.irta.cat\/es\/#website\"},\"primaryImageOfPage\":{\"@id\":\"https:\/\/www.irta.cat\/es\/noticia\/34-granjas-nominadas-a-los-premios-porc-dor-2022\/#primaryimage\"},\"image\":{\"@id\":\"https:\/\/www.irta.cat\/es\/noticia\/34-granjas-nominadas-a-los-premios-porc-dor-2022\/#primaryimage\"},\"thumbnailUrl\":\"https:\/\/www.irta.cat\/wp-content\/uploads\/2023\/01\/Estatua-granja-fons.jpg\",\"datePublished\":\"2022-09-13T08:16:30+00:00\",\"dateModified\":\"2024-11-06T09:16:43+00:00\",\"breadcrumb\":{\"@id\":\"https:\/\/www.irta.cat\/es\/noticia\/34-granjas-nominadas-a-los-premios-porc-dor-2022\/#breadcrumb\"},\"inLanguage\":\"es\",\"potentialAction\":[{\"@type\":\"ReadAction\",\"target\":[\"https:\/\/www.irta.cat\/es\/noticia\/34-granjas-nominadas-a-los-premios-porc-dor-2022\/\"]}]},{\"@type\":\"ImageObject\",\"inLanguage\":\"es\",\"@id\":\"https:\/\/www.irta.cat\/es\/noticia\/34-granjas-nominadas-a-los-premios-porc-dor-2022\/#primaryimage\",\"url\":\"https:\/\/www.irta.cat\/wp-content\/uploads\/2023\/01\/Estatua-granja-fons.jpg\",\"contentUrl\":\"https:\/\/www.irta.cat\/wp-content\/uploads\/2023\/01\/Estatua-granja-fons.jpg\"},{\"@type\":\"BreadcrumbList\",\"@id\":\"https:\/\/www.irta.cat\/es\/noticia\/34-granjas-nominadas-a-los-premios-porc-dor-2022\/#breadcrumb\",\"itemListElement\":[{\"@type\":\"ListItem\",\"position\":1,\"name\":\"Inici\",\"item\":\"https:\/\/www.irta.cat\/es\/\"},{\"@type\":\"ListItem\",\"position\":2,\"name\":\"34 granjas nominadas a los premios Porc d&#8217;Or 2022\"}]},{\"@type\":\"WebSite\",\"@id\":\"https:\/\/www.irta.cat\/es\/#website\",\"url\":\"https:\/\/www.irta.cat\/es\/\",\"name\":\"IRTA\",\"description\":\"Institut de Recerca i Tecnologia Agroaliment\u00e0ries\",\"publisher\":{\"@id\":\"https:\/\/www.irta.cat\/es\/#organization\"},\"alternateName\":\"%%sitename%% %%sep%% %%title%%\",\"potentialAction\":[{\"@type\":\"SearchAction\",\"target\":{\"@type\":\"EntryPoint\",\"urlTemplate\":\"https:\/\/www.irta.cat\/es\/?s={search_term_string}\"},\"query-input\":{\"@type\":\"PropertyValueSpecification\",\"valueRequired\":true,\"valueName\":\"search_term_string\"}}],\"inLanguage\":\"es\"},{\"@type\":\"Organization\",\"@id\":\"https:\/\/www.irta.cat\/es\/#organization\",\"name\":\"IRTA\",\"url\":\"https:\/\/www.irta.cat\/es\/\",\"logo\":{\"@type\":\"ImageObject\",\"inLanguage\":\"es\",\"@id\":\"https:\/\/www.irta.cat\/es\/#\/schema\/logo\/image\/\",\"url\":\"https:\/\/www.irta.cat\/wp-content\/uploads\/2023\/04\/Logo-IRTA-verm.png\",\"contentUrl\":\"https:\/\/www.irta.cat\/wp-content\/uploads\/2023\/04\/Logo-IRTA-verm.png\",\"width\":1250,\"height\":500,\"caption\":\"IRTA\"},\"image\":{\"@id\":\"https:\/\/www.irta.cat\/es\/#\/schema\/logo\/image\/\"},\"sameAs\":[\"https:\/\/www.facebook.com\/irtacat\",\"https:\/\/x.com\/irtacat\"]}]}<\/script>\r\n<!-- \/ Yoast SEO plugin. -->","yoast_head_json":{"title":"34 granjas nominadas a los premios Porc d'Or 2022 &#187; IRTA","robots":{"index":"index","follow":"follow","max-snippet":"max-snippet:-1","max-image-preview":"max-image-preview:large","max-video-preview":"max-video-preview:-1"},"canonical":"https:\/\/www.irta.cat\/es\/noticia\/34-granjas-nominadas-a-los-premios-porc-dor-2022\/","og_locale":"es_ES","og_type":"article","og_title":"34 granjas nominadas a los premios Porc d'Or 2022 &#187; IRTA","og_description":"Granjas de Castilla y Le\u00f3n y Extremadura se reparten la mayor parte de las nominaciones. Andaluc\u00eda y Castilla-La Mancha tambi\u00e9n est\u00e1n representadas El m\u00e1ximo galard\u00f3n, el Porc d\u2019Or Ib\u00e9rico Especial con Diamante, ir\u00e1 a parar a una granja castellanoleonesa; mientras que el Porc d\u2019Or Ib\u00e9rico Especial a la Producci\u00f3n al Aire Libre se quedar\u00e1 en [&hellip;]","og_url":"https:\/\/www.irta.cat\/es\/noticia\/34-granjas-nominadas-a-los-premios-porc-dor-2022\/","og_site_name":"IRTA","article_publisher":"https:\/\/www.facebook.com\/irtacat","article_modified_time":"2024-11-06T09:16:43+00:00","og_image":[{"url":"https:\/\/www.irta.cat\/wp-content\/uploads\/2023\/01\/Estatua-granja-fons.jpg","width":1,"height":1,"type":"image\/jpeg"}],"twitter_card":"summary_large_image","twitter_site":"@irtacat","twitter_misc":{"Tiempo de lectura":"5 minutos"},"schema":{"@context":"https:\/\/schema.org","@graph":[{"@type":"WebPage","@id":"https:\/\/www.irta.cat\/es\/noticia\/34-granjas-nominadas-a-los-premios-porc-dor-2022\/","url":"https:\/\/www.irta.cat\/es\/noticia\/34-granjas-nominadas-a-los-premios-porc-dor-2022\/","name":"34 granjas nominadas a los premios Porc d'Or 2022 &#187; IRTA","isPartOf":{"@id":"https:\/\/www.irta.cat\/es\/#website"},"primaryImageOfPage":{"@id":"https:\/\/www.irta.cat\/es\/noticia\/34-granjas-nominadas-a-los-premios-porc-dor-2022\/#primaryimage"},"image":{"@id":"https:\/\/www.irta.cat\/es\/noticia\/34-granjas-nominadas-a-los-premios-porc-dor-2022\/#primaryimage"},"thumbnailUrl":"https:\/\/www.irta.cat\/wp-content\/uploads\/2023\/01\/Estatua-granja-fons.jpg","datePublished":"2022-09-13T08:16:30+00:00","dateModified":"2024-11-06T09:16:43+00:00","breadcrumb":{"@id":"https:\/\/www.irta.cat\/es\/noticia\/34-granjas-nominadas-a-los-premios-porc-dor-2022\/#breadcrumb"},"inLanguage":"es","potentialAction":[{"@type":"ReadAction","target":["https:\/\/www.irta.cat\/es\/noticia\/34-granjas-nominadas-a-los-premios-porc-dor-2022\/"]}]},{"@type":"ImageObject","inLanguage":"es","@id":"https:\/\/www.irta.cat\/es\/noticia\/34-granjas-nominadas-a-los-premios-porc-dor-2022\/#primaryimage","url":"https:\/\/www.irta.cat\/wp-content\/uploads\/2023\/01\/Estatua-granja-fons.jpg","contentUrl":"https:\/\/www.irta.cat\/wp-content\/uploads\/2023\/01\/Estatua-granja-fons.jpg"},{"@type":"BreadcrumbList","@id":"https:\/\/www.irta.cat\/es\/noticia\/34-granjas-nominadas-a-los-premios-porc-dor-2022\/#breadcrumb","itemListElement":[{"@type":"ListItem","position":1,"name":"Inici","item":"https:\/\/www.irta.cat\/es\/"},{"@type":"ListItem","position":2,"name":"34 granjas nominadas a los premios Porc d&#8217;Or 2022"}]},{"@type":"WebSite","@id":"https:\/\/www.irta.cat\/es\/#website","url":"https:\/\/www.irta.cat\/es\/","name":"IRTA","description":"Institut de Recerca i Tecnologia Agroaliment\u00e0ries","publisher":{"@id":"https:\/\/www.irta.cat\/es\/#organization"},"alternateName":"%%sitename%% %%sep%% %%title%%","potentialAction":[{"@type":"SearchAction","target":{"@type":"EntryPoint","urlTemplate":"https:\/\/www.irta.cat\/es\/?s={search_term_string}"},"query-input":{"@type":"PropertyValueSpecification","valueRequired":true,"valueName":"search_term_string"}}],"inLanguage":"es"},{"@type":"Organization","@id":"https:\/\/www.irta.cat\/es\/#organization","name":"IRTA","url":"https:\/\/www.irta.cat\/es\/","logo":{"@type":"ImageObject","inLanguage":"es","@id":"https:\/\/www.irta.cat\/es\/#\/schema\/logo\/image\/","url":"https:\/\/www.irta.cat\/wp-content\/uploads\/2023\/04\/Logo-IRTA-verm.png","contentUrl":"https:\/\/www.irta.cat\/wp-content\/uploads\/2023\/04\/Logo-IRTA-verm.png","width":1250,"height":500,"caption":"IRTA"},"image":{"@id":"https:\/\/www.irta.cat\/es\/#\/schema\/logo\/image\/"},"sameAs":["https:\/\/www.facebook.com\/irtacat","https:\/\/x.com\/irtacat"]}]}},"_links":{"self":[{"href":"https:\/\/www.irta.cat\/es\/wp-json\/wp\/v2\/noticia\/60133","targetHints":{"allow":["GET"]}}],"collection":[{"href":"https:\/\/www.irta.cat\/es\/wp-json\/wp\/v2\/noticia"}],"about":[{"href":"https:\/\/www.irta.cat\/es\/wp-json\/wp\/v2\/types\/noticia"}],"version-history":[{"count":0,"href":"https:\/\/www.irta.cat\/es\/wp-json\/wp\/v2\/noticia\/60133\/revisions"}],"wp:featuredmedia":[{"embeddable":true,"href":"https:\/\/www.irta.cat\/es\/wp-json\/wp\/v2\/media\/13864"}],"wp:attachment":[{"href":"https:\/\/www.irta.cat\/es\/wp-json\/wp\/v2\/media?parent=60133"}],"wp:term":[{"taxonomy":"categoria_noticia","embeddable":true,"href":"https:\/\/www.irta.cat\/es\/wp-json\/wp\/v2\/categoria_noticia?post=60133"},{"taxonomy":"etiqueta_filtrar_noticia","embeddable":true,"href":"https:\/\/www.irta.cat\/es\/wp-json\/wp\/v2\/etiqueta_filtrar_noticia?post=60133"}],"curies":[{"name":"wp","href":"https:\/\/api.w.org\/{rel}","templated":true}]}}