{"id":60119,"date":"2022-09-07T07:05:57","date_gmt":"2022-09-07T05:05:57","guid":{"rendered":"https:\/\/www.irta.cat\/noticia\/agosto-acoge-las-principales-jornadas-de-referencia-en-produccion-vegetal\/"},"modified":"2024-11-06T10:16:25","modified_gmt":"2024-11-06T09:16:25","slug":"agosto-acoge-las-principales-jornadas-de-referencia-en-produccion-vegetal","status":"publish","type":"noticia","link":"https:\/\/www.irta.cat\/es\/noticia\/agosto-acoge-las-principales-jornadas-de-referencia-en-produccion-vegetal\/","title":{"rendered":"Agosto acoge las principales jornadas de referencia en producci\u00f3n vegetal"},"content":{"rendered":"\n<p>Durante agosto, el IRTA no ha hecho vacaciones, al menos los que trabajan en campo. A continuaci\u00f3n, repasamos algunas de las principales jornadas t\u00e9cnicas de referencia de producci\u00f3n vegetal que se celebraron en las \u00faltimas semanas.<\/p>\n\n\n\n<div style=\"height:10px\" aria-hidden=\"true\" class=\"wp-block-spacer\"><\/div>\n\n\n\n<h3 class=\"wp-block-heading\"><strong>Jornada frut\u00edcola de verano (4 de agosto)<\/strong><\/h3>\n\n\n\n<figure class=\"wp-block-gallery columns-3 is-cropped wp-block-gallery-1 is-layout-flex wp-block-gallery-is-layout-flex\"><ul class=\"blocks-gallery-grid\"><li class=\"blocks-gallery-item\"><figure><a href=\"https:\/\/www.irta.cat\/wp-content\/uploads\/2022\/09\/Jornada-Fructi-2022_01-scaled.jpg\"><img decoding=\"async\" src=\"https:\/\/www.irta.cat\/wp-content\/uploads\/2022\/09\/Jornada-Fructi-2022_01-1-scaled.jpg\" alt=\"\" data-id=\"47578\" data-full-url=\"https:\/\/www.irta.cat\/wp-content\/uploads\/2022\/09\/Jornada-Fructi-2022_01-scaled.jpg\" data-link=\"https:\/\/www.irta.cat\/ca\/jornades-irta-destiu\/jornada-fructi-2022_01\/\" class=\"wp-image-47578\" loading=\"lazy\" \/><\/a><\/figure><\/li><li class=\"blocks-gallery-item\"><figure><a href=\"https:\/\/www.irta.cat\/wp-content\/uploads\/2022\/09\/Jornada-Fructi-2022_02-scaled.jpg\"><img decoding=\"async\" src=\"https:\/\/www.irta.cat\/wp-content\/uploads\/2022\/09\/Jornada-Fructi-2022_02-1-scaled.jpg\" alt=\"\" data-id=\"47581\" data-full-url=\"https:\/\/www.irta.cat\/wp-content\/uploads\/2022\/09\/Jornada-Fructi-2022_02-scaled.jpg\" data-link=\"https:\/\/www.irta.cat\/ca\/jornades-irta-destiu\/jornada-fructi-2022_02\/\" class=\"wp-image-47581\" loading=\"lazy\" \/><\/a><\/figure><\/li><li class=\"blocks-gallery-item\"><figure><a href=\"https:\/\/www.irta.cat\/wp-content\/uploads\/2022\/09\/Jornada-Fructi-2022_03-scaled.jpg\"><img decoding=\"async\" src=\"https:\/\/www.irta.cat\/wp-content\/uploads\/2022\/09\/Jornada-Fructi-2022_03-1-scaled.jpg\" alt=\"\" data-id=\"47585\" data-full-url=\"https:\/\/www.irta.cat\/wp-content\/uploads\/2022\/09\/Jornada-Fructi-2022_03-scaled.jpg\" data-link=\"https:\/\/www.irta.cat\/ca\/jornades-irta-destiu\/jornada-fructi-2022_03\/\" class=\"wp-image-47585\" loading=\"lazy\" \/><\/a><\/figure><\/li><\/ul><\/figure>\n\n\n\n<p>Unas 130 personas asistieron a la <a href=\"https:\/\/transferencia.irta.cat\/es\/activitats\/jornada-fructicola-verano\/\" target=\"_blank\" rel=\"noreferrer noopener\">jornada frut\u00edcola<\/a> de este a\u00f1o del IRTA, que tuvo lugar en Mas Badia, en La Tallada d&#8217;Empord\u00e0 (Girona). Los expertos del IRTA ofrecieron ponencias sobre el cultivo y la producci\u00f3n de las <strong>variedades de almendro, melocot\u00f3n, nectarina, manzana y pera<\/strong>, as\u00ed como sobre patolog\u00edas y estrategias de control de plagas.<\/p>\n\n\n\n<p>El objetivo principal de esta jornada era dar respuesta a los retos del sector frut\u00edcola, especialmente para el cultivo de manzano. En esta edici\u00f3n se presentaron los resultados de la investigaci\u00f3n en relaci\u00f3n al material vegetal de variedades de manzanas y portainjertos. Tambi\u00e9n se abordaron aspectos tecnol\u00f3gicos e innovaciones referentes a la sanidad y a la gesti\u00f3n de la cubierta vegetal. Por \u00faltimo, en el marco de la digitalizaci\u00f3n se presentaron soluciones tecnol\u00f3gicas.<\/p>\n\n\n\n<div style=\"height:10px\" aria-hidden=\"true\" class=\"wp-block-spacer\"><\/div>\n\n\n\n<h3 class=\"wp-block-heading\"><strong>XXVII Jornada de campo del arroz 2022 (25 de agosto)<\/strong><\/h3>\n\n\n\n<figure class=\"wp-block-gallery columns-3 is-cropped wp-block-gallery-2 is-layout-flex wp-block-gallery-is-layout-flex\"><ul class=\"blocks-gallery-grid\"><li class=\"blocks-gallery-item\"><figure><a href=\"https:\/\/www.irta.cat\/wp-content\/uploads\/2022\/09\/Jornada-arros_2022_01-scaled.jpg\"><img decoding=\"async\" src=\"https:\/\/www.irta.cat\/wp-content\/uploads\/2022\/09\/Jornada-arros_2022_01-1-scaled.jpg\" alt=\"\" data-id=\"47612\" data-full-url=\"https:\/\/www.irta.cat\/wp-content\/uploads\/2022\/09\/Jornada-arros_2022_01-scaled.jpg\" data-link=\"https:\/\/www.irta.cat\/ca\/lagost-acull-les-principals-jornades-de-referencia-en-produccio-vegetal\/jornada-arros_2022_01\/\" class=\"wp-image-47612\" loading=\"lazy\" \/><\/a><\/figure><\/li><li class=\"blocks-gallery-item\"><figure><a href=\"https:\/\/www.irta.cat\/wp-content\/uploads\/2022\/09\/Jornada-arros_2022_02-scaled.jpg\"><img decoding=\"async\" src=\"https:\/\/www.irta.cat\/wp-content\/uploads\/Jornada-arros_2022_02-scaled.jpg\" alt=\"\" data-id=\"47615\" data-full-url=\"https:\/\/www.irta.cat\/wp-content\/uploads\/2022\/09\/Jornada-arros_2022_02-scaled.jpg\" data-link=\"https:\/\/www.irta.cat\/ca\/lagost-acull-les-principals-jornades-de-referencia-en-produccio-vegetal\/jornada-arros_2022_02\/\" class=\"wp-image-47615\" loading=\"lazy\" \/><\/a><\/figure><\/li><li class=\"blocks-gallery-item\"><figure><a href=\"https:\/\/www.irta.cat\/wp-content\/uploads\/2022\/09\/Jornada-arros_2022_03-scaled.jpg\"><img decoding=\"async\" src=\"https:\/\/www.irta.cat\/wp-content\/uploads\/2022\/09\/Jornada-arros_2022_03-1-scaled.jpg\" alt=\"\" data-id=\"47618\" data-full-url=\"https:\/\/www.irta.cat\/wp-content\/uploads\/2022\/09\/Jornada-arros_2022_03-scaled.jpg\" data-link=\"https:\/\/www.irta.cat\/ca\/lagost-acull-les-principals-jornades-de-referencia-en-produccio-vegetal\/jornada-arros_2022_03\/\" class=\"wp-image-47618\" loading=\"lazy\" \/><\/a><\/figure><\/li><\/ul><\/figure>\n\n\n\n<p>Unas 250 personas visitaron los campos experimentales del IRTA en Amposta. <a href=\"https:\/\/transferencia.irta.cat\/es\/activitats\/xxvii-jornada-de-camp-de-larros-2022\/\" target=\"_blank\" rel=\"noreferrer noopener\">Una cita de referencia para el sector arrocero catal\u00e1n<\/a>, que despu\u00e9s de 2 a\u00f1os volvi\u00f3 para mostrar a los profesionales los resultados de los diferentes campos experimentales y tambi\u00e9n las novedades de las empresas del sector.<\/p>\n\n\n\n<p>El tema que inici\u00f3 la Jornada fue la fertilizaci\u00f3n y se habl\u00f3 de la gesti\u00f3n sostenible del f\u00f3sforo en los arrozales, los abonos en verde como complemento de fertilizaci\u00f3n y de la aplicaci\u00f3n de fertilizantes con nuevas tecnolog\u00edas, entre otros . Mar Catal\u00e0, especialista en arroz del IRTA, trat\u00f3 las nuevas variedades de arroz y el futuro hacia variedades m\u00e1s eficientes en el uso de nitr\u00f3geno. A continuaci\u00f3n, N\u00e9stor P\u00e9rez y Ra\u00fcl Llevat, tambi\u00e9n del IRTA, hablaron de biodiversidad, gesti\u00f3n del agua de los arrozales y de la contribuci\u00f3n de los m\u00e1rgenes con vegetaci\u00f3n en el cultivo del arroz. Por \u00faltimo, la jornada cont\u00f3 con un espacio a cargo de las empresas colaboradoras, en el que se trataron tanto la sanidad y nutrici\u00f3n vegetal, como la maquinaria agr\u00edcola y las nuevas tecnolog\u00edas.<\/p>\n\n\n\n<div style=\"height:10px\" aria-hidden=\"true\" class=\"wp-block-spacer\"><\/div>\n\n\n\n<h3 class=\"wp-block-heading\"><strong>XXVI Exposici\u00f3n comentada de melocot\u00f3n y nectarina 2022 (31 de agosto)<\/strong><\/h3>\n\n\n\n<figure class=\"wp-block-gallery columns-3 is-cropped wp-block-gallery-3 is-layout-flex wp-block-gallery-is-layout-flex\"><ul class=\"blocks-gallery-grid\"><li class=\"blocks-gallery-item\"><figure><a href=\"https:\/\/www.irta.cat\/wp-content\/uploads\/2022\/09\/Jornada-pressec-2022_01.jpg\"><img decoding=\"async\" src=\"https:\/\/www.irta.cat\/wp-content\/uploads\/2023\/01\/Jornada-pressec-2022_01.jpg\" alt=\"\" data-id=\"47589\" data-full-url=\"https:\/\/www.irta.cat\/wp-content\/uploads\/2022\/09\/Jornada-pressec-2022_01.jpg\" data-link=\"https:\/\/www.irta.cat\/ca\/jornades-irta-destiu\/jornada-pressec-2022_01\/\" class=\"wp-image-47589\" loading=\"lazy\" \/><\/a><\/figure><\/li><li class=\"blocks-gallery-item\"><figure><a href=\"https:\/\/www.irta.cat\/wp-content\/uploads\/2022\/09\/Jornada-pressec-2022_02-scaled.jpg\"><img decoding=\"async\" src=\"https:\/\/www.irta.cat\/wp-content\/uploads\/2022\/09\/Jornada-pressec-2022_02-1-scaled.jpg\" alt=\"\" data-id=\"47592\" data-full-url=\"https:\/\/www.irta.cat\/wp-content\/uploads\/2022\/09\/Jornada-pressec-2022_02-scaled.jpg\" data-link=\"https:\/\/www.irta.cat\/ca\/jornades-irta-destiu\/jornada-pressec-2022_02\/\" class=\"wp-image-47592\" loading=\"lazy\" \/><\/a><\/figure><\/li><li class=\"blocks-gallery-item\"><figure><a href=\"https:\/\/www.irta.cat\/wp-content\/uploads\/2022\/09\/Jornada-pressec-2022_03-scaled.jpg\"><img decoding=\"async\" src=\"https:\/\/www.irta.cat\/wp-content\/uploads\/2022\/09\/Jornada-pressec-2022_03-1-scaled.jpg\" alt=\"\" data-id=\"47595\" data-full-url=\"https:\/\/www.irta.cat\/wp-content\/uploads\/2022\/09\/Jornada-pressec-2022_03-scaled.jpg\" data-link=\"https:\/\/www.irta.cat\/ca\/jornades-irta-destiu\/jornada-pressec-2022_03\/\" class=\"wp-image-47595\" loading=\"lazy\" \/><\/a><\/figure><\/li><\/ul><\/figure>\n\n\n\n<p>Despu\u00e9s de dos a\u00f1os celebrando la Exposici\u00f3n del Melocot\u00f3n y la Nectarina dentro de la Jornada Fruct\u00edcola de Mollerussa, se recuper\u00f3 el formato tradicional en Alcarr\u00e0s.<\/p>\n\n\n\n<p>En este encuentro, que reuni\u00f3 a unas 160 personas, se habl\u00f3 sobre el comportamiento de las variedades de melocot\u00f3n y nectarina. Se dio a conocer el proyecto demostrativo RECFRUIT y se expuso c\u00f3mo est\u00e1 el sector del melocot\u00f3n en Italia. La jornada tambi\u00e9n dispuso de un espacio de exposici\u00f3n con algunos obtentores del sector.<\/p>\n","protected":false},"featured_media":45372,"template":"","categoria_noticia":[],"etiqueta_filtrar_noticia":[8621,9928,7869,7872],"class_list":["post-60119","noticia","type-noticia","status-publish","has-post-thumbnail","hentry","etiqueta_filtrar_noticia-fruita-dolca","etiqueta_filtrar_noticia-jornades-de-transferencia","etiqueta_filtrar_noticia-nectarina","etiqueta_filtrar_noticia-pressec"],"acf":[],"yoast_head":"<!-- This site is optimized with the Yoast SEO plugin v26.6 - https:\/\/yoast.com\/wordpress\/plugins\/seo\/ -->\r\n<title>Agosto acoge las principales jornadas de referencia en producci\u00f3n vegetal &#187; IRTA<\/title>\r\n<meta name=\"robots\" content=\"index, follow, max-snippet:-1, max-image-preview:large, max-video-preview:-1\" \/>\r\n<link rel=\"canonical\" href=\"https:\/\/www.irta.cat\/es\/noticia\/agosto-acoge-las-principales-jornadas-de-referencia-en-produccion-vegetal\/\" \/>\r\n<meta property=\"og:locale\" content=\"es_ES\" \/>\r\n<meta property=\"og:type\" content=\"article\" \/>\r\n<meta property=\"og:title\" content=\"Agosto acoge las principales jornadas de referencia en producci\u00f3n vegetal &#187; IRTA\" \/>\r\n<meta property=\"og:description\" content=\"Durante agosto, el IRTA no ha hecho vacaciones, al menos los que trabajan en campo. A continuaci\u00f3n, repasamos algunas de las principales jornadas t\u00e9cnicas de referencia de producci\u00f3n vegetal que se celebraron en las \u00faltimas semanas. Jornada frut\u00edcola de verano (4 de agosto) Unas 130 personas asistieron a la jornada frut\u00edcola de este a\u00f1o del [&hellip;]\" \/>\r\n<meta property=\"og:url\" content=\"https:\/\/www.irta.cat\/es\/noticia\/agosto-acoge-las-principales-jornadas-de-referencia-en-produccion-vegetal\/\" \/>\r\n<meta property=\"og:site_name\" content=\"IRTA\" \/>\r\n<meta property=\"article:publisher\" content=\"https:\/\/www.facebook.com\/irtacat\" \/>\r\n<meta property=\"article:modified_time\" content=\"2024-11-06T09:16:25+00:00\" \/>\r\n<meta property=\"og:image\" content=\"https:\/\/www.irta.cat\/wp-content\/uploads\/2022\/09\/Jornada-pressec-2022_02-1-scaled.jpg\" \/>\r\n\t<meta property=\"og:image:width\" content=\"1920\" \/>\r\n\t<meta property=\"og:image:height\" content=\"1440\" \/>\r\n\t<meta property=\"og:image:type\" content=\"image\/jpeg\" \/>\r\n<meta name=\"twitter:card\" content=\"summary_large_image\" \/>\r\n<meta name=\"twitter:site\" content=\"@irtacat\" \/>\r\n<meta name=\"twitter:label1\" content=\"Tiempo de lectura\" \/>\n\t<meta name=\"twitter:data1\" content=\"2 minutos\" \/>\r\n<script type=\"application\/ld+json\" class=\"yoast-schema-graph\">{\"@context\":\"https:\/\/schema.org\",\"@graph\":[{\"@type\":\"WebPage\",\"@id\":\"https:\/\/www.irta.cat\/es\/noticia\/agosto-acoge-las-principales-jornadas-de-referencia-en-produccion-vegetal\/\",\"url\":\"https:\/\/www.irta.cat\/es\/noticia\/agosto-acoge-las-principales-jornadas-de-referencia-en-produccion-vegetal\/\",\"name\":\"Agosto acoge las principales jornadas de referencia en producci\u00f3n vegetal &#187; IRTA\",\"isPartOf\":{\"@id\":\"https:\/\/www.irta.cat\/es\/#website\"},\"primaryImageOfPage\":{\"@id\":\"https:\/\/www.irta.cat\/es\/noticia\/agosto-acoge-las-principales-jornadas-de-referencia-en-produccion-vegetal\/#primaryimage\"},\"image\":{\"@id\":\"https:\/\/www.irta.cat\/es\/noticia\/agosto-acoge-las-principales-jornadas-de-referencia-en-produccion-vegetal\/#primaryimage\"},\"thumbnailUrl\":\"https:\/\/www.irta.cat\/wp-content\/uploads\/2022\/09\/Jornada-pressec-2022_02-1-scaled.jpg\",\"datePublished\":\"2022-09-07T05:05:57+00:00\",\"dateModified\":\"2024-11-06T09:16:25+00:00\",\"breadcrumb\":{\"@id\":\"https:\/\/www.irta.cat\/es\/noticia\/agosto-acoge-las-principales-jornadas-de-referencia-en-produccion-vegetal\/#breadcrumb\"},\"inLanguage\":\"es\",\"potentialAction\":[{\"@type\":\"ReadAction\",\"target\":[\"https:\/\/www.irta.cat\/es\/noticia\/agosto-acoge-las-principales-jornadas-de-referencia-en-produccion-vegetal\/\"]}]},{\"@type\":\"ImageObject\",\"inLanguage\":\"es\",\"@id\":\"https:\/\/www.irta.cat\/es\/noticia\/agosto-acoge-las-principales-jornadas-de-referencia-en-produccion-vegetal\/#primaryimage\",\"url\":\"https:\/\/www.irta.cat\/wp-content\/uploads\/2022\/09\/Jornada-pressec-2022_02-1-scaled.jpg\",\"contentUrl\":\"https:\/\/www.irta.cat\/wp-content\/uploads\/2022\/09\/Jornada-pressec-2022_02-1-scaled.jpg\",\"width\":1920,\"height\":1440},{\"@type\":\"BreadcrumbList\",\"@id\":\"https:\/\/www.irta.cat\/es\/noticia\/agosto-acoge-las-principales-jornadas-de-referencia-en-produccion-vegetal\/#breadcrumb\",\"itemListElement\":[{\"@type\":\"ListItem\",\"position\":1,\"name\":\"Inici\",\"item\":\"https:\/\/www.irta.cat\/es\/\"},{\"@type\":\"ListItem\",\"position\":2,\"name\":\"Agosto acoge las principales jornadas de referencia en producci\u00f3n vegetal\"}]},{\"@type\":\"WebSite\",\"@id\":\"https:\/\/www.irta.cat\/es\/#website\",\"url\":\"https:\/\/www.irta.cat\/es\/\",\"name\":\"IRTA\",\"description\":\"Institut de Recerca i Tecnologia Agroaliment\u00e0ries\",\"publisher\":{\"@id\":\"https:\/\/www.irta.cat\/es\/#organization\"},\"alternateName\":\"%%sitename%% %%sep%% %%title%%\",\"potentialAction\":[{\"@type\":\"SearchAction\",\"target\":{\"@type\":\"EntryPoint\",\"urlTemplate\":\"https:\/\/www.irta.cat\/es\/?s={search_term_string}\"},\"query-input\":{\"@type\":\"PropertyValueSpecification\",\"valueRequired\":true,\"valueName\":\"search_term_string\"}}],\"inLanguage\":\"es\"},{\"@type\":\"Organization\",\"@id\":\"https:\/\/www.irta.cat\/es\/#organization\",\"name\":\"IRTA\",\"url\":\"https:\/\/www.irta.cat\/es\/\",\"logo\":{\"@type\":\"ImageObject\",\"inLanguage\":\"es\",\"@id\":\"https:\/\/www.irta.cat\/es\/#\/schema\/logo\/image\/\",\"url\":\"https:\/\/www.irta.cat\/wp-content\/uploads\/2023\/04\/Logo-IRTA-verm.png\",\"contentUrl\":\"https:\/\/www.irta.cat\/wp-content\/uploads\/2023\/04\/Logo-IRTA-verm.png\",\"width\":1250,\"height\":500,\"caption\":\"IRTA\"},\"image\":{\"@id\":\"https:\/\/www.irta.cat\/es\/#\/schema\/logo\/image\/\"},\"sameAs\":[\"https:\/\/www.facebook.com\/irtacat\",\"https:\/\/x.com\/irtacat\"]}]}<\/script>\r\n<!-- \/ Yoast SEO plugin. -->","yoast_head_json":{"title":"Agosto acoge las principales jornadas de referencia en producci\u00f3n vegetal &#187; IRTA","robots":{"index":"index","follow":"follow","max-snippet":"max-snippet:-1","max-image-preview":"max-image-preview:large","max-video-preview":"max-video-preview:-1"},"canonical":"https:\/\/www.irta.cat\/es\/noticia\/agosto-acoge-las-principales-jornadas-de-referencia-en-produccion-vegetal\/","og_locale":"es_ES","og_type":"article","og_title":"Agosto acoge las principales jornadas de referencia en producci\u00f3n vegetal &#187; IRTA","og_description":"Durante agosto, el IRTA no ha hecho vacaciones, al menos los que trabajan en campo. A continuaci\u00f3n, repasamos algunas de las principales jornadas t\u00e9cnicas de referencia de producci\u00f3n vegetal que se celebraron en las \u00faltimas semanas. Jornada frut\u00edcola de verano (4 de agosto) Unas 130 personas asistieron a la jornada frut\u00edcola de este a\u00f1o del [&hellip;]","og_url":"https:\/\/www.irta.cat\/es\/noticia\/agosto-acoge-las-principales-jornadas-de-referencia-en-produccion-vegetal\/","og_site_name":"IRTA","article_publisher":"https:\/\/www.facebook.com\/irtacat","article_modified_time":"2024-11-06T09:16:25+00:00","og_image":[{"width":1920,"height":1440,"url":"https:\/\/www.irta.cat\/wp-content\/uploads\/2022\/09\/Jornada-pressec-2022_02-1-scaled.jpg","type":"image\/jpeg"}],"twitter_card":"summary_large_image","twitter_site":"@irtacat","twitter_misc":{"Tiempo de lectura":"2 minutos"},"schema":{"@context":"https:\/\/schema.org","@graph":[{"@type":"WebPage","@id":"https:\/\/www.irta.cat\/es\/noticia\/agosto-acoge-las-principales-jornadas-de-referencia-en-produccion-vegetal\/","url":"https:\/\/www.irta.cat\/es\/noticia\/agosto-acoge-las-principales-jornadas-de-referencia-en-produccion-vegetal\/","name":"Agosto acoge las principales jornadas de referencia en producci\u00f3n vegetal &#187; IRTA","isPartOf":{"@id":"https:\/\/www.irta.cat\/es\/#website"},"primaryImageOfPage":{"@id":"https:\/\/www.irta.cat\/es\/noticia\/agosto-acoge-las-principales-jornadas-de-referencia-en-produccion-vegetal\/#primaryimage"},"image":{"@id":"https:\/\/www.irta.cat\/es\/noticia\/agosto-acoge-las-principales-jornadas-de-referencia-en-produccion-vegetal\/#primaryimage"},"thumbnailUrl":"https:\/\/www.irta.cat\/wp-content\/uploads\/2022\/09\/Jornada-pressec-2022_02-1-scaled.jpg","datePublished":"2022-09-07T05:05:57+00:00","dateModified":"2024-11-06T09:16:25+00:00","breadcrumb":{"@id":"https:\/\/www.irta.cat\/es\/noticia\/agosto-acoge-las-principales-jornadas-de-referencia-en-produccion-vegetal\/#breadcrumb"},"inLanguage":"es","potentialAction":[{"@type":"ReadAction","target":["https:\/\/www.irta.cat\/es\/noticia\/agosto-acoge-las-principales-jornadas-de-referencia-en-produccion-vegetal\/"]}]},{"@type":"ImageObject","inLanguage":"es","@id":"https:\/\/www.irta.cat\/es\/noticia\/agosto-acoge-las-principales-jornadas-de-referencia-en-produccion-vegetal\/#primaryimage","url":"https:\/\/www.irta.cat\/wp-content\/uploads\/2022\/09\/Jornada-pressec-2022_02-1-scaled.jpg","contentUrl":"https:\/\/www.irta.cat\/wp-content\/uploads\/2022\/09\/Jornada-pressec-2022_02-1-scaled.jpg","width":1920,"height":1440},{"@type":"BreadcrumbList","@id":"https:\/\/www.irta.cat\/es\/noticia\/agosto-acoge-las-principales-jornadas-de-referencia-en-produccion-vegetal\/#breadcrumb","itemListElement":[{"@type":"ListItem","position":1,"name":"Inici","item":"https:\/\/www.irta.cat\/es\/"},{"@type":"ListItem","position":2,"name":"Agosto acoge las principales jornadas de referencia en producci\u00f3n vegetal"}]},{"@type":"WebSite","@id":"https:\/\/www.irta.cat\/es\/#website","url":"https:\/\/www.irta.cat\/es\/","name":"IRTA","description":"Institut de Recerca i Tecnologia Agroaliment\u00e0ries","publisher":{"@id":"https:\/\/www.irta.cat\/es\/#organization"},"alternateName":"%%sitename%% %%sep%% %%title%%","potentialAction":[{"@type":"SearchAction","target":{"@type":"EntryPoint","urlTemplate":"https:\/\/www.irta.cat\/es\/?s={search_term_string}"},"query-input":{"@type":"PropertyValueSpecification","valueRequired":true,"valueName":"search_term_string"}}],"inLanguage":"es"},{"@type":"Organization","@id":"https:\/\/www.irta.cat\/es\/#organization","name":"IRTA","url":"https:\/\/www.irta.cat\/es\/","logo":{"@type":"ImageObject","inLanguage":"es","@id":"https:\/\/www.irta.cat\/es\/#\/schema\/logo\/image\/","url":"https:\/\/www.irta.cat\/wp-content\/uploads\/2023\/04\/Logo-IRTA-verm.png","contentUrl":"https:\/\/www.irta.cat\/wp-content\/uploads\/2023\/04\/Logo-IRTA-verm.png","width":1250,"height":500,"caption":"IRTA"},"image":{"@id":"https:\/\/www.irta.cat\/es\/#\/schema\/logo\/image\/"},"sameAs":["https:\/\/www.facebook.com\/irtacat","https:\/\/x.com\/irtacat"]}]}},"_links":{"self":[{"href":"https:\/\/www.irta.cat\/es\/wp-json\/wp\/v2\/noticia\/60119","targetHints":{"allow":["GET"]}}],"collection":[{"href":"https:\/\/www.irta.cat\/es\/wp-json\/wp\/v2\/noticia"}],"about":[{"href":"https:\/\/www.irta.cat\/es\/wp-json\/wp\/v2\/types\/noticia"}],"version-history":[{"count":0,"href":"https:\/\/www.irta.cat\/es\/wp-json\/wp\/v2\/noticia\/60119\/revisions"}],"wp:featuredmedia":[{"embeddable":true,"href":"https:\/\/www.irta.cat\/es\/wp-json\/wp\/v2\/media\/45372"}],"wp:attachment":[{"href":"https:\/\/www.irta.cat\/es\/wp-json\/wp\/v2\/media?parent=60119"}],"wp:term":[{"taxonomy":"categoria_noticia","embeddable":true,"href":"https:\/\/www.irta.cat\/es\/wp-json\/wp\/v2\/categoria_noticia?post=60119"},{"taxonomy":"etiqueta_filtrar_noticia","embeddable":true,"href":"https:\/\/www.irta.cat\/es\/wp-json\/wp\/v2\/etiqueta_filtrar_noticia?post=60119"}],"curies":[{"name":"wp","href":"https:\/\/api.w.org\/{rel}","templated":true}]}}