{"id":59913,"date":"2022-04-22T07:27:04","date_gmt":"2022-04-22T05:27:04","guid":{"rendered":"https:\/\/www.irta.cat\/noticia\/el-proximo-symposium-de-cunicultura-contara-con-la-coorganizacion-del-irta\/"},"modified":"2024-11-06T10:10:30","modified_gmt":"2024-11-06T09:10:30","slug":"el-proximo-symposium-de-cunicultura-contara-con-la-coorganizacion-del-irta","status":"publish","type":"noticia","link":"https:\/\/www.irta.cat\/es\/noticia\/el-proximo-symposium-de-cunicultura-contara-con-la-coorganizacion-del-irta\/","title":{"rendered":"El pr\u00f3ximo Symposium de Cunicultura contar\u00e1 con la coorganizaci\u00f3n del IRTA"},"content":{"rendered":"\n<h2 class=\"wp-block-heading\"><strong>La edici\u00f3n 46 del Symposium anual de Cunicultura se celebrar\u00e1 este a\u00f1o en el Auditorio de Pineda de Mar, los d\u00edas 1 y 2 de junio<\/strong><\/h2>\n\n\n\n<div class=\"wp-block-image\"><figure class=\"alignright size-large\"><a href=\"https:\/\/www.irta.cat\/wp-content\/uploads\/2023\/01\/PinedaDeMar2022-Poster-IRTA-DACC__r.jpg\" class=\"fancybox irta-lightbox-bridge\" data-fancybox=\"irta-images\"><img decoding=\"async\" src=\"https:\/\/www.irta.cat\/wp-content\/uploads\/2023\/01\/PinedaDeMar2022-Poster-IRTA-DACC__r.jpg\" alt=\"\" class=\"wp-image-45034\" loading=\"lazy\" \/><\/a><\/figure><\/div>\n\n\n\n<p>El IRTA, a trav\u00e9s del programa de <a href=\"https:\/\/www.irta.cat\/es\/grup\/genetica-y-mejora-animal\/\" target=\"_blank\" rel=\"noreferrer noopener\">Gen\u00e9tica y mejora animal<\/a>, colabora en la organizaci\u00f3n del evento junto con el Departamento de Acci\u00f3n Clim\u00e1tica, Alimentaci\u00f3n y Agenda Rural (DACC) de la Generalitat de Catalunya y la Asociaci\u00f3n Espa\u00f1ola de Cunicultura (ASESCU) .<\/p>\n\n\n\n<p>Este acto es una oportunidad para <strong>congregar a productores, investigadores y empresas relacionadas con el sector cun\u00edcola<\/strong>, que durante dos d\u00edas podr\u00e1n disfrutar de diversas ponencias y comunicaciones cient\u00edficas centradas en temas considerados de especial relevancia.<\/p>\n\n\n\n<p><\/p>\n\n\n\n<p><strong>Programa preliminar<\/strong><\/p>\n\n\n\n<p>A continuaci\u00f3n detallamos algunas de las ponencias del Symposium:<\/p>\n\n\n\n<p>Durante el primer d\u00eda, <strong>Jos\u00e9 Maria Gil<\/strong>, del Centro de Investigaci\u00f3n en Econom\u00eda y Desarrollo Agroalimentario (<a href=\"https:\/\/www.irta.cat\/es\/centre\/creda\/\" target=\"_blank\" rel=\"noreferrer noopener\">CREDA-UPC-IRTA<\/a>), hablar\u00e1 sobre las <strong>tendencias en el mercado de productos c\u00e1rnicos<\/strong> y las implicaciones que podr\u00edan tener para el sector cun\u00edcola.<\/p>\n\n\n\n<p>Seguidamente, <strong>Jordina Casas<\/strong>, de la Federaci\u00f3n de Asociaciones de Cunicultores de Catalu\u00f1a (FACC), presentar\u00e1 la <strong>situaci\u00f3n actual<\/strong> de la explotaci\u00f3n ganadera de conejos en el territorio catal\u00e1n.<\/p>\n\n\n\n<p>Durante la tarde tendr\u00e1 lugar la <strong>mesa redonda<\/strong>, con un <strong>debate sobre bienestar animal y el uso de jaulas<\/strong> en el que participar\u00e1n investigadores nacionales e internacionales, la Organizaci\u00f3n Interprofesional Cun\u00edcola (INTERCUN) y representantes del DACC.<\/p>\n\n\n\n<p>El segundo d\u00eda contar\u00e1 con la presencia de <strong>Fernando Estell\u00e9s<\/strong> (de la Universidad Polit\u00e9cnica de Valencia), que hablar\u00e1 sobre <strong>medio ambiente y producci\u00f3n de carne de conejo<\/strong>.<\/p>\n\n\n\n<p>Tambi\u00e9n se tratar\u00e1 el tema de los <strong>cambios en la normativa en materia de medicaci\u00f3n<\/strong>, de la mano de la Asociaci\u00f3n de Veterinarios Especializados en Cunicultura (<strong>AVECU<\/strong>).<\/p>\n\n\n\n<p>A lo largo del Symposium tambi\u00e9n habr\u00e1 sesiones de comunicaciones libres, donde se presentar\u00e1n los avances en investigaci\u00f3n realizados por diferentes grupos en las disciplinas cient\u00edficas m\u00e1s relevantes para el sector, como son el bienestar, la nutrici\u00f3n, la gen\u00e9tica, el manejo y la salud animal.<\/p>\n\n\n\n<p>Puede encontrar <strong>m\u00e1s informaci\u00f3n sobre el evento y las inscripciones en <a href=\"https:\/\/asescu.com\/symposiumpineda22\/\" target=\"_blank\" rel=\"noreferrer noopener\">Asescu Pineda de Mar2022 &#8211; Asescu<\/a><\/strong>.<\/p>\n","protected":false},"featured_media":5581,"template":"","categoria_noticia":[],"etiqueta_filtrar_noticia":[8216,9034,10000,8811],"class_list":["post-59913","noticia","type-noticia","status-publish","has-post-thumbnail","hentry","etiqueta_filtrar_noticia-benestar-animal","etiqueta_filtrar_noticia-cunicultura","etiqueta_filtrar_noticia-genetica-animal","etiqueta_filtrar_noticia-ramaderia"],"acf":[],"yoast_head":"<!-- This site is optimized with the Yoast SEO plugin v26.6 - https:\/\/yoast.com\/wordpress\/plugins\/seo\/ -->\r\n<title>El pr\u00f3ximo Symposium de Cunicultura contar\u00e1 con la coorganizaci\u00f3n del IRTA &#187; IRTA<\/title>\r\n<meta name=\"robots\" content=\"index, follow, max-snippet:-1, max-image-preview:large, max-video-preview:-1\" \/>\r\n<link rel=\"canonical\" href=\"https:\/\/www.irta.cat\/es\/noticia\/el-proximo-symposium-de-cunicultura-contara-con-la-coorganizacion-del-irta\/\" \/>\r\n<meta property=\"og:locale\" content=\"es_ES\" \/>\r\n<meta property=\"og:type\" content=\"article\" \/>\r\n<meta property=\"og:title\" content=\"El pr\u00f3ximo Symposium de Cunicultura contar\u00e1 con la coorganizaci\u00f3n del IRTA &#187; IRTA\" \/>\r\n<meta property=\"og:description\" content=\"La edici\u00f3n 46 del Symposium anual de Cunicultura se celebrar\u00e1 este a\u00f1o en el Auditorio de Pineda de Mar, los d\u00edas 1 y 2 de junio El IRTA, a trav\u00e9s del programa de Gen\u00e9tica y mejora animal, colabora en la organizaci\u00f3n del evento junto con el Departamento de Acci\u00f3n Clim\u00e1tica, Alimentaci\u00f3n y Agenda Rural (DACC) [&hellip;]\" \/>\r\n<meta property=\"og:url\" content=\"https:\/\/www.irta.cat\/es\/noticia\/el-proximo-symposium-de-cunicultura-contara-con-la-coorganizacion-del-irta\/\" \/>\r\n<meta property=\"og:site_name\" content=\"IRTA\" \/>\r\n<meta property=\"article:publisher\" content=\"https:\/\/www.facebook.com\/irtacat\" \/>\r\n<meta property=\"article:modified_time\" content=\"2024-11-06T09:10:30+00:00\" \/>\r\n<meta property=\"og:image\" content=\"https:\/\/www.irta.cat\/wp-content\/uploads\/2023\/01\/PinedaDeMar2022-Poster-IRTA-DACC__r.jpg\" \/>\r\n\t<meta property=\"og:image:width\" content=\"595\" \/>\r\n\t<meta property=\"og:image:height\" content=\"842\" \/>\r\n\t<meta property=\"og:image:type\" content=\"image\/jpeg\" \/>\r\n<meta name=\"twitter:card\" content=\"summary_large_image\" \/>\r\n<meta name=\"twitter:site\" content=\"@irtacat\" \/>\r\n<meta name=\"twitter:label1\" content=\"Tiempo de lectura\" \/>\n\t<meta name=\"twitter:data1\" content=\"2 minutos\" \/>\r\n<script type=\"application\/ld+json\" class=\"yoast-schema-graph\">{\"@context\":\"https:\/\/schema.org\",\"@graph\":[{\"@type\":\"WebPage\",\"@id\":\"https:\/\/www.irta.cat\/es\/noticia\/el-proximo-symposium-de-cunicultura-contara-con-la-coorganizacion-del-irta\/\",\"url\":\"https:\/\/www.irta.cat\/es\/noticia\/el-proximo-symposium-de-cunicultura-contara-con-la-coorganizacion-del-irta\/\",\"name\":\"El pr\u00f3ximo Symposium de Cunicultura contar\u00e1 con la coorganizaci\u00f3n del IRTA &#187; IRTA\",\"isPartOf\":{\"@id\":\"https:\/\/www.irta.cat\/es\/#website\"},\"primaryImageOfPage\":{\"@id\":\"https:\/\/www.irta.cat\/es\/noticia\/el-proximo-symposium-de-cunicultura-contara-con-la-coorganizacion-del-irta\/#primaryimage\"},\"image\":{\"@id\":\"https:\/\/www.irta.cat\/es\/noticia\/el-proximo-symposium-de-cunicultura-contara-con-la-coorganizacion-del-irta\/#primaryimage\"},\"thumbnailUrl\":\"https:\/\/www.irta.cat\/wp-content\/uploads\/2023\/01\/PinedaDeMar2022-Poster-IRTA-DACC__r.jpg\",\"datePublished\":\"2022-04-22T05:27:04+00:00\",\"dateModified\":\"2024-11-06T09:10:30+00:00\",\"breadcrumb\":{\"@id\":\"https:\/\/www.irta.cat\/es\/noticia\/el-proximo-symposium-de-cunicultura-contara-con-la-coorganizacion-del-irta\/#breadcrumb\"},\"inLanguage\":\"es\",\"potentialAction\":[{\"@type\":\"ReadAction\",\"target\":[\"https:\/\/www.irta.cat\/es\/noticia\/el-proximo-symposium-de-cunicultura-contara-con-la-coorganizacion-del-irta\/\"]}]},{\"@type\":\"ImageObject\",\"inLanguage\":\"es\",\"@id\":\"https:\/\/www.irta.cat\/es\/noticia\/el-proximo-symposium-de-cunicultura-contara-con-la-coorganizacion-del-irta\/#primaryimage\",\"url\":\"https:\/\/www.irta.cat\/wp-content\/uploads\/2023\/01\/PinedaDeMar2022-Poster-IRTA-DACC__r.jpg\",\"contentUrl\":\"https:\/\/www.irta.cat\/wp-content\/uploads\/2023\/01\/PinedaDeMar2022-Poster-IRTA-DACC__r.jpg\",\"width\":595,\"height\":842},{\"@type\":\"BreadcrumbList\",\"@id\":\"https:\/\/www.irta.cat\/es\/noticia\/el-proximo-symposium-de-cunicultura-contara-con-la-coorganizacion-del-irta\/#breadcrumb\",\"itemListElement\":[{\"@type\":\"ListItem\",\"position\":1,\"name\":\"Inici\",\"item\":\"https:\/\/www.irta.cat\/es\/\"},{\"@type\":\"ListItem\",\"position\":2,\"name\":\"El pr\u00f3ximo Symposium de Cunicultura contar\u00e1 con la coorganizaci\u00f3n del IRTA\"}]},{\"@type\":\"WebSite\",\"@id\":\"https:\/\/www.irta.cat\/es\/#website\",\"url\":\"https:\/\/www.irta.cat\/es\/\",\"name\":\"IRTA\",\"description\":\"Institut de Recerca i Tecnologia Agroaliment\u00e0ries\",\"publisher\":{\"@id\":\"https:\/\/www.irta.cat\/es\/#organization\"},\"alternateName\":\"%%sitename%% %%sep%% %%title%%\",\"potentialAction\":[{\"@type\":\"SearchAction\",\"target\":{\"@type\":\"EntryPoint\",\"urlTemplate\":\"https:\/\/www.irta.cat\/es\/?s={search_term_string}\"},\"query-input\":{\"@type\":\"PropertyValueSpecification\",\"valueRequired\":true,\"valueName\":\"search_term_string\"}}],\"inLanguage\":\"es\"},{\"@type\":\"Organization\",\"@id\":\"https:\/\/www.irta.cat\/es\/#organization\",\"name\":\"IRTA\",\"url\":\"https:\/\/www.irta.cat\/es\/\",\"logo\":{\"@type\":\"ImageObject\",\"inLanguage\":\"es\",\"@id\":\"https:\/\/www.irta.cat\/es\/#\/schema\/logo\/image\/\",\"url\":\"https:\/\/www.irta.cat\/wp-content\/uploads\/2023\/04\/Logo-IRTA-verm.png\",\"contentUrl\":\"https:\/\/www.irta.cat\/wp-content\/uploads\/2023\/04\/Logo-IRTA-verm.png\",\"width\":1250,\"height\":500,\"caption\":\"IRTA\"},\"image\":{\"@id\":\"https:\/\/www.irta.cat\/es\/#\/schema\/logo\/image\/\"},\"sameAs\":[\"https:\/\/www.facebook.com\/irtacat\",\"https:\/\/x.com\/irtacat\"]}]}<\/script>\r\n<!-- \/ Yoast SEO plugin. -->","yoast_head_json":{"title":"El pr\u00f3ximo Symposium de Cunicultura contar\u00e1 con la coorganizaci\u00f3n del IRTA &#187; IRTA","robots":{"index":"index","follow":"follow","max-snippet":"max-snippet:-1","max-image-preview":"max-image-preview:large","max-video-preview":"max-video-preview:-1"},"canonical":"https:\/\/www.irta.cat\/es\/noticia\/el-proximo-symposium-de-cunicultura-contara-con-la-coorganizacion-del-irta\/","og_locale":"es_ES","og_type":"article","og_title":"El pr\u00f3ximo Symposium de Cunicultura contar\u00e1 con la coorganizaci\u00f3n del IRTA &#187; IRTA","og_description":"La edici\u00f3n 46 del Symposium anual de Cunicultura se celebrar\u00e1 este a\u00f1o en el Auditorio de Pineda de Mar, los d\u00edas 1 y 2 de junio El IRTA, a trav\u00e9s del programa de Gen\u00e9tica y mejora animal, colabora en la organizaci\u00f3n del evento junto con el Departamento de Acci\u00f3n Clim\u00e1tica, Alimentaci\u00f3n y Agenda Rural (DACC) [&hellip;]","og_url":"https:\/\/www.irta.cat\/es\/noticia\/el-proximo-symposium-de-cunicultura-contara-con-la-coorganizacion-del-irta\/","og_site_name":"IRTA","article_publisher":"https:\/\/www.facebook.com\/irtacat","article_modified_time":"2024-11-06T09:10:30+00:00","og_image":[{"width":595,"height":842,"url":"https:\/\/www.irta.cat\/wp-content\/uploads\/2023\/01\/PinedaDeMar2022-Poster-IRTA-DACC__r.jpg","type":"image\/jpeg"}],"twitter_card":"summary_large_image","twitter_site":"@irtacat","twitter_misc":{"Tiempo de lectura":"2 minutos"},"schema":{"@context":"https:\/\/schema.org","@graph":[{"@type":"WebPage","@id":"https:\/\/www.irta.cat\/es\/noticia\/el-proximo-symposium-de-cunicultura-contara-con-la-coorganizacion-del-irta\/","url":"https:\/\/www.irta.cat\/es\/noticia\/el-proximo-symposium-de-cunicultura-contara-con-la-coorganizacion-del-irta\/","name":"El pr\u00f3ximo Symposium de Cunicultura contar\u00e1 con la coorganizaci\u00f3n del IRTA &#187; IRTA","isPartOf":{"@id":"https:\/\/www.irta.cat\/es\/#website"},"primaryImageOfPage":{"@id":"https:\/\/www.irta.cat\/es\/noticia\/el-proximo-symposium-de-cunicultura-contara-con-la-coorganizacion-del-irta\/#primaryimage"},"image":{"@id":"https:\/\/www.irta.cat\/es\/noticia\/el-proximo-symposium-de-cunicultura-contara-con-la-coorganizacion-del-irta\/#primaryimage"},"thumbnailUrl":"https:\/\/www.irta.cat\/wp-content\/uploads\/2023\/01\/PinedaDeMar2022-Poster-IRTA-DACC__r.jpg","datePublished":"2022-04-22T05:27:04+00:00","dateModified":"2024-11-06T09:10:30+00:00","breadcrumb":{"@id":"https:\/\/www.irta.cat\/es\/noticia\/el-proximo-symposium-de-cunicultura-contara-con-la-coorganizacion-del-irta\/#breadcrumb"},"inLanguage":"es","potentialAction":[{"@type":"ReadAction","target":["https:\/\/www.irta.cat\/es\/noticia\/el-proximo-symposium-de-cunicultura-contara-con-la-coorganizacion-del-irta\/"]}]},{"@type":"ImageObject","inLanguage":"es","@id":"https:\/\/www.irta.cat\/es\/noticia\/el-proximo-symposium-de-cunicultura-contara-con-la-coorganizacion-del-irta\/#primaryimage","url":"https:\/\/www.irta.cat\/wp-content\/uploads\/2023\/01\/PinedaDeMar2022-Poster-IRTA-DACC__r.jpg","contentUrl":"https:\/\/www.irta.cat\/wp-content\/uploads\/2023\/01\/PinedaDeMar2022-Poster-IRTA-DACC__r.jpg","width":595,"height":842},{"@type":"BreadcrumbList","@id":"https:\/\/www.irta.cat\/es\/noticia\/el-proximo-symposium-de-cunicultura-contara-con-la-coorganizacion-del-irta\/#breadcrumb","itemListElement":[{"@type":"ListItem","position":1,"name":"Inici","item":"https:\/\/www.irta.cat\/es\/"},{"@type":"ListItem","position":2,"name":"El pr\u00f3ximo Symposium de Cunicultura contar\u00e1 con la coorganizaci\u00f3n del IRTA"}]},{"@type":"WebSite","@id":"https:\/\/www.irta.cat\/es\/#website","url":"https:\/\/www.irta.cat\/es\/","name":"IRTA","description":"Institut de Recerca i Tecnologia Agroaliment\u00e0ries","publisher":{"@id":"https:\/\/www.irta.cat\/es\/#organization"},"alternateName":"%%sitename%% %%sep%% %%title%%","potentialAction":[{"@type":"SearchAction","target":{"@type":"EntryPoint","urlTemplate":"https:\/\/www.irta.cat\/es\/?s={search_term_string}"},"query-input":{"@type":"PropertyValueSpecification","valueRequired":true,"valueName":"search_term_string"}}],"inLanguage":"es"},{"@type":"Organization","@id":"https:\/\/www.irta.cat\/es\/#organization","name":"IRTA","url":"https:\/\/www.irta.cat\/es\/","logo":{"@type":"ImageObject","inLanguage":"es","@id":"https:\/\/www.irta.cat\/es\/#\/schema\/logo\/image\/","url":"https:\/\/www.irta.cat\/wp-content\/uploads\/2023\/04\/Logo-IRTA-verm.png","contentUrl":"https:\/\/www.irta.cat\/wp-content\/uploads\/2023\/04\/Logo-IRTA-verm.png","width":1250,"height":500,"caption":"IRTA"},"image":{"@id":"https:\/\/www.irta.cat\/es\/#\/schema\/logo\/image\/"},"sameAs":["https:\/\/www.facebook.com\/irtacat","https:\/\/x.com\/irtacat"]}]}},"_links":{"self":[{"href":"https:\/\/www.irta.cat\/es\/wp-json\/wp\/v2\/noticia\/59913","targetHints":{"allow":["GET"]}}],"collection":[{"href":"https:\/\/www.irta.cat\/es\/wp-json\/wp\/v2\/noticia"}],"about":[{"href":"https:\/\/www.irta.cat\/es\/wp-json\/wp\/v2\/types\/noticia"}],"version-history":[{"count":0,"href":"https:\/\/www.irta.cat\/es\/wp-json\/wp\/v2\/noticia\/59913\/revisions"}],"wp:featuredmedia":[{"embeddable":true,"href":"https:\/\/www.irta.cat\/es\/wp-json\/wp\/v2\/media\/5581"}],"wp:attachment":[{"href":"https:\/\/www.irta.cat\/es\/wp-json\/wp\/v2\/media?parent=59913"}],"wp:term":[{"taxonomy":"categoria_noticia","embeddable":true,"href":"https:\/\/www.irta.cat\/es\/wp-json\/wp\/v2\/categoria_noticia?post=59913"},{"taxonomy":"etiqueta_filtrar_noticia","embeddable":true,"href":"https:\/\/www.irta.cat\/es\/wp-json\/wp\/v2\/etiqueta_filtrar_noticia?post=59913"}],"curies":[{"name":"wp","href":"https:\/\/api.w.org\/{rel}","templated":true}]}}