{"id":59800,"date":"2022-02-02T10:32:46","date_gmt":"2022-02-02T09:32:46","guid":{"rendered":"https:\/\/www.irta.cat\/noticia\/los-microplasticos-del-delta-del-ebro-se-mediran-con-un-sistema-de-inteligencia-artificial\/"},"modified":"2024-11-06T10:07:59","modified_gmt":"2024-11-06T09:07:59","slug":"los-microplasticos-del-delta-del-ebro-se-mediran-con-un-sistema-de-inteligencia-artificial","status":"publish","type":"noticia","link":"https:\/\/www.irta.cat\/es\/noticia\/los-microplasticos-del-delta-del-ebro-se-mediran-con-un-sistema-de-inteligencia-artificial\/","title":{"rendered":"Los micropl\u00e1sticos del Delta del Ebro se medir\u00e1n con un sistema de inteligencia artificial"},"content":{"rendered":"\n<figure class=\"wp-block-image size-large is-resized\"><a href=\"https:\/\/www.irta.cat\/wp-content\/uploads\/2020\/09\/WelfairTM-2-2-scaled.jpg\" class=\"fancybox irta-lightbox-bridge\" data-fancybox=\"irta-images\"><img decoding=\"async\" src=\"https:\/\/www.irta.cat\/wp-content\/uploads\/2023\/01\/Imagen4.jpg\" alt=\"Investigadores del IRTA analizando los micro pl\u00e1sticos del Delta\" class=\"wp-image-43340\" width=\"750\" loading=\"lazy\" \/><\/a><figcaption>Investigadores del IRTA analizando los micropl\u00e1sticos del Delta. Fuente: IRTA (CC BY-NC 4.0)<\/figcaption><\/figure>\n\n\n\n<h2 class=\"wp-block-heading\"><strong>Uno equipo cient\u00edfico del IRTA desarrollar\u00e1 un modelo de <em>machine learning<\/em> para identificar las tipolog\u00edas de micropl\u00e1sticos que hay en los principales ambientes acu\u00e1ticos del Delta y en qu\u00e9 concentraci\u00f3n est\u00e1n.<\/strong><\/h2>\n\n\n\n<h2 class=\"wp-block-heading\"><strong>Para construir el modelo se basar\u00e1n en muestras de agua y sedimentos de cinco lagunas y un arrozal.<\/strong><\/h2>\n\n\n\n<h2 class=\"wp-block-heading\"><strong>Estas part\u00edculas de origen sint\u00e9tico pueden alterar los ciclos naturales del ecosistema e introducir elementos t\u00f3xicos en la red tr\u00f3fica.<\/strong><\/h2>\n\n\n\n<p>En todo el planeta, los h\u00e1bitats acu\u00e1ticos, terrestres e incluso a\u00e9reos sufren la progresiva intrusi\u00f3n de diminutos invasores sint\u00e9ticos. A pesar de sus dimensiones, casi invisibles en el ojo humano (miden menos de 5 mil\u00edmetros), la omnipresencia de los micropl\u00e1sticos provoca efectos cada vez m\u00e1s manifiestos en los ecosistemas y amenaza su biodiversidad. En particular, las aguas dulces y saladas son unos de los medios en los que estas part\u00edculas se difunden m\u00e1s extensamente. Cada a\u00f1o, 8 millones de toneladas de pl\u00e1stico terminan en el mar, e im\u00e1genes de la isla gigante de pl\u00e1stico en el Oc\u00e9ano Pac\u00edfico han despertado numerosas campa\u00f1as y estudios, centrados mayoritariamente en los macropl\u00e1sticos, mientras que los m\u00e1s peque\u00f1os hasta hace poco hab\u00edan pasado a menudo m\u00e1s desapercibidos tanto para la sociedad como para las ciencias ambientales. \u00abMuchos parajes naturales que creemos impolutos tambi\u00e9n est\u00e1n contaminados, tanto si lo vemos como si no\u00bb, explica la investigadora del programa de Aguas marinas y continentales del IRTA <strong>Maite Mart\u00ednez-Eixarch<\/strong>.<\/p>\n\n\n\n<p>En este contexto, uno de los retos actuales es lograr avances en las t\u00e9cnicas de identificaci\u00f3n y monitorizaci\u00f3n de micropl\u00e1sticos para entender de d\u00f3nde vienen y c\u00f3mo se comportan y, eventualmente, actuar para reducir su impacto. Por eso, un equipo del IRTA coordinado por <strong>Mart\u00ednez-Eixarch<\/strong> inici\u00f3 en 2021 el proyecto BIO-DISPLAS, con el apoyo de la Fundaci\u00f3n Biodiversidad del Ministerio para la Transici\u00f3n Ecol\u00f3gica y el Reto Demogr\u00e1fico. Su objetivo es determinar la distribuci\u00f3n de micropl\u00e1sticos en los ambientes acu\u00e1ticos del Delta y desarrollar un sistema que los clasifique de forma autom\u00e1tica. Una b\u00fasqueda de 2019 del Instituto de Ciencia y Tecnolog\u00eda Ambientales (ICTA-UAB) estim\u00f3 que desde este embudo natural se vierten cada a\u00f1o 2.200 millones de micropl\u00e1sticos en el Mediterr\u00e1neo. En 2019, un <a href=\"https:\/\/pubmed.ncbi.nlm.nih.gov\/31412454\/\">estudio del Instituto de Ci\u00e8ncia y Tecnolog\u00eda Ambientales (ICTA-UAB<\/a>) estim\u00f3 que desde este embudo natural se abocan cada a\u00f1o 2.200 millones de micropl\u00e1sticos en el Mediterr\u00e1neo.<\/p>\n\n\n\n<p>A diferencia del estudio del ICTA-UAB, que se bas\u00f3 en muestras recogidas en las playas de arena, en el lecho del estuario y en las aguas superficiales, el proyecto BIO-DISPLAS parte de un muestreo de agua y sedimentos hecho en cinco lagunas y un arrozal del Delta. \u00abActualmente estamos ultimando el m\u00e9todo para realizar la extracci\u00f3n de los micropl\u00e1sticos en el laboratorio para que se adapte a la tipolog\u00eda de muestras con las que trabajamos y poder extraerlos de forma correcta\u00bb, detalla <strong>Rosa Trobajo<\/strong>, investigadora del proyecto. Una vez los micropl\u00e1sticos est\u00e9n separados de los restos naturales, se efectuar\u00e1 el recuento y la clasificaci\u00f3n de las part\u00edculas a partir de tres variables: tama\u00f1o, color y tipo de estructura (como fibras, fragmentos o films). El resultado ser\u00e1 una tabla con la concentraci\u00f3n de pol\u00edmeros en los distintos h\u00e1bitats del ecosistema.<\/p>\n\n\n\n<figure class=\"wp-block-image size-large is-resized\"><a href=\"https:\/\/www.irta.cat\/wp-content\/uploads\/IMG_20220127_132505mod-scaled.jpg\" class=\"fancybox irta-lightbox-bridge\" data-fancybox=\"irta-images\"><img decoding=\"async\" src=\"https:\/\/www.irta.cat\/wp-content\/uploads\/IMG_20220127_132505mod-scaled.jpg\" alt=\"Investigadora del IRTA en el laboratorio\" class=\"wp-image-43352\" width=\"750\" loading=\"lazy\" \/><\/a><figcaption>Investigadora del IRTA en el laboratorio. Fuente: IRTA (CC BY-NC 4.0)<\/figcaption><\/figure>\n\n\n\n<p>Adem\u00e1s, a partir de estos datos, el IRTA desarrollar\u00e1 un modelo inform\u00e1tico para identificar, contar y medir los micropl\u00e1sticos en im\u00e1genes hechas con microscopio o lupa binocular. Tras recibir unas primeras consignas manuales, la propia aplicaci\u00f3n se ir\u00e1 perfeccionando durante el proceso gracias a un algoritmo de aprendizaje automatizado. A la larga, la aplicaci\u00f3n habr\u00e1 aprendido a realizar la detecci\u00f3n y clasificaci\u00f3n por s\u00ed sola. Se trata de una tecnolog\u00eda visual ya aplicada en otros \u00e1mbitos, como el registro de colonias de microorganismos. \u00abNos permitir\u00e1 ahorrar tiempo y esfuerzos y poder estandarizar y automatizar los futuros procesos de recuento\u00bb, defiende <strong>Carles Alcaraz<\/strong>, investigador del IRTA y encargado de programar el modelo.<\/p>\n\n\n\n<p>Todo ello servir\u00e1 para tener una primera imagen esmerada del alcance de los micropl\u00e1sticos en el Delta, una base que abrir\u00e1 el camino a futuras l\u00edneas de monitorizaci\u00f3n e investigaci\u00f3n. \u00abPodremos ver, por ejemplo, c\u00f3mo afectan a la din\u00e1mica de flujos naturales del ecosistema o relacionar su distribuci\u00f3n con los factores ambientales\u00bb, apunta <strong>Mart\u00ednez-Eixarch<\/strong>. La fotograf\u00eda completa de la problem\u00e1tica permitir\u00e1 asimismo deducir cu\u00e1les son los posibles or\u00edgenes de los micropl\u00e1sticos. \u00c9stos pueden provenir tanto de la degradaci\u00f3n de pl\u00e1sticos m\u00e1s grandes (micropl\u00e1sticos secundarios) como de materia prima que ya es de peque\u00f1o tama\u00f1o (micropl\u00e1sticos primarios).<\/p>\n\n\n\n<h3 class=\"wp-block-heading\"><strong>Diminutos pero nocivos<\/strong><\/h3>\n\n\n\n<p>La ubicuidad de los micropl\u00e1sticos en la mayor parte de la red hidrogr\u00e1fica peninsular ha sido demostrada en estudios como <a href=\"https:\/\/hombreyterritorio.org\/microplasticos-en-rios\/\">el de la Asociaci\u00f3n Hombre y Territorio en 2020<\/a>. Sin embargo, seg\u00fan advierte la cient\u00edfica del IRTA <strong>Maite Mart\u00ednez-Eixarch<\/strong>, \u00aba\u00fan queda mucho por esclarecer tanto en cuanto a la distribuci\u00f3n como en lo que respecta a los efectos de estos pol\u00edmeros sobre los diferentes h\u00e1bitats\u00bb. Por un lado, los materiales sint\u00e9ticos podr\u00edan provocar alteraciones en din\u00e1micas como el ciclo de nutrientes y la descomposici\u00f3n de la materia org\u00e1nica. Adem\u00e1s, como se ha observado en Catalu\u00f1a en el caso de las aves marinas, los micropl\u00e1sticos se introducen en la red tr\u00f3fica, que llega hasta nosotros y puede provocar toxicidad o ser disruptores del sistema hormonal.<\/p>\n\n\n\n<h3 class=\"wp-block-heading\"><strong>Sobre el proyecto<\/strong><\/h3>\n\n\n\n<p>El proyecto BIO-DISPLAS, desarrollado por personal del programa de Aguas marinas y continentales del IRTA en Sant Carles de la R\u00e1pita, finalizar\u00e1 en 2023 y cuenta con el apoyo de la Fundaci\u00f3n Biodiversidad del Ministerio para la Transici\u00f3n Ecol\u00f3gica y el Reto Demogr\u00e1fico. Adem\u00e1s, cuenta con la colaboraci\u00f3n de la ONG espa\u00f1ola SEO\/BirdLife, que aporta voluntarios para las tareas de laboratorios y se implicar\u00e1 en las actividades de transferencia y difusi\u00f3n de resultados.<\/p>\n\n\n\n<figure class=\"wp-block-image size-large is-resized\"><a href=\"https:\/\/www.irta.cat\/wp-content\/uploads\/2023\/01\/biodisplas-logo.png\" class=\"fancybox irta-lightbox-bridge\" data-fancybox=\"irta-images\"><img loading=\"lazy\" decoding=\"async\" src=\"https:\/\/www.irta.cat\/wp-content\/uploads\/2023\/01\/biodisplas-logo.png\" alt=\"\" class=\"wp-image-43343\" width=\"189\" height=\"54\"\/><\/a><\/figure>\n\n\n\n<figure class=\"wp-block-image size-large is-resized\"><a href=\"https:\/\/www.irta.cat\/wp-content\/uploads\/2023\/01\/SEO-logo.jpg\" class=\"fancybox irta-lightbox-bridge\" data-fancybox=\"irta-images\"><img loading=\"lazy\" decoding=\"async\" src=\"https:\/\/www.irta.cat\/wp-content\/uploads\/2023\/01\/SEO-logo.jpg\" alt=\"\" class=\"wp-image-43346\" width=\"93\" height=\"99\"\/><\/a><\/figure>\n\n\n\n<figure class=\"wp-block-image size-full is-resized\"><a href=\"https:\/\/www.irta.cat\/wp-content\/uploads\/2020\/09\/ETSEA-1.jpg\" class=\"fancybox irta-lightbox-bridge\" data-fancybox=\"irta-images\"><img loading=\"lazy\" decoding=\"async\" src=\"https:\/\/www.irta.cat\/wp-content\/uploads\/2023\/01\/VICEMTERDFB_Color_SinBandera.png\" alt=\"\" class=\"wp-image-43349\" width=\"512\" height=\"91\"\/><\/a><\/figure>\n\n\n","protected":false},"featured_media":14283,"template":"","categoria_noticia":[],"etiqueta_filtrar_noticia":[8669],"class_list":["post-59800","noticia","type-noticia","status-publish","has-post-thumbnail","hentry","etiqueta_filtrar_noticia-biodiversitat"],"acf":[],"yoast_head":"<!-- This site is optimized with the Yoast SEO plugin v26.6 - https:\/\/yoast.com\/wordpress\/plugins\/seo\/ -->\r\n<title>Los micropl\u00e1sticos del Delta del Ebro se medir\u00e1n con un sistema de inteligencia artificial &#187; IRTA<\/title>\r\n<meta name=\"robots\" content=\"index, follow, max-snippet:-1, max-image-preview:large, max-video-preview:-1\" \/>\r\n<link rel=\"canonical\" href=\"https:\/\/www.irta.cat\/es\/noticia\/los-microplasticos-del-delta-del-ebro-se-mediran-con-un-sistema-de-inteligencia-artificial\/\" \/>\r\n<meta property=\"og:locale\" content=\"es_ES\" \/>\r\n<meta property=\"og:type\" content=\"article\" \/>\r\n<meta property=\"og:title\" content=\"Los micropl\u00e1sticos del Delta del Ebro se medir\u00e1n con un sistema de inteligencia artificial &#187; IRTA\" \/>\r\n<meta property=\"og:description\" content=\"Uno equipo cient\u00edfico del IRTA desarrollar\u00e1 un modelo de machine learning para identificar las tipolog\u00edas de micropl\u00e1sticos que hay en los principales ambientes acu\u00e1ticos del Delta y en qu\u00e9 concentraci\u00f3n est\u00e1n. Para construir el modelo se basar\u00e1n en muestras de agua y sedimentos de cinco lagunas y un arrozal. Estas part\u00edculas de origen sint\u00e9tico pueden [&hellip;]\" \/>\r\n<meta property=\"og:url\" content=\"https:\/\/www.irta.cat\/es\/noticia\/los-microplasticos-del-delta-del-ebro-se-mediran-con-un-sistema-de-inteligencia-artificial\/\" \/>\r\n<meta property=\"og:site_name\" content=\"IRTA\" \/>\r\n<meta property=\"article:publisher\" content=\"https:\/\/www.facebook.com\/irtacat\" \/>\r\n<meta property=\"article:modified_time\" content=\"2024-11-06T09:07:59+00:00\" \/>\r\n<meta property=\"og:image\" content=\"https:\/\/www.irta.cat\/wp-content\/uploads\/2023\/01\/Imagen4.jpg\" \/>\r\n\t<meta property=\"og:image:width\" content=\"1920\" \/>\r\n\t<meta property=\"og:image:height\" content=\"1049\" \/>\r\n\t<meta property=\"og:image:type\" content=\"image\/jpeg\" \/>\r\n<meta name=\"twitter:card\" content=\"summary_large_image\" \/>\r\n<meta name=\"twitter:site\" content=\"@irtacat\" \/>\r\n<meta name=\"twitter:label1\" content=\"Tiempo de lectura\" \/>\n\t<meta name=\"twitter:data1\" content=\"5 minutos\" \/>\r\n<script type=\"application\/ld+json\" class=\"yoast-schema-graph\">{\"@context\":\"https:\/\/schema.org\",\"@graph\":[{\"@type\":\"WebPage\",\"@id\":\"https:\/\/www.irta.cat\/es\/noticia\/los-microplasticos-del-delta-del-ebro-se-mediran-con-un-sistema-de-inteligencia-artificial\/\",\"url\":\"https:\/\/www.irta.cat\/es\/noticia\/los-microplasticos-del-delta-del-ebro-se-mediran-con-un-sistema-de-inteligencia-artificial\/\",\"name\":\"Los micropl\u00e1sticos del Delta del Ebro se medir\u00e1n con un sistema de inteligencia artificial &#187; IRTA\",\"isPartOf\":{\"@id\":\"https:\/\/www.irta.cat\/es\/#website\"},\"primaryImageOfPage\":{\"@id\":\"https:\/\/www.irta.cat\/es\/noticia\/los-microplasticos-del-delta-del-ebro-se-mediran-con-un-sistema-de-inteligencia-artificial\/#primaryimage\"},\"image\":{\"@id\":\"https:\/\/www.irta.cat\/es\/noticia\/los-microplasticos-del-delta-del-ebro-se-mediran-con-un-sistema-de-inteligencia-artificial\/#primaryimage\"},\"thumbnailUrl\":\"https:\/\/www.irta.cat\/wp-content\/uploads\/2023\/01\/Imagen4.jpg\",\"datePublished\":\"2022-02-02T09:32:46+00:00\",\"dateModified\":\"2024-11-06T09:07:59+00:00\",\"breadcrumb\":{\"@id\":\"https:\/\/www.irta.cat\/es\/noticia\/los-microplasticos-del-delta-del-ebro-se-mediran-con-un-sistema-de-inteligencia-artificial\/#breadcrumb\"},\"inLanguage\":\"es\",\"potentialAction\":[{\"@type\":\"ReadAction\",\"target\":[\"https:\/\/www.irta.cat\/es\/noticia\/los-microplasticos-del-delta-del-ebro-se-mediran-con-un-sistema-de-inteligencia-artificial\/\"]}]},{\"@type\":\"ImageObject\",\"inLanguage\":\"es\",\"@id\":\"https:\/\/www.irta.cat\/es\/noticia\/los-microplasticos-del-delta-del-ebro-se-mediran-con-un-sistema-de-inteligencia-artificial\/#primaryimage\",\"url\":\"https:\/\/www.irta.cat\/wp-content\/uploads\/2023\/01\/Imagen4.jpg\",\"contentUrl\":\"https:\/\/www.irta.cat\/wp-content\/uploads\/2023\/01\/Imagen4.jpg\",\"width\":1920,\"height\":1049},{\"@type\":\"BreadcrumbList\",\"@id\":\"https:\/\/www.irta.cat\/es\/noticia\/los-microplasticos-del-delta-del-ebro-se-mediran-con-un-sistema-de-inteligencia-artificial\/#breadcrumb\",\"itemListElement\":[{\"@type\":\"ListItem\",\"position\":1,\"name\":\"Inici\",\"item\":\"https:\/\/www.irta.cat\/es\/\"},{\"@type\":\"ListItem\",\"position\":2,\"name\":\"Los micropl\u00e1sticos del Delta del Ebro se medir\u00e1n con un sistema de inteligencia artificial\"}]},{\"@type\":\"WebSite\",\"@id\":\"https:\/\/www.irta.cat\/es\/#website\",\"url\":\"https:\/\/www.irta.cat\/es\/\",\"name\":\"IRTA\",\"description\":\"Institut de Recerca i Tecnologia Agroaliment\u00e0ries\",\"publisher\":{\"@id\":\"https:\/\/www.irta.cat\/es\/#organization\"},\"alternateName\":\"%%sitename%% %%sep%% %%title%%\",\"potentialAction\":[{\"@type\":\"SearchAction\",\"target\":{\"@type\":\"EntryPoint\",\"urlTemplate\":\"https:\/\/www.irta.cat\/es\/?s={search_term_string}\"},\"query-input\":{\"@type\":\"PropertyValueSpecification\",\"valueRequired\":true,\"valueName\":\"search_term_string\"}}],\"inLanguage\":\"es\"},{\"@type\":\"Organization\",\"@id\":\"https:\/\/www.irta.cat\/es\/#organization\",\"name\":\"IRTA\",\"url\":\"https:\/\/www.irta.cat\/es\/\",\"logo\":{\"@type\":\"ImageObject\",\"inLanguage\":\"es\",\"@id\":\"https:\/\/www.irta.cat\/es\/#\/schema\/logo\/image\/\",\"url\":\"https:\/\/www.irta.cat\/wp-content\/uploads\/2023\/04\/Logo-IRTA-verm.png\",\"contentUrl\":\"https:\/\/www.irta.cat\/wp-content\/uploads\/2023\/04\/Logo-IRTA-verm.png\",\"width\":1250,\"height\":500,\"caption\":\"IRTA\"},\"image\":{\"@id\":\"https:\/\/www.irta.cat\/es\/#\/schema\/logo\/image\/\"},\"sameAs\":[\"https:\/\/www.facebook.com\/irtacat\",\"https:\/\/x.com\/irtacat\"]}]}<\/script>\r\n<!-- \/ Yoast SEO plugin. -->","yoast_head_json":{"title":"Los micropl\u00e1sticos del Delta del Ebro se medir\u00e1n con un sistema de inteligencia artificial &#187; IRTA","robots":{"index":"index","follow":"follow","max-snippet":"max-snippet:-1","max-image-preview":"max-image-preview:large","max-video-preview":"max-video-preview:-1"},"canonical":"https:\/\/www.irta.cat\/es\/noticia\/los-microplasticos-del-delta-del-ebro-se-mediran-con-un-sistema-de-inteligencia-artificial\/","og_locale":"es_ES","og_type":"article","og_title":"Los micropl\u00e1sticos del Delta del Ebro se medir\u00e1n con un sistema de inteligencia artificial &#187; IRTA","og_description":"Uno equipo cient\u00edfico del IRTA desarrollar\u00e1 un modelo de machine learning para identificar las tipolog\u00edas de micropl\u00e1sticos que hay en los principales ambientes acu\u00e1ticos del Delta y en qu\u00e9 concentraci\u00f3n est\u00e1n. Para construir el modelo se basar\u00e1n en muestras de agua y sedimentos de cinco lagunas y un arrozal. Estas part\u00edculas de origen sint\u00e9tico pueden [&hellip;]","og_url":"https:\/\/www.irta.cat\/es\/noticia\/los-microplasticos-del-delta-del-ebro-se-mediran-con-un-sistema-de-inteligencia-artificial\/","og_site_name":"IRTA","article_publisher":"https:\/\/www.facebook.com\/irtacat","article_modified_time":"2024-11-06T09:07:59+00:00","og_image":[{"width":1920,"height":1049,"url":"https:\/\/www.irta.cat\/wp-content\/uploads\/2023\/01\/Imagen4.jpg","type":"image\/jpeg"}],"twitter_card":"summary_large_image","twitter_site":"@irtacat","twitter_misc":{"Tiempo de lectura":"5 minutos"},"schema":{"@context":"https:\/\/schema.org","@graph":[{"@type":"WebPage","@id":"https:\/\/www.irta.cat\/es\/noticia\/los-microplasticos-del-delta-del-ebro-se-mediran-con-un-sistema-de-inteligencia-artificial\/","url":"https:\/\/www.irta.cat\/es\/noticia\/los-microplasticos-del-delta-del-ebro-se-mediran-con-un-sistema-de-inteligencia-artificial\/","name":"Los micropl\u00e1sticos del Delta del Ebro se medir\u00e1n con un sistema de inteligencia artificial &#187; IRTA","isPartOf":{"@id":"https:\/\/www.irta.cat\/es\/#website"},"primaryImageOfPage":{"@id":"https:\/\/www.irta.cat\/es\/noticia\/los-microplasticos-del-delta-del-ebro-se-mediran-con-un-sistema-de-inteligencia-artificial\/#primaryimage"},"image":{"@id":"https:\/\/www.irta.cat\/es\/noticia\/los-microplasticos-del-delta-del-ebro-se-mediran-con-un-sistema-de-inteligencia-artificial\/#primaryimage"},"thumbnailUrl":"https:\/\/www.irta.cat\/wp-content\/uploads\/2023\/01\/Imagen4.jpg","datePublished":"2022-02-02T09:32:46+00:00","dateModified":"2024-11-06T09:07:59+00:00","breadcrumb":{"@id":"https:\/\/www.irta.cat\/es\/noticia\/los-microplasticos-del-delta-del-ebro-se-mediran-con-un-sistema-de-inteligencia-artificial\/#breadcrumb"},"inLanguage":"es","potentialAction":[{"@type":"ReadAction","target":["https:\/\/www.irta.cat\/es\/noticia\/los-microplasticos-del-delta-del-ebro-se-mediran-con-un-sistema-de-inteligencia-artificial\/"]}]},{"@type":"ImageObject","inLanguage":"es","@id":"https:\/\/www.irta.cat\/es\/noticia\/los-microplasticos-del-delta-del-ebro-se-mediran-con-un-sistema-de-inteligencia-artificial\/#primaryimage","url":"https:\/\/www.irta.cat\/wp-content\/uploads\/2023\/01\/Imagen4.jpg","contentUrl":"https:\/\/www.irta.cat\/wp-content\/uploads\/2023\/01\/Imagen4.jpg","width":1920,"height":1049},{"@type":"BreadcrumbList","@id":"https:\/\/www.irta.cat\/es\/noticia\/los-microplasticos-del-delta-del-ebro-se-mediran-con-un-sistema-de-inteligencia-artificial\/#breadcrumb","itemListElement":[{"@type":"ListItem","position":1,"name":"Inici","item":"https:\/\/www.irta.cat\/es\/"},{"@type":"ListItem","position":2,"name":"Los micropl\u00e1sticos del Delta del Ebro se medir\u00e1n con un sistema de inteligencia artificial"}]},{"@type":"WebSite","@id":"https:\/\/www.irta.cat\/es\/#website","url":"https:\/\/www.irta.cat\/es\/","name":"IRTA","description":"Institut de Recerca i Tecnologia Agroaliment\u00e0ries","publisher":{"@id":"https:\/\/www.irta.cat\/es\/#organization"},"alternateName":"%%sitename%% %%sep%% %%title%%","potentialAction":[{"@type":"SearchAction","target":{"@type":"EntryPoint","urlTemplate":"https:\/\/www.irta.cat\/es\/?s={search_term_string}"},"query-input":{"@type":"PropertyValueSpecification","valueRequired":true,"valueName":"search_term_string"}}],"inLanguage":"es"},{"@type":"Organization","@id":"https:\/\/www.irta.cat\/es\/#organization","name":"IRTA","url":"https:\/\/www.irta.cat\/es\/","logo":{"@type":"ImageObject","inLanguage":"es","@id":"https:\/\/www.irta.cat\/es\/#\/schema\/logo\/image\/","url":"https:\/\/www.irta.cat\/wp-content\/uploads\/2023\/04\/Logo-IRTA-verm.png","contentUrl":"https:\/\/www.irta.cat\/wp-content\/uploads\/2023\/04\/Logo-IRTA-verm.png","width":1250,"height":500,"caption":"IRTA"},"image":{"@id":"https:\/\/www.irta.cat\/es\/#\/schema\/logo\/image\/"},"sameAs":["https:\/\/www.facebook.com\/irtacat","https:\/\/x.com\/irtacat"]}]}},"_links":{"self":[{"href":"https:\/\/www.irta.cat\/es\/wp-json\/wp\/v2\/noticia\/59800","targetHints":{"allow":["GET"]}}],"collection":[{"href":"https:\/\/www.irta.cat\/es\/wp-json\/wp\/v2\/noticia"}],"about":[{"href":"https:\/\/www.irta.cat\/es\/wp-json\/wp\/v2\/types\/noticia"}],"version-history":[{"count":0,"href":"https:\/\/www.irta.cat\/es\/wp-json\/wp\/v2\/noticia\/59800\/revisions"}],"wp:featuredmedia":[{"embeddable":true,"href":"https:\/\/www.irta.cat\/es\/wp-json\/wp\/v2\/media\/14283"}],"wp:attachment":[{"href":"https:\/\/www.irta.cat\/es\/wp-json\/wp\/v2\/media?parent=59800"}],"wp:term":[{"taxonomy":"categoria_noticia","embeddable":true,"href":"https:\/\/www.irta.cat\/es\/wp-json\/wp\/v2\/categoria_noticia?post=59800"},{"taxonomy":"etiqueta_filtrar_noticia","embeddable":true,"href":"https:\/\/www.irta.cat\/es\/wp-json\/wp\/v2\/etiqueta_filtrar_noticia?post=59800"}],"curies":[{"name":"wp","href":"https:\/\/api.w.org\/{rel}","templated":true}]}}