{"id":59780,"date":"2021-12-23T10:22:20","date_gmt":"2021-12-23T09:22:20","guid":{"rendered":"https:\/\/www.irta.cat\/noticia\/los-doctorandos-del-irta-presentan-su-investigacion-en-una-nueva-edicion-del-annual-phd-candidate-seminar\/"},"modified":"2024-11-06T10:07:33","modified_gmt":"2024-11-06T09:07:33","slug":"los-doctorandos-del-irta-presentan-su-investigacion-en-una-nueva-edicion-del-annual-phd-candidate-seminar","status":"publish","type":"noticia","link":"https:\/\/www.irta.cat\/es\/noticia\/los-doctorandos-del-irta-presentan-su-investigacion-en-una-nueva-edicion-del-annual-phd-candidate-seminar\/","title":{"rendered":"Los doctorandos del IRTA presentan su investigaci\u00f3n en una nueva edici\u00f3n del Annual PhD Candidate Seminar"},"content":{"rendered":"\n<figure class=\"wp-block-image size-large is-resized\"><a href=\"https:\/\/www.irta.cat\/wp-content\/uploads\/2023\/01\/phdday2021.jpg\" class=\"fancybox irta-lightbox-bridge\" data-fancybox=\"irta-images\"><img decoding=\"async\" src=\"https:\/\/www.irta.cat\/wp-content\/uploads\/2023\/01\/phdday2021.jpg\" alt=\"Assistents de l'Annual PhD Candidate Seminar\" class=\"wp-image-43056\" width=\"750\" loading=\"lazy\" \/><\/a><figcaption>Asistentes del Annual PhD Candidate Seminar. Fuente: IRTA (CC BY-NC 4.0)<\/figcaption><\/figure>\n\n\n\n<h3 class=\"wp-block-heading\"><strong>El doctorando Pablo Fern\u00e1ndez Cancelo, del programa de Postcosecha, gan\u00f3 el premio a la mejor comunicaci\u00f3n, que consiste en una publicaci\u00f3n en acceso abierto<\/strong><\/h3>\n\n\n\n<h3 class=\"wp-block-heading\"><strong>Joaquim Segal\u00e9s, investigador en el IRTA-CReSA, ofreci\u00f3 el discurso inaugural, sobre las oportunidades que hay en terminar un doctorado<\/strong><\/h3>\n\n\n\n<p>El 16 de diciembre se celebr\u00f3 el Annual PhD Candidate Seminar en el auditorio Josep Tarrag\u00f3 de Torre Marimon, en el cual asistieron varios doctorandos del IRTA y la Direcci\u00f3n Cient\u00edfica, que fue qui\u00e9n organiz\u00f3 la jornada. En total, los participantes ofrecieron 18 presentaciones sobre la investigaci\u00f3n, en las cuales se trataron temas de los programas de Sanidad animal, Funcionalidad y seguridad alimentarias, Acuicultura o Postcosecha, entre otros. Tal y como afirma Jordi Garcia-Mas, director cient\u00edfico del IRTA, \u00abel objetivo es reunir los estudiantes de doctorado porque interact\u00faen entre ellos y pueden conocer la diversidad de la investigaci\u00f3n que se hace en el Instituto\u00bb.<\/p>\n\n\n\n<p>Joaquim Segal\u00e9s, investigador en Sanidad Animal del centro IRTA-CReSA, hizo el discurso de apertura de la jornada, titulado \u00abNow I completed my PhD&#8230;, so what?\u00bb. Con un tono divertido y muy cercano, y utilizando an\u00e9cdotas, experiencias reales y alg\u00fan video, explic\u00f3 las oportunidades en terminar el doctorado.<\/p>\n\n\n\n<figure class=\"wp-block-embed is-type-video is-provider-youtube wp-block-embed-youtube wp-embed-aspect-16-9 wp-has-aspect-ratio\"><div class=\"wp-block-embed__wrapper\">\n<iframe loading=\"lazy\" title=\"Interview to Joaquim Segal\u00e9s, researcher at the IRTA-CReSA, on the opportunities after a PhD\" width=\"500\" height=\"281\" src=\"https:\/\/www.youtube.com\/embed\/PbqFCGo59SA?feature=oembed\" frameborder=\"0\" allow=\"accelerometer; autoplay; clipboard-write; encrypted-media; gyroscope; picture-in-picture; web-share\" referrerpolicy=\"strict-origin-when-cross-origin\" allowfullscreen><\/iframe>\n<\/div><\/figure>\n\n\n\n<p>Des de su experiencia, Segal\u00e9s explic\u00f3 que no solo debes estar en el lugar adecuado en el momento adecuado, sino que \u00abtienes que ser la persona adecuada\u00bb.<\/p>\n\n\n\n<p>Despu\u00e9s de su ponencia, fue el turno de las comunicaciones de los doctorados, en que pudieron mostrar los \u00faltimos resultados de sus investigaciones y compartir su conocimiento con otros investigadores. El Annual PhD Candidate Seminar puede ser una oportunidad de futuro para todos ellos, nos comenta Cristina Serra-Castell\u00f3, doctoranda del programa de Funcionalidad y seguridad alimentarias:<\/p>\n\n\n\n<figure class=\"wp-block-embed is-type-video is-provider-youtube wp-block-embed-youtube wp-embed-aspect-16-9 wp-has-aspect-ratio\"><div class=\"wp-block-embed__wrapper\">\n<iframe loading=\"lazy\" title=\"Interview to Cristina Serra-Castell\u00f3, PhD student at IRTA, on the Annual PhD Candidate Seminar 2021\" width=\"500\" height=\"281\" src=\"https:\/\/www.youtube.com\/embed\/I_0SuJ9DZFY?feature=oembed\" frameborder=\"0\" allow=\"accelerometer; autoplay; clipboard-write; encrypted-media; gyroscope; picture-in-picture; web-share\" referrerpolicy=\"strict-origin-when-cross-origin\" allowfullscreen><\/iframe>\n<\/div><\/figure>\n\n\n\n<p>Pablo Fern\u00e1ndez Cancelo, del programa de Postcosecha, fue el ganador de esta edici\u00f3n del PhD Candidate Seminar. El doctorando valora, de la experiencia, el reto de \u00absintetizar y contar de una manera comprensible para todo el mundo\u00bb su investigaci\u00f3n, lo que le ha permitido trabajar unas habilidades comunicativas que le ser\u00e1n \u00fatiles en cualquier \u00e1mbito en su carrera. Fern\u00e1ndez Cancelo present\u00f3 su tesis \u00abUnmasking apple peel colour\u00bb, y el premio es la publicaci\u00f3n de un art\u00edculo en <em>open access <\/em>de manera gratuita, la cual cosa es \u00abuna gran oportunidad\u00bb para \u00e9l:<\/p>\n\n\n\n<figure class=\"wp-block-embed is-type-video is-provider-youtube wp-block-embed-youtube wp-embed-aspect-16-9 wp-has-aspect-ratio\"><div class=\"wp-block-embed__wrapper\">\n<iframe loading=\"lazy\" title=\"Interview to Pablo Fern\u00e1ndez on winning the 1st prize at IRTA&#039;s Annual PhD Candidate Seminar 2021\" width=\"500\" height=\"281\" src=\"https:\/\/www.youtube.com\/embed\/oUatbgndzuM?feature=oembed\" frameborder=\"0\" allow=\"accelerometer; autoplay; clipboard-write; encrypted-media; gyroscope; picture-in-picture; web-share\" referrerpolicy=\"strict-origin-when-cross-origin\" allowfullscreen><\/iframe>\n<\/div><\/figure>\n\n\n\n<p>La jornada se pudo seguir por v\u00eda telem\u00e1tica para toda aquella gente que no pod\u00eda estar de forma presencial. La votaci\u00f3n se realiz\u00f3 en l\u00ednea en una plataforma donde tambi\u00e9n se pudieron hacer preguntas al final de cada presentaci\u00f3n.<\/p>\n\n\n\n<p>La clausura de la jornada corri\u00f3 a cargo del director general, Josep Usall.<\/p>\n","protected":false},"featured_media":7198,"template":"","categoria_noticia":[],"etiqueta_filtrar_noticia":[],"class_list":["post-59780","noticia","type-noticia","status-publish","has-post-thumbnail","hentry"],"acf":[],"yoast_head":"<!-- This site is optimized with the Yoast SEO plugin v26.6 - https:\/\/yoast.com\/wordpress\/plugins\/seo\/ -->\r\n<title>Los doctorandos del IRTA presentan su investigaci\u00f3n en una nueva edici\u00f3n del Annual PhD Candidate Seminar &#187; IRTA<\/title>\r\n<meta name=\"robots\" content=\"index, follow, max-snippet:-1, max-image-preview:large, max-video-preview:-1\" \/>\r\n<link rel=\"canonical\" href=\"https:\/\/www.irta.cat\/es\/noticia\/los-doctorandos-del-irta-presentan-su-investigacion-en-una-nueva-edicion-del-annual-phd-candidate-seminar\/\" \/>\r\n<meta property=\"og:locale\" content=\"es_ES\" \/>\r\n<meta property=\"og:type\" content=\"article\" \/>\r\n<meta property=\"og:title\" content=\"Los doctorandos del IRTA presentan su investigaci\u00f3n en una nueva edici\u00f3n del Annual PhD Candidate Seminar &#187; IRTA\" \/>\r\n<meta property=\"og:description\" content=\"El doctorando Pablo Fern\u00e1ndez Cancelo, del programa de Postcosecha, gan\u00f3 el premio a la mejor comunicaci\u00f3n, que consiste en una publicaci\u00f3n en acceso abierto Joaquim Segal\u00e9s, investigador en el IRTA-CReSA, ofreci\u00f3 el discurso inaugural, sobre las oportunidades que hay en terminar un doctorado El 16 de diciembre se celebr\u00f3 el Annual PhD Candidate Seminar en [&hellip;]\" \/>\r\n<meta property=\"og:url\" content=\"https:\/\/www.irta.cat\/es\/noticia\/los-doctorandos-del-irta-presentan-su-investigacion-en-una-nueva-edicion-del-annual-phd-candidate-seminar\/\" \/>\r\n<meta property=\"og:site_name\" content=\"IRTA\" \/>\r\n<meta property=\"article:publisher\" content=\"https:\/\/www.facebook.com\/irtacat\" \/>\r\n<meta property=\"article:modified_time\" content=\"2024-11-06T09:07:33+00:00\" \/>\r\n<meta property=\"og:image\" content=\"https:\/\/www.irta.cat\/wp-content\/uploads\/2023\/01\/phdday2021.jpg\" \/>\r\n\t<meta property=\"og:image:width\" content=\"1455\" \/>\r\n\t<meta property=\"og:image:height\" content=\"971\" \/>\r\n\t<meta property=\"og:image:type\" content=\"image\/jpeg\" \/>\r\n<meta name=\"twitter:card\" content=\"summary_large_image\" \/>\r\n<meta name=\"twitter:site\" content=\"@irtacat\" \/>\r\n<meta name=\"twitter:label1\" content=\"Tiempo de lectura\" \/>\n\t<meta name=\"twitter:data1\" content=\"2 minutos\" \/>\r\n<script type=\"application\/ld+json\" class=\"yoast-schema-graph\">{\"@context\":\"https:\/\/schema.org\",\"@graph\":[{\"@type\":\"WebPage\",\"@id\":\"https:\/\/www.irta.cat\/es\/noticia\/los-doctorandos-del-irta-presentan-su-investigacion-en-una-nueva-edicion-del-annual-phd-candidate-seminar\/\",\"url\":\"https:\/\/www.irta.cat\/es\/noticia\/los-doctorandos-del-irta-presentan-su-investigacion-en-una-nueva-edicion-del-annual-phd-candidate-seminar\/\",\"name\":\"Los doctorandos del IRTA presentan su investigaci\u00f3n en una nueva edici\u00f3n del Annual PhD Candidate Seminar &#187; IRTA\",\"isPartOf\":{\"@id\":\"https:\/\/www.irta.cat\/es\/#website\"},\"primaryImageOfPage\":{\"@id\":\"https:\/\/www.irta.cat\/es\/noticia\/los-doctorandos-del-irta-presentan-su-investigacion-en-una-nueva-edicion-del-annual-phd-candidate-seminar\/#primaryimage\"},\"image\":{\"@id\":\"https:\/\/www.irta.cat\/es\/noticia\/los-doctorandos-del-irta-presentan-su-investigacion-en-una-nueva-edicion-del-annual-phd-candidate-seminar\/#primaryimage\"},\"thumbnailUrl\":\"https:\/\/www.irta.cat\/wp-content\/uploads\/2023\/01\/phdday2021.jpg\",\"datePublished\":\"2021-12-23T09:22:20+00:00\",\"dateModified\":\"2024-11-06T09:07:33+00:00\",\"breadcrumb\":{\"@id\":\"https:\/\/www.irta.cat\/es\/noticia\/los-doctorandos-del-irta-presentan-su-investigacion-en-una-nueva-edicion-del-annual-phd-candidate-seminar\/#breadcrumb\"},\"inLanguage\":\"es\",\"potentialAction\":[{\"@type\":\"ReadAction\",\"target\":[\"https:\/\/www.irta.cat\/es\/noticia\/los-doctorandos-del-irta-presentan-su-investigacion-en-una-nueva-edicion-del-annual-phd-candidate-seminar\/\"]}]},{\"@type\":\"ImageObject\",\"inLanguage\":\"es\",\"@id\":\"https:\/\/www.irta.cat\/es\/noticia\/los-doctorandos-del-irta-presentan-su-investigacion-en-una-nueva-edicion-del-annual-phd-candidate-seminar\/#primaryimage\",\"url\":\"https:\/\/www.irta.cat\/wp-content\/uploads\/2023\/01\/phdday2021.jpg\",\"contentUrl\":\"https:\/\/www.irta.cat\/wp-content\/uploads\/2023\/01\/phdday2021.jpg\",\"width\":1455,\"height\":971},{\"@type\":\"BreadcrumbList\",\"@id\":\"https:\/\/www.irta.cat\/es\/noticia\/los-doctorandos-del-irta-presentan-su-investigacion-en-una-nueva-edicion-del-annual-phd-candidate-seminar\/#breadcrumb\",\"itemListElement\":[{\"@type\":\"ListItem\",\"position\":1,\"name\":\"Inici\",\"item\":\"https:\/\/www.irta.cat\/es\/\"},{\"@type\":\"ListItem\",\"position\":2,\"name\":\"Los doctorandos del IRTA presentan su investigaci\u00f3n en una nueva edici\u00f3n del Annual PhD Candidate Seminar\"}]},{\"@type\":\"WebSite\",\"@id\":\"https:\/\/www.irta.cat\/es\/#website\",\"url\":\"https:\/\/www.irta.cat\/es\/\",\"name\":\"IRTA\",\"description\":\"Institut de Recerca i Tecnologia Agroaliment\u00e0ries\",\"publisher\":{\"@id\":\"https:\/\/www.irta.cat\/es\/#organization\"},\"alternateName\":\"%%sitename%% %%sep%% %%title%%\",\"potentialAction\":[{\"@type\":\"SearchAction\",\"target\":{\"@type\":\"EntryPoint\",\"urlTemplate\":\"https:\/\/www.irta.cat\/es\/?s={search_term_string}\"},\"query-input\":{\"@type\":\"PropertyValueSpecification\",\"valueRequired\":true,\"valueName\":\"search_term_string\"}}],\"inLanguage\":\"es\"},{\"@type\":\"Organization\",\"@id\":\"https:\/\/www.irta.cat\/es\/#organization\",\"name\":\"IRTA\",\"url\":\"https:\/\/www.irta.cat\/es\/\",\"logo\":{\"@type\":\"ImageObject\",\"inLanguage\":\"es\",\"@id\":\"https:\/\/www.irta.cat\/es\/#\/schema\/logo\/image\/\",\"url\":\"https:\/\/www.irta.cat\/wp-content\/uploads\/2023\/04\/Logo-IRTA-verm.png\",\"contentUrl\":\"https:\/\/www.irta.cat\/wp-content\/uploads\/2023\/04\/Logo-IRTA-verm.png\",\"width\":1250,\"height\":500,\"caption\":\"IRTA\"},\"image\":{\"@id\":\"https:\/\/www.irta.cat\/es\/#\/schema\/logo\/image\/\"},\"sameAs\":[\"https:\/\/www.facebook.com\/irtacat\",\"https:\/\/x.com\/irtacat\"]}]}<\/script>\r\n<!-- \/ Yoast SEO plugin. -->","yoast_head_json":{"title":"Los doctorandos del IRTA presentan su investigaci\u00f3n en una nueva edici\u00f3n del Annual PhD Candidate Seminar &#187; IRTA","robots":{"index":"index","follow":"follow","max-snippet":"max-snippet:-1","max-image-preview":"max-image-preview:large","max-video-preview":"max-video-preview:-1"},"canonical":"https:\/\/www.irta.cat\/es\/noticia\/los-doctorandos-del-irta-presentan-su-investigacion-en-una-nueva-edicion-del-annual-phd-candidate-seminar\/","og_locale":"es_ES","og_type":"article","og_title":"Los doctorandos del IRTA presentan su investigaci\u00f3n en una nueva edici\u00f3n del Annual PhD Candidate Seminar &#187; IRTA","og_description":"El doctorando Pablo Fern\u00e1ndez Cancelo, del programa de Postcosecha, gan\u00f3 el premio a la mejor comunicaci\u00f3n, que consiste en una publicaci\u00f3n en acceso abierto Joaquim Segal\u00e9s, investigador en el IRTA-CReSA, ofreci\u00f3 el discurso inaugural, sobre las oportunidades que hay en terminar un doctorado El 16 de diciembre se celebr\u00f3 el Annual PhD Candidate Seminar en [&hellip;]","og_url":"https:\/\/www.irta.cat\/es\/noticia\/los-doctorandos-del-irta-presentan-su-investigacion-en-una-nueva-edicion-del-annual-phd-candidate-seminar\/","og_site_name":"IRTA","article_publisher":"https:\/\/www.facebook.com\/irtacat","article_modified_time":"2024-11-06T09:07:33+00:00","og_image":[{"width":1455,"height":971,"url":"https:\/\/www.irta.cat\/wp-content\/uploads\/2023\/01\/phdday2021.jpg","type":"image\/jpeg"}],"twitter_card":"summary_large_image","twitter_site":"@irtacat","twitter_misc":{"Tiempo de lectura":"2 minutos"},"schema":{"@context":"https:\/\/schema.org","@graph":[{"@type":"WebPage","@id":"https:\/\/www.irta.cat\/es\/noticia\/los-doctorandos-del-irta-presentan-su-investigacion-en-una-nueva-edicion-del-annual-phd-candidate-seminar\/","url":"https:\/\/www.irta.cat\/es\/noticia\/los-doctorandos-del-irta-presentan-su-investigacion-en-una-nueva-edicion-del-annual-phd-candidate-seminar\/","name":"Los doctorandos del IRTA presentan su investigaci\u00f3n en una nueva edici\u00f3n del Annual PhD Candidate Seminar &#187; IRTA","isPartOf":{"@id":"https:\/\/www.irta.cat\/es\/#website"},"primaryImageOfPage":{"@id":"https:\/\/www.irta.cat\/es\/noticia\/los-doctorandos-del-irta-presentan-su-investigacion-en-una-nueva-edicion-del-annual-phd-candidate-seminar\/#primaryimage"},"image":{"@id":"https:\/\/www.irta.cat\/es\/noticia\/los-doctorandos-del-irta-presentan-su-investigacion-en-una-nueva-edicion-del-annual-phd-candidate-seminar\/#primaryimage"},"thumbnailUrl":"https:\/\/www.irta.cat\/wp-content\/uploads\/2023\/01\/phdday2021.jpg","datePublished":"2021-12-23T09:22:20+00:00","dateModified":"2024-11-06T09:07:33+00:00","breadcrumb":{"@id":"https:\/\/www.irta.cat\/es\/noticia\/los-doctorandos-del-irta-presentan-su-investigacion-en-una-nueva-edicion-del-annual-phd-candidate-seminar\/#breadcrumb"},"inLanguage":"es","potentialAction":[{"@type":"ReadAction","target":["https:\/\/www.irta.cat\/es\/noticia\/los-doctorandos-del-irta-presentan-su-investigacion-en-una-nueva-edicion-del-annual-phd-candidate-seminar\/"]}]},{"@type":"ImageObject","inLanguage":"es","@id":"https:\/\/www.irta.cat\/es\/noticia\/los-doctorandos-del-irta-presentan-su-investigacion-en-una-nueva-edicion-del-annual-phd-candidate-seminar\/#primaryimage","url":"https:\/\/www.irta.cat\/wp-content\/uploads\/2023\/01\/phdday2021.jpg","contentUrl":"https:\/\/www.irta.cat\/wp-content\/uploads\/2023\/01\/phdday2021.jpg","width":1455,"height":971},{"@type":"BreadcrumbList","@id":"https:\/\/www.irta.cat\/es\/noticia\/los-doctorandos-del-irta-presentan-su-investigacion-en-una-nueva-edicion-del-annual-phd-candidate-seminar\/#breadcrumb","itemListElement":[{"@type":"ListItem","position":1,"name":"Inici","item":"https:\/\/www.irta.cat\/es\/"},{"@type":"ListItem","position":2,"name":"Los doctorandos del IRTA presentan su investigaci\u00f3n en una nueva edici\u00f3n del Annual PhD Candidate Seminar"}]},{"@type":"WebSite","@id":"https:\/\/www.irta.cat\/es\/#website","url":"https:\/\/www.irta.cat\/es\/","name":"IRTA","description":"Institut de Recerca i Tecnologia Agroaliment\u00e0ries","publisher":{"@id":"https:\/\/www.irta.cat\/es\/#organization"},"alternateName":"%%sitename%% %%sep%% %%title%%","potentialAction":[{"@type":"SearchAction","target":{"@type":"EntryPoint","urlTemplate":"https:\/\/www.irta.cat\/es\/?s={search_term_string}"},"query-input":{"@type":"PropertyValueSpecification","valueRequired":true,"valueName":"search_term_string"}}],"inLanguage":"es"},{"@type":"Organization","@id":"https:\/\/www.irta.cat\/es\/#organization","name":"IRTA","url":"https:\/\/www.irta.cat\/es\/","logo":{"@type":"ImageObject","inLanguage":"es","@id":"https:\/\/www.irta.cat\/es\/#\/schema\/logo\/image\/","url":"https:\/\/www.irta.cat\/wp-content\/uploads\/2023\/04\/Logo-IRTA-verm.png","contentUrl":"https:\/\/www.irta.cat\/wp-content\/uploads\/2023\/04\/Logo-IRTA-verm.png","width":1250,"height":500,"caption":"IRTA"},"image":{"@id":"https:\/\/www.irta.cat\/es\/#\/schema\/logo\/image\/"},"sameAs":["https:\/\/www.facebook.com\/irtacat","https:\/\/x.com\/irtacat"]}]}},"_links":{"self":[{"href":"https:\/\/www.irta.cat\/es\/wp-json\/wp\/v2\/noticia\/59780","targetHints":{"allow":["GET"]}}],"collection":[{"href":"https:\/\/www.irta.cat\/es\/wp-json\/wp\/v2\/noticia"}],"about":[{"href":"https:\/\/www.irta.cat\/es\/wp-json\/wp\/v2\/types\/noticia"}],"version-history":[{"count":0,"href":"https:\/\/www.irta.cat\/es\/wp-json\/wp\/v2\/noticia\/59780\/revisions"}],"wp:featuredmedia":[{"embeddable":true,"href":"https:\/\/www.irta.cat\/es\/wp-json\/wp\/v2\/media\/7198"}],"wp:attachment":[{"href":"https:\/\/www.irta.cat\/es\/wp-json\/wp\/v2\/media?parent=59780"}],"wp:term":[{"taxonomy":"categoria_noticia","embeddable":true,"href":"https:\/\/www.irta.cat\/es\/wp-json\/wp\/v2\/categoria_noticia?post=59780"},{"taxonomy":"etiqueta_filtrar_noticia","embeddable":true,"href":"https:\/\/www.irta.cat\/es\/wp-json\/wp\/v2\/etiqueta_filtrar_noticia?post=59780"}],"curies":[{"name":"wp","href":"https:\/\/api.w.org\/{rel}","templated":true}]}}