{"id":59714,"date":"2021-11-12T10:49:43","date_gmt":"2021-11-12T09:49:43","guid":{"rendered":"https:\/\/www.irta.cat\/noticia\/los-proyectos-estrategicos-de-irta-en-las-comarcas-de-girona-se-presentan-a-los-agentes-del-territorio-en-un-encuentro-en-mas-badia\/"},"modified":"2024-11-06T10:06:26","modified_gmt":"2024-11-06T09:06:26","slug":"los-proyectos-estrategicos-de-irta-en-las-comarcas-de-girona-se-presentan-a-los-agentes-del-territorio-en-un-encuentro-en-mas-badia","status":"publish","type":"noticia","link":"https:\/\/www.irta.cat\/es\/noticia\/los-proyectos-estrategicos-de-irta-en-las-comarcas-de-girona-se-presentan-a-los-agentes-del-territorio-en-un-encuentro-en-mas-badia\/","title":{"rendered":"Los proyectos estrat\u00e9gicos de IRTA en las comarcas de Girona se presentan a los agentes del territorio en un encuentro en Mas Badia"},"content":{"rendered":"\n<figure class=\"wp-block-image size-large\"><a href=\"https:\/\/www.irta.cat\/wp-content\/uploads\/2023\/01\/IMG-4049.jpg\" class=\"fancybox irta-lightbox-bridge\" data-fancybox=\"irta-images\"><img decoding=\"async\" src=\"https:\/\/www.irta.cat\/wp-content\/uploads\/2023\/01\/IMG-4049.jpg\" alt=\"\" class=\"wp-image-42435\" loading=\"lazy\" \/><\/a><\/figure>\n\n\n\n<h3 class=\"wp-block-heading\">Se hizo en el marco de la III Mesa Institucional, que tiene el objetivo de acercarlos IRTA y de recoger sus necesidades e inquietudes en materia de investigaci\u00f3n e innovaci\u00f3n<\/h3>\n\n\n\n<p>\u00abQueremos que encuentros como estos nos ayuden a orientar nuestra investigaci\u00f3n en beneficio de las comarcas gerundenses\u00bb, se\u00f1al\u00f3 el director general de IRTA, Josep Usall, en la III Mesa institucional de este territorio que tuvo lugar en la sede del Instituto en Mas Badia, a La Tallada d\u2019Empord\u00e0. Junto con Joan Tibau, delegado de IRTA en las comarcas de Girona, i Joan Bonany, director de Mas Badia, se los dio a conocer que hace IRTA en este territorio y se puso el acento, sobre todo, en los proyectos dirigidos a mejorar la eficiencia y la sostenibilidad de nuestros sistemas agroalimentarios.<\/p>\n\n\n\n<figure class=\"wp-block-image size-large\"><a href=\"https:\/\/www.irta.cat\/wp-content\/uploads\/taula-scaled.jpg\" class=\"fancybox irta-lightbox-bridge\" data-fancybox=\"irta-images\"><img decoding=\"async\" src=\"https:\/\/www.irta.cat\/wp-content\/uploads\/taula-scaled.jpg\" alt=\"\" class=\"wp-image-42451\" loading=\"lazy\" \/><\/a><\/figure>\n\n\n\n<p>As\u00ed, el director general explic\u00f3 los objetivos y los \u00e1mbitos de actuaci\u00f3n de IRTA, as\u00ed como el Plan estrat\u00e9gico, que est\u00e1 alineado con los Objetivos de Desarrollo Sostenible y que pivota alrededor de tres objetivos: proveer alimentos de calidad y saludables; implementar soluciones tecnol\u00f3gicas y desarrollar sistemas alimentarios sostenibles. Joan Tibau apunt\u00f3, seguidamente, los hitos por este 2021 en el marco de proyectos como el PECT Girona Regi\u00f3n Sensible al Agua, el PECT Girona Sistema Agroalimentario Sostenible o el Plan de acci\u00f3n con la Diputaci\u00f3n para el periodo 2021-2024, entre otros.<\/p>\n\n\n\n<figure class=\"wp-block-image size-large is-resized is-style-default\"><a href=\"https:\/\/www.irta.cat\/wp-content\/uploads\/IMG-4045-1-scaled.jpg\" class=\"fancybox irta-lightbox-bridge\" data-fancybox=\"irta-images\"><img loading=\"lazy\" decoding=\"async\" src=\"https:\/\/www.irta.cat\/wp-content\/uploads\/IMG-4045-1-scaled.jpg\" alt=\"\" class=\"wp-image-42454\" width=\"667\" height=\"500\"\/><\/a><\/figure>\n\n\n\n<p>Terminada esta parte, se abri\u00f3 un turno de preguntas entre los asistentes, que agradecieron la convocatoria de encuentros como este y estuvieron de acuerdo que IRTA, tan presente en el territorio gerundense, tiene que trabajar para acercarse a\u00fan m\u00e1s a la ciudadan\u00eda. En el encuentro asistieron, entre otras, Joan Manel Loureiro, servicios territoriales de Girona del DACC; Llu\u00eds Amat, diputado de Medio Ambiente de la Diputaci\u00f3n de Girona; Eduard Torrent, director gerente de la C\u00e1mara de Comercio de Girona; Josep Sala, diputado de SEMEGA, o Enric Marqu\u00e8s, alcalde de la Bisbal de l\u2019Empord\u00e0.<\/p>\n\n\n\n<figure class=\"wp-block-image size-large\"><a href=\"https:\/\/www.irta.cat\/wp-content\/uploads\/IMG-4040-scaled.jpg\" class=\"fancybox irta-lightbox-bridge\" data-fancybox=\"irta-images\"><img decoding=\"async\" src=\"https:\/\/www.irta.cat\/wp-content\/uploads\/IMG-4040-scaled.jpg\" alt=\"\" class=\"wp-image-42441\" loading=\"lazy\" \/><\/a><\/figure>\n\n\n\n<p><\/p>\n","protected":false},"featured_media":6350,"template":"","categoria_noticia":[],"etiqueta_filtrar_noticia":[],"class_list":["post-59714","noticia","type-noticia","status-publish","has-post-thumbnail","hentry"],"acf":[],"yoast_head":"<!-- This site is optimized with the Yoast SEO plugin v26.6 - https:\/\/yoast.com\/wordpress\/plugins\/seo\/ -->\r\n<title>Los proyectos estrat\u00e9gicos de IRTA en las comarcas de Girona se presentan a los agentes del territorio en un encuentro en Mas Badia &#187; IRTA<\/title>\r\n<meta name=\"robots\" content=\"index, follow, max-snippet:-1, max-image-preview:large, max-video-preview:-1\" \/>\r\n<link rel=\"canonical\" href=\"https:\/\/www.irta.cat\/es\/noticia\/los-proyectos-estrategicos-de-irta-en-las-comarcas-de-girona-se-presentan-a-los-agentes-del-territorio-en-un-encuentro-en-mas-badia\/\" \/>\r\n<meta property=\"og:locale\" content=\"es_ES\" \/>\r\n<meta property=\"og:type\" content=\"article\" \/>\r\n<meta property=\"og:title\" content=\"Los proyectos estrat\u00e9gicos de IRTA en las comarcas de Girona se presentan a los agentes del territorio en un encuentro en Mas Badia &#187; IRTA\" \/>\r\n<meta property=\"og:description\" content=\"Se hizo en el marco de la III Mesa Institucional, que tiene el objetivo de acercarlos IRTA y de recoger sus necesidades e inquietudes en materia de investigaci\u00f3n e innovaci\u00f3n \u00abQueremos que encuentros como estos nos ayuden a orientar nuestra investigaci\u00f3n en beneficio de las comarcas gerundenses\u00bb, se\u00f1al\u00f3 el director general de IRTA, Josep Usall, [&hellip;]\" \/>\r\n<meta property=\"og:url\" content=\"https:\/\/www.irta.cat\/es\/noticia\/los-proyectos-estrategicos-de-irta-en-las-comarcas-de-girona-se-presentan-a-los-agentes-del-territorio-en-un-encuentro-en-mas-badia\/\" \/>\r\n<meta property=\"og:site_name\" content=\"IRTA\" \/>\r\n<meta property=\"article:publisher\" content=\"https:\/\/www.facebook.com\/irtacat\" \/>\r\n<meta property=\"article:modified_time\" content=\"2024-11-06T09:06:26+00:00\" \/>\r\n<meta property=\"og:image\" content=\"https:\/\/www.irta.cat\/wp-content\/uploads\/2023\/01\/IMG-4049.jpg\" \/>\r\n\t<meta property=\"og:image:width\" content=\"1\" \/>\r\n\t<meta property=\"og:image:height\" content=\"1\" \/>\r\n\t<meta property=\"og:image:type\" content=\"image\/jpeg\" \/>\r\n<meta name=\"twitter:card\" content=\"summary_large_image\" \/>\r\n<meta name=\"twitter:site\" content=\"@irtacat\" \/>\r\n<meta name=\"twitter:label1\" content=\"Tiempo de lectura\" \/>\n\t<meta name=\"twitter:data1\" content=\"2 minutos\" \/>\r\n<script type=\"application\/ld+json\" class=\"yoast-schema-graph\">{\"@context\":\"https:\/\/schema.org\",\"@graph\":[{\"@type\":\"WebPage\",\"@id\":\"https:\/\/www.irta.cat\/es\/noticia\/los-proyectos-estrategicos-de-irta-en-las-comarcas-de-girona-se-presentan-a-los-agentes-del-territorio-en-un-encuentro-en-mas-badia\/\",\"url\":\"https:\/\/www.irta.cat\/es\/noticia\/los-proyectos-estrategicos-de-irta-en-las-comarcas-de-girona-se-presentan-a-los-agentes-del-territorio-en-un-encuentro-en-mas-badia\/\",\"name\":\"Los proyectos estrat\u00e9gicos de IRTA en las comarcas de Girona se presentan a los agentes del territorio en un encuentro en Mas Badia &#187; IRTA\",\"isPartOf\":{\"@id\":\"https:\/\/www.irta.cat\/es\/#website\"},\"primaryImageOfPage\":{\"@id\":\"https:\/\/www.irta.cat\/es\/noticia\/los-proyectos-estrategicos-de-irta-en-las-comarcas-de-girona-se-presentan-a-los-agentes-del-territorio-en-un-encuentro-en-mas-badia\/#primaryimage\"},\"image\":{\"@id\":\"https:\/\/www.irta.cat\/es\/noticia\/los-proyectos-estrategicos-de-irta-en-las-comarcas-de-girona-se-presentan-a-los-agentes-del-territorio-en-un-encuentro-en-mas-badia\/#primaryimage\"},\"thumbnailUrl\":\"https:\/\/www.irta.cat\/wp-content\/uploads\/2023\/01\/IMG-4049.jpg\",\"datePublished\":\"2021-11-12T09:49:43+00:00\",\"dateModified\":\"2024-11-06T09:06:26+00:00\",\"breadcrumb\":{\"@id\":\"https:\/\/www.irta.cat\/es\/noticia\/los-proyectos-estrategicos-de-irta-en-las-comarcas-de-girona-se-presentan-a-los-agentes-del-territorio-en-un-encuentro-en-mas-badia\/#breadcrumb\"},\"inLanguage\":\"es\",\"potentialAction\":[{\"@type\":\"ReadAction\",\"target\":[\"https:\/\/www.irta.cat\/es\/noticia\/los-proyectos-estrategicos-de-irta-en-las-comarcas-de-girona-se-presentan-a-los-agentes-del-territorio-en-un-encuentro-en-mas-badia\/\"]}]},{\"@type\":\"ImageObject\",\"inLanguage\":\"es\",\"@id\":\"https:\/\/www.irta.cat\/es\/noticia\/los-proyectos-estrategicos-de-irta-en-las-comarcas-de-girona-se-presentan-a-los-agentes-del-territorio-en-un-encuentro-en-mas-badia\/#primaryimage\",\"url\":\"https:\/\/www.irta.cat\/wp-content\/uploads\/2023\/01\/IMG-4049.jpg\",\"contentUrl\":\"https:\/\/www.irta.cat\/wp-content\/uploads\/2023\/01\/IMG-4049.jpg\"},{\"@type\":\"BreadcrumbList\",\"@id\":\"https:\/\/www.irta.cat\/es\/noticia\/los-proyectos-estrategicos-de-irta-en-las-comarcas-de-girona-se-presentan-a-los-agentes-del-territorio-en-un-encuentro-en-mas-badia\/#breadcrumb\",\"itemListElement\":[{\"@type\":\"ListItem\",\"position\":1,\"name\":\"Inici\",\"item\":\"https:\/\/www.irta.cat\/es\/\"},{\"@type\":\"ListItem\",\"position\":2,\"name\":\"Los proyectos estrat\u00e9gicos de IRTA en las comarcas de Girona se presentan a los agentes del territorio en un encuentro en Mas Badia\"}]},{\"@type\":\"WebSite\",\"@id\":\"https:\/\/www.irta.cat\/es\/#website\",\"url\":\"https:\/\/www.irta.cat\/es\/\",\"name\":\"IRTA\",\"description\":\"Institut de Recerca i Tecnologia Agroaliment\u00e0ries\",\"publisher\":{\"@id\":\"https:\/\/www.irta.cat\/es\/#organization\"},\"alternateName\":\"%%sitename%% %%sep%% %%title%%\",\"potentialAction\":[{\"@type\":\"SearchAction\",\"target\":{\"@type\":\"EntryPoint\",\"urlTemplate\":\"https:\/\/www.irta.cat\/es\/?s={search_term_string}\"},\"query-input\":{\"@type\":\"PropertyValueSpecification\",\"valueRequired\":true,\"valueName\":\"search_term_string\"}}],\"inLanguage\":\"es\"},{\"@type\":\"Organization\",\"@id\":\"https:\/\/www.irta.cat\/es\/#organization\",\"name\":\"IRTA\",\"url\":\"https:\/\/www.irta.cat\/es\/\",\"logo\":{\"@type\":\"ImageObject\",\"inLanguage\":\"es\",\"@id\":\"https:\/\/www.irta.cat\/es\/#\/schema\/logo\/image\/\",\"url\":\"https:\/\/www.irta.cat\/wp-content\/uploads\/2023\/04\/Logo-IRTA-verm.png\",\"contentUrl\":\"https:\/\/www.irta.cat\/wp-content\/uploads\/2023\/04\/Logo-IRTA-verm.png\",\"width\":1250,\"height\":500,\"caption\":\"IRTA\"},\"image\":{\"@id\":\"https:\/\/www.irta.cat\/es\/#\/schema\/logo\/image\/\"},\"sameAs\":[\"https:\/\/www.facebook.com\/irtacat\",\"https:\/\/x.com\/irtacat\"]}]}<\/script>\r\n<!-- \/ Yoast SEO plugin. -->","yoast_head_json":{"title":"Los proyectos estrat\u00e9gicos de IRTA en las comarcas de Girona se presentan a los agentes del territorio en un encuentro en Mas Badia &#187; IRTA","robots":{"index":"index","follow":"follow","max-snippet":"max-snippet:-1","max-image-preview":"max-image-preview:large","max-video-preview":"max-video-preview:-1"},"canonical":"https:\/\/www.irta.cat\/es\/noticia\/los-proyectos-estrategicos-de-irta-en-las-comarcas-de-girona-se-presentan-a-los-agentes-del-territorio-en-un-encuentro-en-mas-badia\/","og_locale":"es_ES","og_type":"article","og_title":"Los proyectos estrat\u00e9gicos de IRTA en las comarcas de Girona se presentan a los agentes del territorio en un encuentro en Mas Badia &#187; IRTA","og_description":"Se hizo en el marco de la III Mesa Institucional, que tiene el objetivo de acercarlos IRTA y de recoger sus necesidades e inquietudes en materia de investigaci\u00f3n e innovaci\u00f3n \u00abQueremos que encuentros como estos nos ayuden a orientar nuestra investigaci\u00f3n en beneficio de las comarcas gerundenses\u00bb, se\u00f1al\u00f3 el director general de IRTA, Josep Usall, [&hellip;]","og_url":"https:\/\/www.irta.cat\/es\/noticia\/los-proyectos-estrategicos-de-irta-en-las-comarcas-de-girona-se-presentan-a-los-agentes-del-territorio-en-un-encuentro-en-mas-badia\/","og_site_name":"IRTA","article_publisher":"https:\/\/www.facebook.com\/irtacat","article_modified_time":"2024-11-06T09:06:26+00:00","og_image":[{"url":"https:\/\/www.irta.cat\/wp-content\/uploads\/2023\/01\/IMG-4049.jpg","width":1,"height":1,"type":"image\/jpeg"}],"twitter_card":"summary_large_image","twitter_site":"@irtacat","twitter_misc":{"Tiempo de lectura":"2 minutos"},"schema":{"@context":"https:\/\/schema.org","@graph":[{"@type":"WebPage","@id":"https:\/\/www.irta.cat\/es\/noticia\/los-proyectos-estrategicos-de-irta-en-las-comarcas-de-girona-se-presentan-a-los-agentes-del-territorio-en-un-encuentro-en-mas-badia\/","url":"https:\/\/www.irta.cat\/es\/noticia\/los-proyectos-estrategicos-de-irta-en-las-comarcas-de-girona-se-presentan-a-los-agentes-del-territorio-en-un-encuentro-en-mas-badia\/","name":"Los proyectos estrat\u00e9gicos de IRTA en las comarcas de Girona se presentan a los agentes del territorio en un encuentro en Mas Badia &#187; IRTA","isPartOf":{"@id":"https:\/\/www.irta.cat\/es\/#website"},"primaryImageOfPage":{"@id":"https:\/\/www.irta.cat\/es\/noticia\/los-proyectos-estrategicos-de-irta-en-las-comarcas-de-girona-se-presentan-a-los-agentes-del-territorio-en-un-encuentro-en-mas-badia\/#primaryimage"},"image":{"@id":"https:\/\/www.irta.cat\/es\/noticia\/los-proyectos-estrategicos-de-irta-en-las-comarcas-de-girona-se-presentan-a-los-agentes-del-territorio-en-un-encuentro-en-mas-badia\/#primaryimage"},"thumbnailUrl":"https:\/\/www.irta.cat\/wp-content\/uploads\/2023\/01\/IMG-4049.jpg","datePublished":"2021-11-12T09:49:43+00:00","dateModified":"2024-11-06T09:06:26+00:00","breadcrumb":{"@id":"https:\/\/www.irta.cat\/es\/noticia\/los-proyectos-estrategicos-de-irta-en-las-comarcas-de-girona-se-presentan-a-los-agentes-del-territorio-en-un-encuentro-en-mas-badia\/#breadcrumb"},"inLanguage":"es","potentialAction":[{"@type":"ReadAction","target":["https:\/\/www.irta.cat\/es\/noticia\/los-proyectos-estrategicos-de-irta-en-las-comarcas-de-girona-se-presentan-a-los-agentes-del-territorio-en-un-encuentro-en-mas-badia\/"]}]},{"@type":"ImageObject","inLanguage":"es","@id":"https:\/\/www.irta.cat\/es\/noticia\/los-proyectos-estrategicos-de-irta-en-las-comarcas-de-girona-se-presentan-a-los-agentes-del-territorio-en-un-encuentro-en-mas-badia\/#primaryimage","url":"https:\/\/www.irta.cat\/wp-content\/uploads\/2023\/01\/IMG-4049.jpg","contentUrl":"https:\/\/www.irta.cat\/wp-content\/uploads\/2023\/01\/IMG-4049.jpg"},{"@type":"BreadcrumbList","@id":"https:\/\/www.irta.cat\/es\/noticia\/los-proyectos-estrategicos-de-irta-en-las-comarcas-de-girona-se-presentan-a-los-agentes-del-territorio-en-un-encuentro-en-mas-badia\/#breadcrumb","itemListElement":[{"@type":"ListItem","position":1,"name":"Inici","item":"https:\/\/www.irta.cat\/es\/"},{"@type":"ListItem","position":2,"name":"Los proyectos estrat\u00e9gicos de IRTA en las comarcas de Girona se presentan a los agentes del territorio en un encuentro en Mas Badia"}]},{"@type":"WebSite","@id":"https:\/\/www.irta.cat\/es\/#website","url":"https:\/\/www.irta.cat\/es\/","name":"IRTA","description":"Institut de Recerca i Tecnologia Agroaliment\u00e0ries","publisher":{"@id":"https:\/\/www.irta.cat\/es\/#organization"},"alternateName":"%%sitename%% %%sep%% %%title%%","potentialAction":[{"@type":"SearchAction","target":{"@type":"EntryPoint","urlTemplate":"https:\/\/www.irta.cat\/es\/?s={search_term_string}"},"query-input":{"@type":"PropertyValueSpecification","valueRequired":true,"valueName":"search_term_string"}}],"inLanguage":"es"},{"@type":"Organization","@id":"https:\/\/www.irta.cat\/es\/#organization","name":"IRTA","url":"https:\/\/www.irta.cat\/es\/","logo":{"@type":"ImageObject","inLanguage":"es","@id":"https:\/\/www.irta.cat\/es\/#\/schema\/logo\/image\/","url":"https:\/\/www.irta.cat\/wp-content\/uploads\/2023\/04\/Logo-IRTA-verm.png","contentUrl":"https:\/\/www.irta.cat\/wp-content\/uploads\/2023\/04\/Logo-IRTA-verm.png","width":1250,"height":500,"caption":"IRTA"},"image":{"@id":"https:\/\/www.irta.cat\/es\/#\/schema\/logo\/image\/"},"sameAs":["https:\/\/www.facebook.com\/irtacat","https:\/\/x.com\/irtacat"]}]}},"_links":{"self":[{"href":"https:\/\/www.irta.cat\/es\/wp-json\/wp\/v2\/noticia\/59714","targetHints":{"allow":["GET"]}}],"collection":[{"href":"https:\/\/www.irta.cat\/es\/wp-json\/wp\/v2\/noticia"}],"about":[{"href":"https:\/\/www.irta.cat\/es\/wp-json\/wp\/v2\/types\/noticia"}],"version-history":[{"count":0,"href":"https:\/\/www.irta.cat\/es\/wp-json\/wp\/v2\/noticia\/59714\/revisions"}],"wp:featuredmedia":[{"embeddable":true,"href":"https:\/\/www.irta.cat\/es\/wp-json\/wp\/v2\/media\/6350"}],"wp:attachment":[{"href":"https:\/\/www.irta.cat\/es\/wp-json\/wp\/v2\/media?parent=59714"}],"wp:term":[{"taxonomy":"categoria_noticia","embeddable":true,"href":"https:\/\/www.irta.cat\/es\/wp-json\/wp\/v2\/categoria_noticia?post=59714"},{"taxonomy":"etiqueta_filtrar_noticia","embeddable":true,"href":"https:\/\/www.irta.cat\/es\/wp-json\/wp\/v2\/etiqueta_filtrar_noticia?post=59714"}],"curies":[{"name":"wp","href":"https:\/\/api.w.org\/{rel}","templated":true}]}}