{"id":59584,"date":"2021-08-17T07:11:47","date_gmt":"2021-08-17T05:11:47","guid":{"rendered":"https:\/\/www.irta.cat\/noticia\/la-infeccion-por-sars-cov-2-genera-anticuerpos-protectores-que-se-mantienen-mas-alla-de-un-ano\/"},"modified":"2024-11-06T10:02:02","modified_gmt":"2024-11-06T09:02:02","slug":"la-infeccion-por-sars-cov-2-genera-anticuerpos-protectores-que-se-mantienen-mas-alla-de-un-ano","status":"publish","type":"noticia","link":"https:\/\/www.irta.cat\/es\/noticia\/la-infeccion-por-sars-cov-2-genera-anticuerpos-protectores-que-se-mantienen-mas-alla-de-un-ano\/","title":{"rendered":"La infecci\u00f3n por SARS-CoV-2 genera anticuerpos protectores que se mantienen m\u00e1s all\u00e1 de un a\u00f1o"},"content":{"rendered":"\n<figure class=\"wp-block-image size-large is-resized\"><a href=\"https:\/\/www.irta.cat\/wp-content\/uploads\/Coronavirus_stock-7-scaled.jpeg\" class=\"fancybox irta-lightbox-bridge\" data-fancybox=\"irta-images\"><img decoding=\"async\" src=\"https:\/\/www.irta.cat\/wp-content\/uploads\/Coronavirus_stock-7-scaled.jpeg\" alt=\"\" class=\"wp-image-34271\" width=\"700\" loading=\"lazy\" \/><\/a><\/figure>\n\n\n\n<h2 class=\"wp-block-heading\"><strong>Se han analizado los niveles de anticuerpos neutralizantes, es decir, con efecto protector, en m\u00e1s de 300 personas que se han infectado por el SARS-CoV-2 y se ha demostrado que estos se mantienen m\u00e1s de un a\u00f1o despu\u00e9s del momento de la infecci\u00f3n<\/strong><\/h2>\n\n\n\n<h2 class=\"wp-block-heading\"><strong>El estudio, que incluye uno de los seguimientos de la respuesta inmunitaria m\u00e1s largos hechos hasta el momento, relaciona la gravedad de la enfermedad con un nivel m\u00e1s elevado de anticuerpos protectores. Las personas que han pasado la infecci\u00f3n de manera leve o asintom\u00e1tica, en cambio, presentan menos anticuerpos, pero de mejor calidad contra las nuevas variantes del virus<\/strong><\/h2>\n\n\n\n<h2 class=\"wp-block-heading\"><strong>Parte de las personas participantes del estudio fueron vacunadas durante el seguimiento, y todas ellas incrementaron diez veces sus niveles de anticuerpos despu\u00e9s de la vacunaci\u00f3n<\/strong><\/h2>\n\n\n\n<p>Entender el funcionamiento y descifrar la duraci\u00f3n de la inmunidad natural contra el SARS-CoV-2 ha sido un objetivo prioritario desde el inicio de la pandemia de la COVID-19. Ahora, con la aparici\u00f3n de nuevas variantes del SARS-CoV-2 capaces de evadir el sistema inmunitario, es a\u00fan m\u00e1s necesario. En <a href=\"https:\/\/www.irsicaixa.es\/es\/actualidad\/los-anticuerpos-protectores-contra-la-covid-19-se-mantienen-durante-un-minimo-de-seis\">ampliaci\u00f3n a estudios realizados anteriormente<\/a>, personal investigador de <a href=\"https:\/\/www.irsicaixa.es\/es\">IrsiCaixa<\/a> \u2013centro impulsado conjuntamente por la Fundaci\u00f3n \u00abla Caixa\u00bb y el Departamento de Salud de la Generalitat de Catalunya\u2013, en colaboraci\u00f3n con el Centro de Investigaci\u00f3n en Sanidad Animal (CReSA) del Instituto de Investigaci\u00f3n y Tecnolog\u00eda Agroalimentarias (IRTA) y el Barcelona Supercomputing Center (BSC), demuestra en un <a href=\"https:\/\/www.medrxiv.org\/content\/10.1101\/2021.08.12.21261921v1\">nuevo estudio<\/a> que la mayor\u00eda de <strong>las personas que han pasado la COVID-19, independientemente de la gravedad de los s\u00edntomas, presentan anticuerpos neutralizantes \u2013es decir, con efecto protector\u2013 m\u00e1s all\u00e1 de un a\u00f1o despu\u00e9s de la infecci\u00f3n<\/strong>. El equipo cient\u00edfico ha observado que, aunque en el caso de los pacientes <strong>hospitalizados la producci\u00f3n de anticuerpos es superior<\/strong>, su capacidad de bloquear nuevas variantes del SARS-CoV-2 se ve m\u00e1s afectada en comparaci\u00f3n a la de los <strong>pacientes asintom\u00e1ticos o con sintomatolog\u00eda leve<\/strong>, que generan <strong>menos anticuerpos, pero m\u00e1s protectores<\/strong>. Sin embargo, la vacunaci\u00f3n ha implicado en todos los individuos del estudio un aumento en sus niveles de anticuerpos, llegando a cantidades muy similares entre todos ellos.<\/p>\n\n\n\n<p>\u00abSe trata de uno de los seguimientos m\u00e1s largos hechos hasta el momento en personas que han pasado la COVID-19\u00bb, explica <a href=\"https:\/\/www.irsicaixa.es\/es\/node\/2343\">Juli\u00e0 Blanco<\/a>, investigador IGTP en IrsiCaixa. \u00abDurante poco m\u00e1s de un a\u00f1o, hemos analizado la capacidad protectora de los anticuerpos de un grupo de personas con sintomatolog\u00eda muy heterog\u00e9nea y hemos visto que la severidad de la enfermedad es la que determina la magnitud y efectividad de la respuesta inmunitaria frente al SARS -CoV-2 \u00ab, a\u00f1ade.<\/p>\n\n\n\n<h3 class=\"wp-block-heading\"><strong>Diferente cantidad y calidad de los anticuerpos en funci\u00f3n de la severidad de la COVID-19<\/strong><\/h3>\n\n\n\n<p>El estudio se ha llevado a cabo en un total de 332 personas que han pasado la COVID-19, tanto de manera asintom\u00e1tica y leve (~60%) como grave (~40%), y se les ha hecho un <strong>seguimiento de la respuesta inmunitaria neutralizante durante 15 meses<\/strong>. De este modo, el personal investigador puede confirmar que, en la mayor\u00eda de los casos, <strong>los niveles de anticuerpos se mantienen durante m\u00e1s de un a\u00f1o<\/strong> y confieren protecci\u00f3n frente al SARS-CoV-2.<\/p>\n\n\n\n<p>\u00abLo que hemos visto a lo largo de este a\u00f1o es que, <strong>en los pacientes hospitalizados, la cantidad de anticuerpos protectores alcanzan su nivel m\u00e1ximo pocos d\u00edas despu\u00e9s de presentar los primeros s\u00edntomas<\/strong> y, seguidamente, <strong>decaen de manera pronunciada, hasta que se estabilizan, manteni\u00e9ndose elevados en el tiempo<\/strong>\u00ab, comenta <a href=\"https:\/\/www.irsicaixa.es\/es\/investigadores\/edwards-pradenas\">Edwards Pradenas<\/a>, investigador predoctoral en IrsiCaixa y co-autor del estudio junto con <a href=\"https:\/\/www.irsicaixa.es\/es\/investigadores\/benjamin-trinite\">Benjamin Trinit\u00e9<\/a>, investigador postdoctoral en IrsiCaixa. \u00abEn el caso de las <strong>personas que han pasado una COVID-19 de forma asintom\u00e1tica o leve<\/strong>, los niveles de anticuerpos protectores, aunque tambi\u00e9n se sostienen en el tiempo, <strong>se mantienen m\u00e1s bajos<\/strong>\u00ab, a\u00f1ade. Este comportamiento se ha observado en personas infectadas a lo largo de diferentes olas de la pandemia. Paralelamente, el personal cient\u00edfico ha determinado que, <strong>en el caso de los pacientes hospitalizados, la calidad de los anticuerpos es menor<\/strong>. De hecho, el estudio demuestra que la capacidad protectora de los anticuerpos ante la variante Beta, descrita por primera vez en Sud\u00e1frica, se pierde de manera m\u00e1s acentuada en los pacientes hospitalizados que en las personas que han pasado la COVID-19 de forma asintom\u00e1tica o leve. Por lo tanto, una infecci\u00f3n severa parece generar m\u00e1s anticuerpos, pero de peor calidad. \u00abTener una buena respuesta inmunitaria es clave, sobre todo ahora con la aparici\u00f3n de nuevas variantes que pueden comprometer la efectividad de nuestras defensas. Datos recientes apuntan a que, en ausencia de la vacuna, un 50% de los participantes del estudio podr\u00edan sufrir una reinfecci\u00f3n por la variante Beta del virus, la m\u00e1s resistente a anticuerpos descrita hasta el momento, y este porcentaje bajar\u00eda hasta el 30% en el caso del virus original\u00bb, comenta Blanco.<\/p>\n\n\n\n<h3 class=\"wp-block-heading\"><strong>Alcanzar niveles de protecci\u00f3n m\u00e1ximos con la vacunaci\u00f3n<\/strong><\/h3>\n\n\n\n<p>Gracias a la administraci\u00f3n de la vacuna, los niveles de anticuerpos de las personas participantes del estudio, de diferente magnitud seg\u00fan la sintomatolog\u00eda, han llegado a valores comparables.<\/p>\n\n\n\n<p>\u00abAunque no todas las personas a las que les hemos hecho el seguimiento han recibido la pauta completa de la vacuna, podemos decir que, en todas ellas, su respuesta inmunitaria contra el virus se ha visto potenciada, demostrando, de nuevo, los claros beneficios de la vacunaci\u00f3n\u00bb, celebra <a href=\"https:\/\/www.irsicaixa.es\/es\/bonaventura-clotet-una-vida-dedicada-la-lucha-contra-las-enfermedades-infecciosas\">Bonaventura Clotet<\/a>, director de IrsiCaixa. \u00abSin embargo, hay que seguir haciendo un seguimiento de la inmunidad de la poblaci\u00f3n a largo plazo para poder saber cu\u00e1nto dura y si sigue siendo efectiva ante las nuevas variantes. S\u00f3lo as\u00ed podremos dise\u00f1ar estrategias de prevenci\u00f3n \u00f3ptimas para combatir la actual pandemia\u00bb, concluye.<\/p>\n\n\n\n<p><\/p>\n\n\n\n<p class=\"has-luminous-vivid-amber-background-color has-background\"><strong>Referencia del art\u00edculo:<\/strong><br><br>Pradenas E, Trinit\u00e9 B, Urrea V, Marfil S, Tarr\u00e9s-Freixas F, Ortiz R, Rovirosa C, Rodon J, Vergara-Alert J, Segal\u00e9s J, Guallar V, Valencia A, Izquierdo-Useros N, Noguera-Julian M, Carrillo J, Paredes R, Mateu L, Chamorro A, Toledo R, Massanella M, Clotet B, Blanco J. <strong>Clinical course impacts early kinetics and long-term magnitude and amplitude of SARS-CoV-2 neutralizing antibodies beyond one year after infection<\/strong>. <em>medRxiv<\/em> 2021. 08.12.21261921; <br><br>doi: <a href=\"https:\/\/www.medrxiv.org\/content\/10.1101\/2021.08.12.21261921v1\">10.1101\/2021.08.12.21261921<\/a><\/p>\n","protected":false},"featured_media":5889,"template":"","categoria_noticia":[],"etiqueta_filtrar_noticia":[],"class_list":["post-59584","noticia","type-noticia","status-publish","has-post-thumbnail","hentry"],"acf":[],"yoast_head":"<!-- This site is optimized with the Yoast SEO plugin v26.6 - https:\/\/yoast.com\/wordpress\/plugins\/seo\/ -->\r\n<title>La infecci\u00f3n por SARS-CoV-2 genera anticuerpos protectores que se mantienen m\u00e1s all\u00e1 de un a\u00f1o &#187; IRTA<\/title>\r\n<meta name=\"robots\" content=\"index, follow, max-snippet:-1, max-image-preview:large, max-video-preview:-1\" \/>\r\n<link rel=\"canonical\" href=\"https:\/\/www.irta.cat\/es\/noticia\/la-infeccion-por-sars-cov-2-genera-anticuerpos-protectores-que-se-mantienen-mas-alla-de-un-ano\/\" \/>\r\n<meta property=\"og:locale\" content=\"es_ES\" \/>\r\n<meta property=\"og:type\" content=\"article\" \/>\r\n<meta property=\"og:title\" content=\"La infecci\u00f3n por SARS-CoV-2 genera anticuerpos protectores que se mantienen m\u00e1s all\u00e1 de un a\u00f1o &#187; IRTA\" \/>\r\n<meta property=\"og:description\" content=\"Se han analizado los niveles de anticuerpos neutralizantes, es decir, con efecto protector, en m\u00e1s de 300 personas que se han infectado por el SARS-CoV-2 y se ha demostrado que estos se mantienen m\u00e1s de un a\u00f1o despu\u00e9s del momento de la infecci\u00f3n El estudio, que incluye uno de los seguimientos de la respuesta inmunitaria [&hellip;]\" \/>\r\n<meta property=\"og:url\" content=\"https:\/\/www.irta.cat\/es\/noticia\/la-infeccion-por-sars-cov-2-genera-anticuerpos-protectores-que-se-mantienen-mas-alla-de-un-ano\/\" \/>\r\n<meta property=\"og:site_name\" content=\"IRTA\" \/>\r\n<meta property=\"article:publisher\" content=\"https:\/\/www.facebook.com\/irtacat\" \/>\r\n<meta property=\"article:modified_time\" content=\"2024-11-06T09:02:02+00:00\" \/>\r\n<meta property=\"og:image\" content=\"https:\/\/www.irta.cat\/wp-content\/uploads\/2023\/01\/Coronavirus_stock-scaled.jpeg\" \/>\r\n\t<meta property=\"og:image:width\" content=\"2560\" \/>\r\n\t<meta property=\"og:image:height\" content=\"1350\" \/>\r\n\t<meta property=\"og:image:type\" content=\"image\/jpeg\" \/>\r\n<meta name=\"twitter:card\" content=\"summary_large_image\" \/>\r\n<meta name=\"twitter:site\" content=\"@irtacat\" \/>\r\n<meta name=\"twitter:label1\" content=\"Tiempo de lectura\" \/>\n\t<meta name=\"twitter:data1\" content=\"5 minutos\" \/>\r\n<script type=\"application\/ld+json\" class=\"yoast-schema-graph\">{\"@context\":\"https:\/\/schema.org\",\"@graph\":[{\"@type\":\"WebPage\",\"@id\":\"https:\/\/www.irta.cat\/es\/noticia\/la-infeccion-por-sars-cov-2-genera-anticuerpos-protectores-que-se-mantienen-mas-alla-de-un-ano\/\",\"url\":\"https:\/\/www.irta.cat\/es\/noticia\/la-infeccion-por-sars-cov-2-genera-anticuerpos-protectores-que-se-mantienen-mas-alla-de-un-ano\/\",\"name\":\"La infecci\u00f3n por SARS-CoV-2 genera anticuerpos protectores que se mantienen m\u00e1s all\u00e1 de un a\u00f1o &#187; IRTA\",\"isPartOf\":{\"@id\":\"https:\/\/www.irta.cat\/es\/#website\"},\"primaryImageOfPage\":{\"@id\":\"https:\/\/www.irta.cat\/es\/noticia\/la-infeccion-por-sars-cov-2-genera-anticuerpos-protectores-que-se-mantienen-mas-alla-de-un-ano\/#primaryimage\"},\"image\":{\"@id\":\"https:\/\/www.irta.cat\/es\/noticia\/la-infeccion-por-sars-cov-2-genera-anticuerpos-protectores-que-se-mantienen-mas-alla-de-un-ano\/#primaryimage\"},\"thumbnailUrl\":\"https:\/\/www.irta.cat\/wp-content\/uploads\/2023\/01\/Coronavirus_stock-scaled.jpeg\",\"datePublished\":\"2021-08-17T05:11:47+00:00\",\"dateModified\":\"2024-11-06T09:02:02+00:00\",\"breadcrumb\":{\"@id\":\"https:\/\/www.irta.cat\/es\/noticia\/la-infeccion-por-sars-cov-2-genera-anticuerpos-protectores-que-se-mantienen-mas-alla-de-un-ano\/#breadcrumb\"},\"inLanguage\":\"es\",\"potentialAction\":[{\"@type\":\"ReadAction\",\"target\":[\"https:\/\/www.irta.cat\/es\/noticia\/la-infeccion-por-sars-cov-2-genera-anticuerpos-protectores-que-se-mantienen-mas-alla-de-un-ano\/\"]}]},{\"@type\":\"ImageObject\",\"inLanguage\":\"es\",\"@id\":\"https:\/\/www.irta.cat\/es\/noticia\/la-infeccion-por-sars-cov-2-genera-anticuerpos-protectores-que-se-mantienen-mas-alla-de-un-ano\/#primaryimage\",\"url\":\"https:\/\/www.irta.cat\/wp-content\/uploads\/2023\/01\/Coronavirus_stock-scaled.jpeg\",\"contentUrl\":\"https:\/\/www.irta.cat\/wp-content\/uploads\/2023\/01\/Coronavirus_stock-scaled.jpeg\",\"width\":2560,\"height\":1350},{\"@type\":\"BreadcrumbList\",\"@id\":\"https:\/\/www.irta.cat\/es\/noticia\/la-infeccion-por-sars-cov-2-genera-anticuerpos-protectores-que-se-mantienen-mas-alla-de-un-ano\/#breadcrumb\",\"itemListElement\":[{\"@type\":\"ListItem\",\"position\":1,\"name\":\"Inici\",\"item\":\"https:\/\/www.irta.cat\/es\/\"},{\"@type\":\"ListItem\",\"position\":2,\"name\":\"La infecci\u00f3n por SARS-CoV-2 genera anticuerpos protectores que se mantienen m\u00e1s all\u00e1 de un a\u00f1o\"}]},{\"@type\":\"WebSite\",\"@id\":\"https:\/\/www.irta.cat\/es\/#website\",\"url\":\"https:\/\/www.irta.cat\/es\/\",\"name\":\"IRTA\",\"description\":\"Institut de Recerca i Tecnologia Agroaliment\u00e0ries\",\"publisher\":{\"@id\":\"https:\/\/www.irta.cat\/es\/#organization\"},\"alternateName\":\"%%sitename%% %%sep%% %%title%%\",\"potentialAction\":[{\"@type\":\"SearchAction\",\"target\":{\"@type\":\"EntryPoint\",\"urlTemplate\":\"https:\/\/www.irta.cat\/es\/?s={search_term_string}\"},\"query-input\":{\"@type\":\"PropertyValueSpecification\",\"valueRequired\":true,\"valueName\":\"search_term_string\"}}],\"inLanguage\":\"es\"},{\"@type\":\"Organization\",\"@id\":\"https:\/\/www.irta.cat\/es\/#organization\",\"name\":\"IRTA\",\"url\":\"https:\/\/www.irta.cat\/es\/\",\"logo\":{\"@type\":\"ImageObject\",\"inLanguage\":\"es\",\"@id\":\"https:\/\/www.irta.cat\/es\/#\/schema\/logo\/image\/\",\"url\":\"https:\/\/www.irta.cat\/wp-content\/uploads\/2023\/04\/Logo-IRTA-verm.png\",\"contentUrl\":\"https:\/\/www.irta.cat\/wp-content\/uploads\/2023\/04\/Logo-IRTA-verm.png\",\"width\":1250,\"height\":500,\"caption\":\"IRTA\"},\"image\":{\"@id\":\"https:\/\/www.irta.cat\/es\/#\/schema\/logo\/image\/\"},\"sameAs\":[\"https:\/\/www.facebook.com\/irtacat\",\"https:\/\/x.com\/irtacat\"]}]}<\/script>\r\n<!-- \/ Yoast SEO plugin. -->","yoast_head_json":{"title":"La infecci\u00f3n por SARS-CoV-2 genera anticuerpos protectores que se mantienen m\u00e1s all\u00e1 de un a\u00f1o &#187; IRTA","robots":{"index":"index","follow":"follow","max-snippet":"max-snippet:-1","max-image-preview":"max-image-preview:large","max-video-preview":"max-video-preview:-1"},"canonical":"https:\/\/www.irta.cat\/es\/noticia\/la-infeccion-por-sars-cov-2-genera-anticuerpos-protectores-que-se-mantienen-mas-alla-de-un-ano\/","og_locale":"es_ES","og_type":"article","og_title":"La infecci\u00f3n por SARS-CoV-2 genera anticuerpos protectores que se mantienen m\u00e1s all\u00e1 de un a\u00f1o &#187; IRTA","og_description":"Se han analizado los niveles de anticuerpos neutralizantes, es decir, con efecto protector, en m\u00e1s de 300 personas que se han infectado por el SARS-CoV-2 y se ha demostrado que estos se mantienen m\u00e1s de un a\u00f1o despu\u00e9s del momento de la infecci\u00f3n El estudio, que incluye uno de los seguimientos de la respuesta inmunitaria [&hellip;]","og_url":"https:\/\/www.irta.cat\/es\/noticia\/la-infeccion-por-sars-cov-2-genera-anticuerpos-protectores-que-se-mantienen-mas-alla-de-un-ano\/","og_site_name":"IRTA","article_publisher":"https:\/\/www.facebook.com\/irtacat","article_modified_time":"2024-11-06T09:02:02+00:00","og_image":[{"width":2560,"height":1350,"url":"https:\/\/www.irta.cat\/wp-content\/uploads\/2023\/01\/Coronavirus_stock-scaled.jpeg","type":"image\/jpeg"}],"twitter_card":"summary_large_image","twitter_site":"@irtacat","twitter_misc":{"Tiempo de lectura":"5 minutos"},"schema":{"@context":"https:\/\/schema.org","@graph":[{"@type":"WebPage","@id":"https:\/\/www.irta.cat\/es\/noticia\/la-infeccion-por-sars-cov-2-genera-anticuerpos-protectores-que-se-mantienen-mas-alla-de-un-ano\/","url":"https:\/\/www.irta.cat\/es\/noticia\/la-infeccion-por-sars-cov-2-genera-anticuerpos-protectores-que-se-mantienen-mas-alla-de-un-ano\/","name":"La infecci\u00f3n por SARS-CoV-2 genera anticuerpos protectores que se mantienen m\u00e1s all\u00e1 de un a\u00f1o &#187; IRTA","isPartOf":{"@id":"https:\/\/www.irta.cat\/es\/#website"},"primaryImageOfPage":{"@id":"https:\/\/www.irta.cat\/es\/noticia\/la-infeccion-por-sars-cov-2-genera-anticuerpos-protectores-que-se-mantienen-mas-alla-de-un-ano\/#primaryimage"},"image":{"@id":"https:\/\/www.irta.cat\/es\/noticia\/la-infeccion-por-sars-cov-2-genera-anticuerpos-protectores-que-se-mantienen-mas-alla-de-un-ano\/#primaryimage"},"thumbnailUrl":"https:\/\/www.irta.cat\/wp-content\/uploads\/2023\/01\/Coronavirus_stock-scaled.jpeg","datePublished":"2021-08-17T05:11:47+00:00","dateModified":"2024-11-06T09:02:02+00:00","breadcrumb":{"@id":"https:\/\/www.irta.cat\/es\/noticia\/la-infeccion-por-sars-cov-2-genera-anticuerpos-protectores-que-se-mantienen-mas-alla-de-un-ano\/#breadcrumb"},"inLanguage":"es","potentialAction":[{"@type":"ReadAction","target":["https:\/\/www.irta.cat\/es\/noticia\/la-infeccion-por-sars-cov-2-genera-anticuerpos-protectores-que-se-mantienen-mas-alla-de-un-ano\/"]}]},{"@type":"ImageObject","inLanguage":"es","@id":"https:\/\/www.irta.cat\/es\/noticia\/la-infeccion-por-sars-cov-2-genera-anticuerpos-protectores-que-se-mantienen-mas-alla-de-un-ano\/#primaryimage","url":"https:\/\/www.irta.cat\/wp-content\/uploads\/2023\/01\/Coronavirus_stock-scaled.jpeg","contentUrl":"https:\/\/www.irta.cat\/wp-content\/uploads\/2023\/01\/Coronavirus_stock-scaled.jpeg","width":2560,"height":1350},{"@type":"BreadcrumbList","@id":"https:\/\/www.irta.cat\/es\/noticia\/la-infeccion-por-sars-cov-2-genera-anticuerpos-protectores-que-se-mantienen-mas-alla-de-un-ano\/#breadcrumb","itemListElement":[{"@type":"ListItem","position":1,"name":"Inici","item":"https:\/\/www.irta.cat\/es\/"},{"@type":"ListItem","position":2,"name":"La infecci\u00f3n por SARS-CoV-2 genera anticuerpos protectores que se mantienen m\u00e1s all\u00e1 de un a\u00f1o"}]},{"@type":"WebSite","@id":"https:\/\/www.irta.cat\/es\/#website","url":"https:\/\/www.irta.cat\/es\/","name":"IRTA","description":"Institut de Recerca i Tecnologia Agroaliment\u00e0ries","publisher":{"@id":"https:\/\/www.irta.cat\/es\/#organization"},"alternateName":"%%sitename%% %%sep%% %%title%%","potentialAction":[{"@type":"SearchAction","target":{"@type":"EntryPoint","urlTemplate":"https:\/\/www.irta.cat\/es\/?s={search_term_string}"},"query-input":{"@type":"PropertyValueSpecification","valueRequired":true,"valueName":"search_term_string"}}],"inLanguage":"es"},{"@type":"Organization","@id":"https:\/\/www.irta.cat\/es\/#organization","name":"IRTA","url":"https:\/\/www.irta.cat\/es\/","logo":{"@type":"ImageObject","inLanguage":"es","@id":"https:\/\/www.irta.cat\/es\/#\/schema\/logo\/image\/","url":"https:\/\/www.irta.cat\/wp-content\/uploads\/2023\/04\/Logo-IRTA-verm.png","contentUrl":"https:\/\/www.irta.cat\/wp-content\/uploads\/2023\/04\/Logo-IRTA-verm.png","width":1250,"height":500,"caption":"IRTA"},"image":{"@id":"https:\/\/www.irta.cat\/es\/#\/schema\/logo\/image\/"},"sameAs":["https:\/\/www.facebook.com\/irtacat","https:\/\/x.com\/irtacat"]}]}},"_links":{"self":[{"href":"https:\/\/www.irta.cat\/es\/wp-json\/wp\/v2\/noticia\/59584","targetHints":{"allow":["GET"]}}],"collection":[{"href":"https:\/\/www.irta.cat\/es\/wp-json\/wp\/v2\/noticia"}],"about":[{"href":"https:\/\/www.irta.cat\/es\/wp-json\/wp\/v2\/types\/noticia"}],"version-history":[{"count":0,"href":"https:\/\/www.irta.cat\/es\/wp-json\/wp\/v2\/noticia\/59584\/revisions"}],"wp:featuredmedia":[{"embeddable":true,"href":"https:\/\/www.irta.cat\/es\/wp-json\/wp\/v2\/media\/5889"}],"wp:attachment":[{"href":"https:\/\/www.irta.cat\/es\/wp-json\/wp\/v2\/media?parent=59584"}],"wp:term":[{"taxonomy":"categoria_noticia","embeddable":true,"href":"https:\/\/www.irta.cat\/es\/wp-json\/wp\/v2\/categoria_noticia?post=59584"},{"taxonomy":"etiqueta_filtrar_noticia","embeddable":true,"href":"https:\/\/www.irta.cat\/es\/wp-json\/wp\/v2\/etiqueta_filtrar_noticia?post=59584"}],"curies":[{"name":"wp","href":"https:\/\/api.w.org\/{rel}","templated":true}]}}