{"id":59321,"date":"2020-12-04T09:21:09","date_gmt":"2020-12-04T08:21:09","guid":{"rendered":"https:\/\/www.irta.cat\/noticia\/se-inaugura-el-centro-para-la-mejora-del-riego-en-irta-mas-badia\/"},"modified":"2024-11-06T09:56:15","modified_gmt":"2024-11-06T08:56:15","slug":"se-inaugura-el-centro-para-la-mejora-del-riego-en-irta-mas-badia","status":"publish","type":"noticia","link":"https:\/\/www.irta.cat\/es\/noticia\/se-inaugura-el-centro-para-la-mejora-del-riego-en-irta-mas-badia\/","title":{"rendered":"Se inaugura el Centro para la Mejora del Riego en IRTA Mas Badia"},"content":{"rendered":"\n<figure class=\"wp-block-image size-large\"><a href=\"https:\/\/www.irta.cat\/wp-content\/uploads\/2023\/01\/En1GFcQXEAIEusw.jpg\" class=\"fancybox irta-lightbox-bridge\" data-fancybox=\"irta-images\"><img decoding=\"async\" src=\"https:\/\/www.irta.cat\/wp-content\/uploads\/2023\/01\/En1GFcQXEAIEusw.jpg\" alt=\"\" class=\"wp-image-37268\" loading=\"lazy\" \/><\/a><\/figure>\n\n\n\n<h2 class=\"wp-block-heading\"><strong>El centre assessorar\u00e0 agricultors i comunitats de regants sobre com millorar l\u2019efici\u00e8ncia de l\u2019aigua utilitzant les noves tecnologies.<\/strong><strong><\/strong><\/h2>\n\n\n\n<h2 class=\"wp-block-heading\"><strong>L\u2019acte va comptar amb la pres\u00e8ncia de la Consellera d\u2019Agricultura, Ramaderia, Pesca i Alimentaci\u00f3, Hble. Sra. Teresa Jord\u00e0, la Diputada de Projectes Europeus de la Diputaci\u00f3 de Girona, Sra. Montserrat Mindan, el Director general de l\u2019IRTA Sr. Josep Usall i el Director de l\u2019Estaci\u00f3 Estaci\u00f3 Experimental Agr\u00edcola Mas Badia, Sr. Joan Bonany.<\/strong><strong><\/strong><\/h2>\n\n\n\n<p>El passat 27 de novembre es va inaugurar el Centre per a la Millora del Reg a IRTA Mas Badia, a La Tallada de l\u2019Empord\u00e0. L\u2019objectiu principal del Centre \u00e9s el desenvolupament d\u2019eines i estrat\u00e8gies per contribuir a garantir la disponibilitat h\u00eddrica suficient al territori, en el context&nbsp;del transvasament sistem\u00e0tic d\u2019aigua del riu Ter a la regi\u00f3 metropolitana de Barcelona i els efectes del canvi clim\u00e0tic. El repte \u00e9s mantenir en el futur la disponibilitat del recurs h\u00eddric en la quantitat i qualitat que requereixen els usuaris del Baix Ter \u2013 agricultors, abastaments p\u00fablics, sectors industrial i tur\u00edstic i, tamb\u00e9, les necessitats ambientals dels ecosistemes aqu\u00e0tics-&nbsp; i que necessiten per mantenir la seva activitat.<\/p>\n\n\n\n<p>La consellera, en el seu parlament, va destacar que: \u201cEl reg modern ens permet fer gesti\u00f3 ambiental i que a Catalunya volem ser pioners en la conviv\u00e8ncia entre el regadiu, la tecnificaci\u00f3 de l\u2019agricultura i la protecci\u00f3 de la biodiversitat\u201d, mentre que el director de l\u2019estaci\u00f3 experimental va posar de manifest la preocupaci\u00f3, a les comarques de Girona, en que l\u2019aigua no sigui un factor limitant de les activitats econ\u00f2miques vinculades a aquest recurs en el futur i com iniciatives com el Centre de Millora del Reg poden ajudar a una millorar-ne la gesti\u00f3. La diputada de programes europeus de la Diputaci\u00f3 de Girona, va reiterar la disposici\u00f3 de la instituci\u00f3 a recolzar projectes estrat\u00e8gics pel territori.<\/p>\n\n\n\n<p>En aquest sentit, el Centre per a la Millora del Reg centrar\u00e0 els seus esfor\u00e7os en aquests primers anys en el desenvolupament d\u2019estrat\u00e8gies de millora de l\u2019efici\u00e8ncia del reg agr\u00edcola a partir de l\u2019\u00fas de les TIC i la realitzaci\u00f3 de diversos projectes demostratius. En concret, obtindr\u00e0 informaci\u00f3 de manera sistem\u00e0tica a trav\u00e9s d\u2019uns sensors col\u00b7locats en finques pilot distribu\u00efdes pel Baix Ter que aportaran informaci\u00f3 sobre el volum d\u2019aigua que hi ha al s\u00f2l, la climatologia i l\u2019estat h\u00eddric de les plantes. Aquestes dades, juntament amb les projeccions meteorol\u00f2giques dels vuit dies seg\u00fcents, s\u2019introduiran dins d\u2019un sistema que far\u00e0 recomanacions de reg dels principals cultius del Baix Ter, destinats tan a persones -als agricultors\/regants i als gestors d\u2019aigua de les comunitats de regants- com a programadors de reg de les principals finques de reg automatitzat del territori.<\/p>\n\n\n\n<p>Entre els projectes demostratius, cal destacar la introducci\u00f3 del reg solar, tan en canonades secundaries de les xarxes de regadiu de les comunitats de regants, com en les zones de regadius a partir de pous, com a pas previ i necessari pel canvi a sistemes de reg m\u00e9s eficients com el degoteig i l\u2019aspersi\u00f3.<\/p>\n\n\n\n<p>El Centre ha tingut un cost de 304.000 \u20ac i s\u2019emmarca dins la operaci\u00f3 <em>Implementaci\u00f3 d\u2019estrat\u00e8gies demostratives per a la millora de l\u2019efici\u00e8ncia del reg agr\u00edcola<\/em> del <strong>projecte PECT \u201cGirona, regi\u00f3 sostenible de l\u2019aigua\u201d<\/strong>. Les actuacions han estat finan\u00e7ades pel FEDER a trav\u00e9s de la Generalitat de Catalunya, la Diputaci\u00f3 de Girona i l\u2019IRTA.<\/p>\n\n\n\n<p><\/p>\n\n\n\n<figure class=\"wp-block-embed is-type-rich is-provider-twitter wp-block-embed-twitter\"><div class=\"wp-block-embed__wrapper\">\nhttps:\/\/twitter.com\/DiputacioGirona\/status\/1332299699836030976\n<\/div><\/figure>\n","protected":false},"featured_media":7893,"template":"","categoria_noticia":[],"etiqueta_filtrar_noticia":[],"class_list":["post-59321","noticia","type-noticia","status-publish","has-post-thumbnail","hentry"],"acf":[],"yoast_head":"<!-- This site is optimized with the Yoast SEO plugin v26.6 - https:\/\/yoast.com\/wordpress\/plugins\/seo\/ -->\r\n<title>Se inaugura el Centro para la Mejora del Riego en IRTA Mas Badia &#187; IRTA<\/title>\r\n<meta name=\"robots\" content=\"index, follow, max-snippet:-1, max-image-preview:large, max-video-preview:-1\" \/>\r\n<link rel=\"canonical\" href=\"https:\/\/www.irta.cat\/es\/noticia\/se-inaugura-el-centro-para-la-mejora-del-riego-en-irta-mas-badia\/\" \/>\r\n<meta property=\"og:locale\" content=\"es_ES\" \/>\r\n<meta property=\"og:type\" content=\"article\" \/>\r\n<meta property=\"og:title\" content=\"Se inaugura el Centro para la Mejora del Riego en IRTA Mas Badia &#187; IRTA\" \/>\r\n<meta property=\"og:description\" content=\"El centre assessorar\u00e0 agricultors i comunitats de regants sobre com millorar l\u2019efici\u00e8ncia de l\u2019aigua utilitzant les noves tecnologies. L\u2019acte va comptar amb la pres\u00e8ncia de la Consellera d\u2019Agricultura, Ramaderia, Pesca i Alimentaci\u00f3, Hble. Sra. Teresa Jord\u00e0, la Diputada de Projectes Europeus de la Diputaci\u00f3 de Girona, Sra. Montserrat Mindan, el Director general de l\u2019IRTA Sr. [&hellip;]\" \/>\r\n<meta property=\"og:url\" content=\"https:\/\/www.irta.cat\/es\/noticia\/se-inaugura-el-centro-para-la-mejora-del-riego-en-irta-mas-badia\/\" \/>\r\n<meta property=\"og:site_name\" content=\"IRTA\" \/>\r\n<meta property=\"article:publisher\" content=\"https:\/\/www.facebook.com\/irtacat\" \/>\r\n<meta property=\"article:modified_time\" content=\"2024-11-06T08:56:15+00:00\" \/>\r\n<meta property=\"og:image\" content=\"https:\/\/www.irta.cat\/wp-content\/uploads\/2023\/01\/En1GFcQXEAIEusw.jpg\" \/>\r\n\t<meta property=\"og:image:width\" content=\"1600\" \/>\r\n\t<meta property=\"og:image:height\" content=\"1068\" \/>\r\n\t<meta property=\"og:image:type\" content=\"image\/jpeg\" \/>\r\n<meta name=\"twitter:card\" content=\"summary_large_image\" \/>\r\n<meta name=\"twitter:site\" content=\"@irtacat\" \/>\r\n<meta name=\"twitter:label1\" content=\"Tiempo de lectura\" \/>\n\t<meta name=\"twitter:data1\" content=\"3 minutos\" \/>\r\n<script type=\"application\/ld+json\" class=\"yoast-schema-graph\">{\"@context\":\"https:\/\/schema.org\",\"@graph\":[{\"@type\":\"WebPage\",\"@id\":\"https:\/\/www.irta.cat\/es\/noticia\/se-inaugura-el-centro-para-la-mejora-del-riego-en-irta-mas-badia\/\",\"url\":\"https:\/\/www.irta.cat\/es\/noticia\/se-inaugura-el-centro-para-la-mejora-del-riego-en-irta-mas-badia\/\",\"name\":\"Se inaugura el Centro para la Mejora del Riego en IRTA Mas Badia &#187; IRTA\",\"isPartOf\":{\"@id\":\"https:\/\/www.irta.cat\/es\/#website\"},\"primaryImageOfPage\":{\"@id\":\"https:\/\/www.irta.cat\/es\/noticia\/se-inaugura-el-centro-para-la-mejora-del-riego-en-irta-mas-badia\/#primaryimage\"},\"image\":{\"@id\":\"https:\/\/www.irta.cat\/es\/noticia\/se-inaugura-el-centro-para-la-mejora-del-riego-en-irta-mas-badia\/#primaryimage\"},\"thumbnailUrl\":\"https:\/\/www.irta.cat\/wp-content\/uploads\/2023\/01\/En1GFcQXEAIEusw.jpg\",\"datePublished\":\"2020-12-04T08:21:09+00:00\",\"dateModified\":\"2024-11-06T08:56:15+00:00\",\"breadcrumb\":{\"@id\":\"https:\/\/www.irta.cat\/es\/noticia\/se-inaugura-el-centro-para-la-mejora-del-riego-en-irta-mas-badia\/#breadcrumb\"},\"inLanguage\":\"es\",\"potentialAction\":[{\"@type\":\"ReadAction\",\"target\":[\"https:\/\/www.irta.cat\/es\/noticia\/se-inaugura-el-centro-para-la-mejora-del-riego-en-irta-mas-badia\/\"]}]},{\"@type\":\"ImageObject\",\"inLanguage\":\"es\",\"@id\":\"https:\/\/www.irta.cat\/es\/noticia\/se-inaugura-el-centro-para-la-mejora-del-riego-en-irta-mas-badia\/#primaryimage\",\"url\":\"https:\/\/www.irta.cat\/wp-content\/uploads\/2023\/01\/En1GFcQXEAIEusw.jpg\",\"contentUrl\":\"https:\/\/www.irta.cat\/wp-content\/uploads\/2023\/01\/En1GFcQXEAIEusw.jpg\",\"width\":1600,\"height\":1068},{\"@type\":\"BreadcrumbList\",\"@id\":\"https:\/\/www.irta.cat\/es\/noticia\/se-inaugura-el-centro-para-la-mejora-del-riego-en-irta-mas-badia\/#breadcrumb\",\"itemListElement\":[{\"@type\":\"ListItem\",\"position\":1,\"name\":\"Inici\",\"item\":\"https:\/\/www.irta.cat\/es\/\"},{\"@type\":\"ListItem\",\"position\":2,\"name\":\"Se inaugura el Centro para la Mejora del Riego en IRTA Mas Badia\"}]},{\"@type\":\"WebSite\",\"@id\":\"https:\/\/www.irta.cat\/es\/#website\",\"url\":\"https:\/\/www.irta.cat\/es\/\",\"name\":\"IRTA\",\"description\":\"Institut de Recerca i Tecnologia Agroaliment\u00e0ries\",\"publisher\":{\"@id\":\"https:\/\/www.irta.cat\/es\/#organization\"},\"alternateName\":\"%%sitename%% %%sep%% %%title%%\",\"potentialAction\":[{\"@type\":\"SearchAction\",\"target\":{\"@type\":\"EntryPoint\",\"urlTemplate\":\"https:\/\/www.irta.cat\/es\/?s={search_term_string}\"},\"query-input\":{\"@type\":\"PropertyValueSpecification\",\"valueRequired\":true,\"valueName\":\"search_term_string\"}}],\"inLanguage\":\"es\"},{\"@type\":\"Organization\",\"@id\":\"https:\/\/www.irta.cat\/es\/#organization\",\"name\":\"IRTA\",\"url\":\"https:\/\/www.irta.cat\/es\/\",\"logo\":{\"@type\":\"ImageObject\",\"inLanguage\":\"es\",\"@id\":\"https:\/\/www.irta.cat\/es\/#\/schema\/logo\/image\/\",\"url\":\"https:\/\/www.irta.cat\/wp-content\/uploads\/2023\/04\/Logo-IRTA-verm.png\",\"contentUrl\":\"https:\/\/www.irta.cat\/wp-content\/uploads\/2023\/04\/Logo-IRTA-verm.png\",\"width\":1250,\"height\":500,\"caption\":\"IRTA\"},\"image\":{\"@id\":\"https:\/\/www.irta.cat\/es\/#\/schema\/logo\/image\/\"},\"sameAs\":[\"https:\/\/www.facebook.com\/irtacat\",\"https:\/\/x.com\/irtacat\"]}]}<\/script>\r\n<!-- \/ Yoast SEO plugin. -->","yoast_head_json":{"title":"Se inaugura el Centro para la Mejora del Riego en IRTA Mas Badia &#187; IRTA","robots":{"index":"index","follow":"follow","max-snippet":"max-snippet:-1","max-image-preview":"max-image-preview:large","max-video-preview":"max-video-preview:-1"},"canonical":"https:\/\/www.irta.cat\/es\/noticia\/se-inaugura-el-centro-para-la-mejora-del-riego-en-irta-mas-badia\/","og_locale":"es_ES","og_type":"article","og_title":"Se inaugura el Centro para la Mejora del Riego en IRTA Mas Badia &#187; IRTA","og_description":"El centre assessorar\u00e0 agricultors i comunitats de regants sobre com millorar l\u2019efici\u00e8ncia de l\u2019aigua utilitzant les noves tecnologies. L\u2019acte va comptar amb la pres\u00e8ncia de la Consellera d\u2019Agricultura, Ramaderia, Pesca i Alimentaci\u00f3, Hble. Sra. Teresa Jord\u00e0, la Diputada de Projectes Europeus de la Diputaci\u00f3 de Girona, Sra. Montserrat Mindan, el Director general de l\u2019IRTA Sr. [&hellip;]","og_url":"https:\/\/www.irta.cat\/es\/noticia\/se-inaugura-el-centro-para-la-mejora-del-riego-en-irta-mas-badia\/","og_site_name":"IRTA","article_publisher":"https:\/\/www.facebook.com\/irtacat","article_modified_time":"2024-11-06T08:56:15+00:00","og_image":[{"width":1600,"height":1068,"url":"https:\/\/www.irta.cat\/wp-content\/uploads\/2023\/01\/En1GFcQXEAIEusw.jpg","type":"image\/jpeg"}],"twitter_card":"summary_large_image","twitter_site":"@irtacat","twitter_misc":{"Tiempo de lectura":"3 minutos"},"schema":{"@context":"https:\/\/schema.org","@graph":[{"@type":"WebPage","@id":"https:\/\/www.irta.cat\/es\/noticia\/se-inaugura-el-centro-para-la-mejora-del-riego-en-irta-mas-badia\/","url":"https:\/\/www.irta.cat\/es\/noticia\/se-inaugura-el-centro-para-la-mejora-del-riego-en-irta-mas-badia\/","name":"Se inaugura el Centro para la Mejora del Riego en IRTA Mas Badia &#187; IRTA","isPartOf":{"@id":"https:\/\/www.irta.cat\/es\/#website"},"primaryImageOfPage":{"@id":"https:\/\/www.irta.cat\/es\/noticia\/se-inaugura-el-centro-para-la-mejora-del-riego-en-irta-mas-badia\/#primaryimage"},"image":{"@id":"https:\/\/www.irta.cat\/es\/noticia\/se-inaugura-el-centro-para-la-mejora-del-riego-en-irta-mas-badia\/#primaryimage"},"thumbnailUrl":"https:\/\/www.irta.cat\/wp-content\/uploads\/2023\/01\/En1GFcQXEAIEusw.jpg","datePublished":"2020-12-04T08:21:09+00:00","dateModified":"2024-11-06T08:56:15+00:00","breadcrumb":{"@id":"https:\/\/www.irta.cat\/es\/noticia\/se-inaugura-el-centro-para-la-mejora-del-riego-en-irta-mas-badia\/#breadcrumb"},"inLanguage":"es","potentialAction":[{"@type":"ReadAction","target":["https:\/\/www.irta.cat\/es\/noticia\/se-inaugura-el-centro-para-la-mejora-del-riego-en-irta-mas-badia\/"]}]},{"@type":"ImageObject","inLanguage":"es","@id":"https:\/\/www.irta.cat\/es\/noticia\/se-inaugura-el-centro-para-la-mejora-del-riego-en-irta-mas-badia\/#primaryimage","url":"https:\/\/www.irta.cat\/wp-content\/uploads\/2023\/01\/En1GFcQXEAIEusw.jpg","contentUrl":"https:\/\/www.irta.cat\/wp-content\/uploads\/2023\/01\/En1GFcQXEAIEusw.jpg","width":1600,"height":1068},{"@type":"BreadcrumbList","@id":"https:\/\/www.irta.cat\/es\/noticia\/se-inaugura-el-centro-para-la-mejora-del-riego-en-irta-mas-badia\/#breadcrumb","itemListElement":[{"@type":"ListItem","position":1,"name":"Inici","item":"https:\/\/www.irta.cat\/es\/"},{"@type":"ListItem","position":2,"name":"Se inaugura el Centro para la Mejora del Riego en IRTA Mas Badia"}]},{"@type":"WebSite","@id":"https:\/\/www.irta.cat\/es\/#website","url":"https:\/\/www.irta.cat\/es\/","name":"IRTA","description":"Institut de Recerca i Tecnologia Agroaliment\u00e0ries","publisher":{"@id":"https:\/\/www.irta.cat\/es\/#organization"},"alternateName":"%%sitename%% %%sep%% %%title%%","potentialAction":[{"@type":"SearchAction","target":{"@type":"EntryPoint","urlTemplate":"https:\/\/www.irta.cat\/es\/?s={search_term_string}"},"query-input":{"@type":"PropertyValueSpecification","valueRequired":true,"valueName":"search_term_string"}}],"inLanguage":"es"},{"@type":"Organization","@id":"https:\/\/www.irta.cat\/es\/#organization","name":"IRTA","url":"https:\/\/www.irta.cat\/es\/","logo":{"@type":"ImageObject","inLanguage":"es","@id":"https:\/\/www.irta.cat\/es\/#\/schema\/logo\/image\/","url":"https:\/\/www.irta.cat\/wp-content\/uploads\/2023\/04\/Logo-IRTA-verm.png","contentUrl":"https:\/\/www.irta.cat\/wp-content\/uploads\/2023\/04\/Logo-IRTA-verm.png","width":1250,"height":500,"caption":"IRTA"},"image":{"@id":"https:\/\/www.irta.cat\/es\/#\/schema\/logo\/image\/"},"sameAs":["https:\/\/www.facebook.com\/irtacat","https:\/\/x.com\/irtacat"]}]}},"_links":{"self":[{"href":"https:\/\/www.irta.cat\/es\/wp-json\/wp\/v2\/noticia\/59321","targetHints":{"allow":["GET"]}}],"collection":[{"href":"https:\/\/www.irta.cat\/es\/wp-json\/wp\/v2\/noticia"}],"about":[{"href":"https:\/\/www.irta.cat\/es\/wp-json\/wp\/v2\/types\/noticia"}],"version-history":[{"count":0,"href":"https:\/\/www.irta.cat\/es\/wp-json\/wp\/v2\/noticia\/59321\/revisions"}],"wp:featuredmedia":[{"embeddable":true,"href":"https:\/\/www.irta.cat\/es\/wp-json\/wp\/v2\/media\/7893"}],"wp:attachment":[{"href":"https:\/\/www.irta.cat\/es\/wp-json\/wp\/v2\/media?parent=59321"}],"wp:term":[{"taxonomy":"categoria_noticia","embeddable":true,"href":"https:\/\/www.irta.cat\/es\/wp-json\/wp\/v2\/categoria_noticia?post=59321"},{"taxonomy":"etiqueta_filtrar_noticia","embeddable":true,"href":"https:\/\/www.irta.cat\/es\/wp-json\/wp\/v2\/etiqueta_filtrar_noticia?post=59321"}],"curies":[{"name":"wp","href":"https:\/\/api.w.org\/{rel}","templated":true}]}}