{"id":59315,"date":"2020-12-02T07:56:32","date_gmt":"2020-12-02T06:56:32","guid":{"rendered":"https:\/\/www.irta.cat\/noticia\/los-primeros-manzanos-mas-adaptados-al-cambio-climatico-se-plantaran-en-cataluna-en-2021\/"},"modified":"2024-11-06T09:56:02","modified_gmt":"2024-11-06T08:56:02","slug":"los-primeros-manzanos-mas-adaptados-al-cambio-climatico-se-plantaran-en-cataluna-en-2021","status":"publish","type":"noticia","link":"https:\/\/www.irta.cat\/es\/noticia\/los-primeros-manzanos-mas-adaptados-al-cambio-climatico-se-plantaran-en-cataluna-en-2021\/","title":{"rendered":"Los primeros manzanos m\u00e1s adaptados al cambio clim\u00e1tico se plantar\u00e1n en Catalu\u00f1a en 2021"},"content":{"rendered":"\n<figure class=\"wp-block-image size-large\"><a href=\"https:\/\/www.irta.cat\/wp-content\/uploads\/2023\/01\/Pomes-HotCP-2.jpg\" class=\"fancybox irta-lightbox-bridge\" data-fancybox=\"irta-images\"><img decoding=\"async\" src=\"https:\/\/www.irta.cat\/wp-content\/uploads\/2023\/01\/Pomes-HotCP-2.jpg\" alt=\"\" class=\"wp-image-37239\" loading=\"lazy\" \/><\/a><\/figure>\n\n\n\n<h2 class=\"wp-block-heading\"><strong>Es el resultado del programa de mejora gen\u00e9tica Hot Climate Programme, del que forman parte el IRTA y la asociaci\u00f3n de productores de fruta catalanes Fruit Futur<\/strong><\/h2>\n\n\n\n<h2 class=\"wp-block-heading\"><strong>La manzana es roja, crujiente y jugosa, y ha sido evaluada en las parcelas experimentales del IRTA en Lleida y en Mas Badia<\/strong><\/h2>\n\n\n\n<h2 class=\"wp-block-heading\"><strong>Fruit Futur ha firmado la primera licencia para comercializar la nueva variedad de manzana en la Pen\u00ednsula Ib\u00e9rica, que llegar\u00e1 al mercado dentro de un m\u00e1ximo de tres a\u00f1os<\/strong><\/h2>\n\n\n\n<p>La primera manzana m\u00e1s adaptada al cambio clim\u00e1tico se plantar\u00e1 en 2021 en Catalu\u00f1a y est\u00e1 previsto que se comercialice en la Pen\u00ednsula Ib\u00e9rica en un periodo m\u00e1ximo de 3 a\u00f1os. Es roja, crujiente, dulce y jugosa, y ha sido evaluada en los campos del Instituto de Investigaci\u00f3n y Tecnolog\u00eda Agroalimentarias (IRTA) de la Estaci\u00f3n Experimental de Lleida y en la Estaci\u00f3n Experimental Agr\u00edcola Mas Badia, en La Tallada d\u2019Empord\u00e0 (Girona), donde las temperaturas estivales pueden llegar a superar los 40\u00baC. Registrada con la denominaci\u00f3n varietal HOT84A1, la nueva variedad de manzana es el primer resultado del programa internacional de mejora gen\u00e9tica de manzana y pera <em>Hot Climate Programme<\/em>, que quiere dar respuesta a los retos del cambio clim\u00e1tico. \u00abLas nuevas variedades de manzana, creadas con m\u00e9todos tradicionales tienen, como objetivo, adaptarse a unos veranos cada vez m\u00e1s calurosos\u00bb, explica Joan Bonany, especialista del programa de Fruticultura del IRTA. Adem\u00e1s, \u00abproporcionan nuevas oportunidades a los productores para cultivar manzanas en regiones donde cada vez es m\u00e1s dif\u00edcil cultivar manzanas, as\u00ed como en zonas m\u00e1s pr\u00f3ximas al consumidor\u00bb, a\u00f1ade.<\/p>\n\n\n\n<p>El <em>Hot Climate Programme<\/em> est\u00e1 formado por el IRTA, Fruit Futur -una asociaci\u00f3n formada por los principales productores de fruta de Catalu\u00f1a: Actel, Fruits de Ponent, Nufri y Poma de Girona- y el centro  neozeland\u00e9s <em>Institute for Plant &amp; Food Research Ltd<\/em>, y cuenta con el apoyo del Departamento de Agricultura, Ganader\u00eda, Pesca y Alimentaci\u00f3n (DARP) de la Generalitat de Catalu\u00f1a. La empresa <em>T &amp; G Global<\/em> ha sido seleccionada para desarrollar y comercializar estas variedades en todo el mundo. La asociaci\u00f3n de productores catalanes Fruit Futur ha firmado recientemente la primera licencia para comercializar la HOT84A1 en la Pen\u00ednsula Ib\u00e9rica.<\/p>\n\n\n\n<h3 class=\"wp-block-heading\"><strong>Una demanda de los productores de fruta catalanes<\/strong><\/h3>\n\n\n\n<p>A ra\u00edz de la demanda del sector productor de fruta en Catalu\u00f1a, en 2002 el IRTA, Fruit Futur y el centro de investigaci\u00f3n neozeland\u00e9s <em>Plant &amp; Food Research<\/em> pon\u00edan en marcha el <em>Hot Climate Programme<\/em> con el objetivo de desarrollar nuevas variedades de manzana y pera adaptadas a las altas temperaturas. En aquella \u00e9poca, los productores de fruta de Catalu\u00f1a observaron que, debido a las condiciones clim\u00e1ticas, las variedades de manzana y pera que se hab\u00edan cultivado hasta entonces ten\u00edan m\u00e1s dificultades para alcanzar una calidad \u00f3ptima -en cuanto al color, la textura y el aroma- en las condiciones de cultivo de Catalu\u00f1a. Dieciocho a\u00f1os despu\u00e9s, los resultados de esta iniciativa de investigaci\u00f3n e innovaci\u00f3n comienzan a dar su fruto. En febrero de 2019, se lleg\u00f3 a un acuerdo con la empresa neozelandesa <em>T &amp; G Global<\/em>, que se incorpor\u00f3 a este programa como socio estrat\u00e9gico para la comercializaci\u00f3n mundial de las licencias de las nuevas variedades de manzana y pera.<\/p>\n\n\n\n<p>Fuera de la Pen\u00ednsula Ib\u00e9rica, empresas como Waimea Nurseries (Nueva Zelanda), TopFruit (Sud\u00e1frica), Dalival (Francia), Worldwide Fruit (Reino Unido) y Montague (Australia), llevan a cabo ensayos de la variedad de manzana HOT84A1, en la que eval\u00faan el comportamiento agron\u00f3mico y la calidad.<\/p>\n","protected":false},"featured_media":7744,"template":"","categoria_noticia":[],"etiqueta_filtrar_noticia":[7871],"class_list":["post-59315","noticia","type-noticia","status-publish","has-post-thumbnail","hentry","etiqueta_filtrar_noticia-poma"],"acf":[],"yoast_head":"<!-- This site is optimized with the Yoast SEO plugin v26.6 - https:\/\/yoast.com\/wordpress\/plugins\/seo\/ -->\r\n<title>Los primeros manzanos m\u00e1s adaptados al cambio clim\u00e1tico se plantar\u00e1n en Catalu\u00f1a en 2021 &#187; IRTA<\/title>\r\n<meta name=\"robots\" content=\"index, follow, max-snippet:-1, max-image-preview:large, max-video-preview:-1\" \/>\r\n<link rel=\"canonical\" href=\"https:\/\/www.irta.cat\/es\/noticia\/los-primeros-manzanos-mas-adaptados-al-cambio-climatico-se-plantaran-en-cataluna-en-2021\/\" \/>\r\n<meta property=\"og:locale\" content=\"es_ES\" \/>\r\n<meta property=\"og:type\" content=\"article\" \/>\r\n<meta property=\"og:title\" content=\"Los primeros manzanos m\u00e1s adaptados al cambio clim\u00e1tico se plantar\u00e1n en Catalu\u00f1a en 2021 &#187; IRTA\" \/>\r\n<meta property=\"og:description\" content=\"Es el resultado del programa de mejora gen\u00e9tica Hot Climate Programme, del que forman parte el IRTA y la asociaci\u00f3n de productores de fruta catalanes Fruit Futur La manzana es roja, crujiente y jugosa, y ha sido evaluada en las parcelas experimentales del IRTA en Lleida y en Mas Badia Fruit Futur ha firmado la [&hellip;]\" \/>\r\n<meta property=\"og:url\" content=\"https:\/\/www.irta.cat\/es\/noticia\/los-primeros-manzanos-mas-adaptados-al-cambio-climatico-se-plantaran-en-cataluna-en-2021\/\" \/>\r\n<meta property=\"og:site_name\" content=\"IRTA\" \/>\r\n<meta property=\"article:publisher\" content=\"https:\/\/www.facebook.com\/irtacat\" \/>\r\n<meta property=\"article:modified_time\" content=\"2024-11-06T08:56:02+00:00\" \/>\r\n<meta property=\"og:image\" content=\"https:\/\/www.irta.cat\/wp-content\/uploads\/2023\/01\/Pomes-HotCP-2.jpg\" \/>\r\n\t<meta property=\"og:image:width\" content=\"1383\" \/>\r\n\t<meta property=\"og:image:height\" content=\"1479\" \/>\r\n\t<meta property=\"og:image:type\" content=\"image\/jpeg\" \/>\r\n<meta name=\"twitter:card\" content=\"summary_large_image\" \/>\r\n<meta name=\"twitter:site\" content=\"@irtacat\" \/>\r\n<meta name=\"twitter:label1\" content=\"Tiempo de lectura\" \/>\n\t<meta name=\"twitter:data1\" content=\"3 minutos\" \/>\r\n<script type=\"application\/ld+json\" class=\"yoast-schema-graph\">{\"@context\":\"https:\/\/schema.org\",\"@graph\":[{\"@type\":\"WebPage\",\"@id\":\"https:\/\/www.irta.cat\/es\/noticia\/los-primeros-manzanos-mas-adaptados-al-cambio-climatico-se-plantaran-en-cataluna-en-2021\/\",\"url\":\"https:\/\/www.irta.cat\/es\/noticia\/los-primeros-manzanos-mas-adaptados-al-cambio-climatico-se-plantaran-en-cataluna-en-2021\/\",\"name\":\"Los primeros manzanos m\u00e1s adaptados al cambio clim\u00e1tico se plantar\u00e1n en Catalu\u00f1a en 2021 &#187; IRTA\",\"isPartOf\":{\"@id\":\"https:\/\/www.irta.cat\/es\/#website\"},\"primaryImageOfPage\":{\"@id\":\"https:\/\/www.irta.cat\/es\/noticia\/los-primeros-manzanos-mas-adaptados-al-cambio-climatico-se-plantaran-en-cataluna-en-2021\/#primaryimage\"},\"image\":{\"@id\":\"https:\/\/www.irta.cat\/es\/noticia\/los-primeros-manzanos-mas-adaptados-al-cambio-climatico-se-plantaran-en-cataluna-en-2021\/#primaryimage\"},\"thumbnailUrl\":\"https:\/\/www.irta.cat\/wp-content\/uploads\/2023\/01\/Pomes-HotCP-2.jpg\",\"datePublished\":\"2020-12-02T06:56:32+00:00\",\"dateModified\":\"2024-11-06T08:56:02+00:00\",\"breadcrumb\":{\"@id\":\"https:\/\/www.irta.cat\/es\/noticia\/los-primeros-manzanos-mas-adaptados-al-cambio-climatico-se-plantaran-en-cataluna-en-2021\/#breadcrumb\"},\"inLanguage\":\"es\",\"potentialAction\":[{\"@type\":\"ReadAction\",\"target\":[\"https:\/\/www.irta.cat\/es\/noticia\/los-primeros-manzanos-mas-adaptados-al-cambio-climatico-se-plantaran-en-cataluna-en-2021\/\"]}]},{\"@type\":\"ImageObject\",\"inLanguage\":\"es\",\"@id\":\"https:\/\/www.irta.cat\/es\/noticia\/los-primeros-manzanos-mas-adaptados-al-cambio-climatico-se-plantaran-en-cataluna-en-2021\/#primaryimage\",\"url\":\"https:\/\/www.irta.cat\/wp-content\/uploads\/2023\/01\/Pomes-HotCP-2.jpg\",\"contentUrl\":\"https:\/\/www.irta.cat\/wp-content\/uploads\/2023\/01\/Pomes-HotCP-2.jpg\",\"width\":1383,\"height\":1479},{\"@type\":\"BreadcrumbList\",\"@id\":\"https:\/\/www.irta.cat\/es\/noticia\/los-primeros-manzanos-mas-adaptados-al-cambio-climatico-se-plantaran-en-cataluna-en-2021\/#breadcrumb\",\"itemListElement\":[{\"@type\":\"ListItem\",\"position\":1,\"name\":\"Inici\",\"item\":\"https:\/\/www.irta.cat\/es\/\"},{\"@type\":\"ListItem\",\"position\":2,\"name\":\"Los primeros manzanos m\u00e1s adaptados al cambio clim\u00e1tico se plantar\u00e1n en Catalu\u00f1a en 2021\"}]},{\"@type\":\"WebSite\",\"@id\":\"https:\/\/www.irta.cat\/es\/#website\",\"url\":\"https:\/\/www.irta.cat\/es\/\",\"name\":\"IRTA\",\"description\":\"Institut de Recerca i Tecnologia Agroaliment\u00e0ries\",\"publisher\":{\"@id\":\"https:\/\/www.irta.cat\/es\/#organization\"},\"alternateName\":\"%%sitename%% %%sep%% %%title%%\",\"potentialAction\":[{\"@type\":\"SearchAction\",\"target\":{\"@type\":\"EntryPoint\",\"urlTemplate\":\"https:\/\/www.irta.cat\/es\/?s={search_term_string}\"},\"query-input\":{\"@type\":\"PropertyValueSpecification\",\"valueRequired\":true,\"valueName\":\"search_term_string\"}}],\"inLanguage\":\"es\"},{\"@type\":\"Organization\",\"@id\":\"https:\/\/www.irta.cat\/es\/#organization\",\"name\":\"IRTA\",\"url\":\"https:\/\/www.irta.cat\/es\/\",\"logo\":{\"@type\":\"ImageObject\",\"inLanguage\":\"es\",\"@id\":\"https:\/\/www.irta.cat\/es\/#\/schema\/logo\/image\/\",\"url\":\"https:\/\/www.irta.cat\/wp-content\/uploads\/2023\/04\/Logo-IRTA-verm.png\",\"contentUrl\":\"https:\/\/www.irta.cat\/wp-content\/uploads\/2023\/04\/Logo-IRTA-verm.png\",\"width\":1250,\"height\":500,\"caption\":\"IRTA\"},\"image\":{\"@id\":\"https:\/\/www.irta.cat\/es\/#\/schema\/logo\/image\/\"},\"sameAs\":[\"https:\/\/www.facebook.com\/irtacat\",\"https:\/\/x.com\/irtacat\"]}]}<\/script>\r\n<!-- \/ Yoast SEO plugin. -->","yoast_head_json":{"title":"Los primeros manzanos m\u00e1s adaptados al cambio clim\u00e1tico se plantar\u00e1n en Catalu\u00f1a en 2021 &#187; IRTA","robots":{"index":"index","follow":"follow","max-snippet":"max-snippet:-1","max-image-preview":"max-image-preview:large","max-video-preview":"max-video-preview:-1"},"canonical":"https:\/\/www.irta.cat\/es\/noticia\/los-primeros-manzanos-mas-adaptados-al-cambio-climatico-se-plantaran-en-cataluna-en-2021\/","og_locale":"es_ES","og_type":"article","og_title":"Los primeros manzanos m\u00e1s adaptados al cambio clim\u00e1tico se plantar\u00e1n en Catalu\u00f1a en 2021 &#187; IRTA","og_description":"Es el resultado del programa de mejora gen\u00e9tica Hot Climate Programme, del que forman parte el IRTA y la asociaci\u00f3n de productores de fruta catalanes Fruit Futur La manzana es roja, crujiente y jugosa, y ha sido evaluada en las parcelas experimentales del IRTA en Lleida y en Mas Badia Fruit Futur ha firmado la [&hellip;]","og_url":"https:\/\/www.irta.cat\/es\/noticia\/los-primeros-manzanos-mas-adaptados-al-cambio-climatico-se-plantaran-en-cataluna-en-2021\/","og_site_name":"IRTA","article_publisher":"https:\/\/www.facebook.com\/irtacat","article_modified_time":"2024-11-06T08:56:02+00:00","og_image":[{"width":1383,"height":1479,"url":"https:\/\/www.irta.cat\/wp-content\/uploads\/2023\/01\/Pomes-HotCP-2.jpg","type":"image\/jpeg"}],"twitter_card":"summary_large_image","twitter_site":"@irtacat","twitter_misc":{"Tiempo de lectura":"3 minutos"},"schema":{"@context":"https:\/\/schema.org","@graph":[{"@type":"WebPage","@id":"https:\/\/www.irta.cat\/es\/noticia\/los-primeros-manzanos-mas-adaptados-al-cambio-climatico-se-plantaran-en-cataluna-en-2021\/","url":"https:\/\/www.irta.cat\/es\/noticia\/los-primeros-manzanos-mas-adaptados-al-cambio-climatico-se-plantaran-en-cataluna-en-2021\/","name":"Los primeros manzanos m\u00e1s adaptados al cambio clim\u00e1tico se plantar\u00e1n en Catalu\u00f1a en 2021 &#187; IRTA","isPartOf":{"@id":"https:\/\/www.irta.cat\/es\/#website"},"primaryImageOfPage":{"@id":"https:\/\/www.irta.cat\/es\/noticia\/los-primeros-manzanos-mas-adaptados-al-cambio-climatico-se-plantaran-en-cataluna-en-2021\/#primaryimage"},"image":{"@id":"https:\/\/www.irta.cat\/es\/noticia\/los-primeros-manzanos-mas-adaptados-al-cambio-climatico-se-plantaran-en-cataluna-en-2021\/#primaryimage"},"thumbnailUrl":"https:\/\/www.irta.cat\/wp-content\/uploads\/2023\/01\/Pomes-HotCP-2.jpg","datePublished":"2020-12-02T06:56:32+00:00","dateModified":"2024-11-06T08:56:02+00:00","breadcrumb":{"@id":"https:\/\/www.irta.cat\/es\/noticia\/los-primeros-manzanos-mas-adaptados-al-cambio-climatico-se-plantaran-en-cataluna-en-2021\/#breadcrumb"},"inLanguage":"es","potentialAction":[{"@type":"ReadAction","target":["https:\/\/www.irta.cat\/es\/noticia\/los-primeros-manzanos-mas-adaptados-al-cambio-climatico-se-plantaran-en-cataluna-en-2021\/"]}]},{"@type":"ImageObject","inLanguage":"es","@id":"https:\/\/www.irta.cat\/es\/noticia\/los-primeros-manzanos-mas-adaptados-al-cambio-climatico-se-plantaran-en-cataluna-en-2021\/#primaryimage","url":"https:\/\/www.irta.cat\/wp-content\/uploads\/2023\/01\/Pomes-HotCP-2.jpg","contentUrl":"https:\/\/www.irta.cat\/wp-content\/uploads\/2023\/01\/Pomes-HotCP-2.jpg","width":1383,"height":1479},{"@type":"BreadcrumbList","@id":"https:\/\/www.irta.cat\/es\/noticia\/los-primeros-manzanos-mas-adaptados-al-cambio-climatico-se-plantaran-en-cataluna-en-2021\/#breadcrumb","itemListElement":[{"@type":"ListItem","position":1,"name":"Inici","item":"https:\/\/www.irta.cat\/es\/"},{"@type":"ListItem","position":2,"name":"Los primeros manzanos m\u00e1s adaptados al cambio clim\u00e1tico se plantar\u00e1n en Catalu\u00f1a en 2021"}]},{"@type":"WebSite","@id":"https:\/\/www.irta.cat\/es\/#website","url":"https:\/\/www.irta.cat\/es\/","name":"IRTA","description":"Institut de Recerca i Tecnologia Agroaliment\u00e0ries","publisher":{"@id":"https:\/\/www.irta.cat\/es\/#organization"},"alternateName":"%%sitename%% %%sep%% %%title%%","potentialAction":[{"@type":"SearchAction","target":{"@type":"EntryPoint","urlTemplate":"https:\/\/www.irta.cat\/es\/?s={search_term_string}"},"query-input":{"@type":"PropertyValueSpecification","valueRequired":true,"valueName":"search_term_string"}}],"inLanguage":"es"},{"@type":"Organization","@id":"https:\/\/www.irta.cat\/es\/#organization","name":"IRTA","url":"https:\/\/www.irta.cat\/es\/","logo":{"@type":"ImageObject","inLanguage":"es","@id":"https:\/\/www.irta.cat\/es\/#\/schema\/logo\/image\/","url":"https:\/\/www.irta.cat\/wp-content\/uploads\/2023\/04\/Logo-IRTA-verm.png","contentUrl":"https:\/\/www.irta.cat\/wp-content\/uploads\/2023\/04\/Logo-IRTA-verm.png","width":1250,"height":500,"caption":"IRTA"},"image":{"@id":"https:\/\/www.irta.cat\/es\/#\/schema\/logo\/image\/"},"sameAs":["https:\/\/www.facebook.com\/irtacat","https:\/\/x.com\/irtacat"]}]}},"_links":{"self":[{"href":"https:\/\/www.irta.cat\/es\/wp-json\/wp\/v2\/noticia\/59315","targetHints":{"allow":["GET"]}}],"collection":[{"href":"https:\/\/www.irta.cat\/es\/wp-json\/wp\/v2\/noticia"}],"about":[{"href":"https:\/\/www.irta.cat\/es\/wp-json\/wp\/v2\/types\/noticia"}],"version-history":[{"count":0,"href":"https:\/\/www.irta.cat\/es\/wp-json\/wp\/v2\/noticia\/59315\/revisions"}],"wp:featuredmedia":[{"embeddable":true,"href":"https:\/\/www.irta.cat\/es\/wp-json\/wp\/v2\/media\/7744"}],"wp:attachment":[{"href":"https:\/\/www.irta.cat\/es\/wp-json\/wp\/v2\/media?parent=59315"}],"wp:term":[{"taxonomy":"categoria_noticia","embeddable":true,"href":"https:\/\/www.irta.cat\/es\/wp-json\/wp\/v2\/categoria_noticia?post=59315"},{"taxonomy":"etiqueta_filtrar_noticia","embeddable":true,"href":"https:\/\/www.irta.cat\/es\/wp-json\/wp\/v2\/etiqueta_filtrar_noticia?post=59315"}],"curies":[{"name":"wp","href":"https:\/\/api.w.org\/{rel}","templated":true}]}}