{"id":59087,"date":"2020-07-17T08:58:26","date_gmt":"2020-07-17T06:58:26","guid":{"rendered":"https:\/\/www.irta.cat\/noticia\/nace-el-proyecto-innotub-una-red-transpirenaica-para-combatir-la-tuberculosis-animal\/"},"modified":"2024-11-06T09:51:32","modified_gmt":"2024-11-06T08:51:32","slug":"nace-el-proyecto-innotub-una-red-transpirenaica-para-combatir-la-tuberculosis-animal","status":"publish","type":"noticia","link":"https:\/\/www.irta.cat\/es\/noticia\/nace-el-proyecto-innotub-una-red-transpirenaica-para-combatir-la-tuberculosis-animal\/","title":{"rendered":"Nace el proyecto INNOTUB, una red transpirenaica para combatir la tuberculosis animal"},"content":{"rendered":"\n<figure class=\"wp-block-image size-large\"><a href=\"https:\/\/www.irta.cat\/wp-content\/uploads\/2020\/07\/vaques_1-1-scaled.jpg\" class=\"fancybox irta-lightbox-bridge\" data-fancybox=\"irta-images\"><img decoding=\"async\" src=\"https:\/\/www.irta.cat\/wp-content\/uploads\/2020\/07\/vaques_1-1-scaled.jpg\" alt=\"\" class=\"wp-image-34961\" loading=\"lazy\" \/><\/a><figcaption>Vacas en el Pirineo. Autor: Marina Torres (CC BY-NC 4.0)<\/figcaption><\/figure>\n\n\n\n<h2><strong>El\u00a0IRTA,\u00a0la ANSES, NEIKER, la ENVT y la UAB\u00a0lanzan\u00a0el\u00a0proyecto\u00a0europeo\u00a0INNOTUB, una red <\/strong><strong>cient\u00edfica de excelencia para mejorar los programas de control, vigilancia y erradicaci\u00f3n de la tuberculosis animal en el ganado y en la fauna silvestre, con especial hincapi\u00e9 en la regi\u00f3n transfronteriza entre Espa\u00f1a y Francia.\u00a0<\/strong><\/h2>\n\n\n\n<p>La tuberculosis&nbsp;animal&nbsp;es una enfermedad bacteriana que&nbsp;afecta principalmente&nbsp;a vacas,&nbsp;cabras&nbsp;y algunos mam\u00edferos silvestres, causando un elevado impacto&nbsp;econ\u00f3mico y social sobre el sector&nbsp;ganadero&nbsp;y suponiendo&nbsp;tambi\u00e9n&nbsp;un riesgo de infecci\u00f3n para las personas.&nbsp;&nbsp;Desde hace a\u00f1os,&nbsp;Espa\u00f1a y Francia luchan&nbsp;contra esta enfermedad&nbsp;para&nbsp;evitar las&nbsp;p\u00e9rdidas de productividad y&nbsp;de&nbsp;valor gen\u00e9tico, adem\u00e1s de&nbsp;la&nbsp;restricci\u00f3n de movimientos y comercio&nbsp;de productos animales.&nbsp;Aunque la&nbsp;prevalencia de la enfermedad es baja&nbsp;en la regi\u00f3n&nbsp;transpirenaica,&nbsp;siguen apareciendo brotes en granjas de ambos lados de la frontera&nbsp;y&nbsp;los&nbsp;programas&nbsp;de erradicaci\u00f3n&nbsp;locales&nbsp;suponen&nbsp;un elevado coste econ\u00f3mico, adem\u00e1s de la desconfianza que se genera sobre su eficacia&nbsp;por parte del sector ganadero.&nbsp;<\/p>\n\n\n\n<p>Ante esta problem\u00e1tica, el proyecto INNOTUB crear\u00e1 y consolidar\u00e1 una red transfronteriza multidisciplinar para reforzar v\u00ednculos y crear sinergias entre los diferentes actores&nbsp;implicados en los programas de control de tuberculosis animal&nbsp;de la regi\u00f3n transpirenaica.&nbsp;El proyecto est\u00e1 coordinado por el Centro de Investigaci\u00f3n en Sanidad Animal (CReSA) del&nbsp;<a href=\"https:\/\/www.irta.cat\/es\/\" target=\"_blank\" rel=\"noreferrer noopener\">Instituto de Investigaci\u00f3n y Tecnolog\u00eda Agroalimentarias (IRTA)<\/a>&nbsp;y cuenta con la participaci\u00f3n de la&nbsp;<a href=\"https:\/\/www.anses.fr\/fr\" target=\"_blank\" rel=\"noreferrer noopener\">Agencia Francesa para la Seguridad y Salud Alimentaria, Ambiental y Ocupacional (ANSES)<\/a>, el&nbsp;<a href=\"https:\/\/neiker.eus\/es\/\" target=\"_blank\" rel=\"noreferrer noopener\">Instituto Vasco de Investigaci\u00f3n y Desarrollo Agrario (NEIKER<\/a>), la&nbsp;<a href=\"http:\/\/www.envt.fr\/\" target=\"_blank\" rel=\"noreferrer noopener\">Escuela Nacional Veterinaria de Toulouse (ENVT)<\/a>&nbsp;y la <a href=\"http:\/\/www.uab.cat\">Universitat Aut\u00f2noma de Barcelona (UAB)<\/a>.<\/p>\n\n\n\n<figure class=\"wp-block-image size-large is-resized\"><a href=\"https:\/\/www.irta.cat\/wp-content\/uploads\/2023\/01\/Captura.jpg\" class=\"fancybox irta-lightbox-bridge\" data-fancybox=\"irta-images\"><img loading=\"lazy\" decoding=\"async\" src=\"https:\/\/www.irta.cat\/wp-content\/uploads\/2023\/01\/Captura.jpg\" alt=\"\" class=\"wp-image-34935\" width=\"592\" height=\"353\"\/><\/a><figcaption><em>Primera reuni\u00f3n con los socios del proyecto en formato virutal. Autor: IRTA&nbsp;(CC BY-NC 4.0)<\/em><\/figcaption><\/figure>\n\n\n\n<p>Uno de los objetivos&nbsp;principales&nbsp;de la red&nbsp;es profundizar en el conocimiento de la enfermedad&nbsp;para identificar les factores de riesgo asociados a la aparici\u00f3n de brotes en la regi\u00f3n.&nbsp;Por otro lado, \u201cmejoraremos las pruebas de diagn\u00f3stico y evaluaremos posibles vacunas y otras herramientas de control de la enfermedad\u201d, explica <strong>Bernat P\u00e9rez<\/strong>, investigador principal de la l\u00ednea de tuberculosis en el IRTA-CReSA. Otro de los aspectos en los que trabajar\u00e1 el proyecto es la mejora de las medidas de bioseguridad en las granjas. \u201cEl objetivo es evitar contagios entre animales dom\u00e9sticos de las mismas granjas,&nbsp;pero tambi\u00e9n el contacto con los animales silvestres\u201d, explica <strong>Alberto Allepuz<\/strong>, investigador del Departamento de Sanidad y Anatom\u00eda Animales de la UAB e investigador del IRTA-CReSA. Seg\u00fan los investigadores, algunos animales como el jabal\u00ed y el ciervo&nbsp;pueden actuar como reservorio de la enfermedad y transmitirla al ganado. Adem\u00e1s, recientemente se han identificado&nbsp;el tej\u00f3n y&nbsp;algunos&nbsp; roedores&nbsp;silvestres como&nbsp;otros potenciales reservorios.&nbsp;&nbsp;<\/p>\n\n\n\n<h3 class=\"wp-block-heading\"><strong>Transferencia y comunicaci\u00f3n entre el sector&nbsp;ganadero y veterinario<\/strong><\/h3>\n\n\n\n<p>A ra\u00edz de&nbsp;los diferentes brotes&nbsp;de tuberculosis animal&nbsp;que han ido apareciendo en la regi\u00f3n transpirenaica existe una falta de comunicaci\u00f3n y confianza entre el sector ganadero, veterinario y la administraci\u00f3n local.&nbsp;Para&nbsp;ello, INNOTUB tambi\u00e9n promover\u00e1 acciones de comunicaci\u00f3n&nbsp;entre ganaderos y veterinarios&nbsp;que refuercen las actividades de control de la tuberculosis.&nbsp;Por ejemplo, se&nbsp;realizar\u00e1n programas de formaci\u00f3n espec\u00edficos&nbsp;entre las personas implicadas en los programas de erradicaci\u00f3n&nbsp;en los que de informar\u00e1n a los ganaderos sobre las medidas de prevenci\u00f3n y detecci\u00f3n de la enfermedad.&nbsp;&nbsp;<\/p>\n\n\n\n<p>El proyecto INNOTUB tendr\u00e1 una duraci\u00f3n de dos a\u00f1os&nbsp;y medio y est\u00e1 financiado por el Programa INTERREG POCTEFA 2014-2020, un programa europeo de cooperaci\u00f3n territorial creado para fomentar el desarrollo sostenible del territorio fronterizo entre Espa\u00f1a, Francia y Andorra. Este apoyo financiero comunitario se destina a reforzar la integraci\u00f3n econ\u00f3mica y social de esta zona y ayuda a mejorar la calidad de vida de sus habitantes. Adem\u00e1s, los proyectos programados reciben cofinanciaci\u00f3n del Fondo Europeo de Desarrollo Regional&nbsp;(FEDER).&nbsp;<\/p>\n\n\n\n<p><strong>\u00b7 Twitter del proyecto INNOTUB: <a href=\"https:\/\/twitter.com\/innotub\">@innotub<\/a><\/strong><\/p>\n\n\n\n<p><em> La p\u00e1gina web del proyecto INNOTUB estar\u00e1 disponible pr\u00f3ximamente.<\/em><\/p>\n\n\n\n<p> <\/p>\n\n\n\n<figure class=\"wp-block-image size-large\"><a href=\"https:\/\/www.irta.cat\/wp-content\/uploads\/2023\/01\/LOGO_innotub_poctefa_integrat_fonsblanc.jpg\" class=\"fancybox irta-lightbox-bridge\" data-fancybox=\"irta-images\"><img decoding=\"async\" src=\"https:\/\/www.irta.cat\/wp-content\/uploads\/2023\/01\/LOGO_innotub_poctefa_integrat_fonsblanc.jpg\" alt=\"\" class=\"wp-image-34947\" loading=\"lazy\" \/><\/a><\/figure>\n","protected":false},"featured_media":14980,"template":"","categoria_noticia":[],"etiqueta_filtrar_noticia":[8672,8047],"class_list":["post-59087","noticia","type-noticia","status-publish","has-post-thumbnail","hentry","etiqueta_filtrar_noticia-alt-pirineu-i-aran","etiqueta_filtrar_noticia-bovi"],"acf":[],"yoast_head":"<!-- This site is optimized with the Yoast SEO plugin v26.6 - https:\/\/yoast.com\/wordpress\/plugins\/seo\/ -->\r\n<title>Nace el proyecto INNOTUB, una red transpirenaica para combatir la tuberculosis animal &#187; IRTA<\/title>\r\n<meta name=\"robots\" content=\"index, follow, max-snippet:-1, max-image-preview:large, max-video-preview:-1\" \/>\r\n<link rel=\"canonical\" href=\"https:\/\/www.irta.cat\/es\/noticia\/nace-el-proyecto-innotub-una-red-transpirenaica-para-combatir-la-tuberculosis-animal\/\" \/>\r\n<meta property=\"og:locale\" content=\"es_ES\" \/>\r\n<meta property=\"og:type\" content=\"article\" \/>\r\n<meta property=\"og:title\" content=\"Nace el proyecto INNOTUB, una red transpirenaica para combatir la tuberculosis animal &#187; IRTA\" \/>\r\n<meta property=\"og:description\" content=\"La tuberculosis&nbsp;animal&nbsp;es una enfermedad bacteriana que&nbsp;afecta principalmente&nbsp;a vacas,&nbsp;cabras&nbsp;y algunos mam\u00edferos silvestres, causando un elevado impacto&nbsp;econ\u00f3mico y social sobre el sector&nbsp;ganadero&nbsp;y suponiendo&nbsp;tambi\u00e9n&nbsp;un riesgo de infecci\u00f3n para las personas.&nbsp;&nbsp;Desde hace a\u00f1os,&nbsp;Espa\u00f1a y Francia luchan&nbsp;contra esta enfermedad&nbsp;para&nbsp;evitar las&nbsp;p\u00e9rdidas de productividad y&nbsp;de&nbsp;valor gen\u00e9tico, adem\u00e1s de&nbsp;la&nbsp;restricci\u00f3n de movimientos y comercio&nbsp;de productos animales.&nbsp;Aunque la&nbsp;prevalencia de la enfermedad es baja&nbsp;en la regi\u00f3n&nbsp;transpirenaica,&nbsp;siguen [&hellip;]\" \/>\r\n<meta property=\"og:url\" content=\"https:\/\/www.irta.cat\/es\/noticia\/nace-el-proyecto-innotub-una-red-transpirenaica-para-combatir-la-tuberculosis-animal\/\" \/>\r\n<meta property=\"og:site_name\" content=\"IRTA\" \/>\r\n<meta property=\"article:publisher\" content=\"https:\/\/www.facebook.com\/irtacat\" \/>\r\n<meta property=\"article:modified_time\" content=\"2024-11-06T08:51:32+00:00\" \/>\r\n<meta property=\"og:image\" content=\"https:\/\/www.irta.cat\/wp-content\/uploads\/2023\/01\/vaca-portada.jpg\" \/>\r\n\t<meta property=\"og:image:width\" content=\"699\" \/>\r\n\t<meta property=\"og:image:height\" content=\"493\" \/>\r\n\t<meta property=\"og:image:type\" content=\"image\/jpeg\" \/>\r\n<meta name=\"twitter:card\" content=\"summary_large_image\" \/>\r\n<meta name=\"twitter:site\" content=\"@irtacat\" \/>\r\n<meta name=\"twitter:label1\" content=\"Tiempo de lectura\" \/>\n\t<meta name=\"twitter:data1\" content=\"4 minutos\" \/>\r\n<script type=\"application\/ld+json\" class=\"yoast-schema-graph\">{\"@context\":\"https:\/\/schema.org\",\"@graph\":[{\"@type\":\"WebPage\",\"@id\":\"https:\/\/www.irta.cat\/es\/noticia\/nace-el-proyecto-innotub-una-red-transpirenaica-para-combatir-la-tuberculosis-animal\/\",\"url\":\"https:\/\/www.irta.cat\/es\/noticia\/nace-el-proyecto-innotub-una-red-transpirenaica-para-combatir-la-tuberculosis-animal\/\",\"name\":\"Nace el proyecto INNOTUB, una red transpirenaica para combatir la tuberculosis animal &#187; IRTA\",\"isPartOf\":{\"@id\":\"https:\/\/www.irta.cat\/es\/#website\"},\"primaryImageOfPage\":{\"@id\":\"https:\/\/www.irta.cat\/es\/noticia\/nace-el-proyecto-innotub-una-red-transpirenaica-para-combatir-la-tuberculosis-animal\/#primaryimage\"},\"image\":{\"@id\":\"https:\/\/www.irta.cat\/es\/noticia\/nace-el-proyecto-innotub-una-red-transpirenaica-para-combatir-la-tuberculosis-animal\/#primaryimage\"},\"thumbnailUrl\":\"https:\/\/www.irta.cat\/wp-content\/uploads\/2023\/01\/vaca-portada.jpg\",\"datePublished\":\"2020-07-17T06:58:26+00:00\",\"dateModified\":\"2024-11-06T08:51:32+00:00\",\"breadcrumb\":{\"@id\":\"https:\/\/www.irta.cat\/es\/noticia\/nace-el-proyecto-innotub-una-red-transpirenaica-para-combatir-la-tuberculosis-animal\/#breadcrumb\"},\"inLanguage\":\"es\",\"potentialAction\":[{\"@type\":\"ReadAction\",\"target\":[\"https:\/\/www.irta.cat\/es\/noticia\/nace-el-proyecto-innotub-una-red-transpirenaica-para-combatir-la-tuberculosis-animal\/\"]}]},{\"@type\":\"ImageObject\",\"inLanguage\":\"es\",\"@id\":\"https:\/\/www.irta.cat\/es\/noticia\/nace-el-proyecto-innotub-una-red-transpirenaica-para-combatir-la-tuberculosis-animal\/#primaryimage\",\"url\":\"https:\/\/www.irta.cat\/wp-content\/uploads\/2023\/01\/vaca-portada.jpg\",\"contentUrl\":\"https:\/\/www.irta.cat\/wp-content\/uploads\/2023\/01\/vaca-portada.jpg\",\"width\":699,\"height\":493},{\"@type\":\"BreadcrumbList\",\"@id\":\"https:\/\/www.irta.cat\/es\/noticia\/nace-el-proyecto-innotub-una-red-transpirenaica-para-combatir-la-tuberculosis-animal\/#breadcrumb\",\"itemListElement\":[{\"@type\":\"ListItem\",\"position\":1,\"name\":\"Inici\",\"item\":\"https:\/\/www.irta.cat\/es\/\"},{\"@type\":\"ListItem\",\"position\":2,\"name\":\"Nace el proyecto INNOTUB, una red transpirenaica para combatir la tuberculosis animal\"}]},{\"@type\":\"WebSite\",\"@id\":\"https:\/\/www.irta.cat\/es\/#website\",\"url\":\"https:\/\/www.irta.cat\/es\/\",\"name\":\"IRTA\",\"description\":\"Institut de Recerca i Tecnologia Agroaliment\u00e0ries\",\"publisher\":{\"@id\":\"https:\/\/www.irta.cat\/es\/#organization\"},\"alternateName\":\"%%sitename%% %%sep%% %%title%%\",\"potentialAction\":[{\"@type\":\"SearchAction\",\"target\":{\"@type\":\"EntryPoint\",\"urlTemplate\":\"https:\/\/www.irta.cat\/es\/?s={search_term_string}\"},\"query-input\":{\"@type\":\"PropertyValueSpecification\",\"valueRequired\":true,\"valueName\":\"search_term_string\"}}],\"inLanguage\":\"es\"},{\"@type\":\"Organization\",\"@id\":\"https:\/\/www.irta.cat\/es\/#organization\",\"name\":\"IRTA\",\"url\":\"https:\/\/www.irta.cat\/es\/\",\"logo\":{\"@type\":\"ImageObject\",\"inLanguage\":\"es\",\"@id\":\"https:\/\/www.irta.cat\/es\/#\/schema\/logo\/image\/\",\"url\":\"https:\/\/www.irta.cat\/wp-content\/uploads\/2023\/04\/Logo-IRTA-verm.png\",\"contentUrl\":\"https:\/\/www.irta.cat\/wp-content\/uploads\/2023\/04\/Logo-IRTA-verm.png\",\"width\":1250,\"height\":500,\"caption\":\"IRTA\"},\"image\":{\"@id\":\"https:\/\/www.irta.cat\/es\/#\/schema\/logo\/image\/\"},\"sameAs\":[\"https:\/\/www.facebook.com\/irtacat\",\"https:\/\/x.com\/irtacat\"]}]}<\/script>\r\n<!-- \/ Yoast SEO plugin. -->","yoast_head_json":{"title":"Nace el proyecto INNOTUB, una red transpirenaica para combatir la tuberculosis animal &#187; IRTA","robots":{"index":"index","follow":"follow","max-snippet":"max-snippet:-1","max-image-preview":"max-image-preview:large","max-video-preview":"max-video-preview:-1"},"canonical":"https:\/\/www.irta.cat\/es\/noticia\/nace-el-proyecto-innotub-una-red-transpirenaica-para-combatir-la-tuberculosis-animal\/","og_locale":"es_ES","og_type":"article","og_title":"Nace el proyecto INNOTUB, una red transpirenaica para combatir la tuberculosis animal &#187; IRTA","og_description":"La tuberculosis&nbsp;animal&nbsp;es una enfermedad bacteriana que&nbsp;afecta principalmente&nbsp;a vacas,&nbsp;cabras&nbsp;y algunos mam\u00edferos silvestres, causando un elevado impacto&nbsp;econ\u00f3mico y social sobre el sector&nbsp;ganadero&nbsp;y suponiendo&nbsp;tambi\u00e9n&nbsp;un riesgo de infecci\u00f3n para las personas.&nbsp;&nbsp;Desde hace a\u00f1os,&nbsp;Espa\u00f1a y Francia luchan&nbsp;contra esta enfermedad&nbsp;para&nbsp;evitar las&nbsp;p\u00e9rdidas de productividad y&nbsp;de&nbsp;valor gen\u00e9tico, adem\u00e1s de&nbsp;la&nbsp;restricci\u00f3n de movimientos y comercio&nbsp;de productos animales.&nbsp;Aunque la&nbsp;prevalencia de la enfermedad es baja&nbsp;en la regi\u00f3n&nbsp;transpirenaica,&nbsp;siguen [&hellip;]","og_url":"https:\/\/www.irta.cat\/es\/noticia\/nace-el-proyecto-innotub-una-red-transpirenaica-para-combatir-la-tuberculosis-animal\/","og_site_name":"IRTA","article_publisher":"https:\/\/www.facebook.com\/irtacat","article_modified_time":"2024-11-06T08:51:32+00:00","og_image":[{"width":699,"height":493,"url":"https:\/\/www.irta.cat\/wp-content\/uploads\/2023\/01\/vaca-portada.jpg","type":"image\/jpeg"}],"twitter_card":"summary_large_image","twitter_site":"@irtacat","twitter_misc":{"Tiempo de lectura":"4 minutos"},"schema":{"@context":"https:\/\/schema.org","@graph":[{"@type":"WebPage","@id":"https:\/\/www.irta.cat\/es\/noticia\/nace-el-proyecto-innotub-una-red-transpirenaica-para-combatir-la-tuberculosis-animal\/","url":"https:\/\/www.irta.cat\/es\/noticia\/nace-el-proyecto-innotub-una-red-transpirenaica-para-combatir-la-tuberculosis-animal\/","name":"Nace el proyecto INNOTUB, una red transpirenaica para combatir la tuberculosis animal &#187; IRTA","isPartOf":{"@id":"https:\/\/www.irta.cat\/es\/#website"},"primaryImageOfPage":{"@id":"https:\/\/www.irta.cat\/es\/noticia\/nace-el-proyecto-innotub-una-red-transpirenaica-para-combatir-la-tuberculosis-animal\/#primaryimage"},"image":{"@id":"https:\/\/www.irta.cat\/es\/noticia\/nace-el-proyecto-innotub-una-red-transpirenaica-para-combatir-la-tuberculosis-animal\/#primaryimage"},"thumbnailUrl":"https:\/\/www.irta.cat\/wp-content\/uploads\/2023\/01\/vaca-portada.jpg","datePublished":"2020-07-17T06:58:26+00:00","dateModified":"2024-11-06T08:51:32+00:00","breadcrumb":{"@id":"https:\/\/www.irta.cat\/es\/noticia\/nace-el-proyecto-innotub-una-red-transpirenaica-para-combatir-la-tuberculosis-animal\/#breadcrumb"},"inLanguage":"es","potentialAction":[{"@type":"ReadAction","target":["https:\/\/www.irta.cat\/es\/noticia\/nace-el-proyecto-innotub-una-red-transpirenaica-para-combatir-la-tuberculosis-animal\/"]}]},{"@type":"ImageObject","inLanguage":"es","@id":"https:\/\/www.irta.cat\/es\/noticia\/nace-el-proyecto-innotub-una-red-transpirenaica-para-combatir-la-tuberculosis-animal\/#primaryimage","url":"https:\/\/www.irta.cat\/wp-content\/uploads\/2023\/01\/vaca-portada.jpg","contentUrl":"https:\/\/www.irta.cat\/wp-content\/uploads\/2023\/01\/vaca-portada.jpg","width":699,"height":493},{"@type":"BreadcrumbList","@id":"https:\/\/www.irta.cat\/es\/noticia\/nace-el-proyecto-innotub-una-red-transpirenaica-para-combatir-la-tuberculosis-animal\/#breadcrumb","itemListElement":[{"@type":"ListItem","position":1,"name":"Inici","item":"https:\/\/www.irta.cat\/es\/"},{"@type":"ListItem","position":2,"name":"Nace el proyecto INNOTUB, una red transpirenaica para combatir la tuberculosis animal"}]},{"@type":"WebSite","@id":"https:\/\/www.irta.cat\/es\/#website","url":"https:\/\/www.irta.cat\/es\/","name":"IRTA","description":"Institut de Recerca i Tecnologia Agroaliment\u00e0ries","publisher":{"@id":"https:\/\/www.irta.cat\/es\/#organization"},"alternateName":"%%sitename%% %%sep%% %%title%%","potentialAction":[{"@type":"SearchAction","target":{"@type":"EntryPoint","urlTemplate":"https:\/\/www.irta.cat\/es\/?s={search_term_string}"},"query-input":{"@type":"PropertyValueSpecification","valueRequired":true,"valueName":"search_term_string"}}],"inLanguage":"es"},{"@type":"Organization","@id":"https:\/\/www.irta.cat\/es\/#organization","name":"IRTA","url":"https:\/\/www.irta.cat\/es\/","logo":{"@type":"ImageObject","inLanguage":"es","@id":"https:\/\/www.irta.cat\/es\/#\/schema\/logo\/image\/","url":"https:\/\/www.irta.cat\/wp-content\/uploads\/2023\/04\/Logo-IRTA-verm.png","contentUrl":"https:\/\/www.irta.cat\/wp-content\/uploads\/2023\/04\/Logo-IRTA-verm.png","width":1250,"height":500,"caption":"IRTA"},"image":{"@id":"https:\/\/www.irta.cat\/es\/#\/schema\/logo\/image\/"},"sameAs":["https:\/\/www.facebook.com\/irtacat","https:\/\/x.com\/irtacat"]}]}},"_links":{"self":[{"href":"https:\/\/www.irta.cat\/es\/wp-json\/wp\/v2\/noticia\/59087","targetHints":{"allow":["GET"]}}],"collection":[{"href":"https:\/\/www.irta.cat\/es\/wp-json\/wp\/v2\/noticia"}],"about":[{"href":"https:\/\/www.irta.cat\/es\/wp-json\/wp\/v2\/types\/noticia"}],"version-history":[{"count":0,"href":"https:\/\/www.irta.cat\/es\/wp-json\/wp\/v2\/noticia\/59087\/revisions"}],"wp:featuredmedia":[{"embeddable":true,"href":"https:\/\/www.irta.cat\/es\/wp-json\/wp\/v2\/media\/14980"}],"wp:attachment":[{"href":"https:\/\/www.irta.cat\/es\/wp-json\/wp\/v2\/media?parent=59087"}],"wp:term":[{"taxonomy":"categoria_noticia","embeddable":true,"href":"https:\/\/www.irta.cat\/es\/wp-json\/wp\/v2\/categoria_noticia?post=59087"},{"taxonomy":"etiqueta_filtrar_noticia","embeddable":true,"href":"https:\/\/www.irta.cat\/es\/wp-json\/wp\/v2\/etiqueta_filtrar_noticia?post=59087"}],"curies":[{"name":"wp","href":"https:\/\/api.w.org\/{rel}","templated":true}]}}