{"id":59077,"date":"2020-07-13T10:30:39","date_gmt":"2020-07-13T08:30:39","guid":{"rendered":"https:\/\/www.irta.cat\/noticia\/la-comunidad-autonoma-de-galicia-se-incorpora-en-los-informes-de-benchmarking-de-granjas-del-bdporc\/"},"modified":"2024-11-06T09:51:21","modified_gmt":"2024-11-06T08:51:21","slug":"la-comunidad-autonoma-de-galicia-se-incorpora-en-los-informes-de-benchmarking-de-granjas-del-bdporc","status":"publish","type":"noticia","link":"https:\/\/www.irta.cat\/es\/noticia\/la-comunidad-autonoma-de-galicia-se-incorpora-en-los-informes-de-benchmarking-de-granjas-del-bdporc\/","title":{"rendered":"La Comunidad Aut\u00f3noma de Galicia se incorpora en los informes de benchmarking de granjas del BDPorc"},"content":{"rendered":"\n<div style=\"height:20px\" aria-hidden=\"true\" class=\"wp-block-spacer\"><\/div>\n\n\n\n<p>El grupo de referencia geogr\u00e1fico <strong>\u2018Galicia\u2019<\/strong> se ha incorporado en el primer informe trimestral para todas las empresas del <strong>Banco de Datos de Referencia del Porcino Espa\u00f1ol<\/strong> (<a rel=\"noreferrer noopener\" href=\"http:\/\/www.bdporc.irta.es\/index.jsp\" target=\"_blank\">BDPorc<\/a>), un servicio destinado al sector porcino espa\u00f1ol gestionado por el IRTA en el marco de un convenio con el Ministerio de Agricultura, Pesca y Alimentaci\u00f3n (MAPA) y la Asociaci\u00f3n Nacional de Productores de Ganado Porcino (ANPROGAPOR).<\/p>\n\n\n\n<figure class=\"wp-block-image size-large\"><a href=\"https:\/\/www.irta.cat\/wp-content\/uploads\/Tema_Benestar-animal.jpg\" class=\"fancybox irta-lightbox-bridge\" data-fancybox=\"irta-images\"><img decoding=\"async\" src=\"https:\/\/www.irta.cat\/wp-content\/uploads\/Tema_Benestar-animal.jpg\" alt=\"\" class=\"wp-image-10299\" loading=\"lazy\" \/><\/a><\/figure>\n\n\n\n<p>La adhesi\u00f3n en 2019 de nuevas granjas gallegas a este banco de datos ha supuesto un incremento en la representatividad del n\u00famero de cerdas analizadas en la Comunidad de Galicia y, en consecuencia, de sus resultados. En concreto, se han analizado el <strong>42% del censo de reproductoras de Galicia<\/strong>, lo que ha propiciado la incorporaci\u00f3n de este nuevo grupo de referencia. \u00abQueremos agradecer a todas las empresas y ganaderos gallegos por participar y apoyar a BDPorc, vi\u00e9ndolo como una herramienta de observaci\u00f3n y de promoci\u00f3n de la eficiencia en la producci\u00f3n de porcino\u00bb, afirma <strong>Pedro L\u00f3pez<\/strong>, director de BDPorc.<\/p>\n\n\n\n<p>Los resultados BDporc del grupo de referencia geogr\u00e1fico \u2018Galicia\u2019 corresponden al an\u00e1lisis de 41 granjas y 41.984 cerda, en el periodo comprendido del 01\/04\/19 al 31\/03\/20. Los resultados de algunos de los principales \u00edndices t\u00e9cnicos de este nuevo grupo son los siguientes: 28,68 lechones destetados por cerda a primera cubrici\u00f3n y a\u00f1o; 89,23% de tasa de partos; 24 d\u00edas de duraci\u00f3n de la lactaci\u00f3n; 8,02 d\u00edas no productivos por ciclo; 24,81 meses de edad de la cerda al primer parto y una longevidad de 54,73 lechones destetados por cerda de baja.<\/p>\n\n\n\n<p>Esta nueva informaci\u00f3n de referencia sin duda ser\u00e1 muy \u00fatil para todos ganaderos, para situarse y compararse, seguir mejorando constantemente y para la ayuda a la toma de decisiones en la gesti\u00f3n t\u00e9cnico-econ\u00f3mica del d\u00eda a d\u00eda.<\/p>\n\n\n\n<p>El sistema BDporc es un servicio destinado al sector porcino espa\u00f1ol en marcha desde 1998. Uno de sus objetivos fundamentales es proporcionar informaci\u00f3n de referencia a las empresas de producci\u00f3n porcina como elemento de ayuda en la gesti\u00f3n t\u00e9cnica y en la toma de decisiones. Este banco de datos dispone, actualmente, de la <strong>informaci\u00f3n productiva de m\u00e1s de un mill\u00f3n de cerdas<\/strong> de capa blanca e ib\u00e9ricas repartidas por toda Espa\u00f1a.<\/p>\n","protected":false},"featured_media":8646,"template":"","categoria_noticia":[],"etiqueta_filtrar_noticia":[8084],"class_list":["post-59077","noticia","type-noticia","status-publish","has-post-thumbnail","hentry","etiqueta_filtrar_noticia-bdporc"],"acf":[],"yoast_head":"<!-- This site is optimized with the Yoast SEO plugin v26.6 - https:\/\/yoast.com\/wordpress\/plugins\/seo\/ -->\r\n<title>La Comunidad Aut\u00f3noma de Galicia se incorpora en los informes de benchmarking de granjas del BDPorc &#187; IRTA<\/title>\r\n<meta name=\"robots\" content=\"index, follow, max-snippet:-1, max-image-preview:large, max-video-preview:-1\" \/>\r\n<link rel=\"canonical\" href=\"https:\/\/www.irta.cat\/es\/noticia\/la-comunidad-autonoma-de-galicia-se-incorpora-en-los-informes-de-benchmarking-de-granjas-del-bdporc\/\" \/>\r\n<meta property=\"og:locale\" content=\"es_ES\" \/>\r\n<meta property=\"og:type\" content=\"article\" \/>\r\n<meta property=\"og:title\" content=\"La Comunidad Aut\u00f3noma de Galicia se incorpora en los informes de benchmarking de granjas del BDPorc &#187; IRTA\" \/>\r\n<meta property=\"og:description\" content=\"El grupo de referencia geogr\u00e1fico \u2018Galicia\u2019 se ha incorporado en el primer informe trimestral para todas las empresas del Banco de Datos de Referencia del Porcino Espa\u00f1ol (BDPorc), un servicio destinado al sector porcino espa\u00f1ol gestionado por el IRTA en el marco de un convenio con el Ministerio de Agricultura, Pesca y Alimentaci\u00f3n (MAPA) y [&hellip;]\" \/>\r\n<meta property=\"og:url\" content=\"https:\/\/www.irta.cat\/es\/noticia\/la-comunidad-autonoma-de-galicia-se-incorpora-en-los-informes-de-benchmarking-de-granjas-del-bdporc\/\" \/>\r\n<meta property=\"og:site_name\" content=\"IRTA\" \/>\r\n<meta property=\"article:publisher\" content=\"https:\/\/www.facebook.com\/irtacat\" \/>\r\n<meta property=\"article:modified_time\" content=\"2024-11-06T08:51:21+00:00\" \/>\r\n<meta property=\"og:image\" content=\"https:\/\/www.irta.cat\/wp-content\/uploads\/2023\/01\/benestar_animal_porci_stock.jpeg\" \/>\r\n\t<meta property=\"og:image:width\" content=\"1\" \/>\r\n\t<meta property=\"og:image:height\" content=\"1\" \/>\r\n\t<meta property=\"og:image:type\" content=\"image\/jpeg\" \/>\r\n<meta name=\"twitter:card\" content=\"summary_large_image\" \/>\r\n<meta name=\"twitter:site\" content=\"@irtacat\" \/>\r\n<meta name=\"twitter:label1\" content=\"Tiempo de lectura\" \/>\n\t<meta name=\"twitter:data1\" content=\"2 minutos\" \/>\r\n<script type=\"application\/ld+json\" class=\"yoast-schema-graph\">{\"@context\":\"https:\/\/schema.org\",\"@graph\":[{\"@type\":\"WebPage\",\"@id\":\"https:\/\/www.irta.cat\/es\/noticia\/la-comunidad-autonoma-de-galicia-se-incorpora-en-los-informes-de-benchmarking-de-granjas-del-bdporc\/\",\"url\":\"https:\/\/www.irta.cat\/es\/noticia\/la-comunidad-autonoma-de-galicia-se-incorpora-en-los-informes-de-benchmarking-de-granjas-del-bdporc\/\",\"name\":\"La Comunidad Aut\u00f3noma de Galicia se incorpora en los informes de benchmarking de granjas del BDPorc &#187; IRTA\",\"isPartOf\":{\"@id\":\"https:\/\/www.irta.cat\/es\/#website\"},\"primaryImageOfPage\":{\"@id\":\"https:\/\/www.irta.cat\/es\/noticia\/la-comunidad-autonoma-de-galicia-se-incorpora-en-los-informes-de-benchmarking-de-granjas-del-bdporc\/#primaryimage\"},\"image\":{\"@id\":\"https:\/\/www.irta.cat\/es\/noticia\/la-comunidad-autonoma-de-galicia-se-incorpora-en-los-informes-de-benchmarking-de-granjas-del-bdporc\/#primaryimage\"},\"thumbnailUrl\":\"https:\/\/www.irta.cat\/wp-content\/uploads\/2023\/01\/benestar_animal_porci_stock.jpeg\",\"datePublished\":\"2020-07-13T08:30:39+00:00\",\"dateModified\":\"2024-11-06T08:51:21+00:00\",\"breadcrumb\":{\"@id\":\"https:\/\/www.irta.cat\/es\/noticia\/la-comunidad-autonoma-de-galicia-se-incorpora-en-los-informes-de-benchmarking-de-granjas-del-bdporc\/#breadcrumb\"},\"inLanguage\":\"es\",\"potentialAction\":[{\"@type\":\"ReadAction\",\"target\":[\"https:\/\/www.irta.cat\/es\/noticia\/la-comunidad-autonoma-de-galicia-se-incorpora-en-los-informes-de-benchmarking-de-granjas-del-bdporc\/\"]}]},{\"@type\":\"ImageObject\",\"inLanguage\":\"es\",\"@id\":\"https:\/\/www.irta.cat\/es\/noticia\/la-comunidad-autonoma-de-galicia-se-incorpora-en-los-informes-de-benchmarking-de-granjas-del-bdporc\/#primaryimage\",\"url\":\"https:\/\/www.irta.cat\/wp-content\/uploads\/2023\/01\/benestar_animal_porci_stock.jpeg\",\"contentUrl\":\"https:\/\/www.irta.cat\/wp-content\/uploads\/2023\/01\/benestar_animal_porci_stock.jpeg\"},{\"@type\":\"BreadcrumbList\",\"@id\":\"https:\/\/www.irta.cat\/es\/noticia\/la-comunidad-autonoma-de-galicia-se-incorpora-en-los-informes-de-benchmarking-de-granjas-del-bdporc\/#breadcrumb\",\"itemListElement\":[{\"@type\":\"ListItem\",\"position\":1,\"name\":\"Inici\",\"item\":\"https:\/\/www.irta.cat\/es\/\"},{\"@type\":\"ListItem\",\"position\":2,\"name\":\"La Comunidad Aut\u00f3noma de Galicia se incorpora en los informes de benchmarking de granjas del BDPorc\"}]},{\"@type\":\"WebSite\",\"@id\":\"https:\/\/www.irta.cat\/es\/#website\",\"url\":\"https:\/\/www.irta.cat\/es\/\",\"name\":\"IRTA\",\"description\":\"Institut de Recerca i Tecnologia Agroaliment\u00e0ries\",\"publisher\":{\"@id\":\"https:\/\/www.irta.cat\/es\/#organization\"},\"alternateName\":\"%%sitename%% %%sep%% %%title%%\",\"potentialAction\":[{\"@type\":\"SearchAction\",\"target\":{\"@type\":\"EntryPoint\",\"urlTemplate\":\"https:\/\/www.irta.cat\/es\/?s={search_term_string}\"},\"query-input\":{\"@type\":\"PropertyValueSpecification\",\"valueRequired\":true,\"valueName\":\"search_term_string\"}}],\"inLanguage\":\"es\"},{\"@type\":\"Organization\",\"@id\":\"https:\/\/www.irta.cat\/es\/#organization\",\"name\":\"IRTA\",\"url\":\"https:\/\/www.irta.cat\/es\/\",\"logo\":{\"@type\":\"ImageObject\",\"inLanguage\":\"es\",\"@id\":\"https:\/\/www.irta.cat\/es\/#\/schema\/logo\/image\/\",\"url\":\"https:\/\/www.irta.cat\/wp-content\/uploads\/2023\/04\/Logo-IRTA-verm.png\",\"contentUrl\":\"https:\/\/www.irta.cat\/wp-content\/uploads\/2023\/04\/Logo-IRTA-verm.png\",\"width\":1250,\"height\":500,\"caption\":\"IRTA\"},\"image\":{\"@id\":\"https:\/\/www.irta.cat\/es\/#\/schema\/logo\/image\/\"},\"sameAs\":[\"https:\/\/www.facebook.com\/irtacat\",\"https:\/\/x.com\/irtacat\"]}]}<\/script>\r\n<!-- \/ Yoast SEO plugin. -->","yoast_head_json":{"title":"La Comunidad Aut\u00f3noma de Galicia se incorpora en los informes de benchmarking de granjas del BDPorc &#187; IRTA","robots":{"index":"index","follow":"follow","max-snippet":"max-snippet:-1","max-image-preview":"max-image-preview:large","max-video-preview":"max-video-preview:-1"},"canonical":"https:\/\/www.irta.cat\/es\/noticia\/la-comunidad-autonoma-de-galicia-se-incorpora-en-los-informes-de-benchmarking-de-granjas-del-bdporc\/","og_locale":"es_ES","og_type":"article","og_title":"La Comunidad Aut\u00f3noma de Galicia se incorpora en los informes de benchmarking de granjas del BDPorc &#187; IRTA","og_description":"El grupo de referencia geogr\u00e1fico \u2018Galicia\u2019 se ha incorporado en el primer informe trimestral para todas las empresas del Banco de Datos de Referencia del Porcino Espa\u00f1ol (BDPorc), un servicio destinado al sector porcino espa\u00f1ol gestionado por el IRTA en el marco de un convenio con el Ministerio de Agricultura, Pesca y Alimentaci\u00f3n (MAPA) y [&hellip;]","og_url":"https:\/\/www.irta.cat\/es\/noticia\/la-comunidad-autonoma-de-galicia-se-incorpora-en-los-informes-de-benchmarking-de-granjas-del-bdporc\/","og_site_name":"IRTA","article_publisher":"https:\/\/www.facebook.com\/irtacat","article_modified_time":"2024-11-06T08:51:21+00:00","og_image":[{"url":"https:\/\/www.irta.cat\/wp-content\/uploads\/2023\/01\/benestar_animal_porci_stock.jpeg","width":1,"height":1,"type":"image\/jpeg"}],"twitter_card":"summary_large_image","twitter_site":"@irtacat","twitter_misc":{"Tiempo de lectura":"2 minutos"},"schema":{"@context":"https:\/\/schema.org","@graph":[{"@type":"WebPage","@id":"https:\/\/www.irta.cat\/es\/noticia\/la-comunidad-autonoma-de-galicia-se-incorpora-en-los-informes-de-benchmarking-de-granjas-del-bdporc\/","url":"https:\/\/www.irta.cat\/es\/noticia\/la-comunidad-autonoma-de-galicia-se-incorpora-en-los-informes-de-benchmarking-de-granjas-del-bdporc\/","name":"La Comunidad Aut\u00f3noma de Galicia se incorpora en los informes de benchmarking de granjas del BDPorc &#187; IRTA","isPartOf":{"@id":"https:\/\/www.irta.cat\/es\/#website"},"primaryImageOfPage":{"@id":"https:\/\/www.irta.cat\/es\/noticia\/la-comunidad-autonoma-de-galicia-se-incorpora-en-los-informes-de-benchmarking-de-granjas-del-bdporc\/#primaryimage"},"image":{"@id":"https:\/\/www.irta.cat\/es\/noticia\/la-comunidad-autonoma-de-galicia-se-incorpora-en-los-informes-de-benchmarking-de-granjas-del-bdporc\/#primaryimage"},"thumbnailUrl":"https:\/\/www.irta.cat\/wp-content\/uploads\/2023\/01\/benestar_animal_porci_stock.jpeg","datePublished":"2020-07-13T08:30:39+00:00","dateModified":"2024-11-06T08:51:21+00:00","breadcrumb":{"@id":"https:\/\/www.irta.cat\/es\/noticia\/la-comunidad-autonoma-de-galicia-se-incorpora-en-los-informes-de-benchmarking-de-granjas-del-bdporc\/#breadcrumb"},"inLanguage":"es","potentialAction":[{"@type":"ReadAction","target":["https:\/\/www.irta.cat\/es\/noticia\/la-comunidad-autonoma-de-galicia-se-incorpora-en-los-informes-de-benchmarking-de-granjas-del-bdporc\/"]}]},{"@type":"ImageObject","inLanguage":"es","@id":"https:\/\/www.irta.cat\/es\/noticia\/la-comunidad-autonoma-de-galicia-se-incorpora-en-los-informes-de-benchmarking-de-granjas-del-bdporc\/#primaryimage","url":"https:\/\/www.irta.cat\/wp-content\/uploads\/2023\/01\/benestar_animal_porci_stock.jpeg","contentUrl":"https:\/\/www.irta.cat\/wp-content\/uploads\/2023\/01\/benestar_animal_porci_stock.jpeg"},{"@type":"BreadcrumbList","@id":"https:\/\/www.irta.cat\/es\/noticia\/la-comunidad-autonoma-de-galicia-se-incorpora-en-los-informes-de-benchmarking-de-granjas-del-bdporc\/#breadcrumb","itemListElement":[{"@type":"ListItem","position":1,"name":"Inici","item":"https:\/\/www.irta.cat\/es\/"},{"@type":"ListItem","position":2,"name":"La Comunidad Aut\u00f3noma de Galicia se incorpora en los informes de benchmarking de granjas del BDPorc"}]},{"@type":"WebSite","@id":"https:\/\/www.irta.cat\/es\/#website","url":"https:\/\/www.irta.cat\/es\/","name":"IRTA","description":"Institut de Recerca i Tecnologia Agroaliment\u00e0ries","publisher":{"@id":"https:\/\/www.irta.cat\/es\/#organization"},"alternateName":"%%sitename%% %%sep%% %%title%%","potentialAction":[{"@type":"SearchAction","target":{"@type":"EntryPoint","urlTemplate":"https:\/\/www.irta.cat\/es\/?s={search_term_string}"},"query-input":{"@type":"PropertyValueSpecification","valueRequired":true,"valueName":"search_term_string"}}],"inLanguage":"es"},{"@type":"Organization","@id":"https:\/\/www.irta.cat\/es\/#organization","name":"IRTA","url":"https:\/\/www.irta.cat\/es\/","logo":{"@type":"ImageObject","inLanguage":"es","@id":"https:\/\/www.irta.cat\/es\/#\/schema\/logo\/image\/","url":"https:\/\/www.irta.cat\/wp-content\/uploads\/2023\/04\/Logo-IRTA-verm.png","contentUrl":"https:\/\/www.irta.cat\/wp-content\/uploads\/2023\/04\/Logo-IRTA-verm.png","width":1250,"height":500,"caption":"IRTA"},"image":{"@id":"https:\/\/www.irta.cat\/es\/#\/schema\/logo\/image\/"},"sameAs":["https:\/\/www.facebook.com\/irtacat","https:\/\/x.com\/irtacat"]}]}},"_links":{"self":[{"href":"https:\/\/www.irta.cat\/es\/wp-json\/wp\/v2\/noticia\/59077","targetHints":{"allow":["GET"]}}],"collection":[{"href":"https:\/\/www.irta.cat\/es\/wp-json\/wp\/v2\/noticia"}],"about":[{"href":"https:\/\/www.irta.cat\/es\/wp-json\/wp\/v2\/types\/noticia"}],"version-history":[{"count":0,"href":"https:\/\/www.irta.cat\/es\/wp-json\/wp\/v2\/noticia\/59077\/revisions"}],"wp:featuredmedia":[{"embeddable":true,"href":"https:\/\/www.irta.cat\/es\/wp-json\/wp\/v2\/media\/8646"}],"wp:attachment":[{"href":"https:\/\/www.irta.cat\/es\/wp-json\/wp\/v2\/media?parent=59077"}],"wp:term":[{"taxonomy":"categoria_noticia","embeddable":true,"href":"https:\/\/www.irta.cat\/es\/wp-json\/wp\/v2\/categoria_noticia?post=59077"},{"taxonomy":"etiqueta_filtrar_noticia","embeddable":true,"href":"https:\/\/www.irta.cat\/es\/wp-json\/wp\/v2\/etiqueta_filtrar_noticia?post=59077"}],"curies":[{"name":"wp","href":"https:\/\/api.w.org\/{rel}","templated":true}]}}