{"id":59019,"date":"2020-05-25T09:00:55","date_gmt":"2020-05-25T07:00:55","guid":{"rendered":"https:\/\/www.irta.cat\/noticia\/la-oms-incorpora-dos-investigadores-del-irta-en-el-grupo-de-trabajo-internacional-sobre-modelos-animales-de-covid-19\/"},"modified":"2024-11-06T09:50:13","modified_gmt":"2024-11-06T08:50:13","slug":"la-oms-incorpora-dos-investigadores-del-irta-en-el-grupo-de-trabajo-internacional-sobre-modelos-animales-de-covid-19","status":"publish","type":"noticia","link":"https:\/\/www.irta.cat\/es\/noticia\/la-oms-incorpora-dos-investigadores-del-irta-en-el-grupo-de-trabajo-internacional-sobre-modelos-animales-de-covid-19\/","title":{"rendered":"La OMS incorpora dos investigadores del IRTA en el grupo de trabajo internacional sobre modelos animales de COVID-19"},"content":{"rendered":"\n<figure class=\"wp-block-image size-large\"><a href=\"https:\/\/www.irta.cat\/wp-content\/uploads\/2020\/05\/Vergara_Segales_LOW-1-scaled.jpg\" class=\"fancybox irta-lightbox-bridge\" data-fancybox=\"irta-images\"><img decoding=\"async\" src=\"https:\/\/www.irta.cat\/wp-content\/uploads\/2020\/05\/Vergara_Segales_LOW-1-scaled.jpg\" alt=\"\" class=\"wp-image-34295\" loading=\"lazy\" \/><\/a><figcaption>J\u00falia Vergara-Alert (IRTA) y Joaquim Segal\u00e9s (IRTA y UAB).<\/figcaption><\/figure>\n\n\n\n<h2 class=\"wp-block-heading\"><strong>Se trata de J\u00falia Vergara-Alert y Joaquim Segal\u00e9s, que tambi\u00e9n es catedr\u00e1tico de la UAB<\/strong><\/h2>\n\n\n\n<h2 class=\"wp-block-heading\"><strong>El objetivo del grupo de trabajo es encontrar los modelos animales m\u00e1s id\u00f3neos para desarrollar los tratamientos y la vacuna para la enfermedad<\/strong><\/h2>\n\n\n\n<h2 class=\"wp-block-heading\"><strong>El IRTA-CReSA es el \u00fanico centro de investigaci\u00f3n p\u00fablico de Catalu\u00f1a catalogado como Infraestructura Cient\u00edfica y T\u00e9cnica Singular (ICTS) que trabaja con el nuevo coronavirus <em>in vitro<\/em> e <em>in vivo<\/em> con peque\u00f1os animales<\/strong><\/h2>\n\n\n\n<p>Para conseguir encontrar un tratamiento y una vacuna seguros y eficaces para combatir la COVID-19 es necesario&nbsp;<strong>disponer de un modelo animal que reproduzca la enfermedad tal como la sufrimos los humanos<\/strong>. Por ello, el equipo I+D de enfermedades prioritarias de la Organizaci\u00f3n Mundial de la Salud (OMS) ha reunido varios cient\u00edficos de centros de investigaci\u00f3n de todo el mundo en un grupo de trabajo para acelerar la b\u00fasqueda de los mejores modelos animales para hacer frente a la pandemia. Dos de estos cient\u00edficos son Julia Vergara-Alert y Joaquim Segal\u00e9s, investigadores del Centro de Investigaci\u00f3n en Sanidad Animal (CReSA) del Instituto de Investigaci\u00f3n y Tecnolog\u00eda Agroalimentarias (IRTA). Segal\u00e9s es, adem\u00e1s, catedr\u00e1tico de la Facultad de Veterinaria de la Universidad Aut\u00f3noma de Barcelona (UAB).&nbsp;<\/p>\n\n\n\n<p>Con esta iniciativa, la OMS tiene el objetivo de dar una respuesta global a la COVID-19 contando con centros de investigaci\u00f3n punteros en el dise\u00f1o de modelos animales. Desde su creaci\u00f3n, hace unos meses, el grupo de trabajo se re\u00fane virtualmente&nbsp;cada semana. \u00abEn estos momentos&nbsp;<strong>es importante que haya varios grupos de investigaci\u00f3n en todo el mundo que puedan compartir el conocimiento actual sobre la enfermedad<\/strong>, la inmunidad que \u00e9sta genera y qu\u00e9 propuestas de modelos animales se est\u00e1n planteando. De este modo, se multiplican las posibilidades de tener varios productos disponibles en el mercado\u00bb, explica&nbsp;Segal\u00e9s. De hecho, una funci\u00f3n crucial que desarrolla la OMS con estos grupos de trabajo espec\u00edficos es poner en contacto la investigaci\u00f3n con el mundo de la industria farmac\u00e9utica.&nbsp;<\/p>\n\n\n\n<p>El reconocimiento a Vergara-Alert&nbsp;y&nbsp;Segal\u00e9s&nbsp;por parte de la OMS posiciona el IRTA a un nivel m\u00e1s de dimensi\u00f3n internacional que tambi\u00e9n permitir\u00e1 establecer m\u00e1s colaboraciones cient\u00edficas. \u00abPara nosotros es todo un orgullo formar parte de este grupo junto a grandes expertos\u00bb, dicen los investigadores, que remarcan que&nbsp;<strong>\u00abes un reconocimiento al centro&nbsp;<\/strong><strong>donde trabajamos&nbsp;<\/strong><strong>y<\/strong><strong>&nbsp;<\/strong><strong>a toda&nbsp;<\/strong><strong>su<\/strong><strong>&nbsp;gente, el resultado de todo lo que hemos sembrado en los \u00faltimos 20 a\u00f1os\u00bb<\/strong>.&nbsp;<\/p>\n\n\n\n<p>En&nbsp;el IRTA-CReSA&nbsp;hace m\u00e1s de 6 a\u00f1os que se trabaja con modelos animales del coronavirus del MERS, causante del S\u00edndrome Respiratorio de Oriente Medio, con el que testaron un primer prototipo de vacuna para dromedarios. \u00abEl conocimiento previo y la experiencia que ten\u00edamos con este otro coronavirus ha sido un punto a favor y nos ha permitido ir m\u00e1s r\u00e1pido en muchos aspectos\u00bb, explica Vergara-Alert.&nbsp;<\/p>\n\n\n\n<p>El grupo de trabajo cuenta con unos noventa expertos sobre modelos animales de la OMS. En el \u00e1mbito espa\u00f1ol, tambi\u00e9n forman parte los investigadores Luis&nbsp;Enjuanes&nbsp;y Mariano Esteban del Centro Nacional de Biotecnolog\u00eda del CSIC, con el que el IRTA-CReSA&nbsp;ha llevado a cabo algunos proyectos internacionales relacionados con el coronavirus del MERS.&nbsp;<\/p>\n\n\n\n<h3 class=\"wp-block-heading\"><strong>El IRT<\/strong><strong>A-<\/strong><strong>CReSA<\/strong><strong>,&nbsp;<\/strong><strong>el \u00fanico centro de investigaci\u00f3n p\u00fablic<\/strong><strong>o<\/strong><strong>&nbsp;de Catalu\u00f1a catalogado como centro singular que trabaja con el<\/strong><strong>&nbsp;SARS-CoV-2&nbsp;<\/strong><strong><em>in vitro&nbsp;<\/em><\/strong><strong>e<\/strong><strong><em>&nbsp;in vivo<\/em><\/strong><strong>&nbsp;<\/strong><strong>con peque\u00f1os y grandes animales<\/strong>&nbsp;<\/h3>\n\n\n\n<p>En cualquier proceso de registro de un producto antiviral o de una vacuna hay que llevar a cabo diferentes fases de desarrollo que suelen durar unos meses. Estas fases incluyen trabajar con el virus SARS-CoV-2 activo tanto a nivel&nbsp;<em>in vitro<\/em>&nbsp;en el laboratorio como&nbsp;<em>in vivo<\/em>, en animales, algo que s\u00f3lo se puede llevar a cabo en condiciones de m\u00e1xima bioseguridad. \u00abTenemos una Unidad de Alta&nbsp;Biocontenci\u00f3n&nbsp;dise\u00f1ada para poder trabajar con pat\u00f3genos de grupo de peligrosidad 3, como es el caso de este coronavirus. Esto nos ha permitido, antes que nada, aislar el virus a partir de muestras de pacientes y replicarlo en cultivos celulares para poder hacer estudios de eficacia de f\u00e1rmacos y de candidatos vacunales. Por otra parte, en las instalaciones tambi\u00e9n tenemos la capacidad de desarrollar modelos animales para la enfermedad, una fase fundamental para comprobar la eficacia de los productos antes de probarlos en humanos\u00bb, explica Vergara-Alert.&nbsp;<\/p>\n\n\n\n<p>Los modelos animales que proponen los investigadores del IRTA-CReSA&nbsp;para testar los posibles f\u00e1rmacos y la vacuna son, por ahora,&nbsp;de&nbsp;rat\u00f3n transg\u00e9nico y&nbsp;h\u00e1mster. Esta actividad de investigaci\u00f3n la llevan a cabo junto con el Instituto de Investigaci\u00f3n del Sida (IrsiCaixa) y el Barcelona&nbsp;Supercomputing&nbsp;Center,<a href=\"https:\/\/www.irta.cat\/es\/el-irta-el-irsicaixa-y-el-barcelona-supercomputing-center-se-consorcian-para-encontrar-un-tratamiento-y-una-vacuna-por-coronavirus\/\"> con el que el IRTA forma un consorcio financiado por la empresa Grifols<\/a>.&nbsp;<\/p>\n\n\n\n<p>El IRTA-CReSA&nbsp;y el Centro de&nbsp;Investigaci\u00f3n&nbsp;en&nbsp;Sanidad&nbsp;Animal (INIA-CISA) son los&nbsp;\u00fanicos&nbsp;centros&nbsp;de&nbsp;investigaci\u00f3n&nbsp;p\u00fablicos&nbsp;del Estado&nbsp;espa\u00f1ol&nbsp;con alto&nbsp;nivel&nbsp;de&nbsp;bioseguridad&nbsp;reconocidos&nbsp;como Infraestructura Cient\u00edfica y T\u00e9cnica Singular (ICTS) por&nbsp;parte&nbsp;del&nbsp;Ministerio&nbsp;de&nbsp;Ciencia&nbsp;e&nbsp;Innovaci\u00f3n. Los dos&nbsp;centros&nbsp;conforman&nbsp;la <a href=\"http:\/\/www.rlasb.es\/\">Red de Laboratorios de Alta Seguridad&nbsp;Biol\u00f3gica&nbsp;(RLASB)<\/a>.&nbsp;<\/p>\n","protected":false},"featured_media":43158,"template":"","categoria_noticia":[],"etiqueta_filtrar_noticia":[],"class_list":["post-59019","noticia","type-noticia","status-publish","has-post-thumbnail","hentry"],"acf":[],"yoast_head":"<!-- This site is optimized with the Yoast SEO plugin v26.6 - https:\/\/yoast.com\/wordpress\/plugins\/seo\/ -->\r\n<title>La OMS incorpora dos investigadores del IRTA en el grupo de trabajo internacional sobre modelos animales de COVID-19 &#187; IRTA<\/title>\r\n<meta name=\"robots\" content=\"index, follow, max-snippet:-1, max-image-preview:large, max-video-preview:-1\" \/>\r\n<link rel=\"canonical\" href=\"https:\/\/www.irta.cat\/es\/noticia\/la-oms-incorpora-dos-investigadores-del-irta-en-el-grupo-de-trabajo-internacional-sobre-modelos-animales-de-covid-19\/\" \/>\r\n<meta property=\"og:locale\" content=\"es_ES\" \/>\r\n<meta property=\"og:type\" content=\"article\" \/>\r\n<meta property=\"og:title\" content=\"La OMS incorpora dos investigadores del IRTA en el grupo de trabajo internacional sobre modelos animales de COVID-19 &#187; IRTA\" \/>\r\n<meta property=\"og:description\" content=\"Se trata de J\u00falia Vergara-Alert y Joaquim Segal\u00e9s, que tambi\u00e9n es catedr\u00e1tico de la UAB El objetivo del grupo de trabajo es encontrar los modelos animales m\u00e1s id\u00f3neos para desarrollar los tratamientos y la vacuna para la enfermedad El IRTA-CReSA es el \u00fanico centro de investigaci\u00f3n p\u00fablico de Catalu\u00f1a catalogado como Infraestructura Cient\u00edfica y T\u00e9cnica [&hellip;]\" \/>\r\n<meta property=\"og:url\" content=\"https:\/\/www.irta.cat\/es\/noticia\/la-oms-incorpora-dos-investigadores-del-irta-en-el-grupo-de-trabajo-internacional-sobre-modelos-animales-de-covid-19\/\" \/>\r\n<meta property=\"og:site_name\" content=\"IRTA\" \/>\r\n<meta property=\"article:publisher\" content=\"https:\/\/www.facebook.com\/irtacat\" \/>\r\n<meta property=\"article:modified_time\" content=\"2024-11-06T08:50:13+00:00\" \/>\r\n<meta property=\"og:image\" content=\"https:\/\/www.irta.cat\/wp-content\/uploads\/2020\/05\/Vergara_Segales_LOW-1-scaled.jpg\" \/>\r\n\t<meta property=\"og:image:width\" content=\"1920\" \/>\r\n\t<meta property=\"og:image:height\" content=\"1302\" \/>\r\n\t<meta property=\"og:image:type\" content=\"image\/jpeg\" \/>\r\n<meta name=\"twitter:card\" content=\"summary_large_image\" \/>\r\n<meta name=\"twitter:site\" content=\"@irtacat\" \/>\r\n<meta name=\"twitter:label1\" content=\"Tiempo de lectura\" \/>\n\t<meta name=\"twitter:data1\" content=\"5 minutos\" \/>\r\n<script type=\"application\/ld+json\" class=\"yoast-schema-graph\">{\"@context\":\"https:\/\/schema.org\",\"@graph\":[{\"@type\":\"WebPage\",\"@id\":\"https:\/\/www.irta.cat\/es\/noticia\/la-oms-incorpora-dos-investigadores-del-irta-en-el-grupo-de-trabajo-internacional-sobre-modelos-animales-de-covid-19\/\",\"url\":\"https:\/\/www.irta.cat\/es\/noticia\/la-oms-incorpora-dos-investigadores-del-irta-en-el-grupo-de-trabajo-internacional-sobre-modelos-animales-de-covid-19\/\",\"name\":\"La OMS incorpora dos investigadores del IRTA en el grupo de trabajo internacional sobre modelos animales de COVID-19 &#187; IRTA\",\"isPartOf\":{\"@id\":\"https:\/\/www.irta.cat\/es\/#website\"},\"primaryImageOfPage\":{\"@id\":\"https:\/\/www.irta.cat\/es\/noticia\/la-oms-incorpora-dos-investigadores-del-irta-en-el-grupo-de-trabajo-internacional-sobre-modelos-animales-de-covid-19\/#primaryimage\"},\"image\":{\"@id\":\"https:\/\/www.irta.cat\/es\/noticia\/la-oms-incorpora-dos-investigadores-del-irta-en-el-grupo-de-trabajo-internacional-sobre-modelos-animales-de-covid-19\/#primaryimage\"},\"thumbnailUrl\":\"https:\/\/www.irta.cat\/wp-content\/uploads\/2020\/05\/Vergara_Segales_LOW-1-scaled.jpg\",\"datePublished\":\"2020-05-25T07:00:55+00:00\",\"dateModified\":\"2024-11-06T08:50:13+00:00\",\"breadcrumb\":{\"@id\":\"https:\/\/www.irta.cat\/es\/noticia\/la-oms-incorpora-dos-investigadores-del-irta-en-el-grupo-de-trabajo-internacional-sobre-modelos-animales-de-covid-19\/#breadcrumb\"},\"inLanguage\":\"es\",\"potentialAction\":[{\"@type\":\"ReadAction\",\"target\":[\"https:\/\/www.irta.cat\/es\/noticia\/la-oms-incorpora-dos-investigadores-del-irta-en-el-grupo-de-trabajo-internacional-sobre-modelos-animales-de-covid-19\/\"]}]},{\"@type\":\"ImageObject\",\"inLanguage\":\"es\",\"@id\":\"https:\/\/www.irta.cat\/es\/noticia\/la-oms-incorpora-dos-investigadores-del-irta-en-el-grupo-de-trabajo-internacional-sobre-modelos-animales-de-covid-19\/#primaryimage\",\"url\":\"https:\/\/www.irta.cat\/wp-content\/uploads\/2020\/05\/Vergara_Segales_LOW-1-scaled.jpg\",\"contentUrl\":\"https:\/\/www.irta.cat\/wp-content\/uploads\/2020\/05\/Vergara_Segales_LOW-1-scaled.jpg\",\"width\":1920,\"height\":1302},{\"@type\":\"BreadcrumbList\",\"@id\":\"https:\/\/www.irta.cat\/es\/noticia\/la-oms-incorpora-dos-investigadores-del-irta-en-el-grupo-de-trabajo-internacional-sobre-modelos-animales-de-covid-19\/#breadcrumb\",\"itemListElement\":[{\"@type\":\"ListItem\",\"position\":1,\"name\":\"Inici\",\"item\":\"https:\/\/www.irta.cat\/es\/\"},{\"@type\":\"ListItem\",\"position\":2,\"name\":\"La OMS incorpora dos investigadores del IRTA en el grupo de trabajo internacional sobre modelos animales de COVID-19\"}]},{\"@type\":\"WebSite\",\"@id\":\"https:\/\/www.irta.cat\/es\/#website\",\"url\":\"https:\/\/www.irta.cat\/es\/\",\"name\":\"IRTA\",\"description\":\"Institut de Recerca i Tecnologia Agroaliment\u00e0ries\",\"publisher\":{\"@id\":\"https:\/\/www.irta.cat\/es\/#organization\"},\"alternateName\":\"%%sitename%% %%sep%% %%title%%\",\"potentialAction\":[{\"@type\":\"SearchAction\",\"target\":{\"@type\":\"EntryPoint\",\"urlTemplate\":\"https:\/\/www.irta.cat\/es\/?s={search_term_string}\"},\"query-input\":{\"@type\":\"PropertyValueSpecification\",\"valueRequired\":true,\"valueName\":\"search_term_string\"}}],\"inLanguage\":\"es\"},{\"@type\":\"Organization\",\"@id\":\"https:\/\/www.irta.cat\/es\/#organization\",\"name\":\"IRTA\",\"url\":\"https:\/\/www.irta.cat\/es\/\",\"logo\":{\"@type\":\"ImageObject\",\"inLanguage\":\"es\",\"@id\":\"https:\/\/www.irta.cat\/es\/#\/schema\/logo\/image\/\",\"url\":\"https:\/\/www.irta.cat\/wp-content\/uploads\/2023\/04\/Logo-IRTA-verm.png\",\"contentUrl\":\"https:\/\/www.irta.cat\/wp-content\/uploads\/2023\/04\/Logo-IRTA-verm.png\",\"width\":1250,\"height\":500,\"caption\":\"IRTA\"},\"image\":{\"@id\":\"https:\/\/www.irta.cat\/es\/#\/schema\/logo\/image\/\"},\"sameAs\":[\"https:\/\/www.facebook.com\/irtacat\",\"https:\/\/x.com\/irtacat\"]}]}<\/script>\r\n<!-- \/ Yoast SEO plugin. -->","yoast_head_json":{"title":"La OMS incorpora dos investigadores del IRTA en el grupo de trabajo internacional sobre modelos animales de COVID-19 &#187; IRTA","robots":{"index":"index","follow":"follow","max-snippet":"max-snippet:-1","max-image-preview":"max-image-preview:large","max-video-preview":"max-video-preview:-1"},"canonical":"https:\/\/www.irta.cat\/es\/noticia\/la-oms-incorpora-dos-investigadores-del-irta-en-el-grupo-de-trabajo-internacional-sobre-modelos-animales-de-covid-19\/","og_locale":"es_ES","og_type":"article","og_title":"La OMS incorpora dos investigadores del IRTA en el grupo de trabajo internacional sobre modelos animales de COVID-19 &#187; IRTA","og_description":"Se trata de J\u00falia Vergara-Alert y Joaquim Segal\u00e9s, que tambi\u00e9n es catedr\u00e1tico de la UAB El objetivo del grupo de trabajo es encontrar los modelos animales m\u00e1s id\u00f3neos para desarrollar los tratamientos y la vacuna para la enfermedad El IRTA-CReSA es el \u00fanico centro de investigaci\u00f3n p\u00fablico de Catalu\u00f1a catalogado como Infraestructura Cient\u00edfica y T\u00e9cnica [&hellip;]","og_url":"https:\/\/www.irta.cat\/es\/noticia\/la-oms-incorpora-dos-investigadores-del-irta-en-el-grupo-de-trabajo-internacional-sobre-modelos-animales-de-covid-19\/","og_site_name":"IRTA","article_publisher":"https:\/\/www.facebook.com\/irtacat","article_modified_time":"2024-11-06T08:50:13+00:00","og_image":[{"width":1920,"height":1302,"url":"https:\/\/www.irta.cat\/wp-content\/uploads\/2020\/05\/Vergara_Segales_LOW-1-scaled.jpg","type":"image\/jpeg"}],"twitter_card":"summary_large_image","twitter_site":"@irtacat","twitter_misc":{"Tiempo de lectura":"5 minutos"},"schema":{"@context":"https:\/\/schema.org","@graph":[{"@type":"WebPage","@id":"https:\/\/www.irta.cat\/es\/noticia\/la-oms-incorpora-dos-investigadores-del-irta-en-el-grupo-de-trabajo-internacional-sobre-modelos-animales-de-covid-19\/","url":"https:\/\/www.irta.cat\/es\/noticia\/la-oms-incorpora-dos-investigadores-del-irta-en-el-grupo-de-trabajo-internacional-sobre-modelos-animales-de-covid-19\/","name":"La OMS incorpora dos investigadores del IRTA en el grupo de trabajo internacional sobre modelos animales de COVID-19 &#187; IRTA","isPartOf":{"@id":"https:\/\/www.irta.cat\/es\/#website"},"primaryImageOfPage":{"@id":"https:\/\/www.irta.cat\/es\/noticia\/la-oms-incorpora-dos-investigadores-del-irta-en-el-grupo-de-trabajo-internacional-sobre-modelos-animales-de-covid-19\/#primaryimage"},"image":{"@id":"https:\/\/www.irta.cat\/es\/noticia\/la-oms-incorpora-dos-investigadores-del-irta-en-el-grupo-de-trabajo-internacional-sobre-modelos-animales-de-covid-19\/#primaryimage"},"thumbnailUrl":"https:\/\/www.irta.cat\/wp-content\/uploads\/2020\/05\/Vergara_Segales_LOW-1-scaled.jpg","datePublished":"2020-05-25T07:00:55+00:00","dateModified":"2024-11-06T08:50:13+00:00","breadcrumb":{"@id":"https:\/\/www.irta.cat\/es\/noticia\/la-oms-incorpora-dos-investigadores-del-irta-en-el-grupo-de-trabajo-internacional-sobre-modelos-animales-de-covid-19\/#breadcrumb"},"inLanguage":"es","potentialAction":[{"@type":"ReadAction","target":["https:\/\/www.irta.cat\/es\/noticia\/la-oms-incorpora-dos-investigadores-del-irta-en-el-grupo-de-trabajo-internacional-sobre-modelos-animales-de-covid-19\/"]}]},{"@type":"ImageObject","inLanguage":"es","@id":"https:\/\/www.irta.cat\/es\/noticia\/la-oms-incorpora-dos-investigadores-del-irta-en-el-grupo-de-trabajo-internacional-sobre-modelos-animales-de-covid-19\/#primaryimage","url":"https:\/\/www.irta.cat\/wp-content\/uploads\/2020\/05\/Vergara_Segales_LOW-1-scaled.jpg","contentUrl":"https:\/\/www.irta.cat\/wp-content\/uploads\/2020\/05\/Vergara_Segales_LOW-1-scaled.jpg","width":1920,"height":1302},{"@type":"BreadcrumbList","@id":"https:\/\/www.irta.cat\/es\/noticia\/la-oms-incorpora-dos-investigadores-del-irta-en-el-grupo-de-trabajo-internacional-sobre-modelos-animales-de-covid-19\/#breadcrumb","itemListElement":[{"@type":"ListItem","position":1,"name":"Inici","item":"https:\/\/www.irta.cat\/es\/"},{"@type":"ListItem","position":2,"name":"La OMS incorpora dos investigadores del IRTA en el grupo de trabajo internacional sobre modelos animales de COVID-19"}]},{"@type":"WebSite","@id":"https:\/\/www.irta.cat\/es\/#website","url":"https:\/\/www.irta.cat\/es\/","name":"IRTA","description":"Institut de Recerca i Tecnologia Agroaliment\u00e0ries","publisher":{"@id":"https:\/\/www.irta.cat\/es\/#organization"},"alternateName":"%%sitename%% %%sep%% %%title%%","potentialAction":[{"@type":"SearchAction","target":{"@type":"EntryPoint","urlTemplate":"https:\/\/www.irta.cat\/es\/?s={search_term_string}"},"query-input":{"@type":"PropertyValueSpecification","valueRequired":true,"valueName":"search_term_string"}}],"inLanguage":"es"},{"@type":"Organization","@id":"https:\/\/www.irta.cat\/es\/#organization","name":"IRTA","url":"https:\/\/www.irta.cat\/es\/","logo":{"@type":"ImageObject","inLanguage":"es","@id":"https:\/\/www.irta.cat\/es\/#\/schema\/logo\/image\/","url":"https:\/\/www.irta.cat\/wp-content\/uploads\/2023\/04\/Logo-IRTA-verm.png","contentUrl":"https:\/\/www.irta.cat\/wp-content\/uploads\/2023\/04\/Logo-IRTA-verm.png","width":1250,"height":500,"caption":"IRTA"},"image":{"@id":"https:\/\/www.irta.cat\/es\/#\/schema\/logo\/image\/"},"sameAs":["https:\/\/www.facebook.com\/irtacat","https:\/\/x.com\/irtacat"]}]}},"_links":{"self":[{"href":"https:\/\/www.irta.cat\/es\/wp-json\/wp\/v2\/noticia\/59019","targetHints":{"allow":["GET"]}}],"collection":[{"href":"https:\/\/www.irta.cat\/es\/wp-json\/wp\/v2\/noticia"}],"about":[{"href":"https:\/\/www.irta.cat\/es\/wp-json\/wp\/v2\/types\/noticia"}],"version-history":[{"count":0,"href":"https:\/\/www.irta.cat\/es\/wp-json\/wp\/v2\/noticia\/59019\/revisions"}],"wp:featuredmedia":[{"embeddable":true,"href":"https:\/\/www.irta.cat\/es\/wp-json\/wp\/v2\/media\/43158"}],"wp:attachment":[{"href":"https:\/\/www.irta.cat\/es\/wp-json\/wp\/v2\/media?parent=59019"}],"wp:term":[{"taxonomy":"categoria_noticia","embeddable":true,"href":"https:\/\/www.irta.cat\/es\/wp-json\/wp\/v2\/categoria_noticia?post=59019"},{"taxonomy":"etiqueta_filtrar_noticia","embeddable":true,"href":"https:\/\/www.irta.cat\/es\/wp-json\/wp\/v2\/etiqueta_filtrar_noticia?post=59019"}],"curies":[{"name":"wp","href":"https:\/\/api.w.org\/{rel}","templated":true}]}}