{"id":58776,"date":"2019-11-07T12:49:52","date_gmt":"2019-11-07T11:49:52","guid":{"rendered":"https:\/\/www.irta.cat\/noticia\/el-proyecto-huerto-en-la-azotea-gana-los-premios-european-public-sector\/"},"modified":"2024-11-06T09:44:25","modified_gmt":"2024-11-06T08:44:25","slug":"el-proyecto-huerto-en-la-azotea-gana-los-premios-european-public-sector","status":"publish","type":"noticia","link":"https:\/\/www.irta.cat\/es\/noticia\/el-proyecto-huerto-en-la-azotea-gana-los-premios-european-public-sector\/","title":{"rendered":"El proyecto \u00abHuerto en la azotea&#8217; gana los premios European Public Sector"},"content":{"rendered":"\n<div class=\"wp-block-image\"><figure class=\"aligncenter\"><a href=\"https:\/\/www.irta.cat\/wp-content\/uploads\/2023\/01\/Horts-Terrat.jpg\" class=\"fancybox irta-lightbox-bridge\" data-fancybox=\"irta-images\"><img decoding=\"async\" src=\"https:\/\/www.irta.cat\/wp-content\/uploads\/2023\/01\/Horts-Terrat.jpg\" alt=\"\" class=\"wp-image-32107\" loading=\"lazy\" \/><\/a><\/figure><\/div>\n\n\n\n<h3 class=\"wp-block-heading\"><strong>\u00b7 Ha sido reconocido con el premio del European Public Sector (EPSA), un reconocimiento que tiene por objetivo distinguir pr\u00e1cticas innovadoras en el sector p\u00fablico.<\/strong><\/h3>\n\n\n\n<h3 class=\"wp-block-heading\"><strong>\u00b7 Los participantes del proyecto reciben el asesoramiento t\u00e9cnico del IRTA.<\/strong><\/h3>\n\n\n\n<p><strong>Huerto en la azotea<\/strong>(<em>ROOFTOP GARDENS: growing greens for social inclusion<\/em>) ha sido <strong>ganador de los premios europeos EPSA Awards 2019<\/strong>, que premian las iniciativas del sector p\u00fablico m\u00e1s innovadoras y eficientes. Ha sido escogido entre un conjunto de 160 proyectos.<\/p>\n\n\n\n<p>El proyecto <a href=\"https:\/\/www.irta.cat\/es\/el-irta-ayuda-al-instituto-municipal-para-personas-con-discapacidad-en-su-huerto-urbano\/\" target=\"_blank\" rel=\"noreferrer noopener\" aria-label=\"comenz\u00f3 en 2016 (opens in a new tab)\">comenz\u00f3 en 2016<\/a>, cuando el IRTA firm\u00f3 un acuerdo de asesoramiento con el Instituto Municipal para personas con discapacidad de Barcelona. Entonces se cre\u00f3 el primer huerto en la cubierta del edificio de Derechos Sociales, en la calle Valencia 344 de Barcelona. En octubre de 2017, se abri\u00f3 tambi\u00e9n el huerto urbano de la sede del distrito de Sants-Montju\u00efc. Actualmente ya hay cinco huertos operativos de los que se ocupan de 120 personas con discapacidad de 11 entidades diferentes.<\/p>\n\n\n\n<div class=\"wp-block-image\"><figure class=\"aligncenter\"><a href=\"https:\/\/www.irta.cat\/wp-content\/uploads\/2023\/01\/hort-urba-3.jpg\" class=\"fancybox irta-lightbox-bridge\" data-fancybox=\"irta-images\"><img decoding=\"async\" src=\"https:\/\/www.irta.cat\/wp-content\/uploads\/2023\/01\/hort-urba-3.jpg\" alt=\"\" class=\"wp-image-31130\" loading=\"lazy\" \/><\/a><\/figure><\/div>\n\n\n\n<p>En la gesti\u00f3n del d\u00eda a d\u00eda, <strong>las entidades reciben el asesoramiento de personas expertas en sistemas de cultivo ecol\u00f3gico del IRTA<\/strong>. El cultivo se hace con sistema hidrop\u00f3nico, sin tierra ni abono, ecol\u00f3gico y sostenible. Los estudios muestran que los resultados que generan estos huertos son similares a los de los cultivos comerciales. En estos espacios se plantan lechugas, escarolas, espinacas, acelgas, tomates, guisantes, calabacines, tomates, berenjenas, pepinos, pimientos y plantas arom\u00e1ticas.<\/p>\n\n\n\n<p>Huerto en la azotea es un proyecto inclusivo, sostenible y solidario que mejora la calidad de vida de las personas que participan y que genera red y cohesi\u00f3n en la ciudadan\u00eda de Barcelona.<\/p>\n\n\n\n<div style=\"height:20px\" aria-hidden=\"true\" class=\"wp-block-spacer\"><\/div>\n\n\n\n<h3 class=\"wp-block-heading\"><strong>Un reconocimiento al sector p\u00fablico innovador<\/strong><\/h3>\n\n\n\n<p>El <strong><a href=\"https:\/\/www.epsa2019.eu\/\" target=\"_blank\" rel=\"noreferrer noopener\" aria-label=\"European Public Sector Award (opens in a new tab)\">European Public Sector Award<\/a><\/strong> es un premio impulsado por un organismo independiente con el apoyo de la Comisi\u00f3n Europea, Austria, Dinamarca, Hungr\u00eda, Italia, Luxemburgo, Pa\u00edses Bajos y Noruega, que tiene por objetivo distinguir pr\u00e1cticas innovadoras en el sector p\u00fablico.<\/p>\n\n\n\n<p>Puede saber m\u00e1s en la <a href=\"http:\/\/ajuntament.barcelona.cat\/accessible\/ca\/noticia\/el-projecte-hort-al-terrat-de-lajuntament-de-barcelona-guanya-els-premis-european-public-sector_875657\" target=\"_blank\" rel=\"noreferrer noopener\" aria-label=\"web del Ayuntamiento de Barcelona (opens in a new tab)\">web del Ayuntamiento de Barcelona<\/a>, y en este v\u00eddeo explicativo sobre el proyecto:<\/p>\n\n\n\n<center><iframe loading=\"lazy\" width=\"560\" height=\"315\" src=\"https:\/\/www.youtube.com\/embed\/CXtjZ_Qh27w\" frameborder=\"0\" allow=\"accelerometer; autoplay; encrypted-media; gyroscope; picture-in-picture\" allowfullscreen=\"\"><\/iframe><\/center>\n","protected":false},"featured_media":9714,"template":"","categoria_noticia":[],"etiqueta_filtrar_noticia":[],"class_list":["post-58776","noticia","type-noticia","status-publish","has-post-thumbnail","hentry"],"acf":[],"yoast_head":"<!-- This site is optimized with the Yoast SEO plugin v26.6 - https:\/\/yoast.com\/wordpress\/plugins\/seo\/ -->\r\n<title>El proyecto &quot;Huerto en la azotea&#039; gana los premios European Public Sector &#187; IRTA<\/title>\r\n<meta name=\"robots\" content=\"index, follow, max-snippet:-1, max-image-preview:large, max-video-preview:-1\" \/>\r\n<link rel=\"canonical\" href=\"https:\/\/www.irta.cat\/es\/noticia\/el-proyecto-huerto-en-la-azotea-gana-los-premios-european-public-sector\/\" \/>\r\n<meta property=\"og:locale\" content=\"es_ES\" \/>\r\n<meta property=\"og:type\" content=\"article\" \/>\r\n<meta property=\"og:title\" content=\"El proyecto &quot;Huerto en la azotea&#039; gana los premios European Public Sector &#187; IRTA\" \/>\r\n<meta property=\"og:description\" content=\"\u00b7 Ha sido reconocido con el premio del European Public Sector (EPSA), un reconocimiento que tiene por objetivo distinguir pr\u00e1cticas innovadoras en el sector p\u00fablico. \u00b7 Los participantes del proyecto reciben el asesoramiento t\u00e9cnico del IRTA. Huerto en la azotea(ROOFTOP GARDENS: growing greens for social inclusion) ha sido ganador de los premios europeos EPSA Awards [&hellip;]\" \/>\r\n<meta property=\"og:url\" content=\"https:\/\/www.irta.cat\/es\/noticia\/el-proyecto-huerto-en-la-azotea-gana-los-premios-european-public-sector\/\" \/>\r\n<meta property=\"og:site_name\" content=\"IRTA\" \/>\r\n<meta property=\"article:publisher\" content=\"https:\/\/www.facebook.com\/irtacat\" \/>\r\n<meta property=\"article:modified_time\" content=\"2024-11-06T08:44:25+00:00\" \/>\r\n<meta property=\"og:image\" content=\"https:\/\/www.irta.cat\/wp-content\/uploads\/2023\/01\/Horts-Terrat.jpg\" \/>\r\n\t<meta property=\"og:image:width\" content=\"1000\" \/>\r\n\t<meta property=\"og:image:height\" content=\"518\" \/>\r\n\t<meta property=\"og:image:type\" content=\"image\/jpeg\" \/>\r\n<meta name=\"twitter:card\" content=\"summary_large_image\" \/>\r\n<meta name=\"twitter:site\" content=\"@irtacat\" \/>\r\n<meta name=\"twitter:label1\" content=\"Tiempo de lectura\" \/>\n\t<meta name=\"twitter:data1\" content=\"2 minutos\" \/>\r\n<script type=\"application\/ld+json\" class=\"yoast-schema-graph\">{\"@context\":\"https:\/\/schema.org\",\"@graph\":[{\"@type\":\"WebPage\",\"@id\":\"https:\/\/www.irta.cat\/es\/noticia\/el-proyecto-huerto-en-la-azotea-gana-los-premios-european-public-sector\/\",\"url\":\"https:\/\/www.irta.cat\/es\/noticia\/el-proyecto-huerto-en-la-azotea-gana-los-premios-european-public-sector\/\",\"name\":\"El proyecto \\\"Huerto en la azotea' gana los premios European Public Sector &#187; IRTA\",\"isPartOf\":{\"@id\":\"https:\/\/www.irta.cat\/es\/#website\"},\"primaryImageOfPage\":{\"@id\":\"https:\/\/www.irta.cat\/es\/noticia\/el-proyecto-huerto-en-la-azotea-gana-los-premios-european-public-sector\/#primaryimage\"},\"image\":{\"@id\":\"https:\/\/www.irta.cat\/es\/noticia\/el-proyecto-huerto-en-la-azotea-gana-los-premios-european-public-sector\/#primaryimage\"},\"thumbnailUrl\":\"https:\/\/www.irta.cat\/wp-content\/uploads\/2023\/01\/Horts-Terrat.jpg\",\"datePublished\":\"2019-11-07T11:49:52+00:00\",\"dateModified\":\"2024-11-06T08:44:25+00:00\",\"breadcrumb\":{\"@id\":\"https:\/\/www.irta.cat\/es\/noticia\/el-proyecto-huerto-en-la-azotea-gana-los-premios-european-public-sector\/#breadcrumb\"},\"inLanguage\":\"es\",\"potentialAction\":[{\"@type\":\"ReadAction\",\"target\":[\"https:\/\/www.irta.cat\/es\/noticia\/el-proyecto-huerto-en-la-azotea-gana-los-premios-european-public-sector\/\"]}]},{\"@type\":\"ImageObject\",\"inLanguage\":\"es\",\"@id\":\"https:\/\/www.irta.cat\/es\/noticia\/el-proyecto-huerto-en-la-azotea-gana-los-premios-european-public-sector\/#primaryimage\",\"url\":\"https:\/\/www.irta.cat\/wp-content\/uploads\/2023\/01\/Horts-Terrat.jpg\",\"contentUrl\":\"https:\/\/www.irta.cat\/wp-content\/uploads\/2023\/01\/Horts-Terrat.jpg\",\"width\":1000,\"height\":518},{\"@type\":\"BreadcrumbList\",\"@id\":\"https:\/\/www.irta.cat\/es\/noticia\/el-proyecto-huerto-en-la-azotea-gana-los-premios-european-public-sector\/#breadcrumb\",\"itemListElement\":[{\"@type\":\"ListItem\",\"position\":1,\"name\":\"Inici\",\"item\":\"https:\/\/www.irta.cat\/es\/\"},{\"@type\":\"ListItem\",\"position\":2,\"name\":\"El proyecto &#8220;Huerto en la azotea&#8217; gana los premios European Public Sector\"}]},{\"@type\":\"WebSite\",\"@id\":\"https:\/\/www.irta.cat\/es\/#website\",\"url\":\"https:\/\/www.irta.cat\/es\/\",\"name\":\"IRTA\",\"description\":\"Institut de Recerca i Tecnologia Agroaliment\u00e0ries\",\"publisher\":{\"@id\":\"https:\/\/www.irta.cat\/es\/#organization\"},\"alternateName\":\"%%sitename%% %%sep%% %%title%%\",\"potentialAction\":[{\"@type\":\"SearchAction\",\"target\":{\"@type\":\"EntryPoint\",\"urlTemplate\":\"https:\/\/www.irta.cat\/es\/?s={search_term_string}\"},\"query-input\":{\"@type\":\"PropertyValueSpecification\",\"valueRequired\":true,\"valueName\":\"search_term_string\"}}],\"inLanguage\":\"es\"},{\"@type\":\"Organization\",\"@id\":\"https:\/\/www.irta.cat\/es\/#organization\",\"name\":\"IRTA\",\"url\":\"https:\/\/www.irta.cat\/es\/\",\"logo\":{\"@type\":\"ImageObject\",\"inLanguage\":\"es\",\"@id\":\"https:\/\/www.irta.cat\/es\/#\/schema\/logo\/image\/\",\"url\":\"https:\/\/www.irta.cat\/wp-content\/uploads\/2023\/04\/Logo-IRTA-verm.png\",\"contentUrl\":\"https:\/\/www.irta.cat\/wp-content\/uploads\/2023\/04\/Logo-IRTA-verm.png\",\"width\":1250,\"height\":500,\"caption\":\"IRTA\"},\"image\":{\"@id\":\"https:\/\/www.irta.cat\/es\/#\/schema\/logo\/image\/\"},\"sameAs\":[\"https:\/\/www.facebook.com\/irtacat\",\"https:\/\/x.com\/irtacat\"]}]}<\/script>\r\n<!-- \/ Yoast SEO plugin. -->","yoast_head_json":{"title":"El proyecto \"Huerto en la azotea' gana los premios European Public Sector &#187; IRTA","robots":{"index":"index","follow":"follow","max-snippet":"max-snippet:-1","max-image-preview":"max-image-preview:large","max-video-preview":"max-video-preview:-1"},"canonical":"https:\/\/www.irta.cat\/es\/noticia\/el-proyecto-huerto-en-la-azotea-gana-los-premios-european-public-sector\/","og_locale":"es_ES","og_type":"article","og_title":"El proyecto \"Huerto en la azotea' gana los premios European Public Sector &#187; IRTA","og_description":"\u00b7 Ha sido reconocido con el premio del European Public Sector (EPSA), un reconocimiento que tiene por objetivo distinguir pr\u00e1cticas innovadoras en el sector p\u00fablico. \u00b7 Los participantes del proyecto reciben el asesoramiento t\u00e9cnico del IRTA. Huerto en la azotea(ROOFTOP GARDENS: growing greens for social inclusion) ha sido ganador de los premios europeos EPSA Awards [&hellip;]","og_url":"https:\/\/www.irta.cat\/es\/noticia\/el-proyecto-huerto-en-la-azotea-gana-los-premios-european-public-sector\/","og_site_name":"IRTA","article_publisher":"https:\/\/www.facebook.com\/irtacat","article_modified_time":"2024-11-06T08:44:25+00:00","og_image":[{"width":1000,"height":518,"url":"https:\/\/www.irta.cat\/wp-content\/uploads\/2023\/01\/Horts-Terrat.jpg","type":"image\/jpeg"}],"twitter_card":"summary_large_image","twitter_site":"@irtacat","twitter_misc":{"Tiempo de lectura":"2 minutos"},"schema":{"@context":"https:\/\/schema.org","@graph":[{"@type":"WebPage","@id":"https:\/\/www.irta.cat\/es\/noticia\/el-proyecto-huerto-en-la-azotea-gana-los-premios-european-public-sector\/","url":"https:\/\/www.irta.cat\/es\/noticia\/el-proyecto-huerto-en-la-azotea-gana-los-premios-european-public-sector\/","name":"El proyecto \"Huerto en la azotea' gana los premios European Public Sector &#187; IRTA","isPartOf":{"@id":"https:\/\/www.irta.cat\/es\/#website"},"primaryImageOfPage":{"@id":"https:\/\/www.irta.cat\/es\/noticia\/el-proyecto-huerto-en-la-azotea-gana-los-premios-european-public-sector\/#primaryimage"},"image":{"@id":"https:\/\/www.irta.cat\/es\/noticia\/el-proyecto-huerto-en-la-azotea-gana-los-premios-european-public-sector\/#primaryimage"},"thumbnailUrl":"https:\/\/www.irta.cat\/wp-content\/uploads\/2023\/01\/Horts-Terrat.jpg","datePublished":"2019-11-07T11:49:52+00:00","dateModified":"2024-11-06T08:44:25+00:00","breadcrumb":{"@id":"https:\/\/www.irta.cat\/es\/noticia\/el-proyecto-huerto-en-la-azotea-gana-los-premios-european-public-sector\/#breadcrumb"},"inLanguage":"es","potentialAction":[{"@type":"ReadAction","target":["https:\/\/www.irta.cat\/es\/noticia\/el-proyecto-huerto-en-la-azotea-gana-los-premios-european-public-sector\/"]}]},{"@type":"ImageObject","inLanguage":"es","@id":"https:\/\/www.irta.cat\/es\/noticia\/el-proyecto-huerto-en-la-azotea-gana-los-premios-european-public-sector\/#primaryimage","url":"https:\/\/www.irta.cat\/wp-content\/uploads\/2023\/01\/Horts-Terrat.jpg","contentUrl":"https:\/\/www.irta.cat\/wp-content\/uploads\/2023\/01\/Horts-Terrat.jpg","width":1000,"height":518},{"@type":"BreadcrumbList","@id":"https:\/\/www.irta.cat\/es\/noticia\/el-proyecto-huerto-en-la-azotea-gana-los-premios-european-public-sector\/#breadcrumb","itemListElement":[{"@type":"ListItem","position":1,"name":"Inici","item":"https:\/\/www.irta.cat\/es\/"},{"@type":"ListItem","position":2,"name":"El proyecto &#8220;Huerto en la azotea&#8217; gana los premios European Public Sector"}]},{"@type":"WebSite","@id":"https:\/\/www.irta.cat\/es\/#website","url":"https:\/\/www.irta.cat\/es\/","name":"IRTA","description":"Institut de Recerca i Tecnologia Agroaliment\u00e0ries","publisher":{"@id":"https:\/\/www.irta.cat\/es\/#organization"},"alternateName":"%%sitename%% %%sep%% %%title%%","potentialAction":[{"@type":"SearchAction","target":{"@type":"EntryPoint","urlTemplate":"https:\/\/www.irta.cat\/es\/?s={search_term_string}"},"query-input":{"@type":"PropertyValueSpecification","valueRequired":true,"valueName":"search_term_string"}}],"inLanguage":"es"},{"@type":"Organization","@id":"https:\/\/www.irta.cat\/es\/#organization","name":"IRTA","url":"https:\/\/www.irta.cat\/es\/","logo":{"@type":"ImageObject","inLanguage":"es","@id":"https:\/\/www.irta.cat\/es\/#\/schema\/logo\/image\/","url":"https:\/\/www.irta.cat\/wp-content\/uploads\/2023\/04\/Logo-IRTA-verm.png","contentUrl":"https:\/\/www.irta.cat\/wp-content\/uploads\/2023\/04\/Logo-IRTA-verm.png","width":1250,"height":500,"caption":"IRTA"},"image":{"@id":"https:\/\/www.irta.cat\/es\/#\/schema\/logo\/image\/"},"sameAs":["https:\/\/www.facebook.com\/irtacat","https:\/\/x.com\/irtacat"]}]}},"_links":{"self":[{"href":"https:\/\/www.irta.cat\/es\/wp-json\/wp\/v2\/noticia\/58776","targetHints":{"allow":["GET"]}}],"collection":[{"href":"https:\/\/www.irta.cat\/es\/wp-json\/wp\/v2\/noticia"}],"about":[{"href":"https:\/\/www.irta.cat\/es\/wp-json\/wp\/v2\/types\/noticia"}],"version-history":[{"count":0,"href":"https:\/\/www.irta.cat\/es\/wp-json\/wp\/v2\/noticia\/58776\/revisions"}],"wp:featuredmedia":[{"embeddable":true,"href":"https:\/\/www.irta.cat\/es\/wp-json\/wp\/v2\/media\/9714"}],"wp:attachment":[{"href":"https:\/\/www.irta.cat\/es\/wp-json\/wp\/v2\/media?parent=58776"}],"wp:term":[{"taxonomy":"categoria_noticia","embeddable":true,"href":"https:\/\/www.irta.cat\/es\/wp-json\/wp\/v2\/categoria_noticia?post=58776"},{"taxonomy":"etiqueta_filtrar_noticia","embeddable":true,"href":"https:\/\/www.irta.cat\/es\/wp-json\/wp\/v2\/etiqueta_filtrar_noticia?post=58776"}],"curies":[{"name":"wp","href":"https:\/\/api.w.org\/{rel}","templated":true}]}}