{"id":58704,"date":"2019-09-26T13:43:37","date_gmt":"2019-09-26T11:43:37","guid":{"rendered":"https:\/\/www.irta.cat\/noticia\/la-fundacion-kreas-y-el-irta-colaboraran-en-el-ambito-de-la-formacion-profesional-carnica-y-agroalimentaria\/"},"modified":"2024-11-06T09:43:05","modified_gmt":"2024-11-06T08:43:05","slug":"la-fundacion-kreas-y-el-irta-colaboraran-en-el-ambito-de-la-formacion-profesional-carnica-y-agroalimentaria","status":"publish","type":"noticia","link":"https:\/\/www.irta.cat\/es\/noticia\/la-fundacion-kreas-y-el-irta-colaboraran-en-el-ambito-de-la-formacion-profesional-carnica-y-agroalimentaria\/","title":{"rendered":"La Fundaci\u00f3n KREAS y el IRTA colaborar\u00e1n en el \u00e1mbito de la formaci\u00f3n profesional c\u00e1rnica y agroalimentaria"},"content":{"rendered":"\n<figure class=\"wp-block-image\"><a href=\"https:\/\/www.irta.cat\/wp-content\/uploads\/2019\/09\/Signatura-KREAS2-scaled.jpg\" class=\"fancybox irta-lightbox-bridge\" data-fancybox=\"irta-images\"><img decoding=\"async\" src=\"https:\/\/www.irta.cat\/wp-content\/uploads\/2019\/09\/Signatura-KREAS2-scaled.jpg\" alt=\"\" class=\"wp-image-30172\" loading=\"lazy\" \/><\/a><\/figure>\n\n\n\n<p>La <a href=\"http:\/\/kreas.cat\/\" target=\"_blank\" rel=\"noreferrer noopener\" aria-label=\"Fundaci\u00f3n KREAS (opens in a new tab)\">Fundaci\u00f3n KREAS<\/a> (Fundaci\u00f3n para la Formaci\u00f3n Integral en la Industria C\u00e1rnica y Agroalimentaria) y el IRTA, representados por sus directores generales, Sra. M\u00f3nica Furtet y Dr. Josep Usall, respectivamente, firmaron el 25 de septiembre, en la sede del IRTA de Torre Marimon en Caldes de Montbui (Barcelona), un convenio de colaboraci\u00f3n conjunto en determinadas \u00e1reas de inter\u00e9s entre ambas instituciones.<\/p>\n\n\n\n<p>Esta colaboraci\u00f3n, con una duraci\u00f3n de 3 a\u00f1os, abre la posibilidad al IRTA de contratar estudiantes en formaci\u00f3n DUAL para facilitar su posterior incorporaci\u00f3n al mercado laboral. Por otra parte, se ha acordado organizar una jornada anual en el centro del IRTA en Monells para dar a conocer a los estudiantes del grado formativo superior las infraestructuras y las actividades que se llevan a cabo en un centro de investigaci\u00f3n agroalimentario. Pr\u00f3ximamente, adem\u00e1s de estas acciones iniciales, se identificar\u00e1n, desarrollar\u00e1n y ejecutar\u00e1n otras acciones concretas en diferentes \u00e1mbitos de actuaci\u00f3n de inter\u00e9s com\u00fan.<\/p>\n\n\n\n<p>La FUNDACI\u00d3N KREAS es una entidad sin \u00e1nimo de lucro. Nace de la mano de la Federaci\u00f3n Empresarial de Carnes e Industrias C\u00e1rnicas (FECIC), que aglutina m\u00e1s del 96% de la producci\u00f3n c\u00e1rnica catalana, y de la Fundaci\u00f3n Universitaria Balmes (FUB), entidad titular de la Universidad de Vic-Universidad Central de Catalu\u00f1a, con un claro posicionamiento de servicio al territorio ya sus empresas. La FUNDACI\u00d3N KREAS se dedica a la formaci\u00f3n profesional de calidad en el \u00e1mbito de la industria c\u00e1rnica y agroalimentaria, y tiene el objetivo de formar y cualificar a los trabajadores de este sector para contribuir a la mejora de su competitividad.<\/p>\n","protected":false},"featured_media":22160,"template":"","categoria_noticia":[],"etiqueta_filtrar_noticia":[],"class_list":["post-58704","noticia","type-noticia","status-publish","has-post-thumbnail","hentry"],"acf":[],"yoast_head":"<!-- This site is optimized with the Yoast SEO plugin v26.6 - https:\/\/yoast.com\/wordpress\/plugins\/seo\/ -->\r\n<title>La Fundaci\u00f3n KREAS y el IRTA colaborar\u00e1n en el \u00e1mbito de la formaci\u00f3n profesional c\u00e1rnica y agroalimentaria &#187; IRTA<\/title>\r\n<meta name=\"robots\" content=\"index, follow, max-snippet:-1, max-image-preview:large, max-video-preview:-1\" \/>\r\n<link rel=\"canonical\" href=\"https:\/\/www.irta.cat\/es\/noticia\/la-fundacion-kreas-y-el-irta-colaboraran-en-el-ambito-de-la-formacion-profesional-carnica-y-agroalimentaria\/\" \/>\r\n<meta property=\"og:locale\" content=\"es_ES\" \/>\r\n<meta property=\"og:type\" content=\"article\" \/>\r\n<meta property=\"og:title\" content=\"La Fundaci\u00f3n KREAS y el IRTA colaborar\u00e1n en el \u00e1mbito de la formaci\u00f3n profesional c\u00e1rnica y agroalimentaria &#187; IRTA\" \/>\r\n<meta property=\"og:description\" content=\"La Fundaci\u00f3n KREAS (Fundaci\u00f3n para la Formaci\u00f3n Integral en la Industria C\u00e1rnica y Agroalimentaria) y el IRTA, representados por sus directores generales, Sra. M\u00f3nica Furtet y Dr. Josep Usall, respectivamente, firmaron el 25 de septiembre, en la sede del IRTA de Torre Marimon en Caldes de Montbui (Barcelona), un convenio de colaboraci\u00f3n conjunto en determinadas [&hellip;]\" \/>\r\n<meta property=\"og:url\" content=\"https:\/\/www.irta.cat\/es\/noticia\/la-fundacion-kreas-y-el-irta-colaboraran-en-el-ambito-de-la-formacion-profesional-carnica-y-agroalimentaria\/\" \/>\r\n<meta property=\"og:site_name\" content=\"IRTA\" \/>\r\n<meta property=\"article:publisher\" content=\"https:\/\/www.facebook.com\/irtacat\" \/>\r\n<meta property=\"article:modified_time\" content=\"2024-11-06T08:43:05+00:00\" \/>\r\n<meta property=\"og:image\" content=\"https:\/\/www.irta.cat\/wp-content\/uploads\/2019\/09\/Signatura-KREAS2-scaled.jpg\" \/>\r\n\t<meta property=\"og:image:width\" content=\"1920\" \/>\r\n\t<meta property=\"og:image:height\" content=\"1308\" \/>\r\n\t<meta property=\"og:image:type\" content=\"image\/jpeg\" \/>\r\n<meta name=\"twitter:card\" content=\"summary_large_image\" \/>\r\n<meta name=\"twitter:site\" content=\"@irtacat\" \/>\r\n<meta name=\"twitter:label1\" content=\"Tiempo de lectura\" \/>\n\t<meta name=\"twitter:data1\" content=\"1 minuto\" \/>\r\n<script type=\"application\/ld+json\" class=\"yoast-schema-graph\">{\"@context\":\"https:\/\/schema.org\",\"@graph\":[{\"@type\":\"WebPage\",\"@id\":\"https:\/\/www.irta.cat\/es\/noticia\/la-fundacion-kreas-y-el-irta-colaboraran-en-el-ambito-de-la-formacion-profesional-carnica-y-agroalimentaria\/\",\"url\":\"https:\/\/www.irta.cat\/es\/noticia\/la-fundacion-kreas-y-el-irta-colaboraran-en-el-ambito-de-la-formacion-profesional-carnica-y-agroalimentaria\/\",\"name\":\"La Fundaci\u00f3n KREAS y el IRTA colaborar\u00e1n en el \u00e1mbito de la formaci\u00f3n profesional c\u00e1rnica y agroalimentaria &#187; IRTA\",\"isPartOf\":{\"@id\":\"https:\/\/www.irta.cat\/es\/#website\"},\"primaryImageOfPage\":{\"@id\":\"https:\/\/www.irta.cat\/es\/noticia\/la-fundacion-kreas-y-el-irta-colaboraran-en-el-ambito-de-la-formacion-profesional-carnica-y-agroalimentaria\/#primaryimage\"},\"image\":{\"@id\":\"https:\/\/www.irta.cat\/es\/noticia\/la-fundacion-kreas-y-el-irta-colaboraran-en-el-ambito-de-la-formacion-profesional-carnica-y-agroalimentaria\/#primaryimage\"},\"thumbnailUrl\":\"https:\/\/www.irta.cat\/wp-content\/uploads\/2019\/09\/Signatura-KREAS2-scaled.jpg\",\"datePublished\":\"2019-09-26T11:43:37+00:00\",\"dateModified\":\"2024-11-06T08:43:05+00:00\",\"breadcrumb\":{\"@id\":\"https:\/\/www.irta.cat\/es\/noticia\/la-fundacion-kreas-y-el-irta-colaboraran-en-el-ambito-de-la-formacion-profesional-carnica-y-agroalimentaria\/#breadcrumb\"},\"inLanguage\":\"es\",\"potentialAction\":[{\"@type\":\"ReadAction\",\"target\":[\"https:\/\/www.irta.cat\/es\/noticia\/la-fundacion-kreas-y-el-irta-colaboraran-en-el-ambito-de-la-formacion-profesional-carnica-y-agroalimentaria\/\"]}]},{\"@type\":\"ImageObject\",\"inLanguage\":\"es\",\"@id\":\"https:\/\/www.irta.cat\/es\/noticia\/la-fundacion-kreas-y-el-irta-colaboraran-en-el-ambito-de-la-formacion-profesional-carnica-y-agroalimentaria\/#primaryimage\",\"url\":\"https:\/\/www.irta.cat\/wp-content\/uploads\/2019\/09\/Signatura-KREAS2-scaled.jpg\",\"contentUrl\":\"https:\/\/www.irta.cat\/wp-content\/uploads\/2019\/09\/Signatura-KREAS2-scaled.jpg\",\"width\":1920,\"height\":1308},{\"@type\":\"BreadcrumbList\",\"@id\":\"https:\/\/www.irta.cat\/es\/noticia\/la-fundacion-kreas-y-el-irta-colaboraran-en-el-ambito-de-la-formacion-profesional-carnica-y-agroalimentaria\/#breadcrumb\",\"itemListElement\":[{\"@type\":\"ListItem\",\"position\":1,\"name\":\"Inici\",\"item\":\"https:\/\/www.irta.cat\/es\/\"},{\"@type\":\"ListItem\",\"position\":2,\"name\":\"La Fundaci\u00f3n KREAS y el IRTA colaborar\u00e1n en el \u00e1mbito de la formaci\u00f3n profesional c\u00e1rnica y agroalimentaria\"}]},{\"@type\":\"WebSite\",\"@id\":\"https:\/\/www.irta.cat\/es\/#website\",\"url\":\"https:\/\/www.irta.cat\/es\/\",\"name\":\"IRTA\",\"description\":\"Institut de Recerca i Tecnologia Agroaliment\u00e0ries\",\"publisher\":{\"@id\":\"https:\/\/www.irta.cat\/es\/#organization\"},\"alternateName\":\"%%sitename%% %%sep%% %%title%%\",\"potentialAction\":[{\"@type\":\"SearchAction\",\"target\":{\"@type\":\"EntryPoint\",\"urlTemplate\":\"https:\/\/www.irta.cat\/es\/?s={search_term_string}\"},\"query-input\":{\"@type\":\"PropertyValueSpecification\",\"valueRequired\":true,\"valueName\":\"search_term_string\"}}],\"inLanguage\":\"es\"},{\"@type\":\"Organization\",\"@id\":\"https:\/\/www.irta.cat\/es\/#organization\",\"name\":\"IRTA\",\"url\":\"https:\/\/www.irta.cat\/es\/\",\"logo\":{\"@type\":\"ImageObject\",\"inLanguage\":\"es\",\"@id\":\"https:\/\/www.irta.cat\/es\/#\/schema\/logo\/image\/\",\"url\":\"https:\/\/www.irta.cat\/wp-content\/uploads\/2023\/04\/Logo-IRTA-verm.png\",\"contentUrl\":\"https:\/\/www.irta.cat\/wp-content\/uploads\/2023\/04\/Logo-IRTA-verm.png\",\"width\":1250,\"height\":500,\"caption\":\"IRTA\"},\"image\":{\"@id\":\"https:\/\/www.irta.cat\/es\/#\/schema\/logo\/image\/\"},\"sameAs\":[\"https:\/\/www.facebook.com\/irtacat\",\"https:\/\/x.com\/irtacat\"]}]}<\/script>\r\n<!-- \/ Yoast SEO plugin. -->","yoast_head_json":{"title":"La Fundaci\u00f3n KREAS y el IRTA colaborar\u00e1n en el \u00e1mbito de la formaci\u00f3n profesional c\u00e1rnica y agroalimentaria &#187; IRTA","robots":{"index":"index","follow":"follow","max-snippet":"max-snippet:-1","max-image-preview":"max-image-preview:large","max-video-preview":"max-video-preview:-1"},"canonical":"https:\/\/www.irta.cat\/es\/noticia\/la-fundacion-kreas-y-el-irta-colaboraran-en-el-ambito-de-la-formacion-profesional-carnica-y-agroalimentaria\/","og_locale":"es_ES","og_type":"article","og_title":"La Fundaci\u00f3n KREAS y el IRTA colaborar\u00e1n en el \u00e1mbito de la formaci\u00f3n profesional c\u00e1rnica y agroalimentaria &#187; IRTA","og_description":"La Fundaci\u00f3n KREAS (Fundaci\u00f3n para la Formaci\u00f3n Integral en la Industria C\u00e1rnica y Agroalimentaria) y el IRTA, representados por sus directores generales, Sra. M\u00f3nica Furtet y Dr. Josep Usall, respectivamente, firmaron el 25 de septiembre, en la sede del IRTA de Torre Marimon en Caldes de Montbui (Barcelona), un convenio de colaboraci\u00f3n conjunto en determinadas [&hellip;]","og_url":"https:\/\/www.irta.cat\/es\/noticia\/la-fundacion-kreas-y-el-irta-colaboraran-en-el-ambito-de-la-formacion-profesional-carnica-y-agroalimentaria\/","og_site_name":"IRTA","article_publisher":"https:\/\/www.facebook.com\/irtacat","article_modified_time":"2024-11-06T08:43:05+00:00","og_image":[{"width":1920,"height":1308,"url":"https:\/\/www.irta.cat\/wp-content\/uploads\/2019\/09\/Signatura-KREAS2-scaled.jpg","type":"image\/jpeg"}],"twitter_card":"summary_large_image","twitter_site":"@irtacat","twitter_misc":{"Tiempo de lectura":"1 minuto"},"schema":{"@context":"https:\/\/schema.org","@graph":[{"@type":"WebPage","@id":"https:\/\/www.irta.cat\/es\/noticia\/la-fundacion-kreas-y-el-irta-colaboraran-en-el-ambito-de-la-formacion-profesional-carnica-y-agroalimentaria\/","url":"https:\/\/www.irta.cat\/es\/noticia\/la-fundacion-kreas-y-el-irta-colaboraran-en-el-ambito-de-la-formacion-profesional-carnica-y-agroalimentaria\/","name":"La Fundaci\u00f3n KREAS y el IRTA colaborar\u00e1n en el \u00e1mbito de la formaci\u00f3n profesional c\u00e1rnica y agroalimentaria &#187; IRTA","isPartOf":{"@id":"https:\/\/www.irta.cat\/es\/#website"},"primaryImageOfPage":{"@id":"https:\/\/www.irta.cat\/es\/noticia\/la-fundacion-kreas-y-el-irta-colaboraran-en-el-ambito-de-la-formacion-profesional-carnica-y-agroalimentaria\/#primaryimage"},"image":{"@id":"https:\/\/www.irta.cat\/es\/noticia\/la-fundacion-kreas-y-el-irta-colaboraran-en-el-ambito-de-la-formacion-profesional-carnica-y-agroalimentaria\/#primaryimage"},"thumbnailUrl":"https:\/\/www.irta.cat\/wp-content\/uploads\/2019\/09\/Signatura-KREAS2-scaled.jpg","datePublished":"2019-09-26T11:43:37+00:00","dateModified":"2024-11-06T08:43:05+00:00","breadcrumb":{"@id":"https:\/\/www.irta.cat\/es\/noticia\/la-fundacion-kreas-y-el-irta-colaboraran-en-el-ambito-de-la-formacion-profesional-carnica-y-agroalimentaria\/#breadcrumb"},"inLanguage":"es","potentialAction":[{"@type":"ReadAction","target":["https:\/\/www.irta.cat\/es\/noticia\/la-fundacion-kreas-y-el-irta-colaboraran-en-el-ambito-de-la-formacion-profesional-carnica-y-agroalimentaria\/"]}]},{"@type":"ImageObject","inLanguage":"es","@id":"https:\/\/www.irta.cat\/es\/noticia\/la-fundacion-kreas-y-el-irta-colaboraran-en-el-ambito-de-la-formacion-profesional-carnica-y-agroalimentaria\/#primaryimage","url":"https:\/\/www.irta.cat\/wp-content\/uploads\/2019\/09\/Signatura-KREAS2-scaled.jpg","contentUrl":"https:\/\/www.irta.cat\/wp-content\/uploads\/2019\/09\/Signatura-KREAS2-scaled.jpg","width":1920,"height":1308},{"@type":"BreadcrumbList","@id":"https:\/\/www.irta.cat\/es\/noticia\/la-fundacion-kreas-y-el-irta-colaboraran-en-el-ambito-de-la-formacion-profesional-carnica-y-agroalimentaria\/#breadcrumb","itemListElement":[{"@type":"ListItem","position":1,"name":"Inici","item":"https:\/\/www.irta.cat\/es\/"},{"@type":"ListItem","position":2,"name":"La Fundaci\u00f3n KREAS y el IRTA colaborar\u00e1n en el \u00e1mbito de la formaci\u00f3n profesional c\u00e1rnica y agroalimentaria"}]},{"@type":"WebSite","@id":"https:\/\/www.irta.cat\/es\/#website","url":"https:\/\/www.irta.cat\/es\/","name":"IRTA","description":"Institut de Recerca i Tecnologia Agroaliment\u00e0ries","publisher":{"@id":"https:\/\/www.irta.cat\/es\/#organization"},"alternateName":"%%sitename%% %%sep%% %%title%%","potentialAction":[{"@type":"SearchAction","target":{"@type":"EntryPoint","urlTemplate":"https:\/\/www.irta.cat\/es\/?s={search_term_string}"},"query-input":{"@type":"PropertyValueSpecification","valueRequired":true,"valueName":"search_term_string"}}],"inLanguage":"es"},{"@type":"Organization","@id":"https:\/\/www.irta.cat\/es\/#organization","name":"IRTA","url":"https:\/\/www.irta.cat\/es\/","logo":{"@type":"ImageObject","inLanguage":"es","@id":"https:\/\/www.irta.cat\/es\/#\/schema\/logo\/image\/","url":"https:\/\/www.irta.cat\/wp-content\/uploads\/2023\/04\/Logo-IRTA-verm.png","contentUrl":"https:\/\/www.irta.cat\/wp-content\/uploads\/2023\/04\/Logo-IRTA-verm.png","width":1250,"height":500,"caption":"IRTA"},"image":{"@id":"https:\/\/www.irta.cat\/es\/#\/schema\/logo\/image\/"},"sameAs":["https:\/\/www.facebook.com\/irtacat","https:\/\/x.com\/irtacat"]}]}},"_links":{"self":[{"href":"https:\/\/www.irta.cat\/es\/wp-json\/wp\/v2\/noticia\/58704","targetHints":{"allow":["GET"]}}],"collection":[{"href":"https:\/\/www.irta.cat\/es\/wp-json\/wp\/v2\/noticia"}],"about":[{"href":"https:\/\/www.irta.cat\/es\/wp-json\/wp\/v2\/types\/noticia"}],"version-history":[{"count":0,"href":"https:\/\/www.irta.cat\/es\/wp-json\/wp\/v2\/noticia\/58704\/revisions"}],"wp:featuredmedia":[{"embeddable":true,"href":"https:\/\/www.irta.cat\/es\/wp-json\/wp\/v2\/media\/22160"}],"wp:attachment":[{"href":"https:\/\/www.irta.cat\/es\/wp-json\/wp\/v2\/media?parent=58704"}],"wp:term":[{"taxonomy":"categoria_noticia","embeddable":true,"href":"https:\/\/www.irta.cat\/es\/wp-json\/wp\/v2\/categoria_noticia?post=58704"},{"taxonomy":"etiqueta_filtrar_noticia","embeddable":true,"href":"https:\/\/www.irta.cat\/es\/wp-json\/wp\/v2\/etiqueta_filtrar_noticia?post=58704"}],"curies":[{"name":"wp","href":"https:\/\/api.w.org\/{rel}","templated":true}]}}