{"id":58673,"date":"2019-07-18T11:40:22","date_gmt":"2019-07-18T09:40:22","guid":{"rendered":"https:\/\/www.irta.cat\/noticia\/eco-almendra-la-produccion-de-almendra-ecologica-bajo-modelos-intensivos-y-de-alta-densidad\/"},"modified":"2024-11-06T09:42:34","modified_gmt":"2024-11-06T08:42:34","slug":"eco-almendra-la-produccion-de-almendra-ecologica-bajo-modelos-intensivos-y-de-alta-densidad","status":"publish","type":"noticia","link":"https:\/\/www.irta.cat\/es\/noticia\/eco-almendra-la-produccion-de-almendra-ecologica-bajo-modelos-intensivos-y-de-alta-densidad\/","title":{"rendered":"ECO almendra: La producci\u00f3n de almendra ecol\u00f3gica bajo modelos intensivos y de alta densidad"},"content":{"rendered":"\n<p>ECO almendra es un proyecto demostrativo IRTA-DARP que pretende valorar qu\u00e9 modelos productivos se adecuan m\u00e1s a la producci\u00f3n ecol\u00f3gica y, por tanto, se evaluar\u00e1 el comportamiento agron\u00f3mico y productivo, para la elecci\u00f3n del modelo productivo m\u00e1s adecuado en ecol\u00f3gico, buscando una producci\u00f3n m\u00e1s sostenible y libre de pesticidas.<\/p>\n<p>El aspecto de rentabilidad econ\u00f3mica se basa no s\u00f3lo en la obtenci\u00f3n de una almendra ecol\u00f3gica con valor a\u00f1adido, sino tambi\u00e9n plantear la producci\u00f3n en dos modelos en regad\u00edo: intensivo y alta densidad, para obtener una elevada producci\u00f3n, pero bajo el paraguas del cultivo ecol\u00f3gico.<\/p>\n<p>El sector de la producci\u00f3n de almendra en Catalu\u00f1a ha evolucionado mucho en los \u00faltimos a\u00f1os. De ser considerado un cultivo tradicional de secano, a la situaci\u00f3n actual con el cultivo en regad\u00edo, con variedades de floraci\u00f3n tard\u00eda y extra-tard\u00eda, plantaciones intensivas o s\u00faper-intensivas, precios y consumo en crecimiento, etc., lo cierto es que la concepci\u00f3n y las necesidades actuales de las explotaciones de almendro nada tienen que ver con las de hace unos a\u00f1os.<\/p>\n<p>Es por ello que el sector necesita nuevos conocimientos t\u00e9cnicos y de gesti\u00f3n que se adapten a los nuevos conceptos de explotaci\u00f3n y es aqu\u00ed donde los proyectos demostrativos que el IRTA y el Departamento de Agricultura (DARP) est\u00e1n llevando a cabo permiten ir transfiriendo los nuevos conocimientos t\u00e9cnicos en el sector para poder resolver las necesidades actuales.<\/p>\n<p>La producci\u00f3n de almendra ecol\u00f3gica en regad\u00edo tiene, actualmente, muchos interrogantes: la elecci\u00f3n del material vegetal, la gesti\u00f3n y control de plagas y enfermedades, la fertilizaci\u00f3n, etc. Por otro lado, tiene una vertiente de mercado muy interesante, dado que en Estados Unidos, los grandes productores producen almendra con c\u00e1scara blanda que sufre el ataque de insectos y, adem\u00e1s, se recoge del suelo, donde muchas veces hay problemas de hongos y aflatoxinas, por lo que se debe fumigar una vez recogida y pasteurizarla en ciertos casos, por lo que nunca ser\u00e1 considerada cono ecol\u00f3gica. Por lo tanto, se abre un mercado interesante para la exportaci\u00f3n de almendra ecol\u00f3gica tanto en Estados Unidos como en otros pa\u00edses de Europa.<\/p>\n<p>En la \u00faltima jornada del almendro, organizada por el IRTA en Les Borges Blanques el pasado 29 y 30 de mayo y que acogi\u00f3 a m\u00e1s de 700 asistentes, Marta Maldonado, t\u00e9cnico del IRTA, explic\u00f3 este proyecto demostrativo que actualmente se est\u00e1 realizando para el sector de la almendra.<\/p>\n","protected":false},"featured_media":18284,"template":"","categoria_noticia":[],"etiqueta_filtrar_noticia":[],"class_list":["post-58673","noticia","type-noticia","status-publish","has-post-thumbnail","hentry"],"acf":[],"yoast_head":"<!-- This site is optimized with the Yoast SEO plugin v26.6 - https:\/\/yoast.com\/wordpress\/plugins\/seo\/ -->\r\n<title>ECO almendra: La producci\u00f3n de almendra ecol\u00f3gica bajo modelos intensivos y de alta densidad &#187; IRTA<\/title>\r\n<meta name=\"robots\" content=\"index, follow, max-snippet:-1, max-image-preview:large, max-video-preview:-1\" \/>\r\n<link rel=\"canonical\" href=\"https:\/\/www.irta.cat\/es\/noticia\/eco-almendra-la-produccion-de-almendra-ecologica-bajo-modelos-intensivos-y-de-alta-densidad\/\" \/>\r\n<meta property=\"og:locale\" content=\"es_ES\" \/>\r\n<meta property=\"og:type\" content=\"article\" \/>\r\n<meta property=\"og:title\" content=\"ECO almendra: La producci\u00f3n de almendra ecol\u00f3gica bajo modelos intensivos y de alta densidad &#187; IRTA\" \/>\r\n<meta property=\"og:url\" content=\"https:\/\/www.irta.cat\/es\/noticia\/eco-almendra-la-produccion-de-almendra-ecologica-bajo-modelos-intensivos-y-de-alta-densidad\/\" \/>\r\n<meta property=\"og:site_name\" content=\"IRTA\" \/>\r\n<meta property=\"article:publisher\" content=\"https:\/\/www.facebook.com\/irtacat\" \/>\r\n<meta property=\"article:modified_time\" content=\"2024-11-06T08:42:34+00:00\" \/>\r\n<meta property=\"og:image\" content=\"https:\/\/www.irta.cat\/wp-content\/uploads\/2023\/01\/Ametllers-alta-densitat-1-compressed.jpg\" \/>\r\n\t<meta property=\"og:image:width\" content=\"1\" \/>\r\n\t<meta property=\"og:image:height\" content=\"1\" \/>\r\n\t<meta property=\"og:image:type\" content=\"image\/jpeg\" \/>\r\n<meta name=\"twitter:card\" content=\"summary_large_image\" \/>\r\n<meta name=\"twitter:site\" content=\"@irtacat\" \/>\r\n<meta name=\"twitter:label1\" content=\"Tiempo de lectura\" \/>\n\t<meta name=\"twitter:data1\" content=\"2 minutos\" \/>\r\n<script type=\"application\/ld+json\" class=\"yoast-schema-graph\">{\"@context\":\"https:\/\/schema.org\",\"@graph\":[{\"@type\":\"WebPage\",\"@id\":\"https:\/\/www.irta.cat\/es\/noticia\/eco-almendra-la-produccion-de-almendra-ecologica-bajo-modelos-intensivos-y-de-alta-densidad\/\",\"url\":\"https:\/\/www.irta.cat\/es\/noticia\/eco-almendra-la-produccion-de-almendra-ecologica-bajo-modelos-intensivos-y-de-alta-densidad\/\",\"name\":\"ECO almendra: La producci\u00f3n de almendra ecol\u00f3gica bajo modelos intensivos y de alta densidad &#187; IRTA\",\"isPartOf\":{\"@id\":\"https:\/\/www.irta.cat\/es\/#website\"},\"primaryImageOfPage\":{\"@id\":\"https:\/\/www.irta.cat\/es\/noticia\/eco-almendra-la-produccion-de-almendra-ecologica-bajo-modelos-intensivos-y-de-alta-densidad\/#primaryimage\"},\"image\":{\"@id\":\"https:\/\/www.irta.cat\/es\/noticia\/eco-almendra-la-produccion-de-almendra-ecologica-bajo-modelos-intensivos-y-de-alta-densidad\/#primaryimage\"},\"thumbnailUrl\":\"https:\/\/www.irta.cat\/wp-content\/uploads\/2023\/01\/Ametllers-alta-densitat-1-compressed.jpg\",\"datePublished\":\"2019-07-18T09:40:22+00:00\",\"dateModified\":\"2024-11-06T08:42:34+00:00\",\"breadcrumb\":{\"@id\":\"https:\/\/www.irta.cat\/es\/noticia\/eco-almendra-la-produccion-de-almendra-ecologica-bajo-modelos-intensivos-y-de-alta-densidad\/#breadcrumb\"},\"inLanguage\":\"es\",\"potentialAction\":[{\"@type\":\"ReadAction\",\"target\":[\"https:\/\/www.irta.cat\/es\/noticia\/eco-almendra-la-produccion-de-almendra-ecologica-bajo-modelos-intensivos-y-de-alta-densidad\/\"]}]},{\"@type\":\"ImageObject\",\"inLanguage\":\"es\",\"@id\":\"https:\/\/www.irta.cat\/es\/noticia\/eco-almendra-la-produccion-de-almendra-ecologica-bajo-modelos-intensivos-y-de-alta-densidad\/#primaryimage\",\"url\":\"https:\/\/www.irta.cat\/wp-content\/uploads\/2023\/01\/Ametllers-alta-densitat-1-compressed.jpg\",\"contentUrl\":\"https:\/\/www.irta.cat\/wp-content\/uploads\/2023\/01\/Ametllers-alta-densitat-1-compressed.jpg\"},{\"@type\":\"BreadcrumbList\",\"@id\":\"https:\/\/www.irta.cat\/es\/noticia\/eco-almendra-la-produccion-de-almendra-ecologica-bajo-modelos-intensivos-y-de-alta-densidad\/#breadcrumb\",\"itemListElement\":[{\"@type\":\"ListItem\",\"position\":1,\"name\":\"Inici\",\"item\":\"https:\/\/www.irta.cat\/es\/\"},{\"@type\":\"ListItem\",\"position\":2,\"name\":\"ECO almendra: La producci\u00f3n de almendra ecol\u00f3gica bajo modelos intensivos y de alta densidad\"}]},{\"@type\":\"WebSite\",\"@id\":\"https:\/\/www.irta.cat\/es\/#website\",\"url\":\"https:\/\/www.irta.cat\/es\/\",\"name\":\"IRTA\",\"description\":\"Institut de Recerca i Tecnologia Agroaliment\u00e0ries\",\"publisher\":{\"@id\":\"https:\/\/www.irta.cat\/es\/#organization\"},\"alternateName\":\"%%sitename%% %%sep%% %%title%%\",\"potentialAction\":[{\"@type\":\"SearchAction\",\"target\":{\"@type\":\"EntryPoint\",\"urlTemplate\":\"https:\/\/www.irta.cat\/es\/?s={search_term_string}\"},\"query-input\":{\"@type\":\"PropertyValueSpecification\",\"valueRequired\":true,\"valueName\":\"search_term_string\"}}],\"inLanguage\":\"es\"},{\"@type\":\"Organization\",\"@id\":\"https:\/\/www.irta.cat\/es\/#organization\",\"name\":\"IRTA\",\"url\":\"https:\/\/www.irta.cat\/es\/\",\"logo\":{\"@type\":\"ImageObject\",\"inLanguage\":\"es\",\"@id\":\"https:\/\/www.irta.cat\/es\/#\/schema\/logo\/image\/\",\"url\":\"https:\/\/www.irta.cat\/wp-content\/uploads\/2023\/04\/Logo-IRTA-verm.png\",\"contentUrl\":\"https:\/\/www.irta.cat\/wp-content\/uploads\/2023\/04\/Logo-IRTA-verm.png\",\"width\":1250,\"height\":500,\"caption\":\"IRTA\"},\"image\":{\"@id\":\"https:\/\/www.irta.cat\/es\/#\/schema\/logo\/image\/\"},\"sameAs\":[\"https:\/\/www.facebook.com\/irtacat\",\"https:\/\/x.com\/irtacat\"]}]}<\/script>\r\n<!-- \/ Yoast SEO plugin. -->","yoast_head_json":{"title":"ECO almendra: La producci\u00f3n de almendra ecol\u00f3gica bajo modelos intensivos y de alta densidad &#187; IRTA","robots":{"index":"index","follow":"follow","max-snippet":"max-snippet:-1","max-image-preview":"max-image-preview:large","max-video-preview":"max-video-preview:-1"},"canonical":"https:\/\/www.irta.cat\/es\/noticia\/eco-almendra-la-produccion-de-almendra-ecologica-bajo-modelos-intensivos-y-de-alta-densidad\/","og_locale":"es_ES","og_type":"article","og_title":"ECO almendra: La producci\u00f3n de almendra ecol\u00f3gica bajo modelos intensivos y de alta densidad &#187; IRTA","og_url":"https:\/\/www.irta.cat\/es\/noticia\/eco-almendra-la-produccion-de-almendra-ecologica-bajo-modelos-intensivos-y-de-alta-densidad\/","og_site_name":"IRTA","article_publisher":"https:\/\/www.facebook.com\/irtacat","article_modified_time":"2024-11-06T08:42:34+00:00","og_image":[{"url":"https:\/\/www.irta.cat\/wp-content\/uploads\/2023\/01\/Ametllers-alta-densitat-1-compressed.jpg","width":1,"height":1,"type":"image\/jpeg"}],"twitter_card":"summary_large_image","twitter_site":"@irtacat","twitter_misc":{"Tiempo de lectura":"2 minutos"},"schema":{"@context":"https:\/\/schema.org","@graph":[{"@type":"WebPage","@id":"https:\/\/www.irta.cat\/es\/noticia\/eco-almendra-la-produccion-de-almendra-ecologica-bajo-modelos-intensivos-y-de-alta-densidad\/","url":"https:\/\/www.irta.cat\/es\/noticia\/eco-almendra-la-produccion-de-almendra-ecologica-bajo-modelos-intensivos-y-de-alta-densidad\/","name":"ECO almendra: La producci\u00f3n de almendra ecol\u00f3gica bajo modelos intensivos y de alta densidad &#187; IRTA","isPartOf":{"@id":"https:\/\/www.irta.cat\/es\/#website"},"primaryImageOfPage":{"@id":"https:\/\/www.irta.cat\/es\/noticia\/eco-almendra-la-produccion-de-almendra-ecologica-bajo-modelos-intensivos-y-de-alta-densidad\/#primaryimage"},"image":{"@id":"https:\/\/www.irta.cat\/es\/noticia\/eco-almendra-la-produccion-de-almendra-ecologica-bajo-modelos-intensivos-y-de-alta-densidad\/#primaryimage"},"thumbnailUrl":"https:\/\/www.irta.cat\/wp-content\/uploads\/2023\/01\/Ametllers-alta-densitat-1-compressed.jpg","datePublished":"2019-07-18T09:40:22+00:00","dateModified":"2024-11-06T08:42:34+00:00","breadcrumb":{"@id":"https:\/\/www.irta.cat\/es\/noticia\/eco-almendra-la-produccion-de-almendra-ecologica-bajo-modelos-intensivos-y-de-alta-densidad\/#breadcrumb"},"inLanguage":"es","potentialAction":[{"@type":"ReadAction","target":["https:\/\/www.irta.cat\/es\/noticia\/eco-almendra-la-produccion-de-almendra-ecologica-bajo-modelos-intensivos-y-de-alta-densidad\/"]}]},{"@type":"ImageObject","inLanguage":"es","@id":"https:\/\/www.irta.cat\/es\/noticia\/eco-almendra-la-produccion-de-almendra-ecologica-bajo-modelos-intensivos-y-de-alta-densidad\/#primaryimage","url":"https:\/\/www.irta.cat\/wp-content\/uploads\/2023\/01\/Ametllers-alta-densitat-1-compressed.jpg","contentUrl":"https:\/\/www.irta.cat\/wp-content\/uploads\/2023\/01\/Ametllers-alta-densitat-1-compressed.jpg"},{"@type":"BreadcrumbList","@id":"https:\/\/www.irta.cat\/es\/noticia\/eco-almendra-la-produccion-de-almendra-ecologica-bajo-modelos-intensivos-y-de-alta-densidad\/#breadcrumb","itemListElement":[{"@type":"ListItem","position":1,"name":"Inici","item":"https:\/\/www.irta.cat\/es\/"},{"@type":"ListItem","position":2,"name":"ECO almendra: La producci\u00f3n de almendra ecol\u00f3gica bajo modelos intensivos y de alta densidad"}]},{"@type":"WebSite","@id":"https:\/\/www.irta.cat\/es\/#website","url":"https:\/\/www.irta.cat\/es\/","name":"IRTA","description":"Institut de Recerca i Tecnologia Agroaliment\u00e0ries","publisher":{"@id":"https:\/\/www.irta.cat\/es\/#organization"},"alternateName":"%%sitename%% %%sep%% %%title%%","potentialAction":[{"@type":"SearchAction","target":{"@type":"EntryPoint","urlTemplate":"https:\/\/www.irta.cat\/es\/?s={search_term_string}"},"query-input":{"@type":"PropertyValueSpecification","valueRequired":true,"valueName":"search_term_string"}}],"inLanguage":"es"},{"@type":"Organization","@id":"https:\/\/www.irta.cat\/es\/#organization","name":"IRTA","url":"https:\/\/www.irta.cat\/es\/","logo":{"@type":"ImageObject","inLanguage":"es","@id":"https:\/\/www.irta.cat\/es\/#\/schema\/logo\/image\/","url":"https:\/\/www.irta.cat\/wp-content\/uploads\/2023\/04\/Logo-IRTA-verm.png","contentUrl":"https:\/\/www.irta.cat\/wp-content\/uploads\/2023\/04\/Logo-IRTA-verm.png","width":1250,"height":500,"caption":"IRTA"},"image":{"@id":"https:\/\/www.irta.cat\/es\/#\/schema\/logo\/image\/"},"sameAs":["https:\/\/www.facebook.com\/irtacat","https:\/\/x.com\/irtacat"]}]}},"_links":{"self":[{"href":"https:\/\/www.irta.cat\/es\/wp-json\/wp\/v2\/noticia\/58673","targetHints":{"allow":["GET"]}}],"collection":[{"href":"https:\/\/www.irta.cat\/es\/wp-json\/wp\/v2\/noticia"}],"about":[{"href":"https:\/\/www.irta.cat\/es\/wp-json\/wp\/v2\/types\/noticia"}],"version-history":[{"count":0,"href":"https:\/\/www.irta.cat\/es\/wp-json\/wp\/v2\/noticia\/58673\/revisions"}],"wp:featuredmedia":[{"embeddable":true,"href":"https:\/\/www.irta.cat\/es\/wp-json\/wp\/v2\/media\/18284"}],"wp:attachment":[{"href":"https:\/\/www.irta.cat\/es\/wp-json\/wp\/v2\/media?parent=58673"}],"wp:term":[{"taxonomy":"categoria_noticia","embeddable":true,"href":"https:\/\/www.irta.cat\/es\/wp-json\/wp\/v2\/categoria_noticia?post=58673"},{"taxonomy":"etiqueta_filtrar_noticia","embeddable":true,"href":"https:\/\/www.irta.cat\/es\/wp-json\/wp\/v2\/etiqueta_filtrar_noticia?post=58673"}],"curies":[{"name":"wp","href":"https:\/\/api.w.org\/{rel}","templated":true}]}}