{"id":58591,"date":"2019-05-22T08:05:45","date_gmt":"2019-05-22T06:05:45","guid":{"rendered":"https:\/\/www.irta.cat\/noticia\/adiprem-y-el-irta-colaboraran-en-temas-de-salud-nutricion-y-bienestar-animal\/"},"modified":"2024-11-06T09:36:59","modified_gmt":"2024-11-06T08:36:59","slug":"adiprem-y-el-irta-colaboraran-en-temas-de-salud-nutricion-y-bienestar-animal","status":"publish","type":"noticia","link":"https:\/\/www.irta.cat\/es\/noticia\/adiprem-y-el-irta-colaboraran-en-temas-de-salud-nutricion-y-bienestar-animal\/","title":{"rendered":"ADIPREM y el IRTA colaborar\u00e1n en temas de salud, nutrici\u00f3n y bienestar animal"},"content":{"rendered":"\n<p>El Presidente de ADIPREM (Asociaci\u00f3n Empresarial para la Salud, la Nutrici\u00f3n y el Bienestar Animal), Manuel Ramos, y el Director General del IRTA, Josep Usall, han firmado un acuerdo de cinco a\u00f1os de duraci\u00f3n para mantener una colaboraci\u00f3n conjunta en temas de salud, nutrici\u00f3n y bienestar animal.<\/p>\n<p>Concretamente, el IRTA y ADIPREM han establecido una serie de acciones iniciales en las que trabajar conjuntamente, como son los de la presentaci\u00f3n de propuestas de proyectos de investigaci\u00f3n conjunta, los servicios tecnol\u00f3gicos y contratos de desarrollo tecnol\u00f3gico, la transferencia y la formaci\u00f3n.<\/p>\n<p><em>Este acuerdo de colaboraci\u00f3n con la organizaci\u00f3n empresarial ADIPREM permite al IRTA trabajar conjuntamente en I+D+i con sus empresas asociadas y en \u00e1mbitos tan estrat\u00e9gicos como son los de los aditivos, premezclas y medicamentos veterinarios, buscando el progreso constante en la salud, nutrici\u00f3n y bienestar animal<\/em>, se\u00f1ala el Director General del IRTA, Josep Usall.<\/p>\n<p>Manuel Ramos, Presidente de ADIPREM, destaca que<em> \u201cla firma del acuerdo significa formalizar una relaci\u00f3n con el IRTA que ha existido siempre a trav\u00e9s de sus empresas asociadas, pero adem\u00e1s este convenio de colaboraci\u00f3n va a estrechar esa buena relaci\u00f3n entre ambas entidades y va a permitir trabajar de forma conjunta y con una visi\u00f3n organizativa desde el punto de vista sectorial, muy importante para la optimizaci\u00f3n de las acciones formativas y futuros proyectos a realizar con el IRTA\u201d.<\/em><\/p>\n","protected":false},"featured_media":15915,"template":"","categoria_noticia":[],"etiqueta_filtrar_noticia":[],"class_list":["post-58591","noticia","type-noticia","status-publish","has-post-thumbnail","hentry"],"acf":[],"yoast_head":"<!-- This site is optimized with the Yoast SEO plugin v26.6 - https:\/\/yoast.com\/wordpress\/plugins\/seo\/ -->\r\n<title>ADIPREM y el IRTA colaborar\u00e1n en temas de salud, nutrici\u00f3n y bienestar animal &#187; IRTA<\/title>\r\n<meta name=\"robots\" content=\"index, follow, max-snippet:-1, max-image-preview:large, max-video-preview:-1\" \/>\r\n<link rel=\"canonical\" href=\"https:\/\/www.irta.cat\/es\/noticia\/adiprem-y-el-irta-colaboraran-en-temas-de-salud-nutricion-y-bienestar-animal\/\" \/>\r\n<meta property=\"og:locale\" content=\"es_ES\" \/>\r\n<meta property=\"og:type\" content=\"article\" \/>\r\n<meta property=\"og:title\" content=\"ADIPREM y el IRTA colaborar\u00e1n en temas de salud, nutrici\u00f3n y bienestar animal &#187; IRTA\" \/>\r\n<meta property=\"og:url\" content=\"https:\/\/www.irta.cat\/es\/noticia\/adiprem-y-el-irta-colaboraran-en-temas-de-salud-nutricion-y-bienestar-animal\/\" \/>\r\n<meta property=\"og:site_name\" content=\"IRTA\" \/>\r\n<meta property=\"article:publisher\" content=\"https:\/\/www.facebook.com\/irtacat\" \/>\r\n<meta property=\"article:modified_time\" content=\"2024-11-06T08:36:59+00:00\" \/>\r\n<meta property=\"og:image\" content=\"https:\/\/www.irta.cat\/wp-content\/uploads\/2023\/01\/ADIPREM-IRTA.jpg\" \/>\r\n\t<meta property=\"og:image:width\" content=\"1440\" \/>\r\n\t<meta property=\"og:image:height\" content=\"1080\" \/>\r\n\t<meta property=\"og:image:type\" content=\"image\/jpeg\" \/>\r\n<meta name=\"twitter:card\" content=\"summary_large_image\" \/>\r\n<meta name=\"twitter:site\" content=\"@irtacat\" \/>\r\n<meta name=\"twitter:label1\" content=\"Tiempo de lectura\" \/>\n\t<meta name=\"twitter:data1\" content=\"1 minuto\" \/>\r\n<script type=\"application\/ld+json\" class=\"yoast-schema-graph\">{\"@context\":\"https:\/\/schema.org\",\"@graph\":[{\"@type\":\"WebPage\",\"@id\":\"https:\/\/www.irta.cat\/es\/noticia\/adiprem-y-el-irta-colaboraran-en-temas-de-salud-nutricion-y-bienestar-animal\/\",\"url\":\"https:\/\/www.irta.cat\/es\/noticia\/adiprem-y-el-irta-colaboraran-en-temas-de-salud-nutricion-y-bienestar-animal\/\",\"name\":\"ADIPREM y el IRTA colaborar\u00e1n en temas de salud, nutrici\u00f3n y bienestar animal &#187; IRTA\",\"isPartOf\":{\"@id\":\"https:\/\/www.irta.cat\/es\/#website\"},\"primaryImageOfPage\":{\"@id\":\"https:\/\/www.irta.cat\/es\/noticia\/adiprem-y-el-irta-colaboraran-en-temas-de-salud-nutricion-y-bienestar-animal\/#primaryimage\"},\"image\":{\"@id\":\"https:\/\/www.irta.cat\/es\/noticia\/adiprem-y-el-irta-colaboraran-en-temas-de-salud-nutricion-y-bienestar-animal\/#primaryimage\"},\"thumbnailUrl\":\"https:\/\/www.irta.cat\/wp-content\/uploads\/2023\/01\/ADIPREM-IRTA.jpg\",\"datePublished\":\"2019-05-22T06:05:45+00:00\",\"dateModified\":\"2024-11-06T08:36:59+00:00\",\"breadcrumb\":{\"@id\":\"https:\/\/www.irta.cat\/es\/noticia\/adiprem-y-el-irta-colaboraran-en-temas-de-salud-nutricion-y-bienestar-animal\/#breadcrumb\"},\"inLanguage\":\"es\",\"potentialAction\":[{\"@type\":\"ReadAction\",\"target\":[\"https:\/\/www.irta.cat\/es\/noticia\/adiprem-y-el-irta-colaboraran-en-temas-de-salud-nutricion-y-bienestar-animal\/\"]}]},{\"@type\":\"ImageObject\",\"inLanguage\":\"es\",\"@id\":\"https:\/\/www.irta.cat\/es\/noticia\/adiprem-y-el-irta-colaboraran-en-temas-de-salud-nutricion-y-bienestar-animal\/#primaryimage\",\"url\":\"https:\/\/www.irta.cat\/wp-content\/uploads\/2023\/01\/ADIPREM-IRTA.jpg\",\"contentUrl\":\"https:\/\/www.irta.cat\/wp-content\/uploads\/2023\/01\/ADIPREM-IRTA.jpg\",\"width\":1440,\"height\":1080},{\"@type\":\"BreadcrumbList\",\"@id\":\"https:\/\/www.irta.cat\/es\/noticia\/adiprem-y-el-irta-colaboraran-en-temas-de-salud-nutricion-y-bienestar-animal\/#breadcrumb\",\"itemListElement\":[{\"@type\":\"ListItem\",\"position\":1,\"name\":\"Inici\",\"item\":\"https:\/\/www.irta.cat\/es\/\"},{\"@type\":\"ListItem\",\"position\":2,\"name\":\"ADIPREM y el IRTA colaborar\u00e1n en temas de salud, nutrici\u00f3n y bienestar animal\"}]},{\"@type\":\"WebSite\",\"@id\":\"https:\/\/www.irta.cat\/es\/#website\",\"url\":\"https:\/\/www.irta.cat\/es\/\",\"name\":\"IRTA\",\"description\":\"Institut de Recerca i Tecnologia Agroaliment\u00e0ries\",\"publisher\":{\"@id\":\"https:\/\/www.irta.cat\/es\/#organization\"},\"alternateName\":\"%%sitename%% %%sep%% %%title%%\",\"potentialAction\":[{\"@type\":\"SearchAction\",\"target\":{\"@type\":\"EntryPoint\",\"urlTemplate\":\"https:\/\/www.irta.cat\/es\/?s={search_term_string}\"},\"query-input\":{\"@type\":\"PropertyValueSpecification\",\"valueRequired\":true,\"valueName\":\"search_term_string\"}}],\"inLanguage\":\"es\"},{\"@type\":\"Organization\",\"@id\":\"https:\/\/www.irta.cat\/es\/#organization\",\"name\":\"IRTA\",\"url\":\"https:\/\/www.irta.cat\/es\/\",\"logo\":{\"@type\":\"ImageObject\",\"inLanguage\":\"es\",\"@id\":\"https:\/\/www.irta.cat\/es\/#\/schema\/logo\/image\/\",\"url\":\"https:\/\/www.irta.cat\/wp-content\/uploads\/2023\/04\/Logo-IRTA-verm.png\",\"contentUrl\":\"https:\/\/www.irta.cat\/wp-content\/uploads\/2023\/04\/Logo-IRTA-verm.png\",\"width\":1250,\"height\":500,\"caption\":\"IRTA\"},\"image\":{\"@id\":\"https:\/\/www.irta.cat\/es\/#\/schema\/logo\/image\/\"},\"sameAs\":[\"https:\/\/www.facebook.com\/irtacat\",\"https:\/\/x.com\/irtacat\"]}]}<\/script>\r\n<!-- \/ Yoast SEO plugin. -->","yoast_head_json":{"title":"ADIPREM y el IRTA colaborar\u00e1n en temas de salud, nutrici\u00f3n y bienestar animal &#187; IRTA","robots":{"index":"index","follow":"follow","max-snippet":"max-snippet:-1","max-image-preview":"max-image-preview:large","max-video-preview":"max-video-preview:-1"},"canonical":"https:\/\/www.irta.cat\/es\/noticia\/adiprem-y-el-irta-colaboraran-en-temas-de-salud-nutricion-y-bienestar-animal\/","og_locale":"es_ES","og_type":"article","og_title":"ADIPREM y el IRTA colaborar\u00e1n en temas de salud, nutrici\u00f3n y bienestar animal &#187; IRTA","og_url":"https:\/\/www.irta.cat\/es\/noticia\/adiprem-y-el-irta-colaboraran-en-temas-de-salud-nutricion-y-bienestar-animal\/","og_site_name":"IRTA","article_publisher":"https:\/\/www.facebook.com\/irtacat","article_modified_time":"2024-11-06T08:36:59+00:00","og_image":[{"width":1440,"height":1080,"url":"https:\/\/www.irta.cat\/wp-content\/uploads\/2023\/01\/ADIPREM-IRTA.jpg","type":"image\/jpeg"}],"twitter_card":"summary_large_image","twitter_site":"@irtacat","twitter_misc":{"Tiempo de lectura":"1 minuto"},"schema":{"@context":"https:\/\/schema.org","@graph":[{"@type":"WebPage","@id":"https:\/\/www.irta.cat\/es\/noticia\/adiprem-y-el-irta-colaboraran-en-temas-de-salud-nutricion-y-bienestar-animal\/","url":"https:\/\/www.irta.cat\/es\/noticia\/adiprem-y-el-irta-colaboraran-en-temas-de-salud-nutricion-y-bienestar-animal\/","name":"ADIPREM y el IRTA colaborar\u00e1n en temas de salud, nutrici\u00f3n y bienestar animal &#187; IRTA","isPartOf":{"@id":"https:\/\/www.irta.cat\/es\/#website"},"primaryImageOfPage":{"@id":"https:\/\/www.irta.cat\/es\/noticia\/adiprem-y-el-irta-colaboraran-en-temas-de-salud-nutricion-y-bienestar-animal\/#primaryimage"},"image":{"@id":"https:\/\/www.irta.cat\/es\/noticia\/adiprem-y-el-irta-colaboraran-en-temas-de-salud-nutricion-y-bienestar-animal\/#primaryimage"},"thumbnailUrl":"https:\/\/www.irta.cat\/wp-content\/uploads\/2023\/01\/ADIPREM-IRTA.jpg","datePublished":"2019-05-22T06:05:45+00:00","dateModified":"2024-11-06T08:36:59+00:00","breadcrumb":{"@id":"https:\/\/www.irta.cat\/es\/noticia\/adiprem-y-el-irta-colaboraran-en-temas-de-salud-nutricion-y-bienestar-animal\/#breadcrumb"},"inLanguage":"es","potentialAction":[{"@type":"ReadAction","target":["https:\/\/www.irta.cat\/es\/noticia\/adiprem-y-el-irta-colaboraran-en-temas-de-salud-nutricion-y-bienestar-animal\/"]}]},{"@type":"ImageObject","inLanguage":"es","@id":"https:\/\/www.irta.cat\/es\/noticia\/adiprem-y-el-irta-colaboraran-en-temas-de-salud-nutricion-y-bienestar-animal\/#primaryimage","url":"https:\/\/www.irta.cat\/wp-content\/uploads\/2023\/01\/ADIPREM-IRTA.jpg","contentUrl":"https:\/\/www.irta.cat\/wp-content\/uploads\/2023\/01\/ADIPREM-IRTA.jpg","width":1440,"height":1080},{"@type":"BreadcrumbList","@id":"https:\/\/www.irta.cat\/es\/noticia\/adiprem-y-el-irta-colaboraran-en-temas-de-salud-nutricion-y-bienestar-animal\/#breadcrumb","itemListElement":[{"@type":"ListItem","position":1,"name":"Inici","item":"https:\/\/www.irta.cat\/es\/"},{"@type":"ListItem","position":2,"name":"ADIPREM y el IRTA colaborar\u00e1n en temas de salud, nutrici\u00f3n y bienestar animal"}]},{"@type":"WebSite","@id":"https:\/\/www.irta.cat\/es\/#website","url":"https:\/\/www.irta.cat\/es\/","name":"IRTA","description":"Institut de Recerca i Tecnologia Agroaliment\u00e0ries","publisher":{"@id":"https:\/\/www.irta.cat\/es\/#organization"},"alternateName":"%%sitename%% %%sep%% %%title%%","potentialAction":[{"@type":"SearchAction","target":{"@type":"EntryPoint","urlTemplate":"https:\/\/www.irta.cat\/es\/?s={search_term_string}"},"query-input":{"@type":"PropertyValueSpecification","valueRequired":true,"valueName":"search_term_string"}}],"inLanguage":"es"},{"@type":"Organization","@id":"https:\/\/www.irta.cat\/es\/#organization","name":"IRTA","url":"https:\/\/www.irta.cat\/es\/","logo":{"@type":"ImageObject","inLanguage":"es","@id":"https:\/\/www.irta.cat\/es\/#\/schema\/logo\/image\/","url":"https:\/\/www.irta.cat\/wp-content\/uploads\/2023\/04\/Logo-IRTA-verm.png","contentUrl":"https:\/\/www.irta.cat\/wp-content\/uploads\/2023\/04\/Logo-IRTA-verm.png","width":1250,"height":500,"caption":"IRTA"},"image":{"@id":"https:\/\/www.irta.cat\/es\/#\/schema\/logo\/image\/"},"sameAs":["https:\/\/www.facebook.com\/irtacat","https:\/\/x.com\/irtacat"]}]}},"_links":{"self":[{"href":"https:\/\/www.irta.cat\/es\/wp-json\/wp\/v2\/noticia\/58591","targetHints":{"allow":["GET"]}}],"collection":[{"href":"https:\/\/www.irta.cat\/es\/wp-json\/wp\/v2\/noticia"}],"about":[{"href":"https:\/\/www.irta.cat\/es\/wp-json\/wp\/v2\/types\/noticia"}],"version-history":[{"count":0,"href":"https:\/\/www.irta.cat\/es\/wp-json\/wp\/v2\/noticia\/58591\/revisions"}],"wp:featuredmedia":[{"embeddable":true,"href":"https:\/\/www.irta.cat\/es\/wp-json\/wp\/v2\/media\/15915"}],"wp:attachment":[{"href":"https:\/\/www.irta.cat\/es\/wp-json\/wp\/v2\/media?parent=58591"}],"wp:term":[{"taxonomy":"categoria_noticia","embeddable":true,"href":"https:\/\/www.irta.cat\/es\/wp-json\/wp\/v2\/categoria_noticia?post=58591"},{"taxonomy":"etiqueta_filtrar_noticia","embeddable":true,"href":"https:\/\/www.irta.cat\/es\/wp-json\/wp\/v2\/etiqueta_filtrar_noticia?post=58591"}],"curies":[{"name":"wp","href":"https:\/\/api.w.org\/{rel}","templated":true}]}}