{"id":58572,"date":"2019-04-29T09:14:18","date_gmt":"2019-04-29T07:14:18","guid":{"rendered":"https:\/\/www.irta.cat\/noticia\/la-investigadora-dolors-furones-es-reconocida-en-los-premios-del-dia-del-biologo\/"},"modified":"2024-11-06T09:36:37","modified_gmt":"2024-11-06T08:36:37","slug":"la-investigadora-dolors-furones-es-reconocida-en-los-premios-del-dia-del-biologo","status":"publish","type":"noticia","link":"https:\/\/www.irta.cat\/es\/noticia\/la-investigadora-dolors-furones-es-reconocida-en-los-premios-del-dia-del-biologo\/","title":{"rendered":"La investigadora Dolors Furones es reconocida en los Premios del D\u00eda del Bi\u00f3logo"},"content":{"rendered":"\n<div style=\"height:20px\" aria-hidden=\"true\" class=\"wp-block-spacer\"><\/div>\n\n\n\n<div class=\"wp-block-image\"><figure class=\"aligncenter\"><a href=\"https:\/\/www.irta.cat\/wp-content\/uploads\/2019\/05\/250419_DiaBioleg-1-scaled.jpg\" class=\"fancybox irta-lightbox-bridge\" data-fancybox=\"irta-images\"><img decoding=\"async\" src=\"https:\/\/www.irta.cat\/wp-content\/uploads\/2019\/05\/250419_DiaBioleg-1-scaled.jpg\" alt=\"\" class=\"wp-image-28141\" loading=\"lazy\" \/><\/a><figcaption>Dolors Furones, durante el acto de entrega de premios<\/figcaption><\/figure><\/div>\n\n\n\n<p>La investigadora del IRTA <a rel=\"noreferrer noopener\" aria-label=\"Dolors Furones (opens in a new tab)\" href=\"https:\/\/www.irta.cat\/es\/personal\/dolors-furones\/\" target=\"_blank\">Dolors Furones<\/a> recibi\u00f3 el pasado 25 de abril el reconocimiento a su carrera profesional con uno de los <strong>premios del D\u00eda del Bi\u00f3logo<\/strong>, otorgados por el Colegio de Bi\u00f3logos de Catalu\u00f1a, en un acto que tuvo lugar en el auditorio del Aquarium de Barcelona.<\/p>\n\n\n\n<p>Fue en la categor\u00eda \u00abInvestigaci\u00f3n y Desarrollo\u00bb, dirigida a los profesionales colegiados que dirigen o participan en un grupo de investigaci\u00f3n en diferentes \u00e1mbitos de la biolog\u00eda. El galard\u00f3n fue entregado por Sergi Tudela, Director General de Pesca y Asuntos Mar\u00edtimos.<\/p>\n\n\n\n<figure class=\"wp-block-image\"><img decoding=\"async\" src=\"https:\/\/www.irta.cat\/wp-content\/uploads\/2019\/05\/250419_DiaBioleg-2.jpg\" alt=\"\" class=\"wp-image-28144\" loading=\"lazy\" \/><figcaption>Sergi Tudela entrega el premio a la Dra. dolores Furones (fuente: <a rel=\"noreferrer noopener\" aria-label=\"CBC (opens in a new tab)\" href=\"http:\/\/cbiolegs.cat\/\" target=\"_blank\">CBC<\/a>)<\/figcaption><\/figure>\n\n\n\n<p>La Dra. Dolors Furones es experta en Salud acu\u00e1tica, doctorada en esta disciplina por la Universidad de Plymouth (Reino Unido). Su trayectoria profesional se ha desarrollado en diferentes \u00e1mbitos de la acuicultura, y ha trabajado en programas de control de la calidad de las aguas y salud acu\u00e1tica en las Islas Baleares y en Catalu\u00f1a.<\/p>\n\n\n\n<p>Directora del centro del <a rel=\"noreferrer noopener\" aria-label=\"IRTA Sant Carles de la R\u00e0pita (opens in a new tab)\" href=\"https:\/\/www.irta.cat\/es\/centre\/irta-sant-carles-de-la-rapita\/\" target=\"_blank\">IRTA Sant Carles de la R\u00e0pita<\/a> desde sus inicios hasta abril de 2018, ha impulsado all\u00ed proyectos y actividades de inter\u00e9s para el sector de la acuicultura y del marisco en Catalu\u00f1a, como responsable del <a rel=\"noreferrer noopener\" aria-label=\"Programa de acuicultura (opens in a new tab)\" href=\"https:\/\/www.irta.cat\/es\/grup\/acuicultura\/\" target=\"_blank\">Programa de acuicultura<\/a> del IRTA (1999-2015), y como investigadora del grupo de salud acu\u00e1tica del mismo.<\/p>\n\n\n\n<p>A lo largo de su carrera profesional en el IRTA ha sido miembro de varios comit\u00e9s (como la Red de referencia en acuicultura de Catalu\u00f1a, la plataforma PTEPA o el cl\u00faster Acuiplus), resaltando su etapa como Presidenta de la Sociedad Espa\u00f1ola de Acuicultura.<\/p>\n\n\n\n<div class=\"wp-block-image\"><figure class=\"aligncenter\"><img decoding=\"async\" src=\"https:\/\/www.irta.cat\/wp-content\/uploads\/250419_DiaBioleg-3.jpg\" alt=\"\" class=\"wp-image-28147\" loading=\"lazy\" \/><figcaption>Los premiados del D\u00eda del Bi\u00f3logo 2019 (fuente: <a rel=\"noreferrer noopener\" href=\"http:\/\/cbiolegs.cat\/\" target=\"_blank\">CBC<\/a>) <\/figcaption><\/figure><\/div>\n\n\n\n<p>Dolors trabaja en epidemiolog\u00eda, diagn\u00f3stico y modelos \u00abin vivo\u00bb de pat\u00f3genos de peces y moluscos, fundamentalmente relacionados con la acuicultura mediterr\u00e1nea. En este \u00e1mbito ha participado y coordinado proyectos nacionales e internacionales.<\/p>\n\n\n\n<p>Estos premios tienen por objetivo dar a conocer a la opini\u00f3n p\u00fablica la profesi\u00f3n de los bi\u00f3logos y bi\u00f3logas, y dar reconocimiento y prestigio a las trayectorias de gran val\u00eda profesional. El \u00abD\u00eda del Bi\u00f3logo\u00bb se celebra el 25 de abril por ser el d\u00eda de la publicaci\u00f3n por James Watson y Francis Crick de la estructura del ADN en la revista Nature, en el a\u00f1o 1953.<\/p>\n\n\n\n<div class=\"wp-block-image\"><figure class=\"aligncenter\"><a href=\"https:\/\/www.irta.cat\/wp-content\/uploads\/2019\/05\/250419_DiaBioleg-4.jpg\" class=\"fancybox irta-lightbox-bridge\" data-fancybox=\"irta-images\"><img decoding=\"async\" src=\"https:\/\/www.irta.cat\/wp-content\/uploads\/2019\/05\/250419_DiaBioleg-4.jpg\" alt=\"\" class=\"wp-image-28150\" loading=\"lazy\" \/><\/a><figcaption>Dolors Furones junto a Jordi Garcia-Mas, director Cient\u00edfico y de Estrategia (izquierda) y Crist\u00f3bal Aguilera, Innovation Manager de Acuicultura (derecha)<\/figcaption><\/figure><\/div>\n\n\n\n<p>Puedes descubrir el resto de galardonados y encontrar m\u00e1s informaci\u00f3n en la <a rel=\"noreferrer noopener\" aria-label=\"web del Col\u00b7legi de Bi\u00f2legs de Catalunya (opens in a new tab)\" href=\"http:\/\/cbiolegs.cat\/2019\/04\/29\/el-cbc-va-celebrar-el-dia-del-bioleg-2019-a-laquarium\/\" target=\"_blank\">web del Colegio de Bi\u00f3logos de Catalu\u00f1a<\/a>.<\/p>\n","protected":false},"featured_media":21995,"template":"","categoria_noticia":[],"etiqueta_filtrar_noticia":[8190,8205],"class_list":["post-58572","noticia","type-noticia","status-publish","has-post-thumbnail","hentry","etiqueta_filtrar_noticia-aquicultura","etiqueta_filtrar_noticia-premis"],"acf":[],"yoast_head":"<!-- This site is optimized with the Yoast SEO plugin v26.6 - https:\/\/yoast.com\/wordpress\/plugins\/seo\/ -->\r\n<title>La investigadora Dolors Furones es reconocida en los Premios del D\u00eda del Bi\u00f3logo &#187; IRTA<\/title>\r\n<meta name=\"robots\" content=\"index, follow, max-snippet:-1, max-image-preview:large, max-video-preview:-1\" \/>\r\n<link rel=\"canonical\" href=\"https:\/\/www.irta.cat\/es\/noticia\/la-investigadora-dolors-furones-es-reconocida-en-los-premios-del-dia-del-biologo\/\" \/>\r\n<meta property=\"og:locale\" content=\"es_ES\" \/>\r\n<meta property=\"og:type\" content=\"article\" \/>\r\n<meta property=\"og:title\" content=\"La investigadora Dolors Furones es reconocida en los Premios del D\u00eda del Bi\u00f3logo &#187; IRTA\" \/>\r\n<meta property=\"og:description\" content=\"La investigadora del IRTA Dolors Furones recibi\u00f3 el pasado 25 de abril el reconocimiento a su carrera profesional con uno de los premios del D\u00eda del Bi\u00f3logo, otorgados por el Colegio de Bi\u00f3logos de Catalu\u00f1a, en un acto que tuvo lugar en el auditorio del Aquarium de Barcelona. Fue en la categor\u00eda \u00abInvestigaci\u00f3n y Desarrollo\u00bb, [&hellip;]\" \/>\r\n<meta property=\"og:url\" content=\"https:\/\/www.irta.cat\/es\/noticia\/la-investigadora-dolors-furones-es-reconocida-en-los-premios-del-dia-del-biologo\/\" \/>\r\n<meta property=\"og:site_name\" content=\"IRTA\" \/>\r\n<meta property=\"article:publisher\" content=\"https:\/\/www.facebook.com\/irtacat\" \/>\r\n<meta property=\"article:modified_time\" content=\"2024-11-06T08:36:37+00:00\" \/>\r\n<meta property=\"og:image\" content=\"https:\/\/www.irta.cat\/wp-content\/uploads\/2019\/05\/250419_DiaBioleg-1-scaled.jpg\" \/>\r\n\t<meta property=\"og:image:width\" content=\"1920\" \/>\r\n\t<meta property=\"og:image:height\" content=\"1286\" \/>\r\n\t<meta property=\"og:image:type\" content=\"image\/jpeg\" \/>\r\n<meta name=\"twitter:card\" content=\"summary_large_image\" \/>\r\n<meta name=\"twitter:site\" content=\"@irtacat\" \/>\r\n<meta name=\"twitter:label1\" content=\"Tiempo de lectura\" \/>\n\t<meta name=\"twitter:data1\" content=\"2 minutos\" \/>\r\n<script type=\"application\/ld+json\" class=\"yoast-schema-graph\">{\"@context\":\"https:\/\/schema.org\",\"@graph\":[{\"@type\":\"WebPage\",\"@id\":\"https:\/\/www.irta.cat\/es\/noticia\/la-investigadora-dolors-furones-es-reconocida-en-los-premios-del-dia-del-biologo\/\",\"url\":\"https:\/\/www.irta.cat\/es\/noticia\/la-investigadora-dolors-furones-es-reconocida-en-los-premios-del-dia-del-biologo\/\",\"name\":\"La investigadora Dolors Furones es reconocida en los Premios del D\u00eda del Bi\u00f3logo &#187; IRTA\",\"isPartOf\":{\"@id\":\"https:\/\/www.irta.cat\/es\/#website\"},\"primaryImageOfPage\":{\"@id\":\"https:\/\/www.irta.cat\/es\/noticia\/la-investigadora-dolors-furones-es-reconocida-en-los-premios-del-dia-del-biologo\/#primaryimage\"},\"image\":{\"@id\":\"https:\/\/www.irta.cat\/es\/noticia\/la-investigadora-dolors-furones-es-reconocida-en-los-premios-del-dia-del-biologo\/#primaryimage\"},\"thumbnailUrl\":\"https:\/\/www.irta.cat\/wp-content\/uploads\/2019\/05\/250419_DiaBioleg-1-scaled.jpg\",\"datePublished\":\"2019-04-29T07:14:18+00:00\",\"dateModified\":\"2024-11-06T08:36:37+00:00\",\"breadcrumb\":{\"@id\":\"https:\/\/www.irta.cat\/es\/noticia\/la-investigadora-dolors-furones-es-reconocida-en-los-premios-del-dia-del-biologo\/#breadcrumb\"},\"inLanguage\":\"es\",\"potentialAction\":[{\"@type\":\"ReadAction\",\"target\":[\"https:\/\/www.irta.cat\/es\/noticia\/la-investigadora-dolors-furones-es-reconocida-en-los-premios-del-dia-del-biologo\/\"]}]},{\"@type\":\"ImageObject\",\"inLanguage\":\"es\",\"@id\":\"https:\/\/www.irta.cat\/es\/noticia\/la-investigadora-dolors-furones-es-reconocida-en-los-premios-del-dia-del-biologo\/#primaryimage\",\"url\":\"https:\/\/www.irta.cat\/wp-content\/uploads\/2019\/05\/250419_DiaBioleg-1-scaled.jpg\",\"contentUrl\":\"https:\/\/www.irta.cat\/wp-content\/uploads\/2019\/05\/250419_DiaBioleg-1-scaled.jpg\",\"width\":1920,\"height\":1286},{\"@type\":\"BreadcrumbList\",\"@id\":\"https:\/\/www.irta.cat\/es\/noticia\/la-investigadora-dolors-furones-es-reconocida-en-los-premios-del-dia-del-biologo\/#breadcrumb\",\"itemListElement\":[{\"@type\":\"ListItem\",\"position\":1,\"name\":\"Inici\",\"item\":\"https:\/\/www.irta.cat\/es\/\"},{\"@type\":\"ListItem\",\"position\":2,\"name\":\"La investigadora Dolors Furones es reconocida en los Premios del D\u00eda del Bi\u00f3logo\"}]},{\"@type\":\"WebSite\",\"@id\":\"https:\/\/www.irta.cat\/es\/#website\",\"url\":\"https:\/\/www.irta.cat\/es\/\",\"name\":\"IRTA\",\"description\":\"Institut de Recerca i Tecnologia Agroaliment\u00e0ries\",\"publisher\":{\"@id\":\"https:\/\/www.irta.cat\/es\/#organization\"},\"alternateName\":\"%%sitename%% %%sep%% %%title%%\",\"potentialAction\":[{\"@type\":\"SearchAction\",\"target\":{\"@type\":\"EntryPoint\",\"urlTemplate\":\"https:\/\/www.irta.cat\/es\/?s={search_term_string}\"},\"query-input\":{\"@type\":\"PropertyValueSpecification\",\"valueRequired\":true,\"valueName\":\"search_term_string\"}}],\"inLanguage\":\"es\"},{\"@type\":\"Organization\",\"@id\":\"https:\/\/www.irta.cat\/es\/#organization\",\"name\":\"IRTA\",\"url\":\"https:\/\/www.irta.cat\/es\/\",\"logo\":{\"@type\":\"ImageObject\",\"inLanguage\":\"es\",\"@id\":\"https:\/\/www.irta.cat\/es\/#\/schema\/logo\/image\/\",\"url\":\"https:\/\/www.irta.cat\/wp-content\/uploads\/2023\/04\/Logo-IRTA-verm.png\",\"contentUrl\":\"https:\/\/www.irta.cat\/wp-content\/uploads\/2023\/04\/Logo-IRTA-verm.png\",\"width\":1250,\"height\":500,\"caption\":\"IRTA\"},\"image\":{\"@id\":\"https:\/\/www.irta.cat\/es\/#\/schema\/logo\/image\/\"},\"sameAs\":[\"https:\/\/www.facebook.com\/irtacat\",\"https:\/\/x.com\/irtacat\"]}]}<\/script>\r\n<!-- \/ Yoast SEO plugin. -->","yoast_head_json":{"title":"La investigadora Dolors Furones es reconocida en los Premios del D\u00eda del Bi\u00f3logo &#187; IRTA","robots":{"index":"index","follow":"follow","max-snippet":"max-snippet:-1","max-image-preview":"max-image-preview:large","max-video-preview":"max-video-preview:-1"},"canonical":"https:\/\/www.irta.cat\/es\/noticia\/la-investigadora-dolors-furones-es-reconocida-en-los-premios-del-dia-del-biologo\/","og_locale":"es_ES","og_type":"article","og_title":"La investigadora Dolors Furones es reconocida en los Premios del D\u00eda del Bi\u00f3logo &#187; IRTA","og_description":"La investigadora del IRTA Dolors Furones recibi\u00f3 el pasado 25 de abril el reconocimiento a su carrera profesional con uno de los premios del D\u00eda del Bi\u00f3logo, otorgados por el Colegio de Bi\u00f3logos de Catalu\u00f1a, en un acto que tuvo lugar en el auditorio del Aquarium de Barcelona. Fue en la categor\u00eda \u00abInvestigaci\u00f3n y Desarrollo\u00bb, [&hellip;]","og_url":"https:\/\/www.irta.cat\/es\/noticia\/la-investigadora-dolors-furones-es-reconocida-en-los-premios-del-dia-del-biologo\/","og_site_name":"IRTA","article_publisher":"https:\/\/www.facebook.com\/irtacat","article_modified_time":"2024-11-06T08:36:37+00:00","og_image":[{"width":1920,"height":1286,"url":"https:\/\/www.irta.cat\/wp-content\/uploads\/2019\/05\/250419_DiaBioleg-1-scaled.jpg","type":"image\/jpeg"}],"twitter_card":"summary_large_image","twitter_site":"@irtacat","twitter_misc":{"Tiempo de lectura":"2 minutos"},"schema":{"@context":"https:\/\/schema.org","@graph":[{"@type":"WebPage","@id":"https:\/\/www.irta.cat\/es\/noticia\/la-investigadora-dolors-furones-es-reconocida-en-los-premios-del-dia-del-biologo\/","url":"https:\/\/www.irta.cat\/es\/noticia\/la-investigadora-dolors-furones-es-reconocida-en-los-premios-del-dia-del-biologo\/","name":"La investigadora Dolors Furones es reconocida en los Premios del D\u00eda del Bi\u00f3logo &#187; IRTA","isPartOf":{"@id":"https:\/\/www.irta.cat\/es\/#website"},"primaryImageOfPage":{"@id":"https:\/\/www.irta.cat\/es\/noticia\/la-investigadora-dolors-furones-es-reconocida-en-los-premios-del-dia-del-biologo\/#primaryimage"},"image":{"@id":"https:\/\/www.irta.cat\/es\/noticia\/la-investigadora-dolors-furones-es-reconocida-en-los-premios-del-dia-del-biologo\/#primaryimage"},"thumbnailUrl":"https:\/\/www.irta.cat\/wp-content\/uploads\/2019\/05\/250419_DiaBioleg-1-scaled.jpg","datePublished":"2019-04-29T07:14:18+00:00","dateModified":"2024-11-06T08:36:37+00:00","breadcrumb":{"@id":"https:\/\/www.irta.cat\/es\/noticia\/la-investigadora-dolors-furones-es-reconocida-en-los-premios-del-dia-del-biologo\/#breadcrumb"},"inLanguage":"es","potentialAction":[{"@type":"ReadAction","target":["https:\/\/www.irta.cat\/es\/noticia\/la-investigadora-dolors-furones-es-reconocida-en-los-premios-del-dia-del-biologo\/"]}]},{"@type":"ImageObject","inLanguage":"es","@id":"https:\/\/www.irta.cat\/es\/noticia\/la-investigadora-dolors-furones-es-reconocida-en-los-premios-del-dia-del-biologo\/#primaryimage","url":"https:\/\/www.irta.cat\/wp-content\/uploads\/2019\/05\/250419_DiaBioleg-1-scaled.jpg","contentUrl":"https:\/\/www.irta.cat\/wp-content\/uploads\/2019\/05\/250419_DiaBioleg-1-scaled.jpg","width":1920,"height":1286},{"@type":"BreadcrumbList","@id":"https:\/\/www.irta.cat\/es\/noticia\/la-investigadora-dolors-furones-es-reconocida-en-los-premios-del-dia-del-biologo\/#breadcrumb","itemListElement":[{"@type":"ListItem","position":1,"name":"Inici","item":"https:\/\/www.irta.cat\/es\/"},{"@type":"ListItem","position":2,"name":"La investigadora Dolors Furones es reconocida en los Premios del D\u00eda del Bi\u00f3logo"}]},{"@type":"WebSite","@id":"https:\/\/www.irta.cat\/es\/#website","url":"https:\/\/www.irta.cat\/es\/","name":"IRTA","description":"Institut de Recerca i Tecnologia Agroaliment\u00e0ries","publisher":{"@id":"https:\/\/www.irta.cat\/es\/#organization"},"alternateName":"%%sitename%% %%sep%% %%title%%","potentialAction":[{"@type":"SearchAction","target":{"@type":"EntryPoint","urlTemplate":"https:\/\/www.irta.cat\/es\/?s={search_term_string}"},"query-input":{"@type":"PropertyValueSpecification","valueRequired":true,"valueName":"search_term_string"}}],"inLanguage":"es"},{"@type":"Organization","@id":"https:\/\/www.irta.cat\/es\/#organization","name":"IRTA","url":"https:\/\/www.irta.cat\/es\/","logo":{"@type":"ImageObject","inLanguage":"es","@id":"https:\/\/www.irta.cat\/es\/#\/schema\/logo\/image\/","url":"https:\/\/www.irta.cat\/wp-content\/uploads\/2023\/04\/Logo-IRTA-verm.png","contentUrl":"https:\/\/www.irta.cat\/wp-content\/uploads\/2023\/04\/Logo-IRTA-verm.png","width":1250,"height":500,"caption":"IRTA"},"image":{"@id":"https:\/\/www.irta.cat\/es\/#\/schema\/logo\/image\/"},"sameAs":["https:\/\/www.facebook.com\/irtacat","https:\/\/x.com\/irtacat"]}]}},"_links":{"self":[{"href":"https:\/\/www.irta.cat\/es\/wp-json\/wp\/v2\/noticia\/58572","targetHints":{"allow":["GET"]}}],"collection":[{"href":"https:\/\/www.irta.cat\/es\/wp-json\/wp\/v2\/noticia"}],"about":[{"href":"https:\/\/www.irta.cat\/es\/wp-json\/wp\/v2\/types\/noticia"}],"version-history":[{"count":0,"href":"https:\/\/www.irta.cat\/es\/wp-json\/wp\/v2\/noticia\/58572\/revisions"}],"wp:featuredmedia":[{"embeddable":true,"href":"https:\/\/www.irta.cat\/es\/wp-json\/wp\/v2\/media\/21995"}],"wp:attachment":[{"href":"https:\/\/www.irta.cat\/es\/wp-json\/wp\/v2\/media?parent=58572"}],"wp:term":[{"taxonomy":"categoria_noticia","embeddable":true,"href":"https:\/\/www.irta.cat\/es\/wp-json\/wp\/v2\/categoria_noticia?post=58572"},{"taxonomy":"etiqueta_filtrar_noticia","embeddable":true,"href":"https:\/\/www.irta.cat\/es\/wp-json\/wp\/v2\/etiqueta_filtrar_noticia?post=58572"}],"curies":[{"name":"wp","href":"https:\/\/api.w.org\/{rel}","templated":true}]}}