{"id":58542,"date":"2019-04-16T08:34:46","date_gmt":"2019-04-16T06:34:46","guid":{"rendered":"https:\/\/www.irta.cat\/noticia\/anafric-y-el-irta-colaboraran-juntos-en-favor-de-los-sectores-ganadero-y-carnico\/"},"modified":"2024-11-06T09:36:09","modified_gmt":"2024-11-06T08:36:09","slug":"anafric-y-el-irta-colaboraran-juntos-en-favor-de-los-sectores-ganadero-y-carnico","status":"publish","type":"noticia","link":"https:\/\/www.irta.cat\/es\/noticia\/anafric-y-el-irta-colaboraran-juntos-en-favor-de-los-sectores-ganadero-y-carnico\/","title":{"rendered":"ANAFRIC y el IRTA colaborar\u00e1n juntos en favor de los sectores ganadero y c\u00e1rnico"},"content":{"rendered":"\n<div class=\"wp-block-image\"><figure class=\"alignright\"><a href=\"https:\/\/www.irta.cat\/wp-content\/uploads\/2023\/01\/8fd5717c-d065-40bb-b55d-bfa22595b0a3.jpg\" class=\"fancybox irta-lightbox-bridge\" data-fancybox=\"irta-images\"><img decoding=\"async\" src=\"https:\/\/www.irta.cat\/wp-content\/uploads\/2023\/01\/8fd5717c-d065-40bb-b55d-bfa22595b0a3.jpg\" alt=\"\" class=\"wp-image-27968\" loading=\"lazy\" \/><\/a><\/figure><\/div>\n\n\n\n<p>El Presidente de\nANAFRIC, Jos\u00e9 Friguls, y el Director General del IRTA, Josep Usall, han firmado\nun acuerdo de colaboraci\u00f3n conjunta para los pr\u00f3ximos 5 a\u00f1os, para desarrollar\ny ejecutar actividades de inter\u00e9s rec\u00edproco en el \u00e1mbito de los sectores\nganadero y c\u00e1rnico.<\/p>\n\n\n\n<p>As\u00ed, el IRTA y\nANAFRIC se proponen trabajar juntos en proyectos de investigaci\u00f3n conjuntos, en\nla creaci\u00f3n de servicios y contratos de desarrollo tecnol\u00f3gico, as\u00ed como en\ntemas de transferencia e innovaci\u00f3n.<\/p>\n\n\n\n<p><em>\u00abEste acuerdo de colaboraci\u00f3n<\/em>, se\u00f1ala el director general del IRTA, <em>reafirma uno de nuestros puntales como Instituci\u00f3n de investigaci\u00f3n, como es, en este caso, la de apoyar en I + D + i a los sectores ganadero y c\u00e1rnico, donde con ANAFRIC ya hemos conseguido logros importantes, como ha sido recientemente el de la conservaci\u00f3n de la carne fresca de vacuno m\u00e1s all\u00e1 de 80 d\u00edas y con una clara orientaci\u00f3n exportadora \u00ab.<\/em><\/p>\n\n\n\n<p><em>\u00abPor otra parte, <\/em>el Presidente de ANAFRIC, Sr. Friguls<em>, valora muy positivamente la firma de este acuerdo marco, consecuencia del desarrollo de estudios y proyectos que el IRTA ha realizado con ANAFRIC durante muchos a\u00f1os con resultados plenamente positivos para el sector ganadero-c\u00e1rnico; <\/em>y a\u00f1ade que<em>, actualmente, ya se est\u00e1 trabajando con nuevos proyectos que responden al compromiso del sector como son el bienestar animal y la sostenibilidad. \u00ab<\/em><\/p>\n","protected":false},"featured_media":10513,"template":"","categoria_noticia":[],"etiqueta_filtrar_noticia":[],"class_list":["post-58542","noticia","type-noticia","status-publish","has-post-thumbnail","hentry"],"acf":[],"yoast_head":"<!-- This site is optimized with the Yoast SEO plugin v26.6 - https:\/\/yoast.com\/wordpress\/plugins\/seo\/ -->\r\n<title>ANAFRIC y el IRTA colaborar\u00e1n juntos en favor de los sectores ganadero y c\u00e1rnico &#187; IRTA<\/title>\r\n<meta name=\"robots\" content=\"index, follow, max-snippet:-1, max-image-preview:large, max-video-preview:-1\" \/>\r\n<link rel=\"canonical\" href=\"https:\/\/www.irta.cat\/es\/noticia\/anafric-y-el-irta-colaboraran-juntos-en-favor-de-los-sectores-ganadero-y-carnico\/\" \/>\r\n<meta property=\"og:locale\" content=\"es_ES\" \/>\r\n<meta property=\"og:type\" content=\"article\" \/>\r\n<meta property=\"og:title\" content=\"ANAFRIC y el IRTA colaborar\u00e1n juntos en favor de los sectores ganadero y c\u00e1rnico &#187; IRTA\" \/>\r\n<meta property=\"og:description\" content=\"El Presidente de ANAFRIC, Jos\u00e9 Friguls, y el Director General del IRTA, Josep Usall, han firmado un acuerdo de colaboraci\u00f3n conjunta para los pr\u00f3ximos 5 a\u00f1os, para desarrollar y ejecutar actividades de inter\u00e9s rec\u00edproco en el \u00e1mbito de los sectores ganadero y c\u00e1rnico. As\u00ed, el IRTA y ANAFRIC se proponen trabajar juntos en proyectos de [&hellip;]\" \/>\r\n<meta property=\"og:url\" content=\"https:\/\/www.irta.cat\/es\/noticia\/anafric-y-el-irta-colaboraran-juntos-en-favor-de-los-sectores-ganadero-y-carnico\/\" \/>\r\n<meta property=\"og:site_name\" content=\"IRTA\" \/>\r\n<meta property=\"article:publisher\" content=\"https:\/\/www.facebook.com\/irtacat\" \/>\r\n<meta property=\"article:modified_time\" content=\"2024-11-06T08:36:09+00:00\" \/>\r\n<meta property=\"og:image\" content=\"https:\/\/www.irta.cat\/wp-content\/uploads\/2023\/01\/8fd5717c-d065-40bb-b55d-bfa22595b0a3.jpg\" \/>\r\n\t<meta property=\"og:image:width\" content=\"500\" \/>\r\n\t<meta property=\"og:image:height\" content=\"375\" \/>\r\n\t<meta property=\"og:image:type\" content=\"image\/jpeg\" \/>\r\n<meta name=\"twitter:card\" content=\"summary_large_image\" \/>\r\n<meta name=\"twitter:site\" content=\"@irtacat\" \/>\r\n<meta name=\"twitter:label1\" content=\"Tiempo de lectura\" \/>\n\t<meta name=\"twitter:data1\" content=\"1 minuto\" \/>\r\n<script type=\"application\/ld+json\" class=\"yoast-schema-graph\">{\"@context\":\"https:\/\/schema.org\",\"@graph\":[{\"@type\":\"WebPage\",\"@id\":\"https:\/\/www.irta.cat\/es\/noticia\/anafric-y-el-irta-colaboraran-juntos-en-favor-de-los-sectores-ganadero-y-carnico\/\",\"url\":\"https:\/\/www.irta.cat\/es\/noticia\/anafric-y-el-irta-colaboraran-juntos-en-favor-de-los-sectores-ganadero-y-carnico\/\",\"name\":\"ANAFRIC y el IRTA colaborar\u00e1n juntos en favor de los sectores ganadero y c\u00e1rnico &#187; IRTA\",\"isPartOf\":{\"@id\":\"https:\/\/www.irta.cat\/es\/#website\"},\"primaryImageOfPage\":{\"@id\":\"https:\/\/www.irta.cat\/es\/noticia\/anafric-y-el-irta-colaboraran-juntos-en-favor-de-los-sectores-ganadero-y-carnico\/#primaryimage\"},\"image\":{\"@id\":\"https:\/\/www.irta.cat\/es\/noticia\/anafric-y-el-irta-colaboraran-juntos-en-favor-de-los-sectores-ganadero-y-carnico\/#primaryimage\"},\"thumbnailUrl\":\"https:\/\/www.irta.cat\/wp-content\/uploads\/2023\/01\/8fd5717c-d065-40bb-b55d-bfa22595b0a3.jpg\",\"datePublished\":\"2019-04-16T06:34:46+00:00\",\"dateModified\":\"2024-11-06T08:36:09+00:00\",\"breadcrumb\":{\"@id\":\"https:\/\/www.irta.cat\/es\/noticia\/anafric-y-el-irta-colaboraran-juntos-en-favor-de-los-sectores-ganadero-y-carnico\/#breadcrumb\"},\"inLanguage\":\"es\",\"potentialAction\":[{\"@type\":\"ReadAction\",\"target\":[\"https:\/\/www.irta.cat\/es\/noticia\/anafric-y-el-irta-colaboraran-juntos-en-favor-de-los-sectores-ganadero-y-carnico\/\"]}]},{\"@type\":\"ImageObject\",\"inLanguage\":\"es\",\"@id\":\"https:\/\/www.irta.cat\/es\/noticia\/anafric-y-el-irta-colaboraran-juntos-en-favor-de-los-sectores-ganadero-y-carnico\/#primaryimage\",\"url\":\"https:\/\/www.irta.cat\/wp-content\/uploads\/2023\/01\/8fd5717c-d065-40bb-b55d-bfa22595b0a3.jpg\",\"contentUrl\":\"https:\/\/www.irta.cat\/wp-content\/uploads\/2023\/01\/8fd5717c-d065-40bb-b55d-bfa22595b0a3.jpg\",\"width\":500,\"height\":375},{\"@type\":\"BreadcrumbList\",\"@id\":\"https:\/\/www.irta.cat\/es\/noticia\/anafric-y-el-irta-colaboraran-juntos-en-favor-de-los-sectores-ganadero-y-carnico\/#breadcrumb\",\"itemListElement\":[{\"@type\":\"ListItem\",\"position\":1,\"name\":\"Inici\",\"item\":\"https:\/\/www.irta.cat\/es\/\"},{\"@type\":\"ListItem\",\"position\":2,\"name\":\"ANAFRIC y el IRTA colaborar\u00e1n juntos en favor de los sectores ganadero y c\u00e1rnico\"}]},{\"@type\":\"WebSite\",\"@id\":\"https:\/\/www.irta.cat\/es\/#website\",\"url\":\"https:\/\/www.irta.cat\/es\/\",\"name\":\"IRTA\",\"description\":\"Institut de Recerca i Tecnologia Agroaliment\u00e0ries\",\"publisher\":{\"@id\":\"https:\/\/www.irta.cat\/es\/#organization\"},\"alternateName\":\"%%sitename%% %%sep%% %%title%%\",\"potentialAction\":[{\"@type\":\"SearchAction\",\"target\":{\"@type\":\"EntryPoint\",\"urlTemplate\":\"https:\/\/www.irta.cat\/es\/?s={search_term_string}\"},\"query-input\":{\"@type\":\"PropertyValueSpecification\",\"valueRequired\":true,\"valueName\":\"search_term_string\"}}],\"inLanguage\":\"es\"},{\"@type\":\"Organization\",\"@id\":\"https:\/\/www.irta.cat\/es\/#organization\",\"name\":\"IRTA\",\"url\":\"https:\/\/www.irta.cat\/es\/\",\"logo\":{\"@type\":\"ImageObject\",\"inLanguage\":\"es\",\"@id\":\"https:\/\/www.irta.cat\/es\/#\/schema\/logo\/image\/\",\"url\":\"https:\/\/www.irta.cat\/wp-content\/uploads\/2023\/04\/Logo-IRTA-verm.png\",\"contentUrl\":\"https:\/\/www.irta.cat\/wp-content\/uploads\/2023\/04\/Logo-IRTA-verm.png\",\"width\":1250,\"height\":500,\"caption\":\"IRTA\"},\"image\":{\"@id\":\"https:\/\/www.irta.cat\/es\/#\/schema\/logo\/image\/\"},\"sameAs\":[\"https:\/\/www.facebook.com\/irtacat\",\"https:\/\/x.com\/irtacat\"]}]}<\/script>\r\n<!-- \/ Yoast SEO plugin. -->","yoast_head_json":{"title":"ANAFRIC y el IRTA colaborar\u00e1n juntos en favor de los sectores ganadero y c\u00e1rnico &#187; IRTA","robots":{"index":"index","follow":"follow","max-snippet":"max-snippet:-1","max-image-preview":"max-image-preview:large","max-video-preview":"max-video-preview:-1"},"canonical":"https:\/\/www.irta.cat\/es\/noticia\/anafric-y-el-irta-colaboraran-juntos-en-favor-de-los-sectores-ganadero-y-carnico\/","og_locale":"es_ES","og_type":"article","og_title":"ANAFRIC y el IRTA colaborar\u00e1n juntos en favor de los sectores ganadero y c\u00e1rnico &#187; IRTA","og_description":"El Presidente de ANAFRIC, Jos\u00e9 Friguls, y el Director General del IRTA, Josep Usall, han firmado un acuerdo de colaboraci\u00f3n conjunta para los pr\u00f3ximos 5 a\u00f1os, para desarrollar y ejecutar actividades de inter\u00e9s rec\u00edproco en el \u00e1mbito de los sectores ganadero y c\u00e1rnico. As\u00ed, el IRTA y ANAFRIC se proponen trabajar juntos en proyectos de [&hellip;]","og_url":"https:\/\/www.irta.cat\/es\/noticia\/anafric-y-el-irta-colaboraran-juntos-en-favor-de-los-sectores-ganadero-y-carnico\/","og_site_name":"IRTA","article_publisher":"https:\/\/www.facebook.com\/irtacat","article_modified_time":"2024-11-06T08:36:09+00:00","og_image":[{"width":500,"height":375,"url":"https:\/\/www.irta.cat\/wp-content\/uploads\/2023\/01\/8fd5717c-d065-40bb-b55d-bfa22595b0a3.jpg","type":"image\/jpeg"}],"twitter_card":"summary_large_image","twitter_site":"@irtacat","twitter_misc":{"Tiempo de lectura":"1 minuto"},"schema":{"@context":"https:\/\/schema.org","@graph":[{"@type":"WebPage","@id":"https:\/\/www.irta.cat\/es\/noticia\/anafric-y-el-irta-colaboraran-juntos-en-favor-de-los-sectores-ganadero-y-carnico\/","url":"https:\/\/www.irta.cat\/es\/noticia\/anafric-y-el-irta-colaboraran-juntos-en-favor-de-los-sectores-ganadero-y-carnico\/","name":"ANAFRIC y el IRTA colaborar\u00e1n juntos en favor de los sectores ganadero y c\u00e1rnico &#187; IRTA","isPartOf":{"@id":"https:\/\/www.irta.cat\/es\/#website"},"primaryImageOfPage":{"@id":"https:\/\/www.irta.cat\/es\/noticia\/anafric-y-el-irta-colaboraran-juntos-en-favor-de-los-sectores-ganadero-y-carnico\/#primaryimage"},"image":{"@id":"https:\/\/www.irta.cat\/es\/noticia\/anafric-y-el-irta-colaboraran-juntos-en-favor-de-los-sectores-ganadero-y-carnico\/#primaryimage"},"thumbnailUrl":"https:\/\/www.irta.cat\/wp-content\/uploads\/2023\/01\/8fd5717c-d065-40bb-b55d-bfa22595b0a3.jpg","datePublished":"2019-04-16T06:34:46+00:00","dateModified":"2024-11-06T08:36:09+00:00","breadcrumb":{"@id":"https:\/\/www.irta.cat\/es\/noticia\/anafric-y-el-irta-colaboraran-juntos-en-favor-de-los-sectores-ganadero-y-carnico\/#breadcrumb"},"inLanguage":"es","potentialAction":[{"@type":"ReadAction","target":["https:\/\/www.irta.cat\/es\/noticia\/anafric-y-el-irta-colaboraran-juntos-en-favor-de-los-sectores-ganadero-y-carnico\/"]}]},{"@type":"ImageObject","inLanguage":"es","@id":"https:\/\/www.irta.cat\/es\/noticia\/anafric-y-el-irta-colaboraran-juntos-en-favor-de-los-sectores-ganadero-y-carnico\/#primaryimage","url":"https:\/\/www.irta.cat\/wp-content\/uploads\/2023\/01\/8fd5717c-d065-40bb-b55d-bfa22595b0a3.jpg","contentUrl":"https:\/\/www.irta.cat\/wp-content\/uploads\/2023\/01\/8fd5717c-d065-40bb-b55d-bfa22595b0a3.jpg","width":500,"height":375},{"@type":"BreadcrumbList","@id":"https:\/\/www.irta.cat\/es\/noticia\/anafric-y-el-irta-colaboraran-juntos-en-favor-de-los-sectores-ganadero-y-carnico\/#breadcrumb","itemListElement":[{"@type":"ListItem","position":1,"name":"Inici","item":"https:\/\/www.irta.cat\/es\/"},{"@type":"ListItem","position":2,"name":"ANAFRIC y el IRTA colaborar\u00e1n juntos en favor de los sectores ganadero y c\u00e1rnico"}]},{"@type":"WebSite","@id":"https:\/\/www.irta.cat\/es\/#website","url":"https:\/\/www.irta.cat\/es\/","name":"IRTA","description":"Institut de Recerca i Tecnologia Agroaliment\u00e0ries","publisher":{"@id":"https:\/\/www.irta.cat\/es\/#organization"},"alternateName":"%%sitename%% %%sep%% %%title%%","potentialAction":[{"@type":"SearchAction","target":{"@type":"EntryPoint","urlTemplate":"https:\/\/www.irta.cat\/es\/?s={search_term_string}"},"query-input":{"@type":"PropertyValueSpecification","valueRequired":true,"valueName":"search_term_string"}}],"inLanguage":"es"},{"@type":"Organization","@id":"https:\/\/www.irta.cat\/es\/#organization","name":"IRTA","url":"https:\/\/www.irta.cat\/es\/","logo":{"@type":"ImageObject","inLanguage":"es","@id":"https:\/\/www.irta.cat\/es\/#\/schema\/logo\/image\/","url":"https:\/\/www.irta.cat\/wp-content\/uploads\/2023\/04\/Logo-IRTA-verm.png","contentUrl":"https:\/\/www.irta.cat\/wp-content\/uploads\/2023\/04\/Logo-IRTA-verm.png","width":1250,"height":500,"caption":"IRTA"},"image":{"@id":"https:\/\/www.irta.cat\/es\/#\/schema\/logo\/image\/"},"sameAs":["https:\/\/www.facebook.com\/irtacat","https:\/\/x.com\/irtacat"]}]}},"_links":{"self":[{"href":"https:\/\/www.irta.cat\/es\/wp-json\/wp\/v2\/noticia\/58542","targetHints":{"allow":["GET"]}}],"collection":[{"href":"https:\/\/www.irta.cat\/es\/wp-json\/wp\/v2\/noticia"}],"about":[{"href":"https:\/\/www.irta.cat\/es\/wp-json\/wp\/v2\/types\/noticia"}],"version-history":[{"count":0,"href":"https:\/\/www.irta.cat\/es\/wp-json\/wp\/v2\/noticia\/58542\/revisions"}],"wp:featuredmedia":[{"embeddable":true,"href":"https:\/\/www.irta.cat\/es\/wp-json\/wp\/v2\/media\/10513"}],"wp:attachment":[{"href":"https:\/\/www.irta.cat\/es\/wp-json\/wp\/v2\/media?parent=58542"}],"wp:term":[{"taxonomy":"categoria_noticia","embeddable":true,"href":"https:\/\/www.irta.cat\/es\/wp-json\/wp\/v2\/categoria_noticia?post=58542"},{"taxonomy":"etiqueta_filtrar_noticia","embeddable":true,"href":"https:\/\/www.irta.cat\/es\/wp-json\/wp\/v2\/etiqueta_filtrar_noticia?post=58542"}],"curies":[{"name":"wp","href":"https:\/\/api.w.org\/{rel}","templated":true}]}}