{"id":58528,"date":"2019-04-08T09:05:46","date_gmt":"2019-04-08T07:05:46","guid":{"rendered":"https:\/\/www.irta.cat\/noticia\/borges-y-el-irta-colaboraran-en-investigacion-y-desarrollo-tecnologico-en-diversos-ambitos-agroalimentarios\/"},"modified":"2024-11-06T09:35:36","modified_gmt":"2024-11-06T08:35:36","slug":"borges-y-el-irta-colaboraran-en-investigacion-y-desarrollo-tecnologico-en-diversos-ambitos-agroalimentarios","status":"publish","type":"noticia","link":"https:\/\/www.irta.cat\/es\/noticia\/borges-y-el-irta-colaboraran-en-investigacion-y-desarrollo-tecnologico-en-diversos-ambitos-agroalimentarios\/","title":{"rendered":"Borges y el IRTA colaborar\u00e1n en investigaci\u00f3n y desarrollo tecnol\u00f3gico en diversos \u00e1mbitos agroalimentarios"},"content":{"rendered":"<p>El Consejero Delegado de Borges, Josep Pont Amen\u00f3s y el Director General del IRTA, Josep Usall, han firmado, el d\u00eda 8 de abril, un convenio de colaboraci\u00f3n con el objetivo de identificar, desarrollar y ejecutar acciones concretas en diferentes \u00e1mbitos de actuaci\u00f3n de inter\u00e9s com\u00fan como son la presentaci\u00f3n de propuestas de proyectos de investigaci\u00f3n conjuntos, de servicios o desarrollos tecnol\u00f3gicos o la transferencia y la formaci\u00f3n.<\/p>\n<\/p>\n<p><em>Este Acuerdo Marco establece las bases para fortalecer la colaboraci\u00f3n estrat\u00e9gica entre Borges y el IRTA, ya que hace tiempo que estamos trabajando juntos en temas puntuales, como por ejemplo ha sido el caso de los estudios sobre la postcosecha de la aceituna o, actualmente, en un Grupo Operativo a nivel estatal para la detecci\u00f3n de la almendra amarga<\/em>, se\u00f1ala el director general del IRTA, Josep Usall.<\/p>\n<\/p>\n<p><em>Con m\u00e1s de 120 a\u00f1os de tradici\u00f3n familiar el grupo Borges desarrolla su actividad en el \u00e1mbito de los productos de la Dieta Mediterr\u00e1nea (frutos secos, aceite de oliva, etc), aunque ya hace muchos a\u00f1os que tenemos una estrecha colaboraci\u00f3n con el IRTA queremos dar un paso m\u00e1s a la hora de potenciar nuestra relaci\u00f3n en el \u00e1mbito de la I+D+i, tanto a nivel agr\u00edcola como industrial, as\u00ed como en el desarrollo de nuevos productos de calidad, saludables y sabrosos de la cocina y estilo de vida mediterr\u00e1neos<\/em>, destaca Josep Pont, consejero Delegado de Borges.<\/p>\n<p><strong>Sobre Borges:\u00a0 \u00a0 \u00a0 \u00a0 \u00a0 \u00a0 \u00a0 \u00a0 \u00a0 \u00a0 \u00a0 \u00a0 \u00a0 \u00a0 \u00a0 \u00a0 \u00a0 \u00a0 <img loading=\"lazy\" decoding=\"async\" class=\"alignnone  wp-image-27767\" src=\"https:\/\/www.irta.cat\/wp-content\/uploads\/2019\/04\/Logo-Borges.jpg\" alt=\"\" width=\"137\" height=\"127\" \/><\/strong><\/p>\n<p>Borges es la compa\u00f1\u00eda l\u00edder mundial en el mercado global de la alimentaci\u00f3n saludable que cuenta con tres l\u00edneas de negocio, lideradas por sus unidades de negocio Borges Agricultural &amp; Industrial Nuts, Borges Agricultural &amp; Industrial Edible Oils y Borges Branded Foods. Fundada a finales del siglo XIX, concretamente en 1896, cuando la familia Pont Creus inici\u00f3 un peque\u00f1o negocio familiar de compraventa de aceitunas y almendras, el Grupo suma ya m\u00e1s de un millar de empleados en el mundo y opera 11 plantas industriales en cinco pa\u00edses y 15 oficinas comerciales en diez. En el \u00faltimo ejercicio fiscal ha facturado 820 millones de euros y comercializa sus productos en 116 pa\u00edses de los cinco continentes. La b\u00fasqueda constante de la excelencia en todas las \u00e1reas distingue Borges International Group y la convierte en embajadora de la cocina y estilo de vida mediterr\u00e1neos.<\/p>\n","protected":false},"featured_media":21974,"template":"","categoria_noticia":[],"etiqueta_filtrar_noticia":[],"class_list":["post-58528","noticia","type-noticia","status-publish","has-post-thumbnail","hentry"],"acf":[],"yoast_head":"<!-- This site is optimized with the Yoast SEO plugin v26.6 - https:\/\/yoast.com\/wordpress\/plugins\/seo\/ -->\r\n<title>Borges y el IRTA colaborar\u00e1n en investigaci\u00f3n y desarrollo tecnol\u00f3gico en diversos \u00e1mbitos agroalimentarios &#187; IRTA<\/title>\r\n<meta name=\"robots\" content=\"index, follow, max-snippet:-1, max-image-preview:large, max-video-preview:-1\" \/>\r\n<link rel=\"canonical\" href=\"https:\/\/www.irta.cat\/es\/noticia\/borges-y-el-irta-colaboraran-en-investigacion-y-desarrollo-tecnologico-en-diversos-ambitos-agroalimentarios\/\" \/>\r\n<meta property=\"og:locale\" content=\"es_ES\" \/>\r\n<meta property=\"og:type\" content=\"article\" \/>\r\n<meta property=\"og:title\" content=\"Borges y el IRTA colaborar\u00e1n en investigaci\u00f3n y desarrollo tecnol\u00f3gico en diversos \u00e1mbitos agroalimentarios &#187; IRTA\" \/>\r\n<meta property=\"og:description\" content=\"El Consejero Delegado de Borges, Josep Pont Amen\u00f3s y el Director General del IRTA, Josep Usall, han firmado, el d\u00eda 8 de abril, un convenio de colaboraci\u00f3n con el objetivo de identificar, desarrollar y ejecutar acciones concretas en diferentes \u00e1mbitos de actuaci\u00f3n de inter\u00e9s com\u00fan como son la presentaci\u00f3n de propuestas de proyectos de investigaci\u00f3n [&hellip;]\" \/>\r\n<meta property=\"og:url\" content=\"https:\/\/www.irta.cat\/es\/noticia\/borges-y-el-irta-colaboraran-en-investigacion-y-desarrollo-tecnologico-en-diversos-ambitos-agroalimentarios\/\" \/>\r\n<meta property=\"og:site_name\" content=\"IRTA\" \/>\r\n<meta property=\"article:publisher\" content=\"https:\/\/www.facebook.com\/irtacat\" \/>\r\n<meta property=\"article:modified_time\" content=\"2024-11-06T08:35:36+00:00\" \/>\r\n<meta property=\"og:image\" content=\"https:\/\/www.irta.cat\/wp-content\/uploads\/2019\/04\/IRTA-Borges-scaled.jpg\" \/>\r\n\t<meta property=\"og:image:width\" content=\"1920\" \/>\r\n\t<meta property=\"og:image:height\" content=\"1261\" \/>\r\n\t<meta property=\"og:image:type\" content=\"image\/jpeg\" \/>\r\n<meta name=\"twitter:card\" content=\"summary_large_image\" \/>\r\n<meta name=\"twitter:site\" content=\"@irtacat\" \/>\r\n<meta name=\"twitter:label1\" content=\"Tiempo de lectura\" \/>\n\t<meta name=\"twitter:data1\" content=\"2 minutos\" \/>\r\n<script type=\"application\/ld+json\" class=\"yoast-schema-graph\">{\"@context\":\"https:\/\/schema.org\",\"@graph\":[{\"@type\":\"WebPage\",\"@id\":\"https:\/\/www.irta.cat\/es\/noticia\/borges-y-el-irta-colaboraran-en-investigacion-y-desarrollo-tecnologico-en-diversos-ambitos-agroalimentarios\/\",\"url\":\"https:\/\/www.irta.cat\/es\/noticia\/borges-y-el-irta-colaboraran-en-investigacion-y-desarrollo-tecnologico-en-diversos-ambitos-agroalimentarios\/\",\"name\":\"Borges y el IRTA colaborar\u00e1n en investigaci\u00f3n y desarrollo tecnol\u00f3gico en diversos \u00e1mbitos agroalimentarios &#187; IRTA\",\"isPartOf\":{\"@id\":\"https:\/\/www.irta.cat\/es\/#website\"},\"primaryImageOfPage\":{\"@id\":\"https:\/\/www.irta.cat\/es\/noticia\/borges-y-el-irta-colaboraran-en-investigacion-y-desarrollo-tecnologico-en-diversos-ambitos-agroalimentarios\/#primaryimage\"},\"image\":{\"@id\":\"https:\/\/www.irta.cat\/es\/noticia\/borges-y-el-irta-colaboraran-en-investigacion-y-desarrollo-tecnologico-en-diversos-ambitos-agroalimentarios\/#primaryimage\"},\"thumbnailUrl\":\"https:\/\/www.irta.cat\/wp-content\/uploads\/2019\/04\/IRTA-Borges-scaled.jpg\",\"datePublished\":\"2019-04-08T07:05:46+00:00\",\"dateModified\":\"2024-11-06T08:35:36+00:00\",\"breadcrumb\":{\"@id\":\"https:\/\/www.irta.cat\/es\/noticia\/borges-y-el-irta-colaboraran-en-investigacion-y-desarrollo-tecnologico-en-diversos-ambitos-agroalimentarios\/#breadcrumb\"},\"inLanguage\":\"es\",\"potentialAction\":[{\"@type\":\"ReadAction\",\"target\":[\"https:\/\/www.irta.cat\/es\/noticia\/borges-y-el-irta-colaboraran-en-investigacion-y-desarrollo-tecnologico-en-diversos-ambitos-agroalimentarios\/\"]}]},{\"@type\":\"ImageObject\",\"inLanguage\":\"es\",\"@id\":\"https:\/\/www.irta.cat\/es\/noticia\/borges-y-el-irta-colaboraran-en-investigacion-y-desarrollo-tecnologico-en-diversos-ambitos-agroalimentarios\/#primaryimage\",\"url\":\"https:\/\/www.irta.cat\/wp-content\/uploads\/2019\/04\/IRTA-Borges-scaled.jpg\",\"contentUrl\":\"https:\/\/www.irta.cat\/wp-content\/uploads\/2019\/04\/IRTA-Borges-scaled.jpg\",\"width\":1920,\"height\":1261},{\"@type\":\"BreadcrumbList\",\"@id\":\"https:\/\/www.irta.cat\/es\/noticia\/borges-y-el-irta-colaboraran-en-investigacion-y-desarrollo-tecnologico-en-diversos-ambitos-agroalimentarios\/#breadcrumb\",\"itemListElement\":[{\"@type\":\"ListItem\",\"position\":1,\"name\":\"Inici\",\"item\":\"https:\/\/www.irta.cat\/es\/\"},{\"@type\":\"ListItem\",\"position\":2,\"name\":\"Borges y el IRTA colaborar\u00e1n en investigaci\u00f3n y desarrollo tecnol\u00f3gico en diversos \u00e1mbitos agroalimentarios\"}]},{\"@type\":\"WebSite\",\"@id\":\"https:\/\/www.irta.cat\/es\/#website\",\"url\":\"https:\/\/www.irta.cat\/es\/\",\"name\":\"IRTA\",\"description\":\"Institut de Recerca i Tecnologia Agroaliment\u00e0ries\",\"publisher\":{\"@id\":\"https:\/\/www.irta.cat\/es\/#organization\"},\"alternateName\":\"%%sitename%% %%sep%% %%title%%\",\"potentialAction\":[{\"@type\":\"SearchAction\",\"target\":{\"@type\":\"EntryPoint\",\"urlTemplate\":\"https:\/\/www.irta.cat\/es\/?s={search_term_string}\"},\"query-input\":{\"@type\":\"PropertyValueSpecification\",\"valueRequired\":true,\"valueName\":\"search_term_string\"}}],\"inLanguage\":\"es\"},{\"@type\":\"Organization\",\"@id\":\"https:\/\/www.irta.cat\/es\/#organization\",\"name\":\"IRTA\",\"url\":\"https:\/\/www.irta.cat\/es\/\",\"logo\":{\"@type\":\"ImageObject\",\"inLanguage\":\"es\",\"@id\":\"https:\/\/www.irta.cat\/es\/#\/schema\/logo\/image\/\",\"url\":\"https:\/\/www.irta.cat\/wp-content\/uploads\/2023\/04\/Logo-IRTA-verm.png\",\"contentUrl\":\"https:\/\/www.irta.cat\/wp-content\/uploads\/2023\/04\/Logo-IRTA-verm.png\",\"width\":1250,\"height\":500,\"caption\":\"IRTA\"},\"image\":{\"@id\":\"https:\/\/www.irta.cat\/es\/#\/schema\/logo\/image\/\"},\"sameAs\":[\"https:\/\/www.facebook.com\/irtacat\",\"https:\/\/x.com\/irtacat\"]}]}<\/script>\r\n<!-- \/ Yoast SEO plugin. -->","yoast_head_json":{"title":"Borges y el IRTA colaborar\u00e1n en investigaci\u00f3n y desarrollo tecnol\u00f3gico en diversos \u00e1mbitos agroalimentarios &#187; IRTA","robots":{"index":"index","follow":"follow","max-snippet":"max-snippet:-1","max-image-preview":"max-image-preview:large","max-video-preview":"max-video-preview:-1"},"canonical":"https:\/\/www.irta.cat\/es\/noticia\/borges-y-el-irta-colaboraran-en-investigacion-y-desarrollo-tecnologico-en-diversos-ambitos-agroalimentarios\/","og_locale":"es_ES","og_type":"article","og_title":"Borges y el IRTA colaborar\u00e1n en investigaci\u00f3n y desarrollo tecnol\u00f3gico en diversos \u00e1mbitos agroalimentarios &#187; IRTA","og_description":"El Consejero Delegado de Borges, Josep Pont Amen\u00f3s y el Director General del IRTA, Josep Usall, han firmado, el d\u00eda 8 de abril, un convenio de colaboraci\u00f3n con el objetivo de identificar, desarrollar y ejecutar acciones concretas en diferentes \u00e1mbitos de actuaci\u00f3n de inter\u00e9s com\u00fan como son la presentaci\u00f3n de propuestas de proyectos de investigaci\u00f3n [&hellip;]","og_url":"https:\/\/www.irta.cat\/es\/noticia\/borges-y-el-irta-colaboraran-en-investigacion-y-desarrollo-tecnologico-en-diversos-ambitos-agroalimentarios\/","og_site_name":"IRTA","article_publisher":"https:\/\/www.facebook.com\/irtacat","article_modified_time":"2024-11-06T08:35:36+00:00","og_image":[{"width":1920,"height":1261,"url":"https:\/\/www.irta.cat\/wp-content\/uploads\/2019\/04\/IRTA-Borges-scaled.jpg","type":"image\/jpeg"}],"twitter_card":"summary_large_image","twitter_site":"@irtacat","twitter_misc":{"Tiempo de lectura":"2 minutos"},"schema":{"@context":"https:\/\/schema.org","@graph":[{"@type":"WebPage","@id":"https:\/\/www.irta.cat\/es\/noticia\/borges-y-el-irta-colaboraran-en-investigacion-y-desarrollo-tecnologico-en-diversos-ambitos-agroalimentarios\/","url":"https:\/\/www.irta.cat\/es\/noticia\/borges-y-el-irta-colaboraran-en-investigacion-y-desarrollo-tecnologico-en-diversos-ambitos-agroalimentarios\/","name":"Borges y el IRTA colaborar\u00e1n en investigaci\u00f3n y desarrollo tecnol\u00f3gico en diversos \u00e1mbitos agroalimentarios &#187; IRTA","isPartOf":{"@id":"https:\/\/www.irta.cat\/es\/#website"},"primaryImageOfPage":{"@id":"https:\/\/www.irta.cat\/es\/noticia\/borges-y-el-irta-colaboraran-en-investigacion-y-desarrollo-tecnologico-en-diversos-ambitos-agroalimentarios\/#primaryimage"},"image":{"@id":"https:\/\/www.irta.cat\/es\/noticia\/borges-y-el-irta-colaboraran-en-investigacion-y-desarrollo-tecnologico-en-diversos-ambitos-agroalimentarios\/#primaryimage"},"thumbnailUrl":"https:\/\/www.irta.cat\/wp-content\/uploads\/2019\/04\/IRTA-Borges-scaled.jpg","datePublished":"2019-04-08T07:05:46+00:00","dateModified":"2024-11-06T08:35:36+00:00","breadcrumb":{"@id":"https:\/\/www.irta.cat\/es\/noticia\/borges-y-el-irta-colaboraran-en-investigacion-y-desarrollo-tecnologico-en-diversos-ambitos-agroalimentarios\/#breadcrumb"},"inLanguage":"es","potentialAction":[{"@type":"ReadAction","target":["https:\/\/www.irta.cat\/es\/noticia\/borges-y-el-irta-colaboraran-en-investigacion-y-desarrollo-tecnologico-en-diversos-ambitos-agroalimentarios\/"]}]},{"@type":"ImageObject","inLanguage":"es","@id":"https:\/\/www.irta.cat\/es\/noticia\/borges-y-el-irta-colaboraran-en-investigacion-y-desarrollo-tecnologico-en-diversos-ambitos-agroalimentarios\/#primaryimage","url":"https:\/\/www.irta.cat\/wp-content\/uploads\/2019\/04\/IRTA-Borges-scaled.jpg","contentUrl":"https:\/\/www.irta.cat\/wp-content\/uploads\/2019\/04\/IRTA-Borges-scaled.jpg","width":1920,"height":1261},{"@type":"BreadcrumbList","@id":"https:\/\/www.irta.cat\/es\/noticia\/borges-y-el-irta-colaboraran-en-investigacion-y-desarrollo-tecnologico-en-diversos-ambitos-agroalimentarios\/#breadcrumb","itemListElement":[{"@type":"ListItem","position":1,"name":"Inici","item":"https:\/\/www.irta.cat\/es\/"},{"@type":"ListItem","position":2,"name":"Borges y el IRTA colaborar\u00e1n en investigaci\u00f3n y desarrollo tecnol\u00f3gico en diversos \u00e1mbitos agroalimentarios"}]},{"@type":"WebSite","@id":"https:\/\/www.irta.cat\/es\/#website","url":"https:\/\/www.irta.cat\/es\/","name":"IRTA","description":"Institut de Recerca i Tecnologia Agroaliment\u00e0ries","publisher":{"@id":"https:\/\/www.irta.cat\/es\/#organization"},"alternateName":"%%sitename%% %%sep%% %%title%%","potentialAction":[{"@type":"SearchAction","target":{"@type":"EntryPoint","urlTemplate":"https:\/\/www.irta.cat\/es\/?s={search_term_string}"},"query-input":{"@type":"PropertyValueSpecification","valueRequired":true,"valueName":"search_term_string"}}],"inLanguage":"es"},{"@type":"Organization","@id":"https:\/\/www.irta.cat\/es\/#organization","name":"IRTA","url":"https:\/\/www.irta.cat\/es\/","logo":{"@type":"ImageObject","inLanguage":"es","@id":"https:\/\/www.irta.cat\/es\/#\/schema\/logo\/image\/","url":"https:\/\/www.irta.cat\/wp-content\/uploads\/2023\/04\/Logo-IRTA-verm.png","contentUrl":"https:\/\/www.irta.cat\/wp-content\/uploads\/2023\/04\/Logo-IRTA-verm.png","width":1250,"height":500,"caption":"IRTA"},"image":{"@id":"https:\/\/www.irta.cat\/es\/#\/schema\/logo\/image\/"},"sameAs":["https:\/\/www.facebook.com\/irtacat","https:\/\/x.com\/irtacat"]}]}},"_links":{"self":[{"href":"https:\/\/www.irta.cat\/es\/wp-json\/wp\/v2\/noticia\/58528","targetHints":{"allow":["GET"]}}],"collection":[{"href":"https:\/\/www.irta.cat\/es\/wp-json\/wp\/v2\/noticia"}],"about":[{"href":"https:\/\/www.irta.cat\/es\/wp-json\/wp\/v2\/types\/noticia"}],"version-history":[{"count":0,"href":"https:\/\/www.irta.cat\/es\/wp-json\/wp\/v2\/noticia\/58528\/revisions"}],"wp:featuredmedia":[{"embeddable":true,"href":"https:\/\/www.irta.cat\/es\/wp-json\/wp\/v2\/media\/21974"}],"wp:attachment":[{"href":"https:\/\/www.irta.cat\/es\/wp-json\/wp\/v2\/media?parent=58528"}],"wp:term":[{"taxonomy":"categoria_noticia","embeddable":true,"href":"https:\/\/www.irta.cat\/es\/wp-json\/wp\/v2\/categoria_noticia?post=58528"},{"taxonomy":"etiqueta_filtrar_noticia","embeddable":true,"href":"https:\/\/www.irta.cat\/es\/wp-json\/wp\/v2\/etiqueta_filtrar_noticia?post=58528"}],"curies":[{"name":"wp","href":"https:\/\/api.w.org\/{rel}","templated":true}]}}