{"id":58520,"date":"2019-04-03T11:00:48","date_gmt":"2019-04-03T09:00:48","guid":{"rendered":"https:\/\/www.irta.cat\/noticia\/encuentran-en-la-bahia-del-fangar-una-nueva-poblacion-de-nacra-especie-en-peligro-de-extincion\/"},"modified":"2024-11-06T09:35:32","modified_gmt":"2024-11-06T08:35:32","slug":"encuentran-en-la-bahia-del-fangar-una-nueva-poblacion-de-nacra-especie-en-peligro-de-extincion","status":"publish","type":"noticia","link":"https:\/\/www.irta.cat\/es\/noticia\/encuentran-en-la-bahia-del-fangar-una-nueva-poblacion-de-nacra-especie-en-peligro-de-extincion\/","title":{"rendered":"Encuentran en la Bah\u00eda del Fangar una nueva poblaci\u00f3n de nacra, especie en peligro de extinci\u00f3n"},"content":{"rendered":"<ul>\n<li>\n<p><strong>La enfermedad que est\u00e1 acabando con esta especie de bivalvo en el Mediterr\u00e1neo occidental est\u00e1 ausente en la poblaci\u00f3n de la Bah\u00eda del Fangar y en la mayor parte de la Bah\u00eda de los Alfacs, ambas en el Delta del Ebro<\/strong><\/p>\n<\/li>\n<\/ul>\n<p>Investigadores del IRTA han encontrado una nueva poblaci\u00f3n de nacra cerca de la punta de la Banya de la bah\u00eda del Fangar, en el Delta del Ebro. Se trata de varios centenares de individuos sanos, agrupados en densidades localmente altas, de hasta 44 individuos\/100m<sup>2<\/sup>. Los ejemplares encontrados son peque\u00f1os, de una edad m\u00e1xima de tres o cuatro a\u00f1os, y en muchas zonas son dif\u00edciles de observar ya que est\u00e1n situados bajo la pradera de <em>Cymodocea nodosa<\/em>, lo que explica el por qu\u00e9 no se ten\u00eda constancia de ellos.<\/p>\n<p>La nacra (<em>Pinna nobilis<\/em>) se encuentra en peligro de extinci\u00f3n en las costas del Mediterr\u00e1neo occidental. Un protozoo par\u00e1sito, <em>Haplosporidium<\/em> <em>pinnae<\/em>, posiblemente con la ayuda de una Mycobacteria, est\u00e1 afectando de forma generalizada a las poblaciones, provocando tasas de mortalidad de hasta el 100%. Las costas de Andaluc\u00eda, Regi\u00f3n de Murcia, Comunidad Valenciana, Islas Baleares y Catalu\u00f1a se han visto gravemente afectadas, y la enfermedad comienza a notarse tambi\u00e9n en las costas de otros pa\u00edses tales como T\u00fanez, Francia, Turqu\u00eda y Grecia. Durante el pasado verano se ha detectado tambi\u00e9n la presencia del par\u00e1sito en la parte m\u00e1s externa de la Bah\u00eda de los Alfacs, en el Delta del Ebro, que contaba con m\u00e1s de 90.000 individuos y densidades m\u00e1ximas de 20 individuos\/100 m<sup>2<\/sup>, y que estaba considerada una de las mayores poblaciones del Mediterr\u00e1neo. No obstante, la mayor parte de la Bah\u00eda no est\u00e1 afectada y a\u00fan quedan miles de individuos sanos, as\u00ed como numerosos individuos supervivientes dentro de la zona afectada. El tiempo dir\u00e1 si la enfermedad evoluciona hacia el resto de la bah\u00eda, lo que hace de la nueva poblaci\u00f3n de la bah\u00eda del Fangar, hasta el momento sana, un verdadero santuario para la especie. Por el momento, s\u00f3lo esta poblaci\u00f3n, conjuntamente con la del Mar Menor (estimada en varios miles, seg\u00fan Francisca Gim\u00e9nez de la Universidad de Alicante) est\u00e1 totalmente libre de los microorganismos.<\/p>\n<p>El Ministerio de Agricultura asign\u00f3 495.000\u20ac para un plan de rescate de 215 individuos y su estabulaci\u00f3n en cinco instituciones espa\u00f1olas (IFAPA, IMEDMAR, IEO, L\u2019Oceangr\u00e0fic de Valencia y el IRTA). En concreto, en el IRTA, y en su centro de Sant Carles de la R\u00e0pita, acogi\u00f3 un total de 100 individuos, siendo la investigadora Patricia Prado quien coordina el estudio en la zona del Delta del Ebro. Nunca antes se hab\u00edan mantenido individuos de esta especie durante tanto tiempo en cautividad, por lo que la experiencia supone tambi\u00e9n un reto para determinar las condiciones id\u00f3neas de estabulaci\u00f3n y evitar la aparici\u00f3n de brotes infecciosos. En particular, la nacra ha demostrado ser vulnerable a una especie bacteriana (<em>Vibrio<\/em> <em>mediterranei<\/em>) que tambi\u00e9n ha causado bajas de hasta el 66% de los individuos en condiciones de estabulaci\u00f3n.<\/p>\n<p>La nacra es una especie end\u00e9mica del Mediterr\u00e1neo cuya concha puede superar el metro de longitud. Es uno de los bivalvos m\u00e1s grandes del mundo. Se desconocen los efectos que puede provocar su desaparici\u00f3n, pero se trata de una especie que filtra el agua, mejora su calidad y su concha proporciona un sustrato duro donde proliferan una gran diversidad de invertebrados y algas. La recuperaci\u00f3n de sus poblaciones depende en gran medida de la posibilidad de la cr\u00eda de la especie en cautividad y del compromiso de las instituciones p\u00fablicas para financiar las investigaciones.<\/p>\n","protected":false},"featured_media":21968,"template":"","categoria_noticia":[],"etiqueta_filtrar_noticia":[],"class_list":["post-58520","noticia","type-noticia","status-publish","has-post-thumbnail","hentry"],"acf":[],"yoast_head":"<!-- This site is optimized with the Yoast SEO plugin v26.6 - https:\/\/yoast.com\/wordpress\/plugins\/seo\/ -->\r\n<title>Encuentran en la Bah\u00eda del Fangar una nueva poblaci\u00f3n de nacra, especie en peligro de extinci\u00f3n &#187; IRTA<\/title>\r\n<meta name=\"robots\" content=\"index, follow, max-snippet:-1, max-image-preview:large, max-video-preview:-1\" \/>\r\n<link rel=\"canonical\" href=\"https:\/\/www.irta.cat\/es\/noticia\/encuentran-en-la-bahia-del-fangar-una-nueva-poblacion-de-nacra-especie-en-peligro-de-extincion\/\" \/>\r\n<meta property=\"og:locale\" content=\"es_ES\" \/>\r\n<meta property=\"og:type\" content=\"article\" \/>\r\n<meta property=\"og:title\" content=\"Encuentran en la Bah\u00eda del Fangar una nueva poblaci\u00f3n de nacra, especie en peligro de extinci\u00f3n &#187; IRTA\" \/>\r\n<meta property=\"og:description\" content=\"La enfermedad que est\u00e1 acabando con esta especie de bivalvo en el Mediterr\u00e1neo occidental est\u00e1 ausente en la poblaci\u00f3n de la Bah\u00eda del Fangar y en la mayor parte de la Bah\u00eda de los Alfacs, ambas en el Delta del Ebro Investigadores del IRTA han encontrado una nueva poblaci\u00f3n de nacra cerca de la punta [&hellip;]\" \/>\r\n<meta property=\"og:url\" content=\"https:\/\/www.irta.cat\/es\/noticia\/encuentran-en-la-bahia-del-fangar-una-nueva-poblacion-de-nacra-especie-en-peligro-de-extincion\/\" \/>\r\n<meta property=\"og:site_name\" content=\"IRTA\" \/>\r\n<meta property=\"article:publisher\" content=\"https:\/\/www.facebook.com\/irtacat\" \/>\r\n<meta property=\"article:modified_time\" content=\"2024-11-06T08:35:32+00:00\" \/>\r\n<meta property=\"og:image\" content=\"https:\/\/www.irta.cat\/wp-content\/uploads\/2019\/04\/Nacras-Fangar-compressed-scaled.jpg\" \/>\r\n\t<meta property=\"og:image:width\" content=\"1920\" \/>\r\n\t<meta property=\"og:image:height\" content=\"1440\" \/>\r\n\t<meta property=\"og:image:type\" content=\"image\/jpeg\" \/>\r\n<meta name=\"twitter:card\" content=\"summary_large_image\" \/>\r\n<meta name=\"twitter:site\" content=\"@irtacat\" \/>\r\n<meta name=\"twitter:label1\" content=\"Tiempo de lectura\" \/>\n\t<meta name=\"twitter:data1\" content=\"3 minutos\" \/>\r\n<script type=\"application\/ld+json\" class=\"yoast-schema-graph\">{\"@context\":\"https:\/\/schema.org\",\"@graph\":[{\"@type\":\"WebPage\",\"@id\":\"https:\/\/www.irta.cat\/es\/noticia\/encuentran-en-la-bahia-del-fangar-una-nueva-poblacion-de-nacra-especie-en-peligro-de-extincion\/\",\"url\":\"https:\/\/www.irta.cat\/es\/noticia\/encuentran-en-la-bahia-del-fangar-una-nueva-poblacion-de-nacra-especie-en-peligro-de-extincion\/\",\"name\":\"Encuentran en la Bah\u00eda del Fangar una nueva poblaci\u00f3n de nacra, especie en peligro de extinci\u00f3n &#187; IRTA\",\"isPartOf\":{\"@id\":\"https:\/\/www.irta.cat\/es\/#website\"},\"primaryImageOfPage\":{\"@id\":\"https:\/\/www.irta.cat\/es\/noticia\/encuentran-en-la-bahia-del-fangar-una-nueva-poblacion-de-nacra-especie-en-peligro-de-extincion\/#primaryimage\"},\"image\":{\"@id\":\"https:\/\/www.irta.cat\/es\/noticia\/encuentran-en-la-bahia-del-fangar-una-nueva-poblacion-de-nacra-especie-en-peligro-de-extincion\/#primaryimage\"},\"thumbnailUrl\":\"https:\/\/www.irta.cat\/wp-content\/uploads\/2019\/04\/Nacras-Fangar-compressed-scaled.jpg\",\"datePublished\":\"2019-04-03T09:00:48+00:00\",\"dateModified\":\"2024-11-06T08:35:32+00:00\",\"breadcrumb\":{\"@id\":\"https:\/\/www.irta.cat\/es\/noticia\/encuentran-en-la-bahia-del-fangar-una-nueva-poblacion-de-nacra-especie-en-peligro-de-extincion\/#breadcrumb\"},\"inLanguage\":\"es\",\"potentialAction\":[{\"@type\":\"ReadAction\",\"target\":[\"https:\/\/www.irta.cat\/es\/noticia\/encuentran-en-la-bahia-del-fangar-una-nueva-poblacion-de-nacra-especie-en-peligro-de-extincion\/\"]}]},{\"@type\":\"ImageObject\",\"inLanguage\":\"es\",\"@id\":\"https:\/\/www.irta.cat\/es\/noticia\/encuentran-en-la-bahia-del-fangar-una-nueva-poblacion-de-nacra-especie-en-peligro-de-extincion\/#primaryimage\",\"url\":\"https:\/\/www.irta.cat\/wp-content\/uploads\/2019\/04\/Nacras-Fangar-compressed-scaled.jpg\",\"contentUrl\":\"https:\/\/www.irta.cat\/wp-content\/uploads\/2019\/04\/Nacras-Fangar-compressed-scaled.jpg\",\"width\":1920,\"height\":1440},{\"@type\":\"BreadcrumbList\",\"@id\":\"https:\/\/www.irta.cat\/es\/noticia\/encuentran-en-la-bahia-del-fangar-una-nueva-poblacion-de-nacra-especie-en-peligro-de-extincion\/#breadcrumb\",\"itemListElement\":[{\"@type\":\"ListItem\",\"position\":1,\"name\":\"Inici\",\"item\":\"https:\/\/www.irta.cat\/es\/\"},{\"@type\":\"ListItem\",\"position\":2,\"name\":\"Encuentran en la Bah\u00eda del Fangar una nueva poblaci\u00f3n de nacra, especie en peligro de extinci\u00f3n\"}]},{\"@type\":\"WebSite\",\"@id\":\"https:\/\/www.irta.cat\/es\/#website\",\"url\":\"https:\/\/www.irta.cat\/es\/\",\"name\":\"IRTA\",\"description\":\"Institut de Recerca i Tecnologia Agroaliment\u00e0ries\",\"publisher\":{\"@id\":\"https:\/\/www.irta.cat\/es\/#organization\"},\"alternateName\":\"%%sitename%% %%sep%% %%title%%\",\"potentialAction\":[{\"@type\":\"SearchAction\",\"target\":{\"@type\":\"EntryPoint\",\"urlTemplate\":\"https:\/\/www.irta.cat\/es\/?s={search_term_string}\"},\"query-input\":{\"@type\":\"PropertyValueSpecification\",\"valueRequired\":true,\"valueName\":\"search_term_string\"}}],\"inLanguage\":\"es\"},{\"@type\":\"Organization\",\"@id\":\"https:\/\/www.irta.cat\/es\/#organization\",\"name\":\"IRTA\",\"url\":\"https:\/\/www.irta.cat\/es\/\",\"logo\":{\"@type\":\"ImageObject\",\"inLanguage\":\"es\",\"@id\":\"https:\/\/www.irta.cat\/es\/#\/schema\/logo\/image\/\",\"url\":\"https:\/\/www.irta.cat\/wp-content\/uploads\/2023\/04\/Logo-IRTA-verm.png\",\"contentUrl\":\"https:\/\/www.irta.cat\/wp-content\/uploads\/2023\/04\/Logo-IRTA-verm.png\",\"width\":1250,\"height\":500,\"caption\":\"IRTA\"},\"image\":{\"@id\":\"https:\/\/www.irta.cat\/es\/#\/schema\/logo\/image\/\"},\"sameAs\":[\"https:\/\/www.facebook.com\/irtacat\",\"https:\/\/x.com\/irtacat\"]}]}<\/script>\r\n<!-- \/ Yoast SEO plugin. -->","yoast_head_json":{"title":"Encuentran en la Bah\u00eda del Fangar una nueva poblaci\u00f3n de nacra, especie en peligro de extinci\u00f3n &#187; IRTA","robots":{"index":"index","follow":"follow","max-snippet":"max-snippet:-1","max-image-preview":"max-image-preview:large","max-video-preview":"max-video-preview:-1"},"canonical":"https:\/\/www.irta.cat\/es\/noticia\/encuentran-en-la-bahia-del-fangar-una-nueva-poblacion-de-nacra-especie-en-peligro-de-extincion\/","og_locale":"es_ES","og_type":"article","og_title":"Encuentran en la Bah\u00eda del Fangar una nueva poblaci\u00f3n de nacra, especie en peligro de extinci\u00f3n &#187; IRTA","og_description":"La enfermedad que est\u00e1 acabando con esta especie de bivalvo en el Mediterr\u00e1neo occidental est\u00e1 ausente en la poblaci\u00f3n de la Bah\u00eda del Fangar y en la mayor parte de la Bah\u00eda de los Alfacs, ambas en el Delta del Ebro Investigadores del IRTA han encontrado una nueva poblaci\u00f3n de nacra cerca de la punta [&hellip;]","og_url":"https:\/\/www.irta.cat\/es\/noticia\/encuentran-en-la-bahia-del-fangar-una-nueva-poblacion-de-nacra-especie-en-peligro-de-extincion\/","og_site_name":"IRTA","article_publisher":"https:\/\/www.facebook.com\/irtacat","article_modified_time":"2024-11-06T08:35:32+00:00","og_image":[{"width":1920,"height":1440,"url":"https:\/\/www.irta.cat\/wp-content\/uploads\/2019\/04\/Nacras-Fangar-compressed-scaled.jpg","type":"image\/jpeg"}],"twitter_card":"summary_large_image","twitter_site":"@irtacat","twitter_misc":{"Tiempo de lectura":"3 minutos"},"schema":{"@context":"https:\/\/schema.org","@graph":[{"@type":"WebPage","@id":"https:\/\/www.irta.cat\/es\/noticia\/encuentran-en-la-bahia-del-fangar-una-nueva-poblacion-de-nacra-especie-en-peligro-de-extincion\/","url":"https:\/\/www.irta.cat\/es\/noticia\/encuentran-en-la-bahia-del-fangar-una-nueva-poblacion-de-nacra-especie-en-peligro-de-extincion\/","name":"Encuentran en la Bah\u00eda del Fangar una nueva poblaci\u00f3n de nacra, especie en peligro de extinci\u00f3n &#187; IRTA","isPartOf":{"@id":"https:\/\/www.irta.cat\/es\/#website"},"primaryImageOfPage":{"@id":"https:\/\/www.irta.cat\/es\/noticia\/encuentran-en-la-bahia-del-fangar-una-nueva-poblacion-de-nacra-especie-en-peligro-de-extincion\/#primaryimage"},"image":{"@id":"https:\/\/www.irta.cat\/es\/noticia\/encuentran-en-la-bahia-del-fangar-una-nueva-poblacion-de-nacra-especie-en-peligro-de-extincion\/#primaryimage"},"thumbnailUrl":"https:\/\/www.irta.cat\/wp-content\/uploads\/2019\/04\/Nacras-Fangar-compressed-scaled.jpg","datePublished":"2019-04-03T09:00:48+00:00","dateModified":"2024-11-06T08:35:32+00:00","breadcrumb":{"@id":"https:\/\/www.irta.cat\/es\/noticia\/encuentran-en-la-bahia-del-fangar-una-nueva-poblacion-de-nacra-especie-en-peligro-de-extincion\/#breadcrumb"},"inLanguage":"es","potentialAction":[{"@type":"ReadAction","target":["https:\/\/www.irta.cat\/es\/noticia\/encuentran-en-la-bahia-del-fangar-una-nueva-poblacion-de-nacra-especie-en-peligro-de-extincion\/"]}]},{"@type":"ImageObject","inLanguage":"es","@id":"https:\/\/www.irta.cat\/es\/noticia\/encuentran-en-la-bahia-del-fangar-una-nueva-poblacion-de-nacra-especie-en-peligro-de-extincion\/#primaryimage","url":"https:\/\/www.irta.cat\/wp-content\/uploads\/2019\/04\/Nacras-Fangar-compressed-scaled.jpg","contentUrl":"https:\/\/www.irta.cat\/wp-content\/uploads\/2019\/04\/Nacras-Fangar-compressed-scaled.jpg","width":1920,"height":1440},{"@type":"BreadcrumbList","@id":"https:\/\/www.irta.cat\/es\/noticia\/encuentran-en-la-bahia-del-fangar-una-nueva-poblacion-de-nacra-especie-en-peligro-de-extincion\/#breadcrumb","itemListElement":[{"@type":"ListItem","position":1,"name":"Inici","item":"https:\/\/www.irta.cat\/es\/"},{"@type":"ListItem","position":2,"name":"Encuentran en la Bah\u00eda del Fangar una nueva poblaci\u00f3n de nacra, especie en peligro de extinci\u00f3n"}]},{"@type":"WebSite","@id":"https:\/\/www.irta.cat\/es\/#website","url":"https:\/\/www.irta.cat\/es\/","name":"IRTA","description":"Institut de Recerca i Tecnologia Agroaliment\u00e0ries","publisher":{"@id":"https:\/\/www.irta.cat\/es\/#organization"},"alternateName":"%%sitename%% %%sep%% %%title%%","potentialAction":[{"@type":"SearchAction","target":{"@type":"EntryPoint","urlTemplate":"https:\/\/www.irta.cat\/es\/?s={search_term_string}"},"query-input":{"@type":"PropertyValueSpecification","valueRequired":true,"valueName":"search_term_string"}}],"inLanguage":"es"},{"@type":"Organization","@id":"https:\/\/www.irta.cat\/es\/#organization","name":"IRTA","url":"https:\/\/www.irta.cat\/es\/","logo":{"@type":"ImageObject","inLanguage":"es","@id":"https:\/\/www.irta.cat\/es\/#\/schema\/logo\/image\/","url":"https:\/\/www.irta.cat\/wp-content\/uploads\/2023\/04\/Logo-IRTA-verm.png","contentUrl":"https:\/\/www.irta.cat\/wp-content\/uploads\/2023\/04\/Logo-IRTA-verm.png","width":1250,"height":500,"caption":"IRTA"},"image":{"@id":"https:\/\/www.irta.cat\/es\/#\/schema\/logo\/image\/"},"sameAs":["https:\/\/www.facebook.com\/irtacat","https:\/\/x.com\/irtacat"]}]}},"_links":{"self":[{"href":"https:\/\/www.irta.cat\/es\/wp-json\/wp\/v2\/noticia\/58520","targetHints":{"allow":["GET"]}}],"collection":[{"href":"https:\/\/www.irta.cat\/es\/wp-json\/wp\/v2\/noticia"}],"about":[{"href":"https:\/\/www.irta.cat\/es\/wp-json\/wp\/v2\/types\/noticia"}],"version-history":[{"count":0,"href":"https:\/\/www.irta.cat\/es\/wp-json\/wp\/v2\/noticia\/58520\/revisions"}],"wp:featuredmedia":[{"embeddable":true,"href":"https:\/\/www.irta.cat\/es\/wp-json\/wp\/v2\/media\/21968"}],"wp:attachment":[{"href":"https:\/\/www.irta.cat\/es\/wp-json\/wp\/v2\/media?parent=58520"}],"wp:term":[{"taxonomy":"categoria_noticia","embeddable":true,"href":"https:\/\/www.irta.cat\/es\/wp-json\/wp\/v2\/categoria_noticia?post=58520"},{"taxonomy":"etiqueta_filtrar_noticia","embeddable":true,"href":"https:\/\/www.irta.cat\/es\/wp-json\/wp\/v2\/etiqueta_filtrar_noticia?post=58520"}],"curies":[{"name":"wp","href":"https:\/\/api.w.org\/{rel}","templated":true}]}}