{"id":58450,"date":"2019-02-08T12:27:24","date_gmt":"2019-02-08T11:27:24","guid":{"rendered":"https:\/\/www.irta.cat\/noticia\/el-curso-internacional-de-riego-en-almendro-irta-ucdavis-reune-en-lleida-a-medio-centenar-de-profesionales-del-sector\/"},"modified":"2024-11-06T09:34:20","modified_gmt":"2024-11-06T08:34:20","slug":"el-curso-internacional-de-riego-en-almendro-irta-ucdavis-reune-en-lleida-a-medio-centenar-de-profesionales-del-sector","status":"publish","type":"noticia","link":"https:\/\/www.irta.cat\/es\/noticia\/el-curso-internacional-de-riego-en-almendro-irta-ucdavis-reune-en-lleida-a-medio-centenar-de-profesionales-del-sector\/","title":{"rendered":"El Curso Internacional de Riego en Almendro IRTA-UCDavis re\u00fane en Lleida a medio centenar de profesionales del sector"},"content":{"rendered":"\n<div style=\"height:20px\" aria-hidden=\"true\" class=\"wp-block-spacer\"><\/div>\n\n\n\n<a data-flickr-embed=\"true\" href=\"https:\/\/www.flickr.com\/photos\/irtacat\/albums\/72157706623611844\" title=\"Curso Internacional de Riego en Almendro IRTA-UCDavis 2019\"><img decoding=\"async\" src=\"https:\/\/www.irta.cat\/wp-content\/uploads\/40061546003_8cf972a203_b.jpg\" width=\"100%\" alt=\"Curso Internacional de Riego en Almendro IRTA-UCDavis 2019\" loading=\"lazy\"><\/a><script async=\"\" src=\"\/\/embedr.flickr.com\/assets\/client-code.js\" charset=\"utf-8\"><\/script>\n\n\n\n<p>Los pasados d\u00edas 29, 30 y 31 de enero se celebr\u00f3 en Lleida la el <strong>Curso Internacional de Riego en Almendro<\/strong>, organizado conjuntamente por el IRTA y la Universidad de California Davis, con la colaboraci\u00f3n de la Diputaci\u00f3n de Lleida y el apoyo de Caixabank.<\/p>\n\n\n\n<p>El curso fue todo un \u00e9xito de participaci\u00f3n y cubri\u00f3 todas las plazas con casi <strong>50 asistentes<\/strong>, ingenieros y t\u00e9cnicos del sector procedentes de todo el mundo.<\/p>\n\n\n\n<p>Los alumnos pudieron disfrutar durante <strong>3 d\u00edas de sesiones te\u00f3ricas<\/strong> en el edificio del Instituto de Estudios Ilerdenses (Lleida) y <strong>visitas de campo<\/strong> a cultivos de almendro. Se trataron diversos temas de importancia para la gesti\u00f3n eficiente del agua en almendro, como el clima y los requerimientos h\u00eddricos de los cultivos, la importancia de la interacci\u00f3n entre el manejo general del cultivo y el riego o el riego de precisi\u00f3n, y se mostraron los resultados de varias experiencias en cultivos en California, Israel, Andaluc\u00eda y Catalu\u00f1a. Los alumnos recibieron el diploma de asistencia por parte de la presidenta de la Diputaci\u00f3n de Lleida, Rosa Maria Perell\u00f3, y el director general del IRTA, el Dr. Josep Usall y Rodi\u00e9.<\/p>\n\n\n\n<p>Desde el IRTA dirigi\u00f3 el curso el Dr. <a rel=\"noreferrer noopener\" aria-label=\"Joan Girona (opens in a new tab)\" href=\"https:\/\/www.irta.cat\/es\/personal\/joan-girona\/\" target=\"_blank\">Joan Girona<\/a>, asumiendo la parte ejecutiva la Sra. <strong>Merc\u00e8 Mata<\/strong>. El profesorado del curso estuvo formado por expertos mundialmente reconocidos por su actividad cient\u00edfica, t\u00e9cnica y pr\u00e1ctica en la gesti\u00f3n del riego del almendro: el Dr. <strong>Ted DeJong<\/strong> y el Dr. <strong>Joseph Connell<\/strong> (ambos de la <em>UCDavis<\/em>, California), el Dr. <strong>Amos Naor<\/strong> (<em>The Golan Research Instititute<\/em>, Israel), el Dr. <strong>El\u00edas Fereres<\/strong> y el Dr. <strong>Francisco Orgaz<\/strong> (ambos de la Universidad de C\u00f3rdoba y del IAS-CSIC, de Espa\u00f1a). Por parte del IRTA los profesores fueron el Dr. <a href=\"https:\/\/www.irta.cat\/es\/personal\/jaume-casadesus-brugues\/\" target=\"_blank\" rel=\"noreferrer noopener\" aria-label=\"Jaume Casades\u00fas (opens in a new tab)\">Jaume Casades\u00fas<\/a> (jefe del programa de Uso Eficiente del Agua en Agricultura), el Dr. Joaquim Bellvert, el Dr. Omar Garc\u00eda-Tejera, el Dr. Joan Girona y el Dr. Josep Rufat.<\/p>\n\n\n\n<p>Este curso se enmarca en el convenio entre la Universidad de California y el IRTA en materia de gesti\u00f3n eficiente del agua en agricultura, y es el segundo curso internacional en esta materia organizado por ambas instituciones.<\/p>\n\n\n\n<div style=\"height:20px\" aria-hidden=\"true\" class=\"wp-block-spacer\"><\/div>\n\n\n\n<h2 class=\"wp-block-heading\"><strong>El almendro, el cultivo de moda<\/strong><\/h2>\n\n\n\n<p>El cultivo del almendro ha experimentado en los \u00faltimos a\u00f1os un gran crecimiento, <strong>pasando de ser una especie marginal a una popular y rentable industria<\/strong>. Las nuevas tecnolog\u00edas, variedades y t\u00e9cnicas de cultivo han supuesto un cambio muy significativo de cara a conducir las nuevas plantaciones. En este contexto, gestionar de manera eficiente un recurso tan limitado como es el agua resulta de vital importancia para el \u00e9xito de una explotaci\u00f3n.<\/p>\n\n\n\n<p>Por ello, el objetivo del Curso Internacional de Riego en Almendro IRTA-UCDavis es dar a los participantes las herramientas necesarias para permitir <strong>tomar decisiones estrat\u00e9gicas en el manejo del riego<\/strong>.<\/p>\n\n\n\n<p class=\"has-background has-very-light-gray-background-color\"><strong>Si quer\u00e9is estar al corriente de las pr\u00f3ximas convocatorias<\/strong>, pod\u00e9is visitar la web del curso (<a rel=\"noreferrer noopener\" href=\"http:\/\/cursoriegoalmendro.irta.cat\/\" target=\"_blank\">cursoriegoalmendro.irta.cat<\/a>) e <a rel=\"noreferrer noopener\" href=\"http:\/\/eepurl.com\/dNFK_w\" target=\"_blank\">inscribiros en la lista de correo<\/a> y as\u00ed ricibir la informaci\u00f3n directamente. <\/p>\n","protected":false},"featured_media":10851,"template":"","categoria_noticia":[],"etiqueta_filtrar_noticia":[7877],"class_list":["post-58450","noticia","type-noticia","status-publish","has-post-thumbnail","hentry","etiqueta_filtrar_noticia-ponent-terres-de-lleida"],"acf":[],"yoast_head":"<!-- This site is optimized with the Yoast SEO plugin v26.6 - https:\/\/yoast.com\/wordpress\/plugins\/seo\/ -->\r\n<title>El Curso Internacional de Riego en Almendro IRTA-UCDavis re\u00fane en Lleida a medio centenar de profesionales del sector &#187; IRTA<\/title>\r\n<meta name=\"robots\" content=\"index, follow, max-snippet:-1, max-image-preview:large, max-video-preview:-1\" \/>\r\n<link rel=\"canonical\" href=\"https:\/\/www.irta.cat\/es\/noticia\/el-curso-internacional-de-riego-en-almendro-irta-ucdavis-reune-en-lleida-a-medio-centenar-de-profesionales-del-sector\/\" \/>\r\n<meta property=\"og:locale\" content=\"es_ES\" \/>\r\n<meta property=\"og:type\" content=\"article\" \/>\r\n<meta property=\"og:title\" content=\"El Curso Internacional de Riego en Almendro IRTA-UCDavis re\u00fane en Lleida a medio centenar de profesionales del sector &#187; IRTA\" \/>\r\n<meta property=\"og:description\" content=\"Los pasados d\u00edas 29, 30 y 31 de enero se celebr\u00f3 en Lleida la el Curso Internacional de Riego en Almendro, organizado conjuntamente por el IRTA y la Universidad de California Davis, con la colaboraci\u00f3n de la Diputaci\u00f3n de Lleida y el apoyo de Caixabank. El curso fue todo un \u00e9xito de participaci\u00f3n y cubri\u00f3 [&hellip;]\" \/>\r\n<meta property=\"og:url\" content=\"https:\/\/www.irta.cat\/es\/noticia\/el-curso-internacional-de-riego-en-almendro-irta-ucdavis-reune-en-lleida-a-medio-centenar-de-profesionales-del-sector\/\" \/>\r\n<meta property=\"og:site_name\" content=\"IRTA\" \/>\r\n<meta property=\"article:publisher\" content=\"https:\/\/www.facebook.com\/irtacat\" \/>\r\n<meta property=\"article:modified_time\" content=\"2024-11-06T08:34:20+00:00\" \/>\r\n<meta property=\"og:image\" content=\"https:\/\/www.irta.cat\/wp-content\/uploads\/2023\/01\/Curso-riego-almendro-2019-6.jpg\" \/>\r\n\t<meta property=\"og:image:width\" content=\"1920\" \/>\r\n\t<meta property=\"og:image:height\" content=\"1440\" \/>\r\n\t<meta property=\"og:image:type\" content=\"image\/jpeg\" \/>\r\n<meta name=\"twitter:card\" content=\"summary_large_image\" \/>\r\n<meta name=\"twitter:site\" content=\"@irtacat\" \/>\r\n<meta name=\"twitter:label1\" content=\"Tiempo de lectura\" \/>\n\t<meta name=\"twitter:data1\" content=\"3 minutos\" \/>\r\n<script type=\"application\/ld+json\" class=\"yoast-schema-graph\">{\"@context\":\"https:\/\/schema.org\",\"@graph\":[{\"@type\":\"WebPage\",\"@id\":\"https:\/\/www.irta.cat\/es\/noticia\/el-curso-internacional-de-riego-en-almendro-irta-ucdavis-reune-en-lleida-a-medio-centenar-de-profesionales-del-sector\/\",\"url\":\"https:\/\/www.irta.cat\/es\/noticia\/el-curso-internacional-de-riego-en-almendro-irta-ucdavis-reune-en-lleida-a-medio-centenar-de-profesionales-del-sector\/\",\"name\":\"El Curso Internacional de Riego en Almendro IRTA-UCDavis re\u00fane en Lleida a medio centenar de profesionales del sector &#187; IRTA\",\"isPartOf\":{\"@id\":\"https:\/\/www.irta.cat\/es\/#website\"},\"primaryImageOfPage\":{\"@id\":\"https:\/\/www.irta.cat\/es\/noticia\/el-curso-internacional-de-riego-en-almendro-irta-ucdavis-reune-en-lleida-a-medio-centenar-de-profesionales-del-sector\/#primaryimage\"},\"image\":{\"@id\":\"https:\/\/www.irta.cat\/es\/noticia\/el-curso-internacional-de-riego-en-almendro-irta-ucdavis-reune-en-lleida-a-medio-centenar-de-profesionales-del-sector\/#primaryimage\"},\"thumbnailUrl\":\"https:\/\/www.irta.cat\/wp-content\/uploads\/2023\/01\/Curso-riego-almendro-2019-6.jpg\",\"datePublished\":\"2019-02-08T11:27:24+00:00\",\"dateModified\":\"2024-11-06T08:34:20+00:00\",\"breadcrumb\":{\"@id\":\"https:\/\/www.irta.cat\/es\/noticia\/el-curso-internacional-de-riego-en-almendro-irta-ucdavis-reune-en-lleida-a-medio-centenar-de-profesionales-del-sector\/#breadcrumb\"},\"inLanguage\":\"es\",\"potentialAction\":[{\"@type\":\"ReadAction\",\"target\":[\"https:\/\/www.irta.cat\/es\/noticia\/el-curso-internacional-de-riego-en-almendro-irta-ucdavis-reune-en-lleida-a-medio-centenar-de-profesionales-del-sector\/\"]}]},{\"@type\":\"ImageObject\",\"inLanguage\":\"es\",\"@id\":\"https:\/\/www.irta.cat\/es\/noticia\/el-curso-internacional-de-riego-en-almendro-irta-ucdavis-reune-en-lleida-a-medio-centenar-de-profesionales-del-sector\/#primaryimage\",\"url\":\"https:\/\/www.irta.cat\/wp-content\/uploads\/2023\/01\/Curso-riego-almendro-2019-6.jpg\",\"contentUrl\":\"https:\/\/www.irta.cat\/wp-content\/uploads\/2023\/01\/Curso-riego-almendro-2019-6.jpg\",\"width\":1920,\"height\":1440},{\"@type\":\"BreadcrumbList\",\"@id\":\"https:\/\/www.irta.cat\/es\/noticia\/el-curso-internacional-de-riego-en-almendro-irta-ucdavis-reune-en-lleida-a-medio-centenar-de-profesionales-del-sector\/#breadcrumb\",\"itemListElement\":[{\"@type\":\"ListItem\",\"position\":1,\"name\":\"Inici\",\"item\":\"https:\/\/www.irta.cat\/es\/\"},{\"@type\":\"ListItem\",\"position\":2,\"name\":\"El Curso Internacional de Riego en Almendro IRTA-UCDavis re\u00fane en Lleida a medio centenar de profesionales del sector\"}]},{\"@type\":\"WebSite\",\"@id\":\"https:\/\/www.irta.cat\/es\/#website\",\"url\":\"https:\/\/www.irta.cat\/es\/\",\"name\":\"IRTA\",\"description\":\"Institut de Recerca i Tecnologia Agroaliment\u00e0ries\",\"publisher\":{\"@id\":\"https:\/\/www.irta.cat\/es\/#organization\"},\"alternateName\":\"%%sitename%% %%sep%% %%title%%\",\"potentialAction\":[{\"@type\":\"SearchAction\",\"target\":{\"@type\":\"EntryPoint\",\"urlTemplate\":\"https:\/\/www.irta.cat\/es\/?s={search_term_string}\"},\"query-input\":{\"@type\":\"PropertyValueSpecification\",\"valueRequired\":true,\"valueName\":\"search_term_string\"}}],\"inLanguage\":\"es\"},{\"@type\":\"Organization\",\"@id\":\"https:\/\/www.irta.cat\/es\/#organization\",\"name\":\"IRTA\",\"url\":\"https:\/\/www.irta.cat\/es\/\",\"logo\":{\"@type\":\"ImageObject\",\"inLanguage\":\"es\",\"@id\":\"https:\/\/www.irta.cat\/es\/#\/schema\/logo\/image\/\",\"url\":\"https:\/\/www.irta.cat\/wp-content\/uploads\/2023\/04\/Logo-IRTA-verm.png\",\"contentUrl\":\"https:\/\/www.irta.cat\/wp-content\/uploads\/2023\/04\/Logo-IRTA-verm.png\",\"width\":1250,\"height\":500,\"caption\":\"IRTA\"},\"image\":{\"@id\":\"https:\/\/www.irta.cat\/es\/#\/schema\/logo\/image\/\"},\"sameAs\":[\"https:\/\/www.facebook.com\/irtacat\",\"https:\/\/x.com\/irtacat\"]}]}<\/script>\r\n<!-- \/ Yoast SEO plugin. -->","yoast_head_json":{"title":"El Curso Internacional de Riego en Almendro IRTA-UCDavis re\u00fane en Lleida a medio centenar de profesionales del sector &#187; IRTA","robots":{"index":"index","follow":"follow","max-snippet":"max-snippet:-1","max-image-preview":"max-image-preview:large","max-video-preview":"max-video-preview:-1"},"canonical":"https:\/\/www.irta.cat\/es\/noticia\/el-curso-internacional-de-riego-en-almendro-irta-ucdavis-reune-en-lleida-a-medio-centenar-de-profesionales-del-sector\/","og_locale":"es_ES","og_type":"article","og_title":"El Curso Internacional de Riego en Almendro IRTA-UCDavis re\u00fane en Lleida a medio centenar de profesionales del sector &#187; IRTA","og_description":"Los pasados d\u00edas 29, 30 y 31 de enero se celebr\u00f3 en Lleida la el Curso Internacional de Riego en Almendro, organizado conjuntamente por el IRTA y la Universidad de California Davis, con la colaboraci\u00f3n de la Diputaci\u00f3n de Lleida y el apoyo de Caixabank. El curso fue todo un \u00e9xito de participaci\u00f3n y cubri\u00f3 [&hellip;]","og_url":"https:\/\/www.irta.cat\/es\/noticia\/el-curso-internacional-de-riego-en-almendro-irta-ucdavis-reune-en-lleida-a-medio-centenar-de-profesionales-del-sector\/","og_site_name":"IRTA","article_publisher":"https:\/\/www.facebook.com\/irtacat","article_modified_time":"2024-11-06T08:34:20+00:00","og_image":[{"width":1920,"height":1440,"url":"https:\/\/www.irta.cat\/wp-content\/uploads\/2023\/01\/Curso-riego-almendro-2019-6.jpg","type":"image\/jpeg"}],"twitter_card":"summary_large_image","twitter_site":"@irtacat","twitter_misc":{"Tiempo de lectura":"3 minutos"},"schema":{"@context":"https:\/\/schema.org","@graph":[{"@type":"WebPage","@id":"https:\/\/www.irta.cat\/es\/noticia\/el-curso-internacional-de-riego-en-almendro-irta-ucdavis-reune-en-lleida-a-medio-centenar-de-profesionales-del-sector\/","url":"https:\/\/www.irta.cat\/es\/noticia\/el-curso-internacional-de-riego-en-almendro-irta-ucdavis-reune-en-lleida-a-medio-centenar-de-profesionales-del-sector\/","name":"El Curso Internacional de Riego en Almendro IRTA-UCDavis re\u00fane en Lleida a medio centenar de profesionales del sector &#187; IRTA","isPartOf":{"@id":"https:\/\/www.irta.cat\/es\/#website"},"primaryImageOfPage":{"@id":"https:\/\/www.irta.cat\/es\/noticia\/el-curso-internacional-de-riego-en-almendro-irta-ucdavis-reune-en-lleida-a-medio-centenar-de-profesionales-del-sector\/#primaryimage"},"image":{"@id":"https:\/\/www.irta.cat\/es\/noticia\/el-curso-internacional-de-riego-en-almendro-irta-ucdavis-reune-en-lleida-a-medio-centenar-de-profesionales-del-sector\/#primaryimage"},"thumbnailUrl":"https:\/\/www.irta.cat\/wp-content\/uploads\/2023\/01\/Curso-riego-almendro-2019-6.jpg","datePublished":"2019-02-08T11:27:24+00:00","dateModified":"2024-11-06T08:34:20+00:00","breadcrumb":{"@id":"https:\/\/www.irta.cat\/es\/noticia\/el-curso-internacional-de-riego-en-almendro-irta-ucdavis-reune-en-lleida-a-medio-centenar-de-profesionales-del-sector\/#breadcrumb"},"inLanguage":"es","potentialAction":[{"@type":"ReadAction","target":["https:\/\/www.irta.cat\/es\/noticia\/el-curso-internacional-de-riego-en-almendro-irta-ucdavis-reune-en-lleida-a-medio-centenar-de-profesionales-del-sector\/"]}]},{"@type":"ImageObject","inLanguage":"es","@id":"https:\/\/www.irta.cat\/es\/noticia\/el-curso-internacional-de-riego-en-almendro-irta-ucdavis-reune-en-lleida-a-medio-centenar-de-profesionales-del-sector\/#primaryimage","url":"https:\/\/www.irta.cat\/wp-content\/uploads\/2023\/01\/Curso-riego-almendro-2019-6.jpg","contentUrl":"https:\/\/www.irta.cat\/wp-content\/uploads\/2023\/01\/Curso-riego-almendro-2019-6.jpg","width":1920,"height":1440},{"@type":"BreadcrumbList","@id":"https:\/\/www.irta.cat\/es\/noticia\/el-curso-internacional-de-riego-en-almendro-irta-ucdavis-reune-en-lleida-a-medio-centenar-de-profesionales-del-sector\/#breadcrumb","itemListElement":[{"@type":"ListItem","position":1,"name":"Inici","item":"https:\/\/www.irta.cat\/es\/"},{"@type":"ListItem","position":2,"name":"El Curso Internacional de Riego en Almendro IRTA-UCDavis re\u00fane en Lleida a medio centenar de profesionales del sector"}]},{"@type":"WebSite","@id":"https:\/\/www.irta.cat\/es\/#website","url":"https:\/\/www.irta.cat\/es\/","name":"IRTA","description":"Institut de Recerca i Tecnologia Agroaliment\u00e0ries","publisher":{"@id":"https:\/\/www.irta.cat\/es\/#organization"},"alternateName":"%%sitename%% %%sep%% %%title%%","potentialAction":[{"@type":"SearchAction","target":{"@type":"EntryPoint","urlTemplate":"https:\/\/www.irta.cat\/es\/?s={search_term_string}"},"query-input":{"@type":"PropertyValueSpecification","valueRequired":true,"valueName":"search_term_string"}}],"inLanguage":"es"},{"@type":"Organization","@id":"https:\/\/www.irta.cat\/es\/#organization","name":"IRTA","url":"https:\/\/www.irta.cat\/es\/","logo":{"@type":"ImageObject","inLanguage":"es","@id":"https:\/\/www.irta.cat\/es\/#\/schema\/logo\/image\/","url":"https:\/\/www.irta.cat\/wp-content\/uploads\/2023\/04\/Logo-IRTA-verm.png","contentUrl":"https:\/\/www.irta.cat\/wp-content\/uploads\/2023\/04\/Logo-IRTA-verm.png","width":1250,"height":500,"caption":"IRTA"},"image":{"@id":"https:\/\/www.irta.cat\/es\/#\/schema\/logo\/image\/"},"sameAs":["https:\/\/www.facebook.com\/irtacat","https:\/\/x.com\/irtacat"]}]}},"_links":{"self":[{"href":"https:\/\/www.irta.cat\/es\/wp-json\/wp\/v2\/noticia\/58450","targetHints":{"allow":["GET"]}}],"collection":[{"href":"https:\/\/www.irta.cat\/es\/wp-json\/wp\/v2\/noticia"}],"about":[{"href":"https:\/\/www.irta.cat\/es\/wp-json\/wp\/v2\/types\/noticia"}],"version-history":[{"count":0,"href":"https:\/\/www.irta.cat\/es\/wp-json\/wp\/v2\/noticia\/58450\/revisions"}],"wp:featuredmedia":[{"embeddable":true,"href":"https:\/\/www.irta.cat\/es\/wp-json\/wp\/v2\/media\/10851"}],"wp:attachment":[{"href":"https:\/\/www.irta.cat\/es\/wp-json\/wp\/v2\/media?parent=58450"}],"wp:term":[{"taxonomy":"categoria_noticia","embeddable":true,"href":"https:\/\/www.irta.cat\/es\/wp-json\/wp\/v2\/categoria_noticia?post=58450"},{"taxonomy":"etiqueta_filtrar_noticia","embeddable":true,"href":"https:\/\/www.irta.cat\/es\/wp-json\/wp\/v2\/etiqueta_filtrar_noticia?post=58450"}],"curies":[{"name":"wp","href":"https:\/\/api.w.org\/{rel}","templated":true}]}}