{"id":58411,"date":"2018-12-20T12:18:22","date_gmt":"2018-12-20T11:18:22","guid":{"rendered":"https:\/\/www.irta.cat\/noticia\/el-irta-y-la-agencia-catalana-del-agua-continuaran-trabajando-para-el-seguimiento-y-control-del-tramo-final-del-rio-ebro\/"},"modified":"2024-11-06T09:33:29","modified_gmt":"2024-11-06T08:33:29","slug":"el-irta-y-la-agencia-catalana-del-agua-continuaran-trabajando-para-el-seguimiento-y-control-del-tramo-final-del-rio-ebro","status":"publish","type":"noticia","link":"https:\/\/www.irta.cat\/es\/noticia\/el-irta-y-la-agencia-catalana-del-agua-continuaran-trabajando-para-el-seguimiento-y-control-del-tramo-final-del-rio-ebro\/","title":{"rendered":"El IRTA y la Agencia Catalana del Agua continuar\u00e1n trabajando para el seguimiento y control del tramo final del r\u00edo Ebro"},"content":{"rendered":"<p>&nbsp;<\/p>\n<ul style=\"list-style-type: square;\">\n<li>\n<h3><strong>Se ha prorrogado, para un periodo de 4 a\u00f1os, el convenio entre el ACA y el IRTA que permite coordinar, mantener y evaluar la Red de Indicadores Ambientales del Delta del Ebro (XIADE)<\/strong><\/h3>\n<\/li>\n<li>\n<h3><strong>Se destinar\u00e1n cerca de 390.000 euros para garantizar el funcionamiento de esta red para el per\u00edodo de 4 a\u00f1os<\/strong><\/h3>\n<\/li>\n<\/ul>\n<p>&nbsp;<\/p>\n<div>\n<p>El consejo de administraci\u00f3n de la Agencia Catalana del Agua (ACA) aprob\u00f3 el pasado 18 de diciembre la pr\u00f3rroga del convenio suscrito por la agencia y el IRTA, para garantizar el funcionamiento de los diferentes elementos que componen la Red de Indicadores Ambientales del Delta del Ebro (XIADE). Hasta finales de 2022, se realizar\u00e1 una inversi\u00f3n cercana a los 390.000 (unos 100.000 euros anuales). 280.000 euros se destinar\u00e1n al control de calidad y evaluaci\u00f3n del estado de las masas de agua y los restantes 110.000 euros servir\u00e1n para mejorar el conocimiento para hacer posible unos caudales ecol\u00f3gicos y el transporte de sedimentos adecuados para combatir la regresi\u00f3n del delta.<\/p>\n<p>La pr\u00f3rroga de este acuerdo, por tanto, har\u00e1 posible continuar con las tareas de recogida de muestras biol\u00f3gicas, as\u00ed como el an\u00e1lisis de nutrientes, el c\u00e1lculo de indicadores biol\u00f3gicos y el an\u00e1lisis de transporte de sedimentos en crecidas controladas y caudales ecol\u00f3gicos en el tramo final del r\u00edo Ebro y sus principales afluentes. Tambi\u00e9n se llevar\u00e1 a cabo el mantenimiento y limpieza de los sensores de calidad instalados en las bah\u00edas y los sensores de subsidencia (SET), entre otras acciones.<\/p>\n<p>La Red de Indicadores Ambientales del Delta del Ebro (XIADE) a cargo de la ACA est\u00e1 compuesta por 4 sensores de calidad instalados en las bah\u00edas, 18 piez\u00f3metros sensorizados, 56 estaciones SET de control de subsidencia, y un laboratorio equipado para la valoraci\u00f3n del estado del tramo final del r\u00edo Ebro y sus principales afluentes, as\u00ed como de las lagunas litorales y el estuario. La inversi\u00f3n por parte del Estado espa\u00f1ol fue en su momento de 12 millones de euros, en una iniciativa para controlar la evoluci\u00f3n de este espacio natural protegido y muy fr\u00e1gil, a ra\u00edz de la regresi\u00f3n por la falta de sedimentos, la subsidencia y el avance del mar a ra\u00edz de los efectos del cambio clim\u00e1tico.<\/p>\n<p>&nbsp;<\/p>\n<\/div>\n<div id=\"attachment_26156\" style=\"width: 1108px\" class=\"wp-caption alignnone\"><img loading=\"lazy\" decoding=\"async\" aria-describedby=\"caption-attachment-26156\" class=\"wp-image-26156 size-full\" src=\"https:\/\/www.irta.cat\/wp-content\/uploads\/2023\/01\/Punts-control-XIADE.jpg\" alt=\"\" width=\"1098\" height=\"754\" \/><p id=\"caption-attachment-26156\" class=\"wp-caption-text\">Mapa amb els diferents punts de control de la XIADE (font: ACA)<\/p><\/div>\n","protected":false},"featured_media":10952,"template":"","categoria_noticia":[],"etiqueta_filtrar_noticia":[],"class_list":["post-58411","noticia","type-noticia","status-publish","has-post-thumbnail","hentry"],"acf":[],"yoast_head":"<!-- This site is optimized with the Yoast SEO plugin v26.6 - https:\/\/yoast.com\/wordpress\/plugins\/seo\/ -->\r\n<title>El IRTA y la Agencia Catalana del Agua continuar\u00e1n trabajando para el seguimiento y control del tramo final del r\u00edo Ebro &#187; IRTA<\/title>\r\n<meta name=\"robots\" content=\"index, follow, max-snippet:-1, max-image-preview:large, max-video-preview:-1\" \/>\r\n<link rel=\"canonical\" href=\"https:\/\/www.irta.cat\/es\/noticia\/el-irta-y-la-agencia-catalana-del-agua-continuaran-trabajando-para-el-seguimiento-y-control-del-tramo-final-del-rio-ebro\/\" \/>\r\n<meta property=\"og:locale\" content=\"es_ES\" \/>\r\n<meta property=\"og:type\" content=\"article\" \/>\r\n<meta property=\"og:title\" content=\"El IRTA y la Agencia Catalana del Agua continuar\u00e1n trabajando para el seguimiento y control del tramo final del r\u00edo Ebro &#187; IRTA\" \/>\r\n<meta property=\"og:description\" content=\"&nbsp; Se ha prorrogado, para un periodo de 4 a\u00f1os, el convenio entre el ACA y el IRTA que permite coordinar, mantener y evaluar la Red de Indicadores Ambientales del Delta del Ebro (XIADE) Se destinar\u00e1n cerca de 390.000 euros para garantizar el funcionamiento de esta red para el per\u00edodo de 4 a\u00f1os &nbsp; El [&hellip;]\" \/>\r\n<meta property=\"og:url\" content=\"https:\/\/www.irta.cat\/es\/noticia\/el-irta-y-la-agencia-catalana-del-agua-continuaran-trabajando-para-el-seguimiento-y-control-del-tramo-final-del-rio-ebro\/\" \/>\r\n<meta property=\"og:site_name\" content=\"IRTA\" \/>\r\n<meta property=\"article:publisher\" content=\"https:\/\/www.facebook.com\/irtacat\" \/>\r\n<meta property=\"article:modified_time\" content=\"2024-11-06T08:33:29+00:00\" \/>\r\n<meta property=\"og:image\" content=\"https:\/\/www.irta.cat\/wp-content\/uploads\/2023\/01\/Punts-control-XIADE.jpg\" \/>\r\n\t<meta property=\"og:image:width\" content=\"1098\" \/>\r\n\t<meta property=\"og:image:height\" content=\"754\" \/>\r\n\t<meta property=\"og:image:type\" content=\"image\/jpeg\" \/>\r\n<meta name=\"twitter:card\" content=\"summary_large_image\" \/>\r\n<meta name=\"twitter:site\" content=\"@irtacat\" \/>\r\n<meta name=\"twitter:label1\" content=\"Tiempo de lectura\" \/>\n\t<meta name=\"twitter:data1\" content=\"2 minutos\" \/>\r\n<script type=\"application\/ld+json\" class=\"yoast-schema-graph\">{\"@context\":\"https:\/\/schema.org\",\"@graph\":[{\"@type\":\"WebPage\",\"@id\":\"https:\/\/www.irta.cat\/es\/noticia\/el-irta-y-la-agencia-catalana-del-agua-continuaran-trabajando-para-el-seguimiento-y-control-del-tramo-final-del-rio-ebro\/\",\"url\":\"https:\/\/www.irta.cat\/es\/noticia\/el-irta-y-la-agencia-catalana-del-agua-continuaran-trabajando-para-el-seguimiento-y-control-del-tramo-final-del-rio-ebro\/\",\"name\":\"El IRTA y la Agencia Catalana del Agua continuar\u00e1n trabajando para el seguimiento y control del tramo final del r\u00edo Ebro &#187; IRTA\",\"isPartOf\":{\"@id\":\"https:\/\/www.irta.cat\/es\/#website\"},\"primaryImageOfPage\":{\"@id\":\"https:\/\/www.irta.cat\/es\/noticia\/el-irta-y-la-agencia-catalana-del-agua-continuaran-trabajando-para-el-seguimiento-y-control-del-tramo-final-del-rio-ebro\/#primaryimage\"},\"image\":{\"@id\":\"https:\/\/www.irta.cat\/es\/noticia\/el-irta-y-la-agencia-catalana-del-agua-continuaran-trabajando-para-el-seguimiento-y-control-del-tramo-final-del-rio-ebro\/#primaryimage\"},\"thumbnailUrl\":\"https:\/\/www.irta.cat\/wp-content\/uploads\/2023\/01\/Punts-control-XIADE.jpg\",\"datePublished\":\"2018-12-20T11:18:22+00:00\",\"dateModified\":\"2024-11-06T08:33:29+00:00\",\"breadcrumb\":{\"@id\":\"https:\/\/www.irta.cat\/es\/noticia\/el-irta-y-la-agencia-catalana-del-agua-continuaran-trabajando-para-el-seguimiento-y-control-del-tramo-final-del-rio-ebro\/#breadcrumb\"},\"inLanguage\":\"es\",\"potentialAction\":[{\"@type\":\"ReadAction\",\"target\":[\"https:\/\/www.irta.cat\/es\/noticia\/el-irta-y-la-agencia-catalana-del-agua-continuaran-trabajando-para-el-seguimiento-y-control-del-tramo-final-del-rio-ebro\/\"]}]},{\"@type\":\"ImageObject\",\"inLanguage\":\"es\",\"@id\":\"https:\/\/www.irta.cat\/es\/noticia\/el-irta-y-la-agencia-catalana-del-agua-continuaran-trabajando-para-el-seguimiento-y-control-del-tramo-final-del-rio-ebro\/#primaryimage\",\"url\":\"https:\/\/www.irta.cat\/wp-content\/uploads\/2023\/01\/Punts-control-XIADE.jpg\",\"contentUrl\":\"https:\/\/www.irta.cat\/wp-content\/uploads\/2023\/01\/Punts-control-XIADE.jpg\",\"width\":1098,\"height\":754},{\"@type\":\"BreadcrumbList\",\"@id\":\"https:\/\/www.irta.cat\/es\/noticia\/el-irta-y-la-agencia-catalana-del-agua-continuaran-trabajando-para-el-seguimiento-y-control-del-tramo-final-del-rio-ebro\/#breadcrumb\",\"itemListElement\":[{\"@type\":\"ListItem\",\"position\":1,\"name\":\"Inici\",\"item\":\"https:\/\/www.irta.cat\/es\/\"},{\"@type\":\"ListItem\",\"position\":2,\"name\":\"El IRTA y la Agencia Catalana del Agua continuar\u00e1n trabajando para el seguimiento y control del tramo final del r\u00edo Ebro\"}]},{\"@type\":\"WebSite\",\"@id\":\"https:\/\/www.irta.cat\/es\/#website\",\"url\":\"https:\/\/www.irta.cat\/es\/\",\"name\":\"IRTA\",\"description\":\"Institut de Recerca i Tecnologia Agroaliment\u00e0ries\",\"publisher\":{\"@id\":\"https:\/\/www.irta.cat\/es\/#organization\"},\"alternateName\":\"%%sitename%% %%sep%% %%title%%\",\"potentialAction\":[{\"@type\":\"SearchAction\",\"target\":{\"@type\":\"EntryPoint\",\"urlTemplate\":\"https:\/\/www.irta.cat\/es\/?s={search_term_string}\"},\"query-input\":{\"@type\":\"PropertyValueSpecification\",\"valueRequired\":true,\"valueName\":\"search_term_string\"}}],\"inLanguage\":\"es\"},{\"@type\":\"Organization\",\"@id\":\"https:\/\/www.irta.cat\/es\/#organization\",\"name\":\"IRTA\",\"url\":\"https:\/\/www.irta.cat\/es\/\",\"logo\":{\"@type\":\"ImageObject\",\"inLanguage\":\"es\",\"@id\":\"https:\/\/www.irta.cat\/es\/#\/schema\/logo\/image\/\",\"url\":\"https:\/\/www.irta.cat\/wp-content\/uploads\/2023\/04\/Logo-IRTA-verm.png\",\"contentUrl\":\"https:\/\/www.irta.cat\/wp-content\/uploads\/2023\/04\/Logo-IRTA-verm.png\",\"width\":1250,\"height\":500,\"caption\":\"IRTA\"},\"image\":{\"@id\":\"https:\/\/www.irta.cat\/es\/#\/schema\/logo\/image\/\"},\"sameAs\":[\"https:\/\/www.facebook.com\/irtacat\",\"https:\/\/x.com\/irtacat\"]}]}<\/script>\r\n<!-- \/ Yoast SEO plugin. -->","yoast_head_json":{"title":"El IRTA y la Agencia Catalana del Agua continuar\u00e1n trabajando para el seguimiento y control del tramo final del r\u00edo Ebro &#187; IRTA","robots":{"index":"index","follow":"follow","max-snippet":"max-snippet:-1","max-image-preview":"max-image-preview:large","max-video-preview":"max-video-preview:-1"},"canonical":"https:\/\/www.irta.cat\/es\/noticia\/el-irta-y-la-agencia-catalana-del-agua-continuaran-trabajando-para-el-seguimiento-y-control-del-tramo-final-del-rio-ebro\/","og_locale":"es_ES","og_type":"article","og_title":"El IRTA y la Agencia Catalana del Agua continuar\u00e1n trabajando para el seguimiento y control del tramo final del r\u00edo Ebro &#187; IRTA","og_description":"&nbsp; Se ha prorrogado, para un periodo de 4 a\u00f1os, el convenio entre el ACA y el IRTA que permite coordinar, mantener y evaluar la Red de Indicadores Ambientales del Delta del Ebro (XIADE) Se destinar\u00e1n cerca de 390.000 euros para garantizar el funcionamiento de esta red para el per\u00edodo de 4 a\u00f1os &nbsp; El [&hellip;]","og_url":"https:\/\/www.irta.cat\/es\/noticia\/el-irta-y-la-agencia-catalana-del-agua-continuaran-trabajando-para-el-seguimiento-y-control-del-tramo-final-del-rio-ebro\/","og_site_name":"IRTA","article_publisher":"https:\/\/www.facebook.com\/irtacat","article_modified_time":"2024-11-06T08:33:29+00:00","og_image":[{"width":1098,"height":754,"url":"https:\/\/www.irta.cat\/wp-content\/uploads\/2023\/01\/Punts-control-XIADE.jpg","type":"image\/jpeg"}],"twitter_card":"summary_large_image","twitter_site":"@irtacat","twitter_misc":{"Tiempo de lectura":"2 minutos"},"schema":{"@context":"https:\/\/schema.org","@graph":[{"@type":"WebPage","@id":"https:\/\/www.irta.cat\/es\/noticia\/el-irta-y-la-agencia-catalana-del-agua-continuaran-trabajando-para-el-seguimiento-y-control-del-tramo-final-del-rio-ebro\/","url":"https:\/\/www.irta.cat\/es\/noticia\/el-irta-y-la-agencia-catalana-del-agua-continuaran-trabajando-para-el-seguimiento-y-control-del-tramo-final-del-rio-ebro\/","name":"El IRTA y la Agencia Catalana del Agua continuar\u00e1n trabajando para el seguimiento y control del tramo final del r\u00edo Ebro &#187; IRTA","isPartOf":{"@id":"https:\/\/www.irta.cat\/es\/#website"},"primaryImageOfPage":{"@id":"https:\/\/www.irta.cat\/es\/noticia\/el-irta-y-la-agencia-catalana-del-agua-continuaran-trabajando-para-el-seguimiento-y-control-del-tramo-final-del-rio-ebro\/#primaryimage"},"image":{"@id":"https:\/\/www.irta.cat\/es\/noticia\/el-irta-y-la-agencia-catalana-del-agua-continuaran-trabajando-para-el-seguimiento-y-control-del-tramo-final-del-rio-ebro\/#primaryimage"},"thumbnailUrl":"https:\/\/www.irta.cat\/wp-content\/uploads\/2023\/01\/Punts-control-XIADE.jpg","datePublished":"2018-12-20T11:18:22+00:00","dateModified":"2024-11-06T08:33:29+00:00","breadcrumb":{"@id":"https:\/\/www.irta.cat\/es\/noticia\/el-irta-y-la-agencia-catalana-del-agua-continuaran-trabajando-para-el-seguimiento-y-control-del-tramo-final-del-rio-ebro\/#breadcrumb"},"inLanguage":"es","potentialAction":[{"@type":"ReadAction","target":["https:\/\/www.irta.cat\/es\/noticia\/el-irta-y-la-agencia-catalana-del-agua-continuaran-trabajando-para-el-seguimiento-y-control-del-tramo-final-del-rio-ebro\/"]}]},{"@type":"ImageObject","inLanguage":"es","@id":"https:\/\/www.irta.cat\/es\/noticia\/el-irta-y-la-agencia-catalana-del-agua-continuaran-trabajando-para-el-seguimiento-y-control-del-tramo-final-del-rio-ebro\/#primaryimage","url":"https:\/\/www.irta.cat\/wp-content\/uploads\/2023\/01\/Punts-control-XIADE.jpg","contentUrl":"https:\/\/www.irta.cat\/wp-content\/uploads\/2023\/01\/Punts-control-XIADE.jpg","width":1098,"height":754},{"@type":"BreadcrumbList","@id":"https:\/\/www.irta.cat\/es\/noticia\/el-irta-y-la-agencia-catalana-del-agua-continuaran-trabajando-para-el-seguimiento-y-control-del-tramo-final-del-rio-ebro\/#breadcrumb","itemListElement":[{"@type":"ListItem","position":1,"name":"Inici","item":"https:\/\/www.irta.cat\/es\/"},{"@type":"ListItem","position":2,"name":"El IRTA y la Agencia Catalana del Agua continuar\u00e1n trabajando para el seguimiento y control del tramo final del r\u00edo Ebro"}]},{"@type":"WebSite","@id":"https:\/\/www.irta.cat\/es\/#website","url":"https:\/\/www.irta.cat\/es\/","name":"IRTA","description":"Institut de Recerca i Tecnologia Agroaliment\u00e0ries","publisher":{"@id":"https:\/\/www.irta.cat\/es\/#organization"},"alternateName":"%%sitename%% %%sep%% %%title%%","potentialAction":[{"@type":"SearchAction","target":{"@type":"EntryPoint","urlTemplate":"https:\/\/www.irta.cat\/es\/?s={search_term_string}"},"query-input":{"@type":"PropertyValueSpecification","valueRequired":true,"valueName":"search_term_string"}}],"inLanguage":"es"},{"@type":"Organization","@id":"https:\/\/www.irta.cat\/es\/#organization","name":"IRTA","url":"https:\/\/www.irta.cat\/es\/","logo":{"@type":"ImageObject","inLanguage":"es","@id":"https:\/\/www.irta.cat\/es\/#\/schema\/logo\/image\/","url":"https:\/\/www.irta.cat\/wp-content\/uploads\/2023\/04\/Logo-IRTA-verm.png","contentUrl":"https:\/\/www.irta.cat\/wp-content\/uploads\/2023\/04\/Logo-IRTA-verm.png","width":1250,"height":500,"caption":"IRTA"},"image":{"@id":"https:\/\/www.irta.cat\/es\/#\/schema\/logo\/image\/"},"sameAs":["https:\/\/www.facebook.com\/irtacat","https:\/\/x.com\/irtacat"]}]}},"_links":{"self":[{"href":"https:\/\/www.irta.cat\/es\/wp-json\/wp\/v2\/noticia\/58411","targetHints":{"allow":["GET"]}}],"collection":[{"href":"https:\/\/www.irta.cat\/es\/wp-json\/wp\/v2\/noticia"}],"about":[{"href":"https:\/\/www.irta.cat\/es\/wp-json\/wp\/v2\/types\/noticia"}],"version-history":[{"count":0,"href":"https:\/\/www.irta.cat\/es\/wp-json\/wp\/v2\/noticia\/58411\/revisions"}],"wp:featuredmedia":[{"embeddable":true,"href":"https:\/\/www.irta.cat\/es\/wp-json\/wp\/v2\/media\/10952"}],"wp:attachment":[{"href":"https:\/\/www.irta.cat\/es\/wp-json\/wp\/v2\/media?parent=58411"}],"wp:term":[{"taxonomy":"categoria_noticia","embeddable":true,"href":"https:\/\/www.irta.cat\/es\/wp-json\/wp\/v2\/categoria_noticia?post=58411"},{"taxonomy":"etiqueta_filtrar_noticia","embeddable":true,"href":"https:\/\/www.irta.cat\/es\/wp-json\/wp\/v2\/etiqueta_filtrar_noticia?post=58411"}],"curies":[{"name":"wp","href":"https:\/\/api.w.org\/{rel}","templated":true}]}}