{"id":58297,"date":"2018-09-06T10:14:29","date_gmt":"2018-09-06T08:14:29","guid":{"rendered":"https:\/\/www.irta.cat\/noticia\/la-jornada-recomex-ofrece-informacion-a-los-productores-para-tomar-decisiones-para-la-proxima-campana\/"},"modified":"2024-11-06T09:30:32","modified_gmt":"2024-11-06T08:30:32","slug":"la-jornada-recomex-ofrece-informacion-a-los-productores-para-tomar-decisiones-para-la-proxima-campana","status":"publish","type":"noticia","link":"https:\/\/www.irta.cat\/es\/noticia\/la-jornada-recomex-ofrece-informacion-a-los-productores-para-tomar-decisiones-para-la-proxima-campana\/","title":{"rendered":"La jornada RECOMEX ofrece informaci\u00f3n a los productores para tomar decisiones para la pr\u00f3xima campa\u00f1a"},"content":{"rendered":"<p><img decoding=\"async\" class=\"aligncenter size-full wp-image-19441\" src=\"https:\/\/www.irta.cat\/wp-content\/uploads\/2018\/09\/Recomex-10-scaled.jpg\" alt=\"\" width=\"100%\" loading=\"lazy\" \/><\/p>\n<ul>\n<li>\n<h3><strong>Gaireb\u00e9 400 profesionales del sector de los cultivos extensivos asisten a la IX edici\u00f3n de la jornada<\/strong><\/h3>\n<\/li>\n<li>\n<h3><strong>La actividad, organizada por el IRTA, forma parte del Plan Anual de Transferencia Tecnol\u00f3gica del Departamento de Agricultura<\/strong><\/h3>\n<\/li>\n<\/ul>\n<p>Esta ma\u00f1ana se ha celebrado en Calaf la jornada <strong>\u00abRECOMEX, Resultados de ensayos e innovaciones en cultivos extensivos de invierno\u00bb<\/strong> donde se han presentado las principales problem\u00e1ticas y resultados de la investigaci\u00f3n de campa\u00f1a anterior y las innovaciones en los cultivos extensivos de invierno. Esta jornada de referencia, organizada anualmente por el IRTA, forma parte del Plan anual de Transferencia Tecnol\u00f3gica (PATT) del Departamento de Agricultura, Ganader\u00eda, Pesca y Alimentaci\u00f3n de la Generalitat de Catalunya, y cuenta con la colaboraci\u00f3n de empresas y organizaciones del sector.<\/p>\n<p>Durante la presentaci\u00f3n, el conductor de la jornada, Joan Serra, ha destacado la importancia de la colaboraci\u00f3n entre el sector p\u00fablico y el privado para hacer posible la innovaci\u00f3n. La jornada tiene como objetivo hacer llegar a los productores la informaci\u00f3n necesaria en el momento en que se han de tomar decisiones para la siguiente campa\u00f1a. Los contenidos se han presentado en cuatro bloques: <strong>material vegetal<\/strong>, <strong>fertilizaci\u00f3n<\/strong>, <strong>deshierbe<\/strong> y <strong>protecci\u00f3n fitosanitaria<\/strong>. Adem\u00e1s de presentar los resultados de la investigaci\u00f3n y la innovaci\u00f3n, se ha destacado la disminuci\u00f3n del peso espec\u00edfico en cereales de invierno, y algunas de las causas que lo pueden haber provocado, como plagas y enfermedades que han tenido m\u00e1s incidencia durante esta campa\u00f1a.<\/p>\n<p><img decoding=\"async\" class=\"aligncenter size-full wp-image-19447\" src=\"https:\/\/www.irta.cat\/wp-content\/uploads\/2018\/09\/Recomex-9-scaled.jpg\" alt=\"\" width=\"100%\" loading=\"lazy\" \/><\/p>\n<p>La edici\u00f3n de este a\u00f1o ha contado con la intervenci\u00f3n de la t\u00e9cnica del Instituto Vegetal <a href=\"https:\/\/www.arvalis-infos.fr\/index.html\" target=\"_blank\" rel=\"noopener\">Arvalis<\/a>, Cl\u00e9mence Aliaga, que ha explicado las problem\u00e1ticas e innovaciones con las que se est\u00e1 trabajando en Francia, como las posibilidades que ofrece la <strong>teledetecci\u00f3n<\/strong>.<\/p>\n<p>Esta jornada se inici\u00f3 el a\u00f1o 2009 en las comarcas de Girona, pero el 2014 se traslad\u00f3 a la Segarra, la zona cereal\u00edcola m\u00e1s grande de Catalu\u00f1a. Desde entonces, la participaci\u00f3n ha ido aumentando a lo largo de los a\u00f1os hasta el punto de alcanzar los <strong>400 asistentes en la edici\u00f3n de 2018<\/strong>.<\/p>\n<p>La jornada RECOMEX es un <strong>acto interactivo<\/strong> donde se combinan v\u00eddeos con testimonios de agricultores y t\u00e9cnicos y exposiciones presenciales y se fomenta la participaci\u00f3n del p\u00fablico a trav\u00e9s de encuestas online en directo. La documentaci\u00f3n de la jornada se puede descargar <strong><a href=\"https:\/\/www.irta.cat\/ca\/servei\/extensius-cat\/\" target=\"_blank\" rel=\"noopener\">aqu\u00ed<\/a><\/strong>, y el v\u00eddeo con todas las presentaciones se puede ver en el <a href=\"https:\/\/www.youtube.com\/user\/irtacat\/videos\" target=\"_blank\" rel=\"noopener\">canal de YouTube del IRTA<\/a>.<\/p>\n","protected":false},"featured_media":21728,"template":"","categoria_noticia":[],"etiqueta_filtrar_noticia":[8927],"class_list":["post-58297","noticia","type-noticia","status-publish","has-post-thumbnail","hentry","etiqueta_filtrar_noticia-cereals-dhivern"],"acf":[],"yoast_head":"<!-- This site is optimized with the Yoast SEO plugin v26.6 - https:\/\/yoast.com\/wordpress\/plugins\/seo\/ -->\r\n<title>La jornada RECOMEX ofrece informaci\u00f3n a los productores para tomar decisiones para la pr\u00f3xima campa\u00f1a &#187; IRTA<\/title>\r\n<meta name=\"robots\" content=\"index, follow, max-snippet:-1, max-image-preview:large, max-video-preview:-1\" \/>\r\n<link rel=\"canonical\" href=\"https:\/\/www.irta.cat\/es\/noticia\/la-jornada-recomex-ofrece-informacion-a-los-productores-para-tomar-decisiones-para-la-proxima-campana\/\" \/>\r\n<meta property=\"og:locale\" content=\"es_ES\" \/>\r\n<meta property=\"og:type\" content=\"article\" \/>\r\n<meta property=\"og:title\" content=\"La jornada RECOMEX ofrece informaci\u00f3n a los productores para tomar decisiones para la pr\u00f3xima campa\u00f1a &#187; IRTA\" \/>\r\n<meta property=\"og:description\" content=\"Gaireb\u00e9 400 profesionales del sector de los cultivos extensivos asisten a la IX edici\u00f3n de la jornada La actividad, organizada por el IRTA, forma parte del Plan Anual de Transferencia Tecnol\u00f3gica del Departamento de Agricultura Esta ma\u00f1ana se ha celebrado en Calaf la jornada \u00abRECOMEX, Resultados de ensayos e innovaciones en cultivos extensivos de invierno\u00bb [&hellip;]\" \/>\r\n<meta property=\"og:url\" content=\"https:\/\/www.irta.cat\/es\/noticia\/la-jornada-recomex-ofrece-informacion-a-los-productores-para-tomar-decisiones-para-la-proxima-campana\/\" \/>\r\n<meta property=\"og:site_name\" content=\"IRTA\" \/>\r\n<meta property=\"article:publisher\" content=\"https:\/\/www.facebook.com\/irtacat\" \/>\r\n<meta property=\"article:modified_time\" content=\"2024-11-06T08:30:32+00:00\" \/>\r\n<meta property=\"og:image\" content=\"https:\/\/www.irta.cat\/wp-content\/uploads\/2018\/09\/Recomex-12-scaled.jpg\" \/>\r\n\t<meta property=\"og:image:width\" content=\"1920\" \/>\r\n\t<meta property=\"og:image:height\" content=\"1440\" \/>\r\n\t<meta property=\"og:image:type\" content=\"image\/jpeg\" \/>\r\n<meta name=\"twitter:card\" content=\"summary_large_image\" \/>\r\n<meta name=\"twitter:site\" content=\"@irtacat\" \/>\r\n<meta name=\"twitter:label1\" content=\"Tiempo de lectura\" \/>\n\t<meta name=\"twitter:data1\" content=\"2 minutos\" \/>\r\n<script type=\"application\/ld+json\" class=\"yoast-schema-graph\">{\"@context\":\"https:\/\/schema.org\",\"@graph\":[{\"@type\":\"WebPage\",\"@id\":\"https:\/\/www.irta.cat\/es\/noticia\/la-jornada-recomex-ofrece-informacion-a-los-productores-para-tomar-decisiones-para-la-proxima-campana\/\",\"url\":\"https:\/\/www.irta.cat\/es\/noticia\/la-jornada-recomex-ofrece-informacion-a-los-productores-para-tomar-decisiones-para-la-proxima-campana\/\",\"name\":\"La jornada RECOMEX ofrece informaci\u00f3n a los productores para tomar decisiones para la pr\u00f3xima campa\u00f1a &#187; IRTA\",\"isPartOf\":{\"@id\":\"https:\/\/www.irta.cat\/es\/#website\"},\"primaryImageOfPage\":{\"@id\":\"https:\/\/www.irta.cat\/es\/noticia\/la-jornada-recomex-ofrece-informacion-a-los-productores-para-tomar-decisiones-para-la-proxima-campana\/#primaryimage\"},\"image\":{\"@id\":\"https:\/\/www.irta.cat\/es\/noticia\/la-jornada-recomex-ofrece-informacion-a-los-productores-para-tomar-decisiones-para-la-proxima-campana\/#primaryimage\"},\"thumbnailUrl\":\"https:\/\/www.irta.cat\/wp-content\/uploads\/2018\/09\/Recomex-12-scaled.jpg\",\"datePublished\":\"2018-09-06T08:14:29+00:00\",\"dateModified\":\"2024-11-06T08:30:32+00:00\",\"breadcrumb\":{\"@id\":\"https:\/\/www.irta.cat\/es\/noticia\/la-jornada-recomex-ofrece-informacion-a-los-productores-para-tomar-decisiones-para-la-proxima-campana\/#breadcrumb\"},\"inLanguage\":\"es\",\"potentialAction\":[{\"@type\":\"ReadAction\",\"target\":[\"https:\/\/www.irta.cat\/es\/noticia\/la-jornada-recomex-ofrece-informacion-a-los-productores-para-tomar-decisiones-para-la-proxima-campana\/\"]}]},{\"@type\":\"ImageObject\",\"inLanguage\":\"es\",\"@id\":\"https:\/\/www.irta.cat\/es\/noticia\/la-jornada-recomex-ofrece-informacion-a-los-productores-para-tomar-decisiones-para-la-proxima-campana\/#primaryimage\",\"url\":\"https:\/\/www.irta.cat\/wp-content\/uploads\/2018\/09\/Recomex-12-scaled.jpg\",\"contentUrl\":\"https:\/\/www.irta.cat\/wp-content\/uploads\/2018\/09\/Recomex-12-scaled.jpg\",\"width\":1920,\"height\":1440},{\"@type\":\"BreadcrumbList\",\"@id\":\"https:\/\/www.irta.cat\/es\/noticia\/la-jornada-recomex-ofrece-informacion-a-los-productores-para-tomar-decisiones-para-la-proxima-campana\/#breadcrumb\",\"itemListElement\":[{\"@type\":\"ListItem\",\"position\":1,\"name\":\"Inici\",\"item\":\"https:\/\/www.irta.cat\/es\/\"},{\"@type\":\"ListItem\",\"position\":2,\"name\":\"La jornada RECOMEX ofrece informaci\u00f3n a los productores para tomar decisiones para la pr\u00f3xima campa\u00f1a\"}]},{\"@type\":\"WebSite\",\"@id\":\"https:\/\/www.irta.cat\/es\/#website\",\"url\":\"https:\/\/www.irta.cat\/es\/\",\"name\":\"IRTA\",\"description\":\"Institut de Recerca i Tecnologia Agroaliment\u00e0ries\",\"publisher\":{\"@id\":\"https:\/\/www.irta.cat\/es\/#organization\"},\"alternateName\":\"%%sitename%% %%sep%% %%title%%\",\"potentialAction\":[{\"@type\":\"SearchAction\",\"target\":{\"@type\":\"EntryPoint\",\"urlTemplate\":\"https:\/\/www.irta.cat\/es\/?s={search_term_string}\"},\"query-input\":{\"@type\":\"PropertyValueSpecification\",\"valueRequired\":true,\"valueName\":\"search_term_string\"}}],\"inLanguage\":\"es\"},{\"@type\":\"Organization\",\"@id\":\"https:\/\/www.irta.cat\/es\/#organization\",\"name\":\"IRTA\",\"url\":\"https:\/\/www.irta.cat\/es\/\",\"logo\":{\"@type\":\"ImageObject\",\"inLanguage\":\"es\",\"@id\":\"https:\/\/www.irta.cat\/es\/#\/schema\/logo\/image\/\",\"url\":\"https:\/\/www.irta.cat\/wp-content\/uploads\/2023\/04\/Logo-IRTA-verm.png\",\"contentUrl\":\"https:\/\/www.irta.cat\/wp-content\/uploads\/2023\/04\/Logo-IRTA-verm.png\",\"width\":1250,\"height\":500,\"caption\":\"IRTA\"},\"image\":{\"@id\":\"https:\/\/www.irta.cat\/es\/#\/schema\/logo\/image\/\"},\"sameAs\":[\"https:\/\/www.facebook.com\/irtacat\",\"https:\/\/x.com\/irtacat\"]}]}<\/script>\r\n<!-- \/ Yoast SEO plugin. -->","yoast_head_json":{"title":"La jornada RECOMEX ofrece informaci\u00f3n a los productores para tomar decisiones para la pr\u00f3xima campa\u00f1a &#187; IRTA","robots":{"index":"index","follow":"follow","max-snippet":"max-snippet:-1","max-image-preview":"max-image-preview:large","max-video-preview":"max-video-preview:-1"},"canonical":"https:\/\/www.irta.cat\/es\/noticia\/la-jornada-recomex-ofrece-informacion-a-los-productores-para-tomar-decisiones-para-la-proxima-campana\/","og_locale":"es_ES","og_type":"article","og_title":"La jornada RECOMEX ofrece informaci\u00f3n a los productores para tomar decisiones para la pr\u00f3xima campa\u00f1a &#187; IRTA","og_description":"Gaireb\u00e9 400 profesionales del sector de los cultivos extensivos asisten a la IX edici\u00f3n de la jornada La actividad, organizada por el IRTA, forma parte del Plan Anual de Transferencia Tecnol\u00f3gica del Departamento de Agricultura Esta ma\u00f1ana se ha celebrado en Calaf la jornada \u00abRECOMEX, Resultados de ensayos e innovaciones en cultivos extensivos de invierno\u00bb [&hellip;]","og_url":"https:\/\/www.irta.cat\/es\/noticia\/la-jornada-recomex-ofrece-informacion-a-los-productores-para-tomar-decisiones-para-la-proxima-campana\/","og_site_name":"IRTA","article_publisher":"https:\/\/www.facebook.com\/irtacat","article_modified_time":"2024-11-06T08:30:32+00:00","og_image":[{"width":1920,"height":1440,"url":"https:\/\/www.irta.cat\/wp-content\/uploads\/2018\/09\/Recomex-12-scaled.jpg","type":"image\/jpeg"}],"twitter_card":"summary_large_image","twitter_site":"@irtacat","twitter_misc":{"Tiempo de lectura":"2 minutos"},"schema":{"@context":"https:\/\/schema.org","@graph":[{"@type":"WebPage","@id":"https:\/\/www.irta.cat\/es\/noticia\/la-jornada-recomex-ofrece-informacion-a-los-productores-para-tomar-decisiones-para-la-proxima-campana\/","url":"https:\/\/www.irta.cat\/es\/noticia\/la-jornada-recomex-ofrece-informacion-a-los-productores-para-tomar-decisiones-para-la-proxima-campana\/","name":"La jornada RECOMEX ofrece informaci\u00f3n a los productores para tomar decisiones para la pr\u00f3xima campa\u00f1a &#187; IRTA","isPartOf":{"@id":"https:\/\/www.irta.cat\/es\/#website"},"primaryImageOfPage":{"@id":"https:\/\/www.irta.cat\/es\/noticia\/la-jornada-recomex-ofrece-informacion-a-los-productores-para-tomar-decisiones-para-la-proxima-campana\/#primaryimage"},"image":{"@id":"https:\/\/www.irta.cat\/es\/noticia\/la-jornada-recomex-ofrece-informacion-a-los-productores-para-tomar-decisiones-para-la-proxima-campana\/#primaryimage"},"thumbnailUrl":"https:\/\/www.irta.cat\/wp-content\/uploads\/2018\/09\/Recomex-12-scaled.jpg","datePublished":"2018-09-06T08:14:29+00:00","dateModified":"2024-11-06T08:30:32+00:00","breadcrumb":{"@id":"https:\/\/www.irta.cat\/es\/noticia\/la-jornada-recomex-ofrece-informacion-a-los-productores-para-tomar-decisiones-para-la-proxima-campana\/#breadcrumb"},"inLanguage":"es","potentialAction":[{"@type":"ReadAction","target":["https:\/\/www.irta.cat\/es\/noticia\/la-jornada-recomex-ofrece-informacion-a-los-productores-para-tomar-decisiones-para-la-proxima-campana\/"]}]},{"@type":"ImageObject","inLanguage":"es","@id":"https:\/\/www.irta.cat\/es\/noticia\/la-jornada-recomex-ofrece-informacion-a-los-productores-para-tomar-decisiones-para-la-proxima-campana\/#primaryimage","url":"https:\/\/www.irta.cat\/wp-content\/uploads\/2018\/09\/Recomex-12-scaled.jpg","contentUrl":"https:\/\/www.irta.cat\/wp-content\/uploads\/2018\/09\/Recomex-12-scaled.jpg","width":1920,"height":1440},{"@type":"BreadcrumbList","@id":"https:\/\/www.irta.cat\/es\/noticia\/la-jornada-recomex-ofrece-informacion-a-los-productores-para-tomar-decisiones-para-la-proxima-campana\/#breadcrumb","itemListElement":[{"@type":"ListItem","position":1,"name":"Inici","item":"https:\/\/www.irta.cat\/es\/"},{"@type":"ListItem","position":2,"name":"La jornada RECOMEX ofrece informaci\u00f3n a los productores para tomar decisiones para la pr\u00f3xima campa\u00f1a"}]},{"@type":"WebSite","@id":"https:\/\/www.irta.cat\/es\/#website","url":"https:\/\/www.irta.cat\/es\/","name":"IRTA","description":"Institut de Recerca i Tecnologia Agroaliment\u00e0ries","publisher":{"@id":"https:\/\/www.irta.cat\/es\/#organization"},"alternateName":"%%sitename%% %%sep%% %%title%%","potentialAction":[{"@type":"SearchAction","target":{"@type":"EntryPoint","urlTemplate":"https:\/\/www.irta.cat\/es\/?s={search_term_string}"},"query-input":{"@type":"PropertyValueSpecification","valueRequired":true,"valueName":"search_term_string"}}],"inLanguage":"es"},{"@type":"Organization","@id":"https:\/\/www.irta.cat\/es\/#organization","name":"IRTA","url":"https:\/\/www.irta.cat\/es\/","logo":{"@type":"ImageObject","inLanguage":"es","@id":"https:\/\/www.irta.cat\/es\/#\/schema\/logo\/image\/","url":"https:\/\/www.irta.cat\/wp-content\/uploads\/2023\/04\/Logo-IRTA-verm.png","contentUrl":"https:\/\/www.irta.cat\/wp-content\/uploads\/2023\/04\/Logo-IRTA-verm.png","width":1250,"height":500,"caption":"IRTA"},"image":{"@id":"https:\/\/www.irta.cat\/es\/#\/schema\/logo\/image\/"},"sameAs":["https:\/\/www.facebook.com\/irtacat","https:\/\/x.com\/irtacat"]}]}},"_links":{"self":[{"href":"https:\/\/www.irta.cat\/es\/wp-json\/wp\/v2\/noticia\/58297","targetHints":{"allow":["GET"]}}],"collection":[{"href":"https:\/\/www.irta.cat\/es\/wp-json\/wp\/v2\/noticia"}],"about":[{"href":"https:\/\/www.irta.cat\/es\/wp-json\/wp\/v2\/types\/noticia"}],"version-history":[{"count":0,"href":"https:\/\/www.irta.cat\/es\/wp-json\/wp\/v2\/noticia\/58297\/revisions"}],"wp:featuredmedia":[{"embeddable":true,"href":"https:\/\/www.irta.cat\/es\/wp-json\/wp\/v2\/media\/21728"}],"wp:attachment":[{"href":"https:\/\/www.irta.cat\/es\/wp-json\/wp\/v2\/media?parent=58297"}],"wp:term":[{"taxonomy":"categoria_noticia","embeddable":true,"href":"https:\/\/www.irta.cat\/es\/wp-json\/wp\/v2\/categoria_noticia?post=58297"},{"taxonomy":"etiqueta_filtrar_noticia","embeddable":true,"href":"https:\/\/www.irta.cat\/es\/wp-json\/wp\/v2\/etiqueta_filtrar_noticia?post=58297"}],"curies":[{"name":"wp","href":"https:\/\/api.w.org\/{rel}","templated":true}]}}