{"id":58200,"date":"2018-06-18T12:02:40","date_gmt":"2018-06-18T10:02:40","guid":{"rendered":"https:\/\/www.irta.cat\/noticia\/identifican-marcadores-de-interes-agronomico-en-trigo-duro-a-partir-de-variedades-locales-mediterraneas\/"},"modified":"2024-11-06T09:28:11","modified_gmt":"2024-11-06T08:28:11","slug":"identifican-marcadores-de-interes-agronomico-en-trigo-duro-a-partir-de-variedades-locales-mediterraneas","status":"publish","type":"noticia","link":"https:\/\/www.irta.cat\/es\/noticia\/identifican-marcadores-de-interes-agronomico-en-trigo-duro-a-partir-de-variedades-locales-mediterraneas\/","title":{"rendered":"Identifican marcadores de inter\u00e9s agron\u00f3mico en trigo duro a partir de variedades locales Mediterr\u00e1neas"},"content":{"rendered":"<p><img loading=\"lazy\" decoding=\"async\" class=\"aligncenter size-large wp-image-18219\" src=\"https:\/\/www.irta.cat\/wp-content\/uploads\/2018\/06\/Blat-dur-scaled.jpg\" alt=\"\" width=\"667\" height=\"500\" \/><\/p>\n<p>&nbsp;<\/p>\n<p>IRTA (Albert Gurri)<\/p>\n<p>El trigo duro es un cereal ampliamente utilizado en la cuenca Mediterr\u00e1nea para elaborar la pasta, cusc\u00fas, s\u00e9mola y otros productos. Se trata de una especie cultivada principalmente en secano, con precipitaciones muy irregulares, por lo que los rendimientos son tambi\u00e9n muy variables.<\/p>\n<p>El trigo duro fue domesticado hace unos 10.000 a\u00f1os en la zona comprendida entre la antigua Mesopotamia y el golfo P\u00e9rsico, y fue avanzando de este a oeste hasta alcanzar la pen\u00ednsula Ib\u00e9rica hace unos 7.000 a\u00f1os. En este \u201cviaje\u201d, la naturaleza y los agricultores fueron seleccionando y mejorando las variedades, adapt\u00e1ndolas a las condiciones clim\u00e1ticas de cada zona.<\/p>\n<p>Con la llegada de la denominada \u2018Revoluci\u00f3n Verde\u2019 a mediados del pasado siglo se desarrollaron variedades muy mejoradas en cuanto a su productividad y tambi\u00e9n muy uniformes, lo que hizo que los agricultores las adoptaran masivamente y provoc\u00f3 el declive de las variedades locales llevando a su abandono progresivo y a cultivarse de forma casi testimonial.<\/p>\n<p>Sin embargo, estas variedades poseen caracteres gen\u00e9ticos muy interesantes que pueden ser incorporados a las variedades modernas\u00a0 para que les confieran mejores aptitudes frente a la sequ\u00eda, enfermedades, etc., caracter\u00edsticas muy interesantes por las condiciones de cultivo actuales y futuras de la cuenca mediterr\u00e1nea.<\/p>\n<p>Para ello es necesario caracterizar las variedades locales mediterr\u00e1neas con objeto de poder determinar la presencia de los alelos interesantes que puedan ser incorporados a las variedades comerciales habitualmente utilizadas. Esta ha sido el objetivo del trabajo de los investigadores del IRTA y de la Universidad de Cornell (USA), detectar alelos y sus marcadores moleculares asociados para esos caracteres de inter\u00e9s, que permitan desarrollar variedades de trigo duro adaptadas a escenarios de cambio clim\u00e1tico (pluviometr\u00eda irregular y aumento de las temperaturas).<\/p>\n<p>A partir de una colecci\u00f3n de 172 variedades locales de trigo duro los investigadores del IRTA y de la Universidad de Cornell identificaron 245 asociaciones entre regiones gen\u00f3micas y caracteres de inter\u00e9s comercial como el rendimiento y sus componentes, la fenolog\u00eda del cultivo o la producci\u00f3n de biomasa. En un estudio posterior el mismo equipo demostr\u00f3 que las diferencias observadas entre las variedades locales del mediterr\u00e1neo oriental (mayor n\u00famero de espigas y de granos por unidad de superficie y mayor duraci\u00f3n del llenado del grano) y occidental (ciclo m\u00e1s largo a floraci\u00f3n y granos m\u00e1s pesados), tienen un fundamento gen\u00e9tico debido a la mayor frecuencia de marcadores gen\u00e9ticos asociados a cada una de esas caracter\u00edsticas seg\u00fan la zona de origen de las variedades.<\/p>\n<p>Esta investigaci\u00f3n del IRTA y la Universidad de Cornell ha permitido identificar marcadores \u00fatiles que podr\u00e1n ser usados por los mejoradores para aumentar los rendimientos de las variedades de trigo duro en ambientes mediterr\u00e1neos.<\/p>\n","protected":false},"featured_media":21626,"template":"","categoria_noticia":[],"etiqueta_filtrar_noticia":[],"class_list":["post-58200","noticia","type-noticia","status-publish","has-post-thumbnail","hentry"],"acf":[],"yoast_head":"<!-- This site is optimized with the Yoast SEO plugin v26.6 - https:\/\/yoast.com\/wordpress\/plugins\/seo\/ -->\r\n<title>Identifican marcadores de inter\u00e9s agron\u00f3mico en trigo duro a partir de variedades locales Mediterr\u00e1neas &#187; IRTA<\/title>\r\n<meta name=\"robots\" content=\"index, follow, max-snippet:-1, max-image-preview:large, max-video-preview:-1\" \/>\r\n<link rel=\"canonical\" href=\"https:\/\/www.irta.cat\/es\/noticia\/identifican-marcadores-de-interes-agronomico-en-trigo-duro-a-partir-de-variedades-locales-mediterraneas\/\" \/>\r\n<meta property=\"og:locale\" content=\"es_ES\" \/>\r\n<meta property=\"og:type\" content=\"article\" \/>\r\n<meta property=\"og:title\" content=\"Identifican marcadores de inter\u00e9s agron\u00f3mico en trigo duro a partir de variedades locales Mediterr\u00e1neas &#187; IRTA\" \/>\r\n<meta property=\"og:description\" content=\"&nbsp; IRTA (Albert Gurri) El trigo duro es un cereal ampliamente utilizado en la cuenca Mediterr\u00e1nea para elaborar la pasta, cusc\u00fas, s\u00e9mola y otros productos. Se trata de una especie cultivada principalmente en secano, con precipitaciones muy irregulares, por lo que los rendimientos son tambi\u00e9n muy variables. El trigo duro fue domesticado hace unos 10.000 [&hellip;]\" \/>\r\n<meta property=\"og:url\" content=\"https:\/\/www.irta.cat\/es\/noticia\/identifican-marcadores-de-interes-agronomico-en-trigo-duro-a-partir-de-variedades-locales-mediterraneas\/\" \/>\r\n<meta property=\"og:site_name\" content=\"IRTA\" \/>\r\n<meta property=\"article:publisher\" content=\"https:\/\/www.facebook.com\/irtacat\" \/>\r\n<meta property=\"article:modified_time\" content=\"2024-11-06T08:28:11+00:00\" \/>\r\n<meta property=\"og:image\" content=\"https:\/\/www.irta.cat\/wp-content\/uploads\/2018\/06\/Blat-dur-scaled.jpg\" \/>\r\n\t<meta property=\"og:image:width\" content=\"1920\" \/>\r\n\t<meta property=\"og:image:height\" content=\"1440\" \/>\r\n\t<meta property=\"og:image:type\" content=\"image\/jpeg\" \/>\r\n<meta name=\"twitter:card\" content=\"summary_large_image\" \/>\r\n<meta name=\"twitter:site\" content=\"@irtacat\" \/>\r\n<meta name=\"twitter:label1\" content=\"Tiempo de lectura\" \/>\n\t<meta name=\"twitter:data1\" content=\"2 minutos\" \/>\r\n<script type=\"application\/ld+json\" class=\"yoast-schema-graph\">{\"@context\":\"https:\/\/schema.org\",\"@graph\":[{\"@type\":\"WebPage\",\"@id\":\"https:\/\/www.irta.cat\/es\/noticia\/identifican-marcadores-de-interes-agronomico-en-trigo-duro-a-partir-de-variedades-locales-mediterraneas\/\",\"url\":\"https:\/\/www.irta.cat\/es\/noticia\/identifican-marcadores-de-interes-agronomico-en-trigo-duro-a-partir-de-variedades-locales-mediterraneas\/\",\"name\":\"Identifican marcadores de inter\u00e9s agron\u00f3mico en trigo duro a partir de variedades locales Mediterr\u00e1neas &#187; IRTA\",\"isPartOf\":{\"@id\":\"https:\/\/www.irta.cat\/es\/#website\"},\"primaryImageOfPage\":{\"@id\":\"https:\/\/www.irta.cat\/es\/noticia\/identifican-marcadores-de-interes-agronomico-en-trigo-duro-a-partir-de-variedades-locales-mediterraneas\/#primaryimage\"},\"image\":{\"@id\":\"https:\/\/www.irta.cat\/es\/noticia\/identifican-marcadores-de-interes-agronomico-en-trigo-duro-a-partir-de-variedades-locales-mediterraneas\/#primaryimage\"},\"thumbnailUrl\":\"https:\/\/www.irta.cat\/wp-content\/uploads\/2018\/06\/Blat-dur-scaled.jpg\",\"datePublished\":\"2018-06-18T10:02:40+00:00\",\"dateModified\":\"2024-11-06T08:28:11+00:00\",\"breadcrumb\":{\"@id\":\"https:\/\/www.irta.cat\/es\/noticia\/identifican-marcadores-de-interes-agronomico-en-trigo-duro-a-partir-de-variedades-locales-mediterraneas\/#breadcrumb\"},\"inLanguage\":\"es\",\"potentialAction\":[{\"@type\":\"ReadAction\",\"target\":[\"https:\/\/www.irta.cat\/es\/noticia\/identifican-marcadores-de-interes-agronomico-en-trigo-duro-a-partir-de-variedades-locales-mediterraneas\/\"]}]},{\"@type\":\"ImageObject\",\"inLanguage\":\"es\",\"@id\":\"https:\/\/www.irta.cat\/es\/noticia\/identifican-marcadores-de-interes-agronomico-en-trigo-duro-a-partir-de-variedades-locales-mediterraneas\/#primaryimage\",\"url\":\"https:\/\/www.irta.cat\/wp-content\/uploads\/2018\/06\/Blat-dur-scaled.jpg\",\"contentUrl\":\"https:\/\/www.irta.cat\/wp-content\/uploads\/2018\/06\/Blat-dur-scaled.jpg\",\"width\":1920,\"height\":1440},{\"@type\":\"BreadcrumbList\",\"@id\":\"https:\/\/www.irta.cat\/es\/noticia\/identifican-marcadores-de-interes-agronomico-en-trigo-duro-a-partir-de-variedades-locales-mediterraneas\/#breadcrumb\",\"itemListElement\":[{\"@type\":\"ListItem\",\"position\":1,\"name\":\"Inici\",\"item\":\"https:\/\/www.irta.cat\/es\/\"},{\"@type\":\"ListItem\",\"position\":2,\"name\":\"Identifican marcadores de inter\u00e9s agron\u00f3mico en trigo duro a partir de variedades locales Mediterr\u00e1neas\"}]},{\"@type\":\"WebSite\",\"@id\":\"https:\/\/www.irta.cat\/es\/#website\",\"url\":\"https:\/\/www.irta.cat\/es\/\",\"name\":\"IRTA\",\"description\":\"Institut de Recerca i Tecnologia Agroaliment\u00e0ries\",\"publisher\":{\"@id\":\"https:\/\/www.irta.cat\/es\/#organization\"},\"alternateName\":\"%%sitename%% %%sep%% %%title%%\",\"potentialAction\":[{\"@type\":\"SearchAction\",\"target\":{\"@type\":\"EntryPoint\",\"urlTemplate\":\"https:\/\/www.irta.cat\/es\/?s={search_term_string}\"},\"query-input\":{\"@type\":\"PropertyValueSpecification\",\"valueRequired\":true,\"valueName\":\"search_term_string\"}}],\"inLanguage\":\"es\"},{\"@type\":\"Organization\",\"@id\":\"https:\/\/www.irta.cat\/es\/#organization\",\"name\":\"IRTA\",\"url\":\"https:\/\/www.irta.cat\/es\/\",\"logo\":{\"@type\":\"ImageObject\",\"inLanguage\":\"es\",\"@id\":\"https:\/\/www.irta.cat\/es\/#\/schema\/logo\/image\/\",\"url\":\"https:\/\/www.irta.cat\/wp-content\/uploads\/2023\/04\/Logo-IRTA-verm.png\",\"contentUrl\":\"https:\/\/www.irta.cat\/wp-content\/uploads\/2023\/04\/Logo-IRTA-verm.png\",\"width\":1250,\"height\":500,\"caption\":\"IRTA\"},\"image\":{\"@id\":\"https:\/\/www.irta.cat\/es\/#\/schema\/logo\/image\/\"},\"sameAs\":[\"https:\/\/www.facebook.com\/irtacat\",\"https:\/\/x.com\/irtacat\"]}]}<\/script>\r\n<!-- \/ Yoast SEO plugin. -->","yoast_head_json":{"title":"Identifican marcadores de inter\u00e9s agron\u00f3mico en trigo duro a partir de variedades locales Mediterr\u00e1neas &#187; IRTA","robots":{"index":"index","follow":"follow","max-snippet":"max-snippet:-1","max-image-preview":"max-image-preview:large","max-video-preview":"max-video-preview:-1"},"canonical":"https:\/\/www.irta.cat\/es\/noticia\/identifican-marcadores-de-interes-agronomico-en-trigo-duro-a-partir-de-variedades-locales-mediterraneas\/","og_locale":"es_ES","og_type":"article","og_title":"Identifican marcadores de inter\u00e9s agron\u00f3mico en trigo duro a partir de variedades locales Mediterr\u00e1neas &#187; IRTA","og_description":"&nbsp; IRTA (Albert Gurri) El trigo duro es un cereal ampliamente utilizado en la cuenca Mediterr\u00e1nea para elaborar la pasta, cusc\u00fas, s\u00e9mola y otros productos. Se trata de una especie cultivada principalmente en secano, con precipitaciones muy irregulares, por lo que los rendimientos son tambi\u00e9n muy variables. El trigo duro fue domesticado hace unos 10.000 [&hellip;]","og_url":"https:\/\/www.irta.cat\/es\/noticia\/identifican-marcadores-de-interes-agronomico-en-trigo-duro-a-partir-de-variedades-locales-mediterraneas\/","og_site_name":"IRTA","article_publisher":"https:\/\/www.facebook.com\/irtacat","article_modified_time":"2024-11-06T08:28:11+00:00","og_image":[{"width":1920,"height":1440,"url":"https:\/\/www.irta.cat\/wp-content\/uploads\/2018\/06\/Blat-dur-scaled.jpg","type":"image\/jpeg"}],"twitter_card":"summary_large_image","twitter_site":"@irtacat","twitter_misc":{"Tiempo de lectura":"2 minutos"},"schema":{"@context":"https:\/\/schema.org","@graph":[{"@type":"WebPage","@id":"https:\/\/www.irta.cat\/es\/noticia\/identifican-marcadores-de-interes-agronomico-en-trigo-duro-a-partir-de-variedades-locales-mediterraneas\/","url":"https:\/\/www.irta.cat\/es\/noticia\/identifican-marcadores-de-interes-agronomico-en-trigo-duro-a-partir-de-variedades-locales-mediterraneas\/","name":"Identifican marcadores de inter\u00e9s agron\u00f3mico en trigo duro a partir de variedades locales Mediterr\u00e1neas &#187; IRTA","isPartOf":{"@id":"https:\/\/www.irta.cat\/es\/#website"},"primaryImageOfPage":{"@id":"https:\/\/www.irta.cat\/es\/noticia\/identifican-marcadores-de-interes-agronomico-en-trigo-duro-a-partir-de-variedades-locales-mediterraneas\/#primaryimage"},"image":{"@id":"https:\/\/www.irta.cat\/es\/noticia\/identifican-marcadores-de-interes-agronomico-en-trigo-duro-a-partir-de-variedades-locales-mediterraneas\/#primaryimage"},"thumbnailUrl":"https:\/\/www.irta.cat\/wp-content\/uploads\/2018\/06\/Blat-dur-scaled.jpg","datePublished":"2018-06-18T10:02:40+00:00","dateModified":"2024-11-06T08:28:11+00:00","breadcrumb":{"@id":"https:\/\/www.irta.cat\/es\/noticia\/identifican-marcadores-de-interes-agronomico-en-trigo-duro-a-partir-de-variedades-locales-mediterraneas\/#breadcrumb"},"inLanguage":"es","potentialAction":[{"@type":"ReadAction","target":["https:\/\/www.irta.cat\/es\/noticia\/identifican-marcadores-de-interes-agronomico-en-trigo-duro-a-partir-de-variedades-locales-mediterraneas\/"]}]},{"@type":"ImageObject","inLanguage":"es","@id":"https:\/\/www.irta.cat\/es\/noticia\/identifican-marcadores-de-interes-agronomico-en-trigo-duro-a-partir-de-variedades-locales-mediterraneas\/#primaryimage","url":"https:\/\/www.irta.cat\/wp-content\/uploads\/2018\/06\/Blat-dur-scaled.jpg","contentUrl":"https:\/\/www.irta.cat\/wp-content\/uploads\/2018\/06\/Blat-dur-scaled.jpg","width":1920,"height":1440},{"@type":"BreadcrumbList","@id":"https:\/\/www.irta.cat\/es\/noticia\/identifican-marcadores-de-interes-agronomico-en-trigo-duro-a-partir-de-variedades-locales-mediterraneas\/#breadcrumb","itemListElement":[{"@type":"ListItem","position":1,"name":"Inici","item":"https:\/\/www.irta.cat\/es\/"},{"@type":"ListItem","position":2,"name":"Identifican marcadores de inter\u00e9s agron\u00f3mico en trigo duro a partir de variedades locales Mediterr\u00e1neas"}]},{"@type":"WebSite","@id":"https:\/\/www.irta.cat\/es\/#website","url":"https:\/\/www.irta.cat\/es\/","name":"IRTA","description":"Institut de Recerca i Tecnologia Agroaliment\u00e0ries","publisher":{"@id":"https:\/\/www.irta.cat\/es\/#organization"},"alternateName":"%%sitename%% %%sep%% %%title%%","potentialAction":[{"@type":"SearchAction","target":{"@type":"EntryPoint","urlTemplate":"https:\/\/www.irta.cat\/es\/?s={search_term_string}"},"query-input":{"@type":"PropertyValueSpecification","valueRequired":true,"valueName":"search_term_string"}}],"inLanguage":"es"},{"@type":"Organization","@id":"https:\/\/www.irta.cat\/es\/#organization","name":"IRTA","url":"https:\/\/www.irta.cat\/es\/","logo":{"@type":"ImageObject","inLanguage":"es","@id":"https:\/\/www.irta.cat\/es\/#\/schema\/logo\/image\/","url":"https:\/\/www.irta.cat\/wp-content\/uploads\/2023\/04\/Logo-IRTA-verm.png","contentUrl":"https:\/\/www.irta.cat\/wp-content\/uploads\/2023\/04\/Logo-IRTA-verm.png","width":1250,"height":500,"caption":"IRTA"},"image":{"@id":"https:\/\/www.irta.cat\/es\/#\/schema\/logo\/image\/"},"sameAs":["https:\/\/www.facebook.com\/irtacat","https:\/\/x.com\/irtacat"]}]}},"_links":{"self":[{"href":"https:\/\/www.irta.cat\/es\/wp-json\/wp\/v2\/noticia\/58200","targetHints":{"allow":["GET"]}}],"collection":[{"href":"https:\/\/www.irta.cat\/es\/wp-json\/wp\/v2\/noticia"}],"about":[{"href":"https:\/\/www.irta.cat\/es\/wp-json\/wp\/v2\/types\/noticia"}],"version-history":[{"count":0,"href":"https:\/\/www.irta.cat\/es\/wp-json\/wp\/v2\/noticia\/58200\/revisions"}],"wp:featuredmedia":[{"embeddable":true,"href":"https:\/\/www.irta.cat\/es\/wp-json\/wp\/v2\/media\/21626"}],"wp:attachment":[{"href":"https:\/\/www.irta.cat\/es\/wp-json\/wp\/v2\/media?parent=58200"}],"wp:term":[{"taxonomy":"categoria_noticia","embeddable":true,"href":"https:\/\/www.irta.cat\/es\/wp-json\/wp\/v2\/categoria_noticia?post=58200"},{"taxonomy":"etiqueta_filtrar_noticia","embeddable":true,"href":"https:\/\/www.irta.cat\/es\/wp-json\/wp\/v2\/etiqueta_filtrar_noticia?post=58200"}],"curies":[{"name":"wp","href":"https:\/\/api.w.org\/{rel}","templated":true}]}}