{"id":58182,"date":"2018-06-04T09:52:53","date_gmt":"2018-06-04T07:52:53","guid":{"rendered":"https:\/\/www.irta.cat\/noticia\/campana-de-poscosecha-de-fruta-2017-buena-para-manzana-mala-para-la-fruta-de-hueso-y-complicada-para-la-pera\/"},"modified":"2024-11-06T09:27:52","modified_gmt":"2024-11-06T08:27:52","slug":"campana-de-poscosecha-de-fruta-2017-buena-para-manzana-mala-para-la-fruta-de-hueso-y-complicada-para-la-pera","status":"publish","type":"noticia","link":"https:\/\/www.irta.cat\/es\/noticia\/campana-de-poscosecha-de-fruta-2017-buena-para-manzana-mala-para-la-fruta-de-hueso-y-complicada-para-la-pera\/","title":{"rendered":"Campa\u00f1a de poscosecha de fruta 2017: buena para manzana, mala para la fruta de hueso y complicada para la pera."},"content":{"rendered":"<p><img loading=\"lazy\" decoding=\"async\" class=\"aligncenter size-large wp-image-18035\" src=\"https:\/\/www.irta.cat\/wp-content\/uploads\/2023\/01\/Foto-Postcollita.jpg\" alt=\"\" width=\"666\" height=\"500\" \/><\/p>\n<p>&nbsp;<\/p>\n<p>IRTA (Albert Gurri)<\/p>\n<p><strong>Fruta de hueso: campa\u00f1a complicada por el exceso de producci\u00f3n, la merma en la exportaci\u00f3n y la bajada de consumo<\/strong><\/p>\n<p>En el sector de la fruta de hueso, la campa\u00f1a de 2017 se caracteriz\u00f3 por un exceso de producci\u00f3n que, sumado al veto ruso que disminu\u00eda la exportaci\u00f3n, y el descenso en el consumo, supusieron una campa\u00f1a complicada, con precios bajos desde el inicio, se\u00f1al\u00f3 Elena Costa, del IRTA en la jornada de Poscosecha celebrada en Lleida el pasado 8 de mayo.<\/p>\n<p>A esta situaci\u00f3n, ya de por s\u00ed complicada, se a\u00f1adi\u00f3 un adelanto en las fechas de recolecci\u00f3n, con un solapamiento de pases y de variedades, y un aumento de las mermas por maduraci\u00f3n, con un 30% de la fruta con poca firmeza que hac\u00eda complicada la conservaci\u00f3n y comercializaci\u00f3n, siendo el paraguayo la fruta con m\u00e1s problemas, coment\u00f3 Elena Costa.<br \/>\nEl aumento de stocks en las c\u00e1maras llev\u00f3 a que la conservaci\u00f3n en atm\u00f3sfera controlada fuera mayor que en otros a\u00f1os, con stocks conservados en fr\u00edo de 30 d\u00edas de media, lo que aumentaba la incidencia de podredumbres por <em>Monilinia<\/em>, as\u00ed como los da\u00f1os por fr\u00edo en melocot\u00f3n y paraguayo, y los consecuentes problemas en el procesado y en el lineal de venta. En la conservaci\u00f3n en atm\u00f3sfera controlada, este es un reto, a\u00f1adi\u00f3 la investigadora del IRTA, que debe afrontar el sector y que pasa por una selecci\u00f3n de las variedades, establecer un grado de firmeza en la entrada y en estrategias a campo contra la <em>Monilinia<\/em>.<\/p>\n<p>\nEl bajo contenido en az\u00facares de la fruta que actualmente se comercializa juega en contra a la hora de favorecer su consumo en Espa\u00f1a y un problema grave del sector. El consumo ha ido disminuyendo en los \u00faltimos a\u00f1os y nos encontramos con niveles de 4 Kg \/ habitante y a\u00f1o, consumos inferiores en 4-5 veces los que se tienen en pa\u00edses cercanos como Italia o Grecia.<\/p>\n<p>Por otra parte, las grandes cadenas comerciales exigen, cada vez m\u00e1s, conocer el comportamiento de las variedades en el consumidor final, con el objetivo de fidelizar a los consumidores. Ya no les sirve tener fruta, sino que \u00e9sta debe ser sabrosa, lista para consumir y que haga volver a los clientes a comprar. Hoy en d\u00eda este aspecto no se contempla y, por tanto, habr\u00e1 que cambiar las estrategias para poder hacer llegar este tipo de fruta, se\u00f1al\u00f3 la investigadora del IRTA.<\/p>\n<p>&nbsp;<\/p>\n<p><strong>En pera, ca\u00edda de la firmeza y problemas de cavernas<\/strong><\/p>\n<p>En el caso de la pera, la campa\u00f1a de 2017 se caracteriz\u00f3 por una r\u00e1pida disminuci\u00f3n de la firmeza, sobre todo en las variedades veraniegas, con recolecciones r\u00e1pidas y con problemas ya en el momento de la recogida (y aumento en el uso del 1-MCP para controlar la maduraci\u00f3n).<br \/>\nCon una gran influencia del factor finca y de la fecha de recolecci\u00f3n, en 2017 se observaron como nunca problemas de cavernas debidas a una alta tasa de respiraci\u00f3n interna, con producci\u00f3n de CO<sub>2<\/sub> y la formaci\u00f3n de \u00e9stas.<\/p>\n<p>En pera, las grandes cadenas quieren un producto con firmeza, de consumo r\u00e1pido, con el fin de aumentar tanto su consumo como la rotaci\u00f3n en el lineal. Es por ello que este a\u00f1o se tuvo que trabajar en la premaduraci\u00f3 a la salida de c\u00e1mara (a pesar de las diferencias en homogeneidad que hab\u00eda), record\u00f3 Elena Costa.<\/p>\n<p>En este punto, Elena Costa aport\u00f3 un elemento de reflexi\u00f3n en el sentido de que desde el sector se aplican tecnolog\u00edas de poscosecha para mantener la conservaci\u00f3n de la pera, pero en cambio exige, cada vez m\u00e1s, un producto madurado y listo para ser consumido.<\/p>\n<p>&nbsp;<\/p>\n<p><strong>Muy buena campa\u00f1a para la manzana<\/strong><\/p>\n<p>\nEn cuanto a la manzana, la campa\u00f1a fue muy buena a consecuencia de los problemas clim\u00e1ticos en Europa, particularmente las grandes heladas, y que favorecieron a la manzana producida en Espa\u00f1a. Todo ello llev\u00f3 a precios r\u00e9cord, de 60 c\u00e9ntimos \/ Kg en el mes de marzo, (frente los 26-30 de a\u00f1os precedentes).<\/p>\n<p>Sin incidencias remarcables, quiz\u00e1s con la excepci\u00f3n en Girona de manzanas Fuji con una alta incidencia de cracking (con fincas hasta un 30-40%), Elena Costa se\u00f1al\u00f3 que, actualmente, se desconocen a\u00fan las causas.<br \/>\nEn manzana Golden se inici\u00f3 la campa\u00f1a con stocks del a\u00f1o anterior (2 millones de Kg) pero que se fueron colocando. A destacar una alta incidencia de golpes y una baja incidencia de Bitter Pit. Este hecho ya hab\u00eda sido predicho por el m\u00e9todo pasivo implementado por el IRTA, explic\u00f3 Elena Costa en su intervenci\u00f3n en la 17\u00aa jornada de poscosecha con m\u00e1s de 150 inscritos.<\/p>\n<p>La jornada, adem\u00e1s de repasar la campa\u00f1a de poscosecha de 2017, profundiz\u00f3 en ciertos aspectos cuyo conocimiento puede ser clave para el manejo de la central frut\u00edcola, como fueron los de la determinaci\u00f3n del potencial de conservaci\u00f3n de variedades de fruta de hueso, el control de <em>Monilinia spp<\/em>, la optimizaci\u00f3n de la higiene y la desinfecci\u00f3n de envases o las \u00faltimas novedades en poscosecha de caqui. Al mismo tiempo, una mesa redonda sobre producci\u00f3n de fruta ecol\u00f3gica permiti\u00f3 poner en com\u00fan diversas experiencias de \u00e9xito. Finalmente, por la tarde, una serie de charlas por parte de empresas del sector de la poscosecha permitieron conocer de primera mano las principales novedades que este a\u00f1o disponen.<\/p>\n","protected":false},"featured_media":18891,"template":"","categoria_noticia":[],"etiqueta_filtrar_noticia":[7870],"class_list":["post-58182","noticia","type-noticia","status-publish","has-post-thumbnail","hentry","etiqueta_filtrar_noticia-pera"],"acf":[],"yoast_head":"<!-- This site is optimized with the Yoast SEO plugin v26.6 - https:\/\/yoast.com\/wordpress\/plugins\/seo\/ -->\r\n<title>Campa\u00f1a de poscosecha de fruta 2017: buena para manzana, mala para la fruta de hueso y complicada para la pera. &#187; IRTA<\/title>\r\n<meta name=\"robots\" content=\"index, follow, max-snippet:-1, max-image-preview:large, max-video-preview:-1\" \/>\r\n<link rel=\"canonical\" href=\"https:\/\/www.irta.cat\/es\/noticia\/campana-de-poscosecha-de-fruta-2017-buena-para-manzana-mala-para-la-fruta-de-hueso-y-complicada-para-la-pera\/\" \/>\r\n<meta property=\"og:locale\" content=\"es_ES\" \/>\r\n<meta property=\"og:type\" content=\"article\" \/>\r\n<meta property=\"og:title\" content=\"Campa\u00f1a de poscosecha de fruta 2017: buena para manzana, mala para la fruta de hueso y complicada para la pera. &#187; IRTA\" \/>\r\n<meta property=\"og:description\" content=\"&nbsp; IRTA (Albert Gurri) Fruta de hueso: campa\u00f1a complicada por el exceso de producci\u00f3n, la merma en la exportaci\u00f3n y la bajada de consumo En el sector de la fruta de hueso, la campa\u00f1a de 2017 se caracteriz\u00f3 por un exceso de producci\u00f3n que, sumado al veto ruso que disminu\u00eda la exportaci\u00f3n, y el descenso [&hellip;]\" \/>\r\n<meta property=\"og:url\" content=\"https:\/\/www.irta.cat\/es\/noticia\/campana-de-poscosecha-de-fruta-2017-buena-para-manzana-mala-para-la-fruta-de-hueso-y-complicada-para-la-pera\/\" \/>\r\n<meta property=\"og:site_name\" content=\"IRTA\" \/>\r\n<meta property=\"article:publisher\" content=\"https:\/\/www.facebook.com\/irtacat\" \/>\r\n<meta property=\"article:modified_time\" content=\"2024-11-06T08:27:52+00:00\" \/>\r\n<meta property=\"og:image\" content=\"https:\/\/www.irta.cat\/wp-content\/uploads\/2023\/01\/Foto-Postcollita.jpg\" \/>\r\n\t<meta property=\"og:image:width\" content=\"1016\" \/>\r\n\t<meta property=\"og:image:height\" content=\"763\" \/>\r\n\t<meta property=\"og:image:type\" content=\"image\/jpeg\" \/>\r\n<meta name=\"twitter:card\" content=\"summary_large_image\" \/>\r\n<meta name=\"twitter:site\" content=\"@irtacat\" \/>\r\n<meta name=\"twitter:label1\" content=\"Tiempo de lectura\" \/>\n\t<meta name=\"twitter:data1\" content=\"5 minutos\" \/>\r\n<script type=\"application\/ld+json\" class=\"yoast-schema-graph\">{\"@context\":\"https:\/\/schema.org\",\"@graph\":[{\"@type\":\"WebPage\",\"@id\":\"https:\/\/www.irta.cat\/es\/noticia\/campana-de-poscosecha-de-fruta-2017-buena-para-manzana-mala-para-la-fruta-de-hueso-y-complicada-para-la-pera\/\",\"url\":\"https:\/\/www.irta.cat\/es\/noticia\/campana-de-poscosecha-de-fruta-2017-buena-para-manzana-mala-para-la-fruta-de-hueso-y-complicada-para-la-pera\/\",\"name\":\"Campa\u00f1a de poscosecha de fruta 2017: buena para manzana, mala para la fruta de hueso y complicada para la pera. &#187; IRTA\",\"isPartOf\":{\"@id\":\"https:\/\/www.irta.cat\/es\/#website\"},\"primaryImageOfPage\":{\"@id\":\"https:\/\/www.irta.cat\/es\/noticia\/campana-de-poscosecha-de-fruta-2017-buena-para-manzana-mala-para-la-fruta-de-hueso-y-complicada-para-la-pera\/#primaryimage\"},\"image\":{\"@id\":\"https:\/\/www.irta.cat\/es\/noticia\/campana-de-poscosecha-de-fruta-2017-buena-para-manzana-mala-para-la-fruta-de-hueso-y-complicada-para-la-pera\/#primaryimage\"},\"thumbnailUrl\":\"https:\/\/www.irta.cat\/wp-content\/uploads\/2023\/01\/Foto-Postcollita.jpg\",\"datePublished\":\"2018-06-04T07:52:53+00:00\",\"dateModified\":\"2024-11-06T08:27:52+00:00\",\"breadcrumb\":{\"@id\":\"https:\/\/www.irta.cat\/es\/noticia\/campana-de-poscosecha-de-fruta-2017-buena-para-manzana-mala-para-la-fruta-de-hueso-y-complicada-para-la-pera\/#breadcrumb\"},\"inLanguage\":\"es\",\"potentialAction\":[{\"@type\":\"ReadAction\",\"target\":[\"https:\/\/www.irta.cat\/es\/noticia\/campana-de-poscosecha-de-fruta-2017-buena-para-manzana-mala-para-la-fruta-de-hueso-y-complicada-para-la-pera\/\"]}]},{\"@type\":\"ImageObject\",\"inLanguage\":\"es\",\"@id\":\"https:\/\/www.irta.cat\/es\/noticia\/campana-de-poscosecha-de-fruta-2017-buena-para-manzana-mala-para-la-fruta-de-hueso-y-complicada-para-la-pera\/#primaryimage\",\"url\":\"https:\/\/www.irta.cat\/wp-content\/uploads\/2023\/01\/Foto-Postcollita.jpg\",\"contentUrl\":\"https:\/\/www.irta.cat\/wp-content\/uploads\/2023\/01\/Foto-Postcollita.jpg\",\"width\":1016,\"height\":763},{\"@type\":\"BreadcrumbList\",\"@id\":\"https:\/\/www.irta.cat\/es\/noticia\/campana-de-poscosecha-de-fruta-2017-buena-para-manzana-mala-para-la-fruta-de-hueso-y-complicada-para-la-pera\/#breadcrumb\",\"itemListElement\":[{\"@type\":\"ListItem\",\"position\":1,\"name\":\"Inici\",\"item\":\"https:\/\/www.irta.cat\/es\/\"},{\"@type\":\"ListItem\",\"position\":2,\"name\":\"Campa\u00f1a de poscosecha de fruta 2017: buena para manzana, mala para la fruta de hueso y complicada para la pera.\"}]},{\"@type\":\"WebSite\",\"@id\":\"https:\/\/www.irta.cat\/es\/#website\",\"url\":\"https:\/\/www.irta.cat\/es\/\",\"name\":\"IRTA\",\"description\":\"Institut de Recerca i Tecnologia Agroaliment\u00e0ries\",\"publisher\":{\"@id\":\"https:\/\/www.irta.cat\/es\/#organization\"},\"alternateName\":\"%%sitename%% %%sep%% %%title%%\",\"potentialAction\":[{\"@type\":\"SearchAction\",\"target\":{\"@type\":\"EntryPoint\",\"urlTemplate\":\"https:\/\/www.irta.cat\/es\/?s={search_term_string}\"},\"query-input\":{\"@type\":\"PropertyValueSpecification\",\"valueRequired\":true,\"valueName\":\"search_term_string\"}}],\"inLanguage\":\"es\"},{\"@type\":\"Organization\",\"@id\":\"https:\/\/www.irta.cat\/es\/#organization\",\"name\":\"IRTA\",\"url\":\"https:\/\/www.irta.cat\/es\/\",\"logo\":{\"@type\":\"ImageObject\",\"inLanguage\":\"es\",\"@id\":\"https:\/\/www.irta.cat\/es\/#\/schema\/logo\/image\/\",\"url\":\"https:\/\/www.irta.cat\/wp-content\/uploads\/2023\/04\/Logo-IRTA-verm.png\",\"contentUrl\":\"https:\/\/www.irta.cat\/wp-content\/uploads\/2023\/04\/Logo-IRTA-verm.png\",\"width\":1250,\"height\":500,\"caption\":\"IRTA\"},\"image\":{\"@id\":\"https:\/\/www.irta.cat\/es\/#\/schema\/logo\/image\/\"},\"sameAs\":[\"https:\/\/www.facebook.com\/irtacat\",\"https:\/\/x.com\/irtacat\"]}]}<\/script>\r\n<!-- \/ Yoast SEO plugin. -->","yoast_head_json":{"title":"Campa\u00f1a de poscosecha de fruta 2017: buena para manzana, mala para la fruta de hueso y complicada para la pera. &#187; IRTA","robots":{"index":"index","follow":"follow","max-snippet":"max-snippet:-1","max-image-preview":"max-image-preview:large","max-video-preview":"max-video-preview:-1"},"canonical":"https:\/\/www.irta.cat\/es\/noticia\/campana-de-poscosecha-de-fruta-2017-buena-para-manzana-mala-para-la-fruta-de-hueso-y-complicada-para-la-pera\/","og_locale":"es_ES","og_type":"article","og_title":"Campa\u00f1a de poscosecha de fruta 2017: buena para manzana, mala para la fruta de hueso y complicada para la pera. &#187; IRTA","og_description":"&nbsp; IRTA (Albert Gurri) Fruta de hueso: campa\u00f1a complicada por el exceso de producci\u00f3n, la merma en la exportaci\u00f3n y la bajada de consumo En el sector de la fruta de hueso, la campa\u00f1a de 2017 se caracteriz\u00f3 por un exceso de producci\u00f3n que, sumado al veto ruso que disminu\u00eda la exportaci\u00f3n, y el descenso [&hellip;]","og_url":"https:\/\/www.irta.cat\/es\/noticia\/campana-de-poscosecha-de-fruta-2017-buena-para-manzana-mala-para-la-fruta-de-hueso-y-complicada-para-la-pera\/","og_site_name":"IRTA","article_publisher":"https:\/\/www.facebook.com\/irtacat","article_modified_time":"2024-11-06T08:27:52+00:00","og_image":[{"width":1016,"height":763,"url":"https:\/\/www.irta.cat\/wp-content\/uploads\/2023\/01\/Foto-Postcollita.jpg","type":"image\/jpeg"}],"twitter_card":"summary_large_image","twitter_site":"@irtacat","twitter_misc":{"Tiempo de lectura":"5 minutos"},"schema":{"@context":"https:\/\/schema.org","@graph":[{"@type":"WebPage","@id":"https:\/\/www.irta.cat\/es\/noticia\/campana-de-poscosecha-de-fruta-2017-buena-para-manzana-mala-para-la-fruta-de-hueso-y-complicada-para-la-pera\/","url":"https:\/\/www.irta.cat\/es\/noticia\/campana-de-poscosecha-de-fruta-2017-buena-para-manzana-mala-para-la-fruta-de-hueso-y-complicada-para-la-pera\/","name":"Campa\u00f1a de poscosecha de fruta 2017: buena para manzana, mala para la fruta de hueso y complicada para la pera. &#187; IRTA","isPartOf":{"@id":"https:\/\/www.irta.cat\/es\/#website"},"primaryImageOfPage":{"@id":"https:\/\/www.irta.cat\/es\/noticia\/campana-de-poscosecha-de-fruta-2017-buena-para-manzana-mala-para-la-fruta-de-hueso-y-complicada-para-la-pera\/#primaryimage"},"image":{"@id":"https:\/\/www.irta.cat\/es\/noticia\/campana-de-poscosecha-de-fruta-2017-buena-para-manzana-mala-para-la-fruta-de-hueso-y-complicada-para-la-pera\/#primaryimage"},"thumbnailUrl":"https:\/\/www.irta.cat\/wp-content\/uploads\/2023\/01\/Foto-Postcollita.jpg","datePublished":"2018-06-04T07:52:53+00:00","dateModified":"2024-11-06T08:27:52+00:00","breadcrumb":{"@id":"https:\/\/www.irta.cat\/es\/noticia\/campana-de-poscosecha-de-fruta-2017-buena-para-manzana-mala-para-la-fruta-de-hueso-y-complicada-para-la-pera\/#breadcrumb"},"inLanguage":"es","potentialAction":[{"@type":"ReadAction","target":["https:\/\/www.irta.cat\/es\/noticia\/campana-de-poscosecha-de-fruta-2017-buena-para-manzana-mala-para-la-fruta-de-hueso-y-complicada-para-la-pera\/"]}]},{"@type":"ImageObject","inLanguage":"es","@id":"https:\/\/www.irta.cat\/es\/noticia\/campana-de-poscosecha-de-fruta-2017-buena-para-manzana-mala-para-la-fruta-de-hueso-y-complicada-para-la-pera\/#primaryimage","url":"https:\/\/www.irta.cat\/wp-content\/uploads\/2023\/01\/Foto-Postcollita.jpg","contentUrl":"https:\/\/www.irta.cat\/wp-content\/uploads\/2023\/01\/Foto-Postcollita.jpg","width":1016,"height":763},{"@type":"BreadcrumbList","@id":"https:\/\/www.irta.cat\/es\/noticia\/campana-de-poscosecha-de-fruta-2017-buena-para-manzana-mala-para-la-fruta-de-hueso-y-complicada-para-la-pera\/#breadcrumb","itemListElement":[{"@type":"ListItem","position":1,"name":"Inici","item":"https:\/\/www.irta.cat\/es\/"},{"@type":"ListItem","position":2,"name":"Campa\u00f1a de poscosecha de fruta 2017: buena para manzana, mala para la fruta de hueso y complicada para la pera."}]},{"@type":"WebSite","@id":"https:\/\/www.irta.cat\/es\/#website","url":"https:\/\/www.irta.cat\/es\/","name":"IRTA","description":"Institut de Recerca i Tecnologia Agroaliment\u00e0ries","publisher":{"@id":"https:\/\/www.irta.cat\/es\/#organization"},"alternateName":"%%sitename%% %%sep%% %%title%%","potentialAction":[{"@type":"SearchAction","target":{"@type":"EntryPoint","urlTemplate":"https:\/\/www.irta.cat\/es\/?s={search_term_string}"},"query-input":{"@type":"PropertyValueSpecification","valueRequired":true,"valueName":"search_term_string"}}],"inLanguage":"es"},{"@type":"Organization","@id":"https:\/\/www.irta.cat\/es\/#organization","name":"IRTA","url":"https:\/\/www.irta.cat\/es\/","logo":{"@type":"ImageObject","inLanguage":"es","@id":"https:\/\/www.irta.cat\/es\/#\/schema\/logo\/image\/","url":"https:\/\/www.irta.cat\/wp-content\/uploads\/2023\/04\/Logo-IRTA-verm.png","contentUrl":"https:\/\/www.irta.cat\/wp-content\/uploads\/2023\/04\/Logo-IRTA-verm.png","width":1250,"height":500,"caption":"IRTA"},"image":{"@id":"https:\/\/www.irta.cat\/es\/#\/schema\/logo\/image\/"},"sameAs":["https:\/\/www.facebook.com\/irtacat","https:\/\/x.com\/irtacat"]}]}},"_links":{"self":[{"href":"https:\/\/www.irta.cat\/es\/wp-json\/wp\/v2\/noticia\/58182","targetHints":{"allow":["GET"]}}],"collection":[{"href":"https:\/\/www.irta.cat\/es\/wp-json\/wp\/v2\/noticia"}],"about":[{"href":"https:\/\/www.irta.cat\/es\/wp-json\/wp\/v2\/types\/noticia"}],"version-history":[{"count":0,"href":"https:\/\/www.irta.cat\/es\/wp-json\/wp\/v2\/noticia\/58182\/revisions"}],"wp:featuredmedia":[{"embeddable":true,"href":"https:\/\/www.irta.cat\/es\/wp-json\/wp\/v2\/media\/18891"}],"wp:attachment":[{"href":"https:\/\/www.irta.cat\/es\/wp-json\/wp\/v2\/media?parent=58182"}],"wp:term":[{"taxonomy":"categoria_noticia","embeddable":true,"href":"https:\/\/www.irta.cat\/es\/wp-json\/wp\/v2\/categoria_noticia?post=58182"},{"taxonomy":"etiqueta_filtrar_noticia","embeddable":true,"href":"https:\/\/www.irta.cat\/es\/wp-json\/wp\/v2\/etiqueta_filtrar_noticia?post=58182"}],"curies":[{"name":"wp","href":"https:\/\/api.w.org\/{rel}","templated":true}]}}