{"id":58172,"date":"2018-05-17T11:57:18","date_gmt":"2018-05-17T09:57:18","guid":{"rendered":"https:\/\/www.irta.cat\/noticia\/el-proyecto-medaid-prepara-para-un-diagnostico-de-la-acuicultura-en-el-mediterraneo-para-2019\/"},"modified":"2024-11-06T09:27:34","modified_gmt":"2024-11-06T08:27:34","slug":"el-proyecto-medaid-prepara-para-un-diagnostico-de-la-acuicultura-en-el-mediterraneo-para-2019","status":"publish","type":"noticia","link":"https:\/\/www.irta.cat\/es\/noticia\/el-proyecto-medaid-prepara-para-un-diagnostico-de-la-acuicultura-en-el-mediterraneo-para-2019\/","title":{"rendered":"El proyecto MedAID prepara para un diagn\u00f3stico de la acuicultura en el mediterr\u00e1neo para 2019"},"content":{"rendered":"<p><strong><img loading=\"lazy\" decoding=\"async\" class=\"alignnone size-large wp-image-17724\" src=\"https:\/\/www.irta.cat\/wp-content\/uploads\/2018\/05\/MedAID-grup-scaled.jpg\" alt=\"\" width=\"994\" height=\"500\" \/><\/strong><\/p>\n<p><strong>El proyecto de 4 a\u00f1os, liderado por IAMZ \u2013CIHEAM y el IRTA, hace un balance del primer a\u00f1o en la primera reuni\u00f3n anual<\/strong><\/p>\n<p>La primera reuni\u00f3n anual del proyecto europeo <a href=\"http:\/\/www.medaid-h2020.eu\/\">MedAID (Desarrollo Integrado de la Acuicultura Mediterr\u00e1nea)<\/a> organizada por el Instituto Europeo de Estudios Marinos (IUEM) en la Universidad de Bretagne Occidentale (UBO), Plouzan\u00e9, Francia, tuvo lugar los d\u00edas 3 y 4 de mayo. La finalidad de este encuentro fue revisar el trabajo realizado hasta el momento y los avances logrados en los diferentes paquetes de trabajo as\u00ed como definir el plan de tareas para el segundo a\u00f1o del proyecto, cuya duraci\u00f3n es de cuatro a\u00f1os.<\/p>\n<p>El objetivo de MedAID es lograr aumentar la competitividad global y la sostenibilidad del sector de la acuicultura de peces marinos del Mediterr\u00e1neo a lo largo de toda la cadena de valor. Para ello se realizar\u00e1 una evaluaci\u00f3n integral con el fin de identificar los principales desaf\u00edos t\u00e9cnicos, ambientales, econ\u00f3micos y sociales que pueden condicionar la sostenibilidad del sector, desde un punto de vista t\u00e9cnico, ambiental, econ\u00f3mico y social; al mismo tiempo que se desarrollar\u00e1n los conocimientos y herramientas para mejorar el rendimiento de los sistemas de producci\u00f3n, creaci\u00f3n y fomento de productos de valor a\u00f1adido y planes de negocio socialmente aceptables.<\/p>\n<p>Parte importante de la agenda de este encuentro se centr\u00f3 en el primer paquete de trabajo, del proyecto, liderado por expertos en innovaci\u00f3n y vigilancia competitiva del IRTA, orientado a realizar una evaluaci\u00f3n hol\u00edstica para la sostenibilidad de la acuicultura mediterr\u00e1nea. Durante el segundo a\u00f1o del proyecto se espera que este trabajo finalice su an\u00e1lisis de la sostenibilidad de la industria de la acuicultura y las cadenas de suministro, incluidas las relaciones entre los resultados econ\u00f3micos, ambientales y sociales. Los resultados se presentar\u00e1n y discutir\u00e1n en un taller regional que se realizar\u00e1 en enero de 2019.<\/p>\n<p>Aunque MedAID a\u00fan se encuentra en su fase inicial y la mayor\u00eda de las investigaciones todav\u00eda est\u00e1n en curso, en esta primera reuni\u00f3n anual ya se presentaron algunos resultados preliminares en relaci\u00f3n al desarrollo de concepto de nuevos productos a partir de los requisitos del mercado y al desarrollo de alimentos funcionales para mejorar la salud y la tolerancia a l\u2019estr\u00e9s, este \u00faltimo punto, desarrollado por el IRTA.<\/p>\n<p>MedAID es un proyecto de cuatro a\u00f1os, financiado por la Uni\u00f3n Europea en el marco de Horizonte 2020. La coordinaci\u00f3n local de la primera reuni\u00f3n anual de este proyecto fue realizada por Jos\u00e9 P\u00e9rez (Ifremer) y Pascal Raux (UBO).<\/p>\n<p>Recordamos que MedAID, junto a, <a href=\"http:\/\/performfish.eu\/\">PerformFISH<\/a> -que trabajan sobre la mejora de la eficiencia t\u00e9cnico-productiva de la acuicultura mediterr\u00e1nea-, abren grandes expectativas para la producci\u00f3n de dorada y lubina. <\/p>\n<p><img loading=\"lazy\" decoding=\"async\" class=\"alignnone size-large\" src=\"https:\/\/www.irta.cat\/wp-content\/uploads\/imagen-medaid.png\" width=\"1200\" height=\"450\" \/><\/p>\n","protected":false},"featured_media":18901,"template":"","categoria_noticia":[],"etiqueta_filtrar_noticia":[8190,7970],"class_list":["post-58172","noticia","type-noticia","status-publish","has-post-thumbnail","hentry","etiqueta_filtrar_noticia-aquicultura","etiqueta_filtrar_noticia-innovacio"],"acf":[],"yoast_head":"<!-- This site is optimized with the Yoast SEO plugin v26.6 - https:\/\/yoast.com\/wordpress\/plugins\/seo\/ -->\r\n<title>El proyecto MedAID prepara para un diagn\u00f3stico de la acuicultura en el mediterr\u00e1neo para 2019 &#187; IRTA<\/title>\r\n<meta name=\"robots\" content=\"index, follow, max-snippet:-1, max-image-preview:large, max-video-preview:-1\" \/>\r\n<link rel=\"canonical\" href=\"https:\/\/www.irta.cat\/es\/noticia\/el-proyecto-medaid-prepara-para-un-diagnostico-de-la-acuicultura-en-el-mediterraneo-para-2019\/\" \/>\r\n<meta property=\"og:locale\" content=\"es_ES\" \/>\r\n<meta property=\"og:type\" content=\"article\" \/>\r\n<meta property=\"og:title\" content=\"El proyecto MedAID prepara para un diagn\u00f3stico de la acuicultura en el mediterr\u00e1neo para 2019 &#187; IRTA\" \/>\r\n<meta property=\"og:description\" content=\"El proyecto de 4 a\u00f1os, liderado por IAMZ \u2013CIHEAM y el IRTA, hace un balance del primer a\u00f1o en la primera reuni\u00f3n anual La primera reuni\u00f3n anual del proyecto europeo MedAID (Desarrollo Integrado de la Acuicultura Mediterr\u00e1nea) organizada por el Instituto Europeo de Estudios Marinos (IUEM) en la Universidad de Bretagne Occidentale (UBO), Plouzan\u00e9, Francia, [&hellip;]\" \/>\r\n<meta property=\"og:url\" content=\"https:\/\/www.irta.cat\/es\/noticia\/el-proyecto-medaid-prepara-para-un-diagnostico-de-la-acuicultura-en-el-mediterraneo-para-2019\/\" \/>\r\n<meta property=\"og:site_name\" content=\"IRTA\" \/>\r\n<meta property=\"article:publisher\" content=\"https:\/\/www.facebook.com\/irtacat\" \/>\r\n<meta property=\"article:modified_time\" content=\"2024-11-06T08:27:34+00:00\" \/>\r\n<meta property=\"og:image\" content=\"https:\/\/www.irta.cat\/wp-content\/uploads\/2023\/01\/imagen-medaid-1200x450.png\" \/>\r\n\t<meta property=\"og:image:width\" content=\"1200\" \/>\r\n\t<meta property=\"og:image:height\" content=\"450\" \/>\r\n\t<meta property=\"og:image:type\" content=\"image\/png\" \/>\r\n<meta name=\"twitter:card\" content=\"summary_large_image\" \/>\r\n<meta name=\"twitter:site\" content=\"@irtacat\" \/>\r\n<meta name=\"twitter:label1\" content=\"Tiempo de lectura\" \/>\n\t<meta name=\"twitter:data1\" content=\"2 minutos\" \/>\r\n<script type=\"application\/ld+json\" class=\"yoast-schema-graph\">{\"@context\":\"https:\/\/schema.org\",\"@graph\":[{\"@type\":\"WebPage\",\"@id\":\"https:\/\/www.irta.cat\/es\/noticia\/el-proyecto-medaid-prepara-para-un-diagnostico-de-la-acuicultura-en-el-mediterraneo-para-2019\/\",\"url\":\"https:\/\/www.irta.cat\/es\/noticia\/el-proyecto-medaid-prepara-para-un-diagnostico-de-la-acuicultura-en-el-mediterraneo-para-2019\/\",\"name\":\"El proyecto MedAID prepara para un diagn\u00f3stico de la acuicultura en el mediterr\u00e1neo para 2019 &#187; IRTA\",\"isPartOf\":{\"@id\":\"https:\/\/www.irta.cat\/es\/#website\"},\"primaryImageOfPage\":{\"@id\":\"https:\/\/www.irta.cat\/es\/noticia\/el-proyecto-medaid-prepara-para-un-diagnostico-de-la-acuicultura-en-el-mediterraneo-para-2019\/#primaryimage\"},\"image\":{\"@id\":\"https:\/\/www.irta.cat\/es\/noticia\/el-proyecto-medaid-prepara-para-un-diagnostico-de-la-acuicultura-en-el-mediterraneo-para-2019\/#primaryimage\"},\"thumbnailUrl\":\"https:\/\/www.irta.cat\/wp-content\/uploads\/2023\/01\/imagen-medaid-1200x450.png\",\"datePublished\":\"2018-05-17T09:57:18+00:00\",\"dateModified\":\"2024-11-06T08:27:34+00:00\",\"breadcrumb\":{\"@id\":\"https:\/\/www.irta.cat\/es\/noticia\/el-proyecto-medaid-prepara-para-un-diagnostico-de-la-acuicultura-en-el-mediterraneo-para-2019\/#breadcrumb\"},\"inLanguage\":\"es\",\"potentialAction\":[{\"@type\":\"ReadAction\",\"target\":[\"https:\/\/www.irta.cat\/es\/noticia\/el-proyecto-medaid-prepara-para-un-diagnostico-de-la-acuicultura-en-el-mediterraneo-para-2019\/\"]}]},{\"@type\":\"ImageObject\",\"inLanguage\":\"es\",\"@id\":\"https:\/\/www.irta.cat\/es\/noticia\/el-proyecto-medaid-prepara-para-un-diagnostico-de-la-acuicultura-en-el-mediterraneo-para-2019\/#primaryimage\",\"url\":\"https:\/\/www.irta.cat\/wp-content\/uploads\/2023\/01\/imagen-medaid-1200x450.png\",\"contentUrl\":\"https:\/\/www.irta.cat\/wp-content\/uploads\/2023\/01\/imagen-medaid-1200x450.png\",\"width\":1200,\"height\":450},{\"@type\":\"BreadcrumbList\",\"@id\":\"https:\/\/www.irta.cat\/es\/noticia\/el-proyecto-medaid-prepara-para-un-diagnostico-de-la-acuicultura-en-el-mediterraneo-para-2019\/#breadcrumb\",\"itemListElement\":[{\"@type\":\"ListItem\",\"position\":1,\"name\":\"Inici\",\"item\":\"https:\/\/www.irta.cat\/es\/\"},{\"@type\":\"ListItem\",\"position\":2,\"name\":\"El proyecto MedAID prepara para un diagn\u00f3stico de la acuicultura en el mediterr\u00e1neo para 2019\"}]},{\"@type\":\"WebSite\",\"@id\":\"https:\/\/www.irta.cat\/es\/#website\",\"url\":\"https:\/\/www.irta.cat\/es\/\",\"name\":\"IRTA\",\"description\":\"Institut de Recerca i Tecnologia Agroaliment\u00e0ries\",\"publisher\":{\"@id\":\"https:\/\/www.irta.cat\/es\/#organization\"},\"alternateName\":\"%%sitename%% %%sep%% %%title%%\",\"potentialAction\":[{\"@type\":\"SearchAction\",\"target\":{\"@type\":\"EntryPoint\",\"urlTemplate\":\"https:\/\/www.irta.cat\/es\/?s={search_term_string}\"},\"query-input\":{\"@type\":\"PropertyValueSpecification\",\"valueRequired\":true,\"valueName\":\"search_term_string\"}}],\"inLanguage\":\"es\"},{\"@type\":\"Organization\",\"@id\":\"https:\/\/www.irta.cat\/es\/#organization\",\"name\":\"IRTA\",\"url\":\"https:\/\/www.irta.cat\/es\/\",\"logo\":{\"@type\":\"ImageObject\",\"inLanguage\":\"es\",\"@id\":\"https:\/\/www.irta.cat\/es\/#\/schema\/logo\/image\/\",\"url\":\"https:\/\/www.irta.cat\/wp-content\/uploads\/2023\/04\/Logo-IRTA-verm.png\",\"contentUrl\":\"https:\/\/www.irta.cat\/wp-content\/uploads\/2023\/04\/Logo-IRTA-verm.png\",\"width\":1250,\"height\":500,\"caption\":\"IRTA\"},\"image\":{\"@id\":\"https:\/\/www.irta.cat\/es\/#\/schema\/logo\/image\/\"},\"sameAs\":[\"https:\/\/www.facebook.com\/irtacat\",\"https:\/\/x.com\/irtacat\"]}]}<\/script>\r\n<!-- \/ Yoast SEO plugin. -->","yoast_head_json":{"title":"El proyecto MedAID prepara para un diagn\u00f3stico de la acuicultura en el mediterr\u00e1neo para 2019 &#187; IRTA","robots":{"index":"index","follow":"follow","max-snippet":"max-snippet:-1","max-image-preview":"max-image-preview:large","max-video-preview":"max-video-preview:-1"},"canonical":"https:\/\/www.irta.cat\/es\/noticia\/el-proyecto-medaid-prepara-para-un-diagnostico-de-la-acuicultura-en-el-mediterraneo-para-2019\/","og_locale":"es_ES","og_type":"article","og_title":"El proyecto MedAID prepara para un diagn\u00f3stico de la acuicultura en el mediterr\u00e1neo para 2019 &#187; IRTA","og_description":"El proyecto de 4 a\u00f1os, liderado por IAMZ \u2013CIHEAM y el IRTA, hace un balance del primer a\u00f1o en la primera reuni\u00f3n anual La primera reuni\u00f3n anual del proyecto europeo MedAID (Desarrollo Integrado de la Acuicultura Mediterr\u00e1nea) organizada por el Instituto Europeo de Estudios Marinos (IUEM) en la Universidad de Bretagne Occidentale (UBO), Plouzan\u00e9, Francia, [&hellip;]","og_url":"https:\/\/www.irta.cat\/es\/noticia\/el-proyecto-medaid-prepara-para-un-diagnostico-de-la-acuicultura-en-el-mediterraneo-para-2019\/","og_site_name":"IRTA","article_publisher":"https:\/\/www.facebook.com\/irtacat","article_modified_time":"2024-11-06T08:27:34+00:00","og_image":[{"width":1200,"height":450,"url":"https:\/\/www.irta.cat\/wp-content\/uploads\/2023\/01\/imagen-medaid-1200x450.png","type":"image\/png"}],"twitter_card":"summary_large_image","twitter_site":"@irtacat","twitter_misc":{"Tiempo de lectura":"2 minutos"},"schema":{"@context":"https:\/\/schema.org","@graph":[{"@type":"WebPage","@id":"https:\/\/www.irta.cat\/es\/noticia\/el-proyecto-medaid-prepara-para-un-diagnostico-de-la-acuicultura-en-el-mediterraneo-para-2019\/","url":"https:\/\/www.irta.cat\/es\/noticia\/el-proyecto-medaid-prepara-para-un-diagnostico-de-la-acuicultura-en-el-mediterraneo-para-2019\/","name":"El proyecto MedAID prepara para un diagn\u00f3stico de la acuicultura en el mediterr\u00e1neo para 2019 &#187; IRTA","isPartOf":{"@id":"https:\/\/www.irta.cat\/es\/#website"},"primaryImageOfPage":{"@id":"https:\/\/www.irta.cat\/es\/noticia\/el-proyecto-medaid-prepara-para-un-diagnostico-de-la-acuicultura-en-el-mediterraneo-para-2019\/#primaryimage"},"image":{"@id":"https:\/\/www.irta.cat\/es\/noticia\/el-proyecto-medaid-prepara-para-un-diagnostico-de-la-acuicultura-en-el-mediterraneo-para-2019\/#primaryimage"},"thumbnailUrl":"https:\/\/www.irta.cat\/wp-content\/uploads\/2023\/01\/imagen-medaid-1200x450.png","datePublished":"2018-05-17T09:57:18+00:00","dateModified":"2024-11-06T08:27:34+00:00","breadcrumb":{"@id":"https:\/\/www.irta.cat\/es\/noticia\/el-proyecto-medaid-prepara-para-un-diagnostico-de-la-acuicultura-en-el-mediterraneo-para-2019\/#breadcrumb"},"inLanguage":"es","potentialAction":[{"@type":"ReadAction","target":["https:\/\/www.irta.cat\/es\/noticia\/el-proyecto-medaid-prepara-para-un-diagnostico-de-la-acuicultura-en-el-mediterraneo-para-2019\/"]}]},{"@type":"ImageObject","inLanguage":"es","@id":"https:\/\/www.irta.cat\/es\/noticia\/el-proyecto-medaid-prepara-para-un-diagnostico-de-la-acuicultura-en-el-mediterraneo-para-2019\/#primaryimage","url":"https:\/\/www.irta.cat\/wp-content\/uploads\/2023\/01\/imagen-medaid-1200x450.png","contentUrl":"https:\/\/www.irta.cat\/wp-content\/uploads\/2023\/01\/imagen-medaid-1200x450.png","width":1200,"height":450},{"@type":"BreadcrumbList","@id":"https:\/\/www.irta.cat\/es\/noticia\/el-proyecto-medaid-prepara-para-un-diagnostico-de-la-acuicultura-en-el-mediterraneo-para-2019\/#breadcrumb","itemListElement":[{"@type":"ListItem","position":1,"name":"Inici","item":"https:\/\/www.irta.cat\/es\/"},{"@type":"ListItem","position":2,"name":"El proyecto MedAID prepara para un diagn\u00f3stico de la acuicultura en el mediterr\u00e1neo para 2019"}]},{"@type":"WebSite","@id":"https:\/\/www.irta.cat\/es\/#website","url":"https:\/\/www.irta.cat\/es\/","name":"IRTA","description":"Institut de Recerca i Tecnologia Agroaliment\u00e0ries","publisher":{"@id":"https:\/\/www.irta.cat\/es\/#organization"},"alternateName":"%%sitename%% %%sep%% %%title%%","potentialAction":[{"@type":"SearchAction","target":{"@type":"EntryPoint","urlTemplate":"https:\/\/www.irta.cat\/es\/?s={search_term_string}"},"query-input":{"@type":"PropertyValueSpecification","valueRequired":true,"valueName":"search_term_string"}}],"inLanguage":"es"},{"@type":"Organization","@id":"https:\/\/www.irta.cat\/es\/#organization","name":"IRTA","url":"https:\/\/www.irta.cat\/es\/","logo":{"@type":"ImageObject","inLanguage":"es","@id":"https:\/\/www.irta.cat\/es\/#\/schema\/logo\/image\/","url":"https:\/\/www.irta.cat\/wp-content\/uploads\/2023\/04\/Logo-IRTA-verm.png","contentUrl":"https:\/\/www.irta.cat\/wp-content\/uploads\/2023\/04\/Logo-IRTA-verm.png","width":1250,"height":500,"caption":"IRTA"},"image":{"@id":"https:\/\/www.irta.cat\/es\/#\/schema\/logo\/image\/"},"sameAs":["https:\/\/www.facebook.com\/irtacat","https:\/\/x.com\/irtacat"]}]}},"_links":{"self":[{"href":"https:\/\/www.irta.cat\/es\/wp-json\/wp\/v2\/noticia\/58172","targetHints":{"allow":["GET"]}}],"collection":[{"href":"https:\/\/www.irta.cat\/es\/wp-json\/wp\/v2\/noticia"}],"about":[{"href":"https:\/\/www.irta.cat\/es\/wp-json\/wp\/v2\/types\/noticia"}],"version-history":[{"count":0,"href":"https:\/\/www.irta.cat\/es\/wp-json\/wp\/v2\/noticia\/58172\/revisions"}],"wp:featuredmedia":[{"embeddable":true,"href":"https:\/\/www.irta.cat\/es\/wp-json\/wp\/v2\/media\/18901"}],"wp:attachment":[{"href":"https:\/\/www.irta.cat\/es\/wp-json\/wp\/v2\/media?parent=58172"}],"wp:term":[{"taxonomy":"categoria_noticia","embeddable":true,"href":"https:\/\/www.irta.cat\/es\/wp-json\/wp\/v2\/categoria_noticia?post=58172"},{"taxonomy":"etiqueta_filtrar_noticia","embeddable":true,"href":"https:\/\/www.irta.cat\/es\/wp-json\/wp\/v2\/etiqueta_filtrar_noticia?post=58172"}],"curies":[{"name":"wp","href":"https:\/\/api.w.org\/{rel}","templated":true}]}}