{"id":57978,"date":"2017-11-20T12:43:56","date_gmt":"2017-11-20T11:43:56","guid":{"rendered":"https:\/\/www.irta.cat\/noticia\/granja-sanglas-de-grup-batalle-se-lleva-el-porc-dor-con-diamante-2017\/"},"modified":"2024-11-06T09:22:59","modified_gmt":"2024-11-06T08:22:59","slug":"granja-sanglas-de-grup-batalle-se-lleva-el-porc-dor-con-diamante-2017","status":"publish","type":"noticia","link":"https:\/\/www.irta.cat\/es\/noticia\/granja-sanglas-de-grup-batalle-se-lleva-el-porc-dor-con-diamante-2017\/","title":{"rendered":"Granja Sanglas, de grup Batall\u00e9, se lleva el Porc d\u2019Or con Diamante 2017"},"content":{"rendered":"<p><img loading=\"lazy\" decoding=\"async\" class=\"alignnone size-large wp-image-12349\" src=\"https:\/\/www.irta.cat\/wp-content\/uploads\/2017\/12\/premis_or_or_2017-scaled.jpg\" alt=\"\" width=\"827\" height=\"500\" \/><\/p>\n<p><b><span lang=\"ES\">Las mejores granjas de porcino de 2017 se han dado a conocer durante la gala de entrega de los premios Porc d\u2019Or que ha tenido lugar en Segovia a lo largo de la noche del 17 de noviembre.<\/span><\/b><\/p>\n<p><span lang=\"ES\">M\u00e1s de 800 profesionales del sector porcino se han desplazado hasta la ciudad de Segovia para acudir a la gala de la XXIV edici\u00f3n de los premios Porc d\u2019Or a la excelencia en la producci\u00f3n porcina. En la misma, el Instituto de Investigaci\u00f3n y Tecnolog\u00eda Agroalimentarias (IRTA), organizador de los premios, junto a Zoetis, como co-organizador, han hecho entrega de 49 galardones a un total de 38 explotaciones de porcino pertenecientes a siete comunidades aut\u00f3nomas.<\/span><\/p>\n<p><span lang=\"ES\">El m\u00e1ximo galard\u00f3n, el Porc d\u2019Or con Diamante, ha ido a parar a Zamora, concretamente a San Cebri\u00e1n de Castro, donde se encuentra Granja Sanglas, de Grup Batall\u00e9. Este galard\u00f3n se entrega a la considerada entre todas las explotaciones nominadas como la mejor en t\u00e9rminos generales. As\u00ed, Granja Sanglas, que inici\u00f3 su actividad en 2012 y tiene un censo de 3.300 reproductoras, \u201ca\u00fana producci\u00f3n, rentabilidad, respeto medioambiental, bienestar animal, buen equipo humano, alto nivel de tecnificaci\u00f3n y elevados est\u00e1ndares sanitarios\u201d, seg\u00fan ha declarado el jurado de los premios.\u00a0\u00a0<\/span><\/p>\n<p><span lang=\"ES\">En t\u00e9rminos de \u201cSanidad, Bienestar Animal y Medio Ambiente\u201d, la granja oscense La Puebla \u2013 Agropecuaria del Is\u00e1bena, de la empresa Mazana Piensos Compuestos, ha recibido el premio especial Porc d\u2019Or del MAPAMA.<\/span><\/p>\n<p><span lang=\"ES\">Por su parte, Granja Sant Mart\u00ed, de Pinsos Grau S.A., situada en Sant Mart\u00ed de Centelles (Barcelona), ha renovado su r\u00e9cord y se ha alzado por cuarto a\u00f1o consecutivo con el Porc d\u2019Or a la M\u00e1xima Productividad, con la cifra de 37,86 lechones destetados por cerda y a\u00f1o.<\/span><\/p>\n<p><span lang=\"ES\">Este a\u00f1o, como novedad, un nuevo galard\u00f3n ha visto la luz: el premio especial Porc d\u2019Or Zoetis a la Innovaci\u00f3n, encargado de reconocer y potenciar la innovaci\u00f3n en las granjas de porcino espa\u00f1olas. Se ha llevado este nuevo galard\u00f3n Granja Balsa de Ves, de la empresa Afrivall \u2013 Vall Companys Grup, situada en Balsa de Ves, Albacete.<\/span><\/p>\n<p><b><span lang=\"ES-TRAD\">Siete comunidades aut\u00f3nomas y 38 explotaciones<\/span><\/b><\/p>\n<p><span lang=\"ES\">Adem\u00e1s de los cuatro premios especiales, se han hecho entrega de 45 galardones atendiendo a los criterios de\u00a0Tasa de Partos (TP), Productividad Num\u00e9rica (PN) y Lechones Destetados por Cerda de Baja (LDCB), otorgando una estatuilla de oro, plata y bronce para el primer, segundo y tercer clasificado, respectivamente, en cada uno de los criterios para las cinco categor\u00edas existentes, que agrupan las granjas en funci\u00f3n de su censo de cerdas reproductoras (1\u00aa categor\u00eda de 10 a 200 cerdas; 2\u00aa de 201 a 200; 3\u00aa de 501 a 1.000; 4\u00aa de 1.001 a 2.000; y 5\u00ba categor\u00eda m\u00e1s de 2.001 cerdas presentes)<\/span><\/p>\n<p><span lang=\"ES\">El primer puesto en la clasificaci\u00f3n de premiados lo ocupa Catalu\u00f1a con 21 galardones, ocho m\u00e1s que la pasada edici\u00f3n. Doce han ido a parar a Barcelona, cinco a Lleida, tres a Girona y uno a Tarragona. En total, nueve estatuillas de oro, seis de plata y seis de bronce.<\/span><\/p>\n<p>Arag\u00f3n se sit\u00faa en segunda posici\u00f3n, con siete premios Porc d\u2019Or (tres menos que el a\u00f1o anterior), cuatro para Zaragoza y tres para Huesca, siendo dos galardones de oro, tres de plata y dos de bronce. Castilla y Le\u00f3n, muy cerca de Arag\u00f3n, se mantiene en la tercera posici\u00f3n, con seis estatuillas (dos oros, dos platas y dos bronces) que han ido a parar a Segovia (tres), Zamora (dos) y \u00c1vila (una).<\/p>\n<p><span lang=\"ES\">Le sigue en la clasificaci\u00f3n Navarra, con cinco premios (un oro, tres platas y un bronce); Galicia con tres para A Coru\u00f1a (oro y bronce) y Ourense (plata); Castilla La Mancha con dos bronces para Toledo y Albacete; y, por \u00faltimo, La Rioja, que consigue una estatuilla de bronce.<\/span><\/p>\n<p><span lang=\"ES\">De las cerca de 100 explotaciones nominadas a estos premios, finalmente 38 granjas han conseguido ser reconocidas con un galard\u00f3n Porc d\u2019Or.\u00a0\u00a0<\/span><\/p>\n<p><span lang=\"ES\">Los premios Porc d&#8217;Or tienen su base en el BDporc (Banco de Datos de Referencia del Porcino Espa\u00f1ol) y a fecha de hoy se analizan los datos de 850.000 reproductoras, repartidas en 700 explotaciones de todo el territorio espa\u00f1ol.<\/span><\/p>\n<p><span lang=\"ES\">Los premiados han sido seleccionados por un jurado compuesto por profesionales y reconocidos expertos de la industria porcina, la investigaci\u00f3n ganadera y la administraci\u00f3n.<\/span><\/p>\n<p><b><span lang=\"ES-TRAD\">La gran celebraci\u00f3n del sector porcino espa\u00f1ol<\/span><\/b><\/p>\n<p><span lang=\"ES\">Los premios Porc d\u2019Or representan ya el gran evento anual del sector ganadero en general, y porcino en particular. Productores y t\u00e9cnicos de toda Espa\u00f1a, empresas y personalidades ligadas a la porcinocultura, as\u00ed como autoridades locales, auton\u00f3micas y nacionales, participan cada a\u00f1o en la celebraci\u00f3n de estos premios.<\/span><\/p>\n<p><span lang=\"ES\">En esta ocasi\u00f3n ha contado con la presencia de Isabel Garc\u00eda Tejerina, ministra de Agricultura y Pesca, Alimentaci\u00f3n y Medio Ambiente, que ha asistido a la gala junto a la consejera de Agricultura y Ganader\u00eda de la Junta de Castilla y Le\u00f3n, Milagros Marcos; el director general de Producciones y Mercados Agrarios del MAPAMA, Fernando Miranda; el director general de Producci\u00f3n Agropecuaria e Infraestructuras Agrarias de la Junta de Castilla y Le\u00f3n, Oscar Manuel Sayagu\u00e9s; el presidente de la Organizaci\u00f3n Interprofesional Agroalimentaria del Porcino de Capa Blanca (Interporc), Manuel Garc\u00eda; el\u00a0<\/span><span lang=\"ES\">director general del Institut de Recerca i Tecnolog\u00eda Agroaliment\u00e0ria (IRTA), Josep Mar\u00eda Monfort;\u00a0y el director general de Zoetis Espa\u00f1a y vicepresidente de Zoetis Europa del Sur, F\u00e9lix Hern\u00e1ez.\u00a0\u00a0\u00a0<\/span><\/p>\n<p><b><span lang=\"ES-TRAD\">Veinticuatro a\u00f1os de reconocimiento a la excelencia<\/span><\/b><\/p>\n<p><span lang=\"ES\">El Instituto de Investigaci\u00f3n y Tecnolog\u00eda Agroalimentarias (IRTA) cre\u00f3 los premios Porc d\u2019Or en 1994 con el objetivo de reconocer el trabajo de aquellas empresas y explotaciones de porcino que, gracias a su profesionalidad y esfuerzo y a la utilizaci\u00f3n de las mejores t\u00e9cnicas de producci\u00f3n, son capaces de superar los nuevos retos que continuamente aparecen en el desarrollo de esta actividad, actuando como puntas de lanza del sector porcino espa\u00f1ol.<\/span><\/p>\n<p><span lang=\"ES\">Hoy d\u00eda, en su XXIV edici\u00f3n, los premios Porc d\u00b4Or no solo est\u00e1n consolidados, sino que constituyen todo un referente para las empresas y granjas de porcino espa\u00f1olas, que ven en ellos un reconocimiento a la excelencia en el trabajo.<\/span><\/p>\n<p>&nbsp;<\/p>\n","protected":false},"featured_media":21494,"template":"","categoria_noticia":[],"etiqueta_filtrar_noticia":[],"class_list":["post-57978","noticia","type-noticia","status-publish","has-post-thumbnail","hentry"],"acf":[],"yoast_head":"<!-- This site is optimized with the Yoast SEO plugin v26.6 - https:\/\/yoast.com\/wordpress\/plugins\/seo\/ -->\r\n<title>Granja Sanglas, de grup Batall\u00e9, se lleva el Porc d\u2019Or con Diamante 2017 &#187; IRTA<\/title>\r\n<meta name=\"robots\" content=\"index, follow, max-snippet:-1, max-image-preview:large, max-video-preview:-1\" \/>\r\n<link rel=\"canonical\" href=\"https:\/\/www.irta.cat\/es\/noticia\/granja-sanglas-de-grup-batalle-se-lleva-el-porc-dor-con-diamante-2017\/\" \/>\r\n<meta property=\"og:locale\" content=\"es_ES\" \/>\r\n<meta property=\"og:type\" content=\"article\" \/>\r\n<meta property=\"og:title\" content=\"Granja Sanglas, de grup Batall\u00e9, se lleva el Porc d\u2019Or con Diamante 2017 &#187; IRTA\" \/>\r\n<meta property=\"og:description\" content=\"Las mejores granjas de porcino de 2017 se han dado a conocer durante la gala de entrega de los premios Porc d\u2019Or que ha tenido lugar en Segovia a lo largo de la noche del 17 de noviembre. M\u00e1s de 800 profesionales del sector porcino se han desplazado hasta la ciudad de Segovia para acudir [&hellip;]\" \/>\r\n<meta property=\"og:url\" content=\"https:\/\/www.irta.cat\/es\/noticia\/granja-sanglas-de-grup-batalle-se-lleva-el-porc-dor-con-diamante-2017\/\" \/>\r\n<meta property=\"og:site_name\" content=\"IRTA\" \/>\r\n<meta property=\"article:publisher\" content=\"https:\/\/www.facebook.com\/irtacat\" \/>\r\n<meta property=\"article:modified_time\" content=\"2024-11-06T08:22:59+00:00\" \/>\r\n<meta property=\"og:image\" content=\"https:\/\/www.irta.cat\/wp-content\/uploads\/2017\/12\/premis_or_or_2017-scaled.jpg\" \/>\r\n\t<meta property=\"og:image:width\" content=\"1920\" \/>\r\n\t<meta property=\"og:image:height\" content=\"1161\" \/>\r\n\t<meta property=\"og:image:type\" content=\"image\/jpeg\" \/>\r\n<meta name=\"twitter:card\" content=\"summary_large_image\" \/>\r\n<meta name=\"twitter:site\" content=\"@irtacat\" \/>\r\n<meta name=\"twitter:label1\" content=\"Tiempo de lectura\" \/>\n\t<meta name=\"twitter:data1\" content=\"5 minutos\" \/>\r\n<script type=\"application\/ld+json\" class=\"yoast-schema-graph\">{\"@context\":\"https:\/\/schema.org\",\"@graph\":[{\"@type\":\"WebPage\",\"@id\":\"https:\/\/www.irta.cat\/es\/noticia\/granja-sanglas-de-grup-batalle-se-lleva-el-porc-dor-con-diamante-2017\/\",\"url\":\"https:\/\/www.irta.cat\/es\/noticia\/granja-sanglas-de-grup-batalle-se-lleva-el-porc-dor-con-diamante-2017\/\",\"name\":\"Granja Sanglas, de grup Batall\u00e9, se lleva el Porc d\u2019Or con Diamante 2017 &#187; IRTA\",\"isPartOf\":{\"@id\":\"https:\/\/www.irta.cat\/es\/#website\"},\"primaryImageOfPage\":{\"@id\":\"https:\/\/www.irta.cat\/es\/noticia\/granja-sanglas-de-grup-batalle-se-lleva-el-porc-dor-con-diamante-2017\/#primaryimage\"},\"image\":{\"@id\":\"https:\/\/www.irta.cat\/es\/noticia\/granja-sanglas-de-grup-batalle-se-lleva-el-porc-dor-con-diamante-2017\/#primaryimage\"},\"thumbnailUrl\":\"https:\/\/www.irta.cat\/wp-content\/uploads\/2017\/12\/premis_or_or_2017-scaled.jpg\",\"datePublished\":\"2017-11-20T11:43:56+00:00\",\"dateModified\":\"2024-11-06T08:22:59+00:00\",\"breadcrumb\":{\"@id\":\"https:\/\/www.irta.cat\/es\/noticia\/granja-sanglas-de-grup-batalle-se-lleva-el-porc-dor-con-diamante-2017\/#breadcrumb\"},\"inLanguage\":\"es\",\"potentialAction\":[{\"@type\":\"ReadAction\",\"target\":[\"https:\/\/www.irta.cat\/es\/noticia\/granja-sanglas-de-grup-batalle-se-lleva-el-porc-dor-con-diamante-2017\/\"]}]},{\"@type\":\"ImageObject\",\"inLanguage\":\"es\",\"@id\":\"https:\/\/www.irta.cat\/es\/noticia\/granja-sanglas-de-grup-batalle-se-lleva-el-porc-dor-con-diamante-2017\/#primaryimage\",\"url\":\"https:\/\/www.irta.cat\/wp-content\/uploads\/2017\/12\/premis_or_or_2017-scaled.jpg\",\"contentUrl\":\"https:\/\/www.irta.cat\/wp-content\/uploads\/2017\/12\/premis_or_or_2017-scaled.jpg\",\"width\":1920,\"height\":1161},{\"@type\":\"BreadcrumbList\",\"@id\":\"https:\/\/www.irta.cat\/es\/noticia\/granja-sanglas-de-grup-batalle-se-lleva-el-porc-dor-con-diamante-2017\/#breadcrumb\",\"itemListElement\":[{\"@type\":\"ListItem\",\"position\":1,\"name\":\"Inici\",\"item\":\"https:\/\/www.irta.cat\/es\/\"},{\"@type\":\"ListItem\",\"position\":2,\"name\":\"Granja Sanglas, de grup Batall\u00e9, se lleva el Porc d\u2019Or con Diamante 2017\"}]},{\"@type\":\"WebSite\",\"@id\":\"https:\/\/www.irta.cat\/es\/#website\",\"url\":\"https:\/\/www.irta.cat\/es\/\",\"name\":\"IRTA\",\"description\":\"Institut de Recerca i Tecnologia Agroaliment\u00e0ries\",\"publisher\":{\"@id\":\"https:\/\/www.irta.cat\/es\/#organization\"},\"alternateName\":\"%%sitename%% %%sep%% %%title%%\",\"potentialAction\":[{\"@type\":\"SearchAction\",\"target\":{\"@type\":\"EntryPoint\",\"urlTemplate\":\"https:\/\/www.irta.cat\/es\/?s={search_term_string}\"},\"query-input\":{\"@type\":\"PropertyValueSpecification\",\"valueRequired\":true,\"valueName\":\"search_term_string\"}}],\"inLanguage\":\"es\"},{\"@type\":\"Organization\",\"@id\":\"https:\/\/www.irta.cat\/es\/#organization\",\"name\":\"IRTA\",\"url\":\"https:\/\/www.irta.cat\/es\/\",\"logo\":{\"@type\":\"ImageObject\",\"inLanguage\":\"es\",\"@id\":\"https:\/\/www.irta.cat\/es\/#\/schema\/logo\/image\/\",\"url\":\"https:\/\/www.irta.cat\/wp-content\/uploads\/2023\/04\/Logo-IRTA-verm.png\",\"contentUrl\":\"https:\/\/www.irta.cat\/wp-content\/uploads\/2023\/04\/Logo-IRTA-verm.png\",\"width\":1250,\"height\":500,\"caption\":\"IRTA\"},\"image\":{\"@id\":\"https:\/\/www.irta.cat\/es\/#\/schema\/logo\/image\/\"},\"sameAs\":[\"https:\/\/www.facebook.com\/irtacat\",\"https:\/\/x.com\/irtacat\"]}]}<\/script>\r\n<!-- \/ Yoast SEO plugin. -->","yoast_head_json":{"title":"Granja Sanglas, de grup Batall\u00e9, se lleva el Porc d\u2019Or con Diamante 2017 &#187; IRTA","robots":{"index":"index","follow":"follow","max-snippet":"max-snippet:-1","max-image-preview":"max-image-preview:large","max-video-preview":"max-video-preview:-1"},"canonical":"https:\/\/www.irta.cat\/es\/noticia\/granja-sanglas-de-grup-batalle-se-lleva-el-porc-dor-con-diamante-2017\/","og_locale":"es_ES","og_type":"article","og_title":"Granja Sanglas, de grup Batall\u00e9, se lleva el Porc d\u2019Or con Diamante 2017 &#187; IRTA","og_description":"Las mejores granjas de porcino de 2017 se han dado a conocer durante la gala de entrega de los premios Porc d\u2019Or que ha tenido lugar en Segovia a lo largo de la noche del 17 de noviembre. M\u00e1s de 800 profesionales del sector porcino se han desplazado hasta la ciudad de Segovia para acudir [&hellip;]","og_url":"https:\/\/www.irta.cat\/es\/noticia\/granja-sanglas-de-grup-batalle-se-lleva-el-porc-dor-con-diamante-2017\/","og_site_name":"IRTA","article_publisher":"https:\/\/www.facebook.com\/irtacat","article_modified_time":"2024-11-06T08:22:59+00:00","og_image":[{"width":1920,"height":1161,"url":"https:\/\/www.irta.cat\/wp-content\/uploads\/2017\/12\/premis_or_or_2017-scaled.jpg","type":"image\/jpeg"}],"twitter_card":"summary_large_image","twitter_site":"@irtacat","twitter_misc":{"Tiempo de lectura":"5 minutos"},"schema":{"@context":"https:\/\/schema.org","@graph":[{"@type":"WebPage","@id":"https:\/\/www.irta.cat\/es\/noticia\/granja-sanglas-de-grup-batalle-se-lleva-el-porc-dor-con-diamante-2017\/","url":"https:\/\/www.irta.cat\/es\/noticia\/granja-sanglas-de-grup-batalle-se-lleva-el-porc-dor-con-diamante-2017\/","name":"Granja Sanglas, de grup Batall\u00e9, se lleva el Porc d\u2019Or con Diamante 2017 &#187; IRTA","isPartOf":{"@id":"https:\/\/www.irta.cat\/es\/#website"},"primaryImageOfPage":{"@id":"https:\/\/www.irta.cat\/es\/noticia\/granja-sanglas-de-grup-batalle-se-lleva-el-porc-dor-con-diamante-2017\/#primaryimage"},"image":{"@id":"https:\/\/www.irta.cat\/es\/noticia\/granja-sanglas-de-grup-batalle-se-lleva-el-porc-dor-con-diamante-2017\/#primaryimage"},"thumbnailUrl":"https:\/\/www.irta.cat\/wp-content\/uploads\/2017\/12\/premis_or_or_2017-scaled.jpg","datePublished":"2017-11-20T11:43:56+00:00","dateModified":"2024-11-06T08:22:59+00:00","breadcrumb":{"@id":"https:\/\/www.irta.cat\/es\/noticia\/granja-sanglas-de-grup-batalle-se-lleva-el-porc-dor-con-diamante-2017\/#breadcrumb"},"inLanguage":"es","potentialAction":[{"@type":"ReadAction","target":["https:\/\/www.irta.cat\/es\/noticia\/granja-sanglas-de-grup-batalle-se-lleva-el-porc-dor-con-diamante-2017\/"]}]},{"@type":"ImageObject","inLanguage":"es","@id":"https:\/\/www.irta.cat\/es\/noticia\/granja-sanglas-de-grup-batalle-se-lleva-el-porc-dor-con-diamante-2017\/#primaryimage","url":"https:\/\/www.irta.cat\/wp-content\/uploads\/2017\/12\/premis_or_or_2017-scaled.jpg","contentUrl":"https:\/\/www.irta.cat\/wp-content\/uploads\/2017\/12\/premis_or_or_2017-scaled.jpg","width":1920,"height":1161},{"@type":"BreadcrumbList","@id":"https:\/\/www.irta.cat\/es\/noticia\/granja-sanglas-de-grup-batalle-se-lleva-el-porc-dor-con-diamante-2017\/#breadcrumb","itemListElement":[{"@type":"ListItem","position":1,"name":"Inici","item":"https:\/\/www.irta.cat\/es\/"},{"@type":"ListItem","position":2,"name":"Granja Sanglas, de grup Batall\u00e9, se lleva el Porc d\u2019Or con Diamante 2017"}]},{"@type":"WebSite","@id":"https:\/\/www.irta.cat\/es\/#website","url":"https:\/\/www.irta.cat\/es\/","name":"IRTA","description":"Institut de Recerca i Tecnologia Agroaliment\u00e0ries","publisher":{"@id":"https:\/\/www.irta.cat\/es\/#organization"},"alternateName":"%%sitename%% %%sep%% %%title%%","potentialAction":[{"@type":"SearchAction","target":{"@type":"EntryPoint","urlTemplate":"https:\/\/www.irta.cat\/es\/?s={search_term_string}"},"query-input":{"@type":"PropertyValueSpecification","valueRequired":true,"valueName":"search_term_string"}}],"inLanguage":"es"},{"@type":"Organization","@id":"https:\/\/www.irta.cat\/es\/#organization","name":"IRTA","url":"https:\/\/www.irta.cat\/es\/","logo":{"@type":"ImageObject","inLanguage":"es","@id":"https:\/\/www.irta.cat\/es\/#\/schema\/logo\/image\/","url":"https:\/\/www.irta.cat\/wp-content\/uploads\/2023\/04\/Logo-IRTA-verm.png","contentUrl":"https:\/\/www.irta.cat\/wp-content\/uploads\/2023\/04\/Logo-IRTA-verm.png","width":1250,"height":500,"caption":"IRTA"},"image":{"@id":"https:\/\/www.irta.cat\/es\/#\/schema\/logo\/image\/"},"sameAs":["https:\/\/www.facebook.com\/irtacat","https:\/\/x.com\/irtacat"]}]}},"_links":{"self":[{"href":"https:\/\/www.irta.cat\/es\/wp-json\/wp\/v2\/noticia\/57978","targetHints":{"allow":["GET"]}}],"collection":[{"href":"https:\/\/www.irta.cat\/es\/wp-json\/wp\/v2\/noticia"}],"about":[{"href":"https:\/\/www.irta.cat\/es\/wp-json\/wp\/v2\/types\/noticia"}],"version-history":[{"count":0,"href":"https:\/\/www.irta.cat\/es\/wp-json\/wp\/v2\/noticia\/57978\/revisions"}],"wp:featuredmedia":[{"embeddable":true,"href":"https:\/\/www.irta.cat\/es\/wp-json\/wp\/v2\/media\/21494"}],"wp:attachment":[{"href":"https:\/\/www.irta.cat\/es\/wp-json\/wp\/v2\/media?parent=57978"}],"wp:term":[{"taxonomy":"categoria_noticia","embeddable":true,"href":"https:\/\/www.irta.cat\/es\/wp-json\/wp\/v2\/categoria_noticia?post=57978"},{"taxonomy":"etiqueta_filtrar_noticia","embeddable":true,"href":"https:\/\/www.irta.cat\/es\/wp-json\/wp\/v2\/etiqueta_filtrar_noticia?post=57978"}],"curies":[{"name":"wp","href":"https:\/\/api.w.org\/{rel}","templated":true}]}}