{"id":57977,"date":"2017-12-12T12:46:49","date_gmt":"2017-12-12T11:46:49","guid":{"rendered":"https:\/\/www.irta.cat\/noticia\/resultados-de-la-evaluacion-de-cultivos-extensivos-irta-campana-2016-2017\/"},"modified":"2024-11-06T09:22:59","modified_gmt":"2024-11-06T08:22:59","slug":"resultados-de-la-evaluacion-de-cultivos-extensivos-irta-campana-2016-2017","status":"publish","type":"noticia","link":"https:\/\/www.irta.cat\/es\/noticia\/resultados-de-la-evaluacion-de-cultivos-extensivos-irta-campana-2016-2017\/","title":{"rendered":"Resultados de la evaluaci\u00f3n de cultivos extensivos IRTA. Campa\u00f1a 2016-2017"},"content":{"rendered":"<p><strong><img loading=\"lazy\" decoding=\"async\" class=\"aligncenter size-full wp-image-12347\" src=\"https:\/\/www.irta.cat\/wp-content\/uploads\/2023\/01\/CultiusExtensiusHivernLleida.jpg\" alt=\"\" width=\"567\" height=\"319\" \/><\/strong><\/p>\n<p><strong>Este a\u00f1o se incluye la evaluaci\u00f3n del guisante proteaginoso y la colza<\/strong><\/p>\n<p><strong>Las heladas de finales de abril han da\u00f1ado algunos de los campos de ensayo<\/strong><\/p>\n<p><span lang=\"ES-TRAD\">Ya est\u00e1n disponibles los resultados de la red de evaluaci\u00f3n de nuevas variedades de cultivos extensivos que el IRTA ha llevado a cabo en Catalu\u00f1a durante la \u00faltima campa\u00f1a 2016-2017.<\/span><\/p>\n<p><span lang=\"ES-TRAD\"><a href=\"https:\/\/www.irta.cat\/es\/servei\/red-de-evaluacion-de-nuevas-variedades-de-cultivos-extensivos-en-cataluna\/\" target=\"_blank\" rel=\"noopener\">&gt;&gt; Ver los resultatados de la campa\u00f1a 2016-2017<\/a><\/span><\/p>\n<p><span lang=\"ES-TRAD\">Estos a\u00f1os se incluyen los resultados de los campos de ensayo de las nuevas variedades de cereal de invierno: guisante proteaginoso y colza establecidos en distintas zonas productoras catalanas.<\/span><\/p>\n<p><span lang=\"ES-TRAD\">Junto con los resultados de los distintos campos de ensayo se ofrecen tambi\u00e9n datos sobre el comportamiento de las distintas variedades durante las \u00faltimas campa\u00f1as en cada una de las zonas, donde se pueden identificar las variedades que demuestran una mejor adaptaci\u00f3n.<\/span><\/p>\n<p><span lang=\"ES-TRAD\">La campa\u00f1a 2016-2017 ha estado marcada negativamente en muchas de las comarcas productoras por los da\u00f1os provocados por las heladas de finales de abril. Este hecho ha afectado algunos de los campos de ensayo, tal y como se indica en las hojas de resultados correspondientes. En estos casos se recomienda utilizar los resultados solo a t\u00edtulo informativo, ya que algunas de las variedades fueron especialmente perjudicadas por las circunstancias climatol\u00f3gicas anormales. En estos casos, los resultados de la campa\u00f1a 2016-2017 no se han tenido en cuenta en la actualizaci\u00f3n de las series de comportamiento productivo.\u00a0\u00a0<\/span><\/p>\n<p><span lang=\"ES-TRAD\">La red de ensayos pretende aportar informaci\u00f3n contrastada y puntual sobre el nuevo material vegetal a disposici\u00f3n del sector, para que pueda resultar \u00fatil para tomar decisiones sobre variedades a cultivar antes de la pr\u00f3xima campa\u00f1a. Esta red est\u00e1 cofinanciada por el departamento de Agricultura, Ganader\u00eda, Pesca y Alimentaci\u00f3n y la Fundaci\u00f3n Mas Badia.<\/span><\/p>\n","protected":false},"featured_media":12372,"template":"","categoria_noticia":[],"etiqueta_filtrar_noticia":[8469,8471],"class_list":["post-57977","noticia","type-noticia","status-publish","has-post-thumbnail","hentry","etiqueta_filtrar_noticia-blat","etiqueta_filtrar_noticia-civada"],"acf":[],"yoast_head":"<!-- This site is optimized with the Yoast SEO plugin v26.6 - https:\/\/yoast.com\/wordpress\/plugins\/seo\/ -->\r\n<title>Resultados de la evaluaci\u00f3n de cultivos extensivos IRTA. Campa\u00f1a 2016-2017 &#187; IRTA<\/title>\r\n<meta name=\"robots\" content=\"index, follow, max-snippet:-1, max-image-preview:large, max-video-preview:-1\" \/>\r\n<link rel=\"canonical\" href=\"https:\/\/www.irta.cat\/es\/noticia\/resultados-de-la-evaluacion-de-cultivos-extensivos-irta-campana-2016-2017\/\" \/>\r\n<meta property=\"og:locale\" content=\"es_ES\" \/>\r\n<meta property=\"og:type\" content=\"article\" \/>\r\n<meta property=\"og:title\" content=\"Resultados de la evaluaci\u00f3n de cultivos extensivos IRTA. Campa\u00f1a 2016-2017 &#187; IRTA\" \/>\r\n<meta property=\"og:description\" content=\"Este a\u00f1o se incluye la evaluaci\u00f3n del guisante proteaginoso y la colza Las heladas de finales de abril han da\u00f1ado algunos de los campos de ensayo Ya est\u00e1n disponibles los resultados de la red de evaluaci\u00f3n de nuevas variedades de cultivos extensivos que el IRTA ha llevado a cabo en Catalu\u00f1a durante la \u00faltima campa\u00f1a [&hellip;]\" \/>\r\n<meta property=\"og:url\" content=\"https:\/\/www.irta.cat\/es\/noticia\/resultados-de-la-evaluacion-de-cultivos-extensivos-irta-campana-2016-2017\/\" \/>\r\n<meta property=\"og:site_name\" content=\"IRTA\" \/>\r\n<meta property=\"article:publisher\" content=\"https:\/\/www.facebook.com\/irtacat\" \/>\r\n<meta property=\"article:modified_time\" content=\"2024-11-06T08:22:59+00:00\" \/>\r\n<meta property=\"og:image\" content=\"https:\/\/www.irta.cat\/wp-content\/uploads\/2023\/01\/CultiusExtensiusHivernLleida.jpg\" \/>\r\n\t<meta property=\"og:image:width\" content=\"567\" \/>\r\n\t<meta property=\"og:image:height\" content=\"319\" \/>\r\n\t<meta property=\"og:image:type\" content=\"image\/jpeg\" \/>\r\n<meta name=\"twitter:card\" content=\"summary_large_image\" \/>\r\n<meta name=\"twitter:site\" content=\"@irtacat\" \/>\r\n<meta name=\"twitter:label1\" content=\"Tiempo de lectura\" \/>\n\t<meta name=\"twitter:data1\" content=\"2 minutos\" \/>\r\n<script type=\"application\/ld+json\" class=\"yoast-schema-graph\">{\"@context\":\"https:\/\/schema.org\",\"@graph\":[{\"@type\":\"WebPage\",\"@id\":\"https:\/\/www.irta.cat\/es\/noticia\/resultados-de-la-evaluacion-de-cultivos-extensivos-irta-campana-2016-2017\/\",\"url\":\"https:\/\/www.irta.cat\/es\/noticia\/resultados-de-la-evaluacion-de-cultivos-extensivos-irta-campana-2016-2017\/\",\"name\":\"Resultados de la evaluaci\u00f3n de cultivos extensivos IRTA. Campa\u00f1a 2016-2017 &#187; IRTA\",\"isPartOf\":{\"@id\":\"https:\/\/www.irta.cat\/es\/#website\"},\"primaryImageOfPage\":{\"@id\":\"https:\/\/www.irta.cat\/es\/noticia\/resultados-de-la-evaluacion-de-cultivos-extensivos-irta-campana-2016-2017\/#primaryimage\"},\"image\":{\"@id\":\"https:\/\/www.irta.cat\/es\/noticia\/resultados-de-la-evaluacion-de-cultivos-extensivos-irta-campana-2016-2017\/#primaryimage\"},\"thumbnailUrl\":\"https:\/\/www.irta.cat\/wp-content\/uploads\/2023\/01\/CultiusExtensiusHivernLleida.jpg\",\"datePublished\":\"2017-12-12T11:46:49+00:00\",\"dateModified\":\"2024-11-06T08:22:59+00:00\",\"breadcrumb\":{\"@id\":\"https:\/\/www.irta.cat\/es\/noticia\/resultados-de-la-evaluacion-de-cultivos-extensivos-irta-campana-2016-2017\/#breadcrumb\"},\"inLanguage\":\"es\",\"potentialAction\":[{\"@type\":\"ReadAction\",\"target\":[\"https:\/\/www.irta.cat\/es\/noticia\/resultados-de-la-evaluacion-de-cultivos-extensivos-irta-campana-2016-2017\/\"]}]},{\"@type\":\"ImageObject\",\"inLanguage\":\"es\",\"@id\":\"https:\/\/www.irta.cat\/es\/noticia\/resultados-de-la-evaluacion-de-cultivos-extensivos-irta-campana-2016-2017\/#primaryimage\",\"url\":\"https:\/\/www.irta.cat\/wp-content\/uploads\/2023\/01\/CultiusExtensiusHivernLleida.jpg\",\"contentUrl\":\"https:\/\/www.irta.cat\/wp-content\/uploads\/2023\/01\/CultiusExtensiusHivernLleida.jpg\",\"width\":567,\"height\":319},{\"@type\":\"BreadcrumbList\",\"@id\":\"https:\/\/www.irta.cat\/es\/noticia\/resultados-de-la-evaluacion-de-cultivos-extensivos-irta-campana-2016-2017\/#breadcrumb\",\"itemListElement\":[{\"@type\":\"ListItem\",\"position\":1,\"name\":\"Inici\",\"item\":\"https:\/\/www.irta.cat\/es\/\"},{\"@type\":\"ListItem\",\"position\":2,\"name\":\"Resultados de la evaluaci\u00f3n de cultivos extensivos IRTA. Campa\u00f1a 2016-2017\"}]},{\"@type\":\"WebSite\",\"@id\":\"https:\/\/www.irta.cat\/es\/#website\",\"url\":\"https:\/\/www.irta.cat\/es\/\",\"name\":\"IRTA\",\"description\":\"Institut de Recerca i Tecnologia Agroaliment\u00e0ries\",\"publisher\":{\"@id\":\"https:\/\/www.irta.cat\/es\/#organization\"},\"alternateName\":\"%%sitename%% %%sep%% %%title%%\",\"potentialAction\":[{\"@type\":\"SearchAction\",\"target\":{\"@type\":\"EntryPoint\",\"urlTemplate\":\"https:\/\/www.irta.cat\/es\/?s={search_term_string}\"},\"query-input\":{\"@type\":\"PropertyValueSpecification\",\"valueRequired\":true,\"valueName\":\"search_term_string\"}}],\"inLanguage\":\"es\"},{\"@type\":\"Organization\",\"@id\":\"https:\/\/www.irta.cat\/es\/#organization\",\"name\":\"IRTA\",\"url\":\"https:\/\/www.irta.cat\/es\/\",\"logo\":{\"@type\":\"ImageObject\",\"inLanguage\":\"es\",\"@id\":\"https:\/\/www.irta.cat\/es\/#\/schema\/logo\/image\/\",\"url\":\"https:\/\/www.irta.cat\/wp-content\/uploads\/2023\/04\/Logo-IRTA-verm.png\",\"contentUrl\":\"https:\/\/www.irta.cat\/wp-content\/uploads\/2023\/04\/Logo-IRTA-verm.png\",\"width\":1250,\"height\":500,\"caption\":\"IRTA\"},\"image\":{\"@id\":\"https:\/\/www.irta.cat\/es\/#\/schema\/logo\/image\/\"},\"sameAs\":[\"https:\/\/www.facebook.com\/irtacat\",\"https:\/\/x.com\/irtacat\"]}]}<\/script>\r\n<!-- \/ Yoast SEO plugin. -->","yoast_head_json":{"title":"Resultados de la evaluaci\u00f3n de cultivos extensivos IRTA. Campa\u00f1a 2016-2017 &#187; IRTA","robots":{"index":"index","follow":"follow","max-snippet":"max-snippet:-1","max-image-preview":"max-image-preview:large","max-video-preview":"max-video-preview:-1"},"canonical":"https:\/\/www.irta.cat\/es\/noticia\/resultados-de-la-evaluacion-de-cultivos-extensivos-irta-campana-2016-2017\/","og_locale":"es_ES","og_type":"article","og_title":"Resultados de la evaluaci\u00f3n de cultivos extensivos IRTA. Campa\u00f1a 2016-2017 &#187; IRTA","og_description":"Este a\u00f1o se incluye la evaluaci\u00f3n del guisante proteaginoso y la colza Las heladas de finales de abril han da\u00f1ado algunos de los campos de ensayo Ya est\u00e1n disponibles los resultados de la red de evaluaci\u00f3n de nuevas variedades de cultivos extensivos que el IRTA ha llevado a cabo en Catalu\u00f1a durante la \u00faltima campa\u00f1a [&hellip;]","og_url":"https:\/\/www.irta.cat\/es\/noticia\/resultados-de-la-evaluacion-de-cultivos-extensivos-irta-campana-2016-2017\/","og_site_name":"IRTA","article_publisher":"https:\/\/www.facebook.com\/irtacat","article_modified_time":"2024-11-06T08:22:59+00:00","og_image":[{"width":567,"height":319,"url":"https:\/\/www.irta.cat\/wp-content\/uploads\/2023\/01\/CultiusExtensiusHivernLleida.jpg","type":"image\/jpeg"}],"twitter_card":"summary_large_image","twitter_site":"@irtacat","twitter_misc":{"Tiempo de lectura":"2 minutos"},"schema":{"@context":"https:\/\/schema.org","@graph":[{"@type":"WebPage","@id":"https:\/\/www.irta.cat\/es\/noticia\/resultados-de-la-evaluacion-de-cultivos-extensivos-irta-campana-2016-2017\/","url":"https:\/\/www.irta.cat\/es\/noticia\/resultados-de-la-evaluacion-de-cultivos-extensivos-irta-campana-2016-2017\/","name":"Resultados de la evaluaci\u00f3n de cultivos extensivos IRTA. Campa\u00f1a 2016-2017 &#187; IRTA","isPartOf":{"@id":"https:\/\/www.irta.cat\/es\/#website"},"primaryImageOfPage":{"@id":"https:\/\/www.irta.cat\/es\/noticia\/resultados-de-la-evaluacion-de-cultivos-extensivos-irta-campana-2016-2017\/#primaryimage"},"image":{"@id":"https:\/\/www.irta.cat\/es\/noticia\/resultados-de-la-evaluacion-de-cultivos-extensivos-irta-campana-2016-2017\/#primaryimage"},"thumbnailUrl":"https:\/\/www.irta.cat\/wp-content\/uploads\/2023\/01\/CultiusExtensiusHivernLleida.jpg","datePublished":"2017-12-12T11:46:49+00:00","dateModified":"2024-11-06T08:22:59+00:00","breadcrumb":{"@id":"https:\/\/www.irta.cat\/es\/noticia\/resultados-de-la-evaluacion-de-cultivos-extensivos-irta-campana-2016-2017\/#breadcrumb"},"inLanguage":"es","potentialAction":[{"@type":"ReadAction","target":["https:\/\/www.irta.cat\/es\/noticia\/resultados-de-la-evaluacion-de-cultivos-extensivos-irta-campana-2016-2017\/"]}]},{"@type":"ImageObject","inLanguage":"es","@id":"https:\/\/www.irta.cat\/es\/noticia\/resultados-de-la-evaluacion-de-cultivos-extensivos-irta-campana-2016-2017\/#primaryimage","url":"https:\/\/www.irta.cat\/wp-content\/uploads\/2023\/01\/CultiusExtensiusHivernLleida.jpg","contentUrl":"https:\/\/www.irta.cat\/wp-content\/uploads\/2023\/01\/CultiusExtensiusHivernLleida.jpg","width":567,"height":319},{"@type":"BreadcrumbList","@id":"https:\/\/www.irta.cat\/es\/noticia\/resultados-de-la-evaluacion-de-cultivos-extensivos-irta-campana-2016-2017\/#breadcrumb","itemListElement":[{"@type":"ListItem","position":1,"name":"Inici","item":"https:\/\/www.irta.cat\/es\/"},{"@type":"ListItem","position":2,"name":"Resultados de la evaluaci\u00f3n de cultivos extensivos IRTA. Campa\u00f1a 2016-2017"}]},{"@type":"WebSite","@id":"https:\/\/www.irta.cat\/es\/#website","url":"https:\/\/www.irta.cat\/es\/","name":"IRTA","description":"Institut de Recerca i Tecnologia Agroaliment\u00e0ries","publisher":{"@id":"https:\/\/www.irta.cat\/es\/#organization"},"alternateName":"%%sitename%% %%sep%% %%title%%","potentialAction":[{"@type":"SearchAction","target":{"@type":"EntryPoint","urlTemplate":"https:\/\/www.irta.cat\/es\/?s={search_term_string}"},"query-input":{"@type":"PropertyValueSpecification","valueRequired":true,"valueName":"search_term_string"}}],"inLanguage":"es"},{"@type":"Organization","@id":"https:\/\/www.irta.cat\/es\/#organization","name":"IRTA","url":"https:\/\/www.irta.cat\/es\/","logo":{"@type":"ImageObject","inLanguage":"es","@id":"https:\/\/www.irta.cat\/es\/#\/schema\/logo\/image\/","url":"https:\/\/www.irta.cat\/wp-content\/uploads\/2023\/04\/Logo-IRTA-verm.png","contentUrl":"https:\/\/www.irta.cat\/wp-content\/uploads\/2023\/04\/Logo-IRTA-verm.png","width":1250,"height":500,"caption":"IRTA"},"image":{"@id":"https:\/\/www.irta.cat\/es\/#\/schema\/logo\/image\/"},"sameAs":["https:\/\/www.facebook.com\/irtacat","https:\/\/x.com\/irtacat"]}]}},"_links":{"self":[{"href":"https:\/\/www.irta.cat\/es\/wp-json\/wp\/v2\/noticia\/57977","targetHints":{"allow":["GET"]}}],"collection":[{"href":"https:\/\/www.irta.cat\/es\/wp-json\/wp\/v2\/noticia"}],"about":[{"href":"https:\/\/www.irta.cat\/es\/wp-json\/wp\/v2\/types\/noticia"}],"version-history":[{"count":0,"href":"https:\/\/www.irta.cat\/es\/wp-json\/wp\/v2\/noticia\/57977\/revisions"}],"wp:featuredmedia":[{"embeddable":true,"href":"https:\/\/www.irta.cat\/es\/wp-json\/wp\/v2\/media\/12372"}],"wp:attachment":[{"href":"https:\/\/www.irta.cat\/es\/wp-json\/wp\/v2\/media?parent=57977"}],"wp:term":[{"taxonomy":"categoria_noticia","embeddable":true,"href":"https:\/\/www.irta.cat\/es\/wp-json\/wp\/v2\/categoria_noticia?post=57977"},{"taxonomy":"etiqueta_filtrar_noticia","embeddable":true,"href":"https:\/\/www.irta.cat\/es\/wp-json\/wp\/v2\/etiqueta_filtrar_noticia?post=57977"}],"curies":[{"name":"wp","href":"https:\/\/api.w.org\/{rel}","templated":true}]}}